{"id":15280,"date":"2023-08-19T13:30:13","date_gmt":"2023-08-19T11:30:13","guid":{"rendered":"https:\/\/www.ladiagonale.net\/?p=15280"},"modified":"2023-08-19T13:30:17","modified_gmt":"2023-08-19T11:30:17","slug":"monaco-reprend-la-main-a-domicile-contre-strasbourg","status":"publish","type":"post","link":"https:\/\/www.ladiagonale.net\/index.php\/2023\/08\/19\/monaco-reprend-la-main-a-domicile-contre-strasbourg\/","title":{"rendered":"Monaco reprend la main \u00e0 domicile contre Strasbourg"},"content":{"rendered":"\n\n\n<p>Dimanche (19h), l&rsquo;AS Monaco recevra le Racing Club de Strasbourg pour la 48<sup>e<\/sup> fois de son histoire en premi\u00e8re division. Le bilan est largement \u00e0 l&rsquo;avantage de l&rsquo;ASM, avec 34 succ\u00e8s, six nuls et seulement sept d\u00e9faites. Entre 1979 et 2004, les Rouge et Blanc avaient r\u00e9alis\u00e9 une s\u00e9rie de victoires impressionnante, puisqu&rsquo;ils avaient pris les trois points pendant 20 matchs d&rsquo;affil\u00e9e. Il est rare que Strasbourg s&rsquo;impose deux fois de suite en Principaut\u00e9 et ce n&rsquo;est arriv\u00e9 qu&rsquo;une fois, lors des saisons 2018-2019 et 2019-2020. <\/p>\n\n\n\n<p>En janvier 2019, Monaco avait m\u00eame re\u00e7u une v\u00e9ritable claque contre la formation alsacienne (1-5), ce qui avait pr\u00e9cipit\u00e9 la chute de Thierry Henry seulement quelques mois apr\u00e8s son arriv\u00e9e, pour sa premi\u00e8re exp\u00e9rience en tant qu&rsquo;entra\u00eeneur. Les cinq derni\u00e8res confrontations sont revenues \u00e0 l&rsquo;\u00e9quilibre, avec deux succ\u00e8s as\u00e9mistes contre un nul et deux victoires alsaciens. Mais Monaco tend \u00e0 reprendre la main depuis maintenant trois saisons.<\/p>\n\n\n\n<figure class=\"wp-block-embed aligncenter is-type-video is-provider-youtube wp-block-embed-youtube wp-embed-aspect-16-9 wp-has-aspect-ratio\"><div class=\"wp-block-embed__wrapper\">\n<iframe loading=\"lazy\" title=\"Les buts du match \ud83c\udd9a RC Strasbourg\" width=\"1020\" height=\"574\" src=\"https:\/\/www.youtube.com\/embed\/PGxwhoUsC28?feature=oembed\" frameborder=\"0\" allow=\"accelerometer; autoplay; clipboard-write; encrypted-media; gyroscope; picture-in-picture; web-share\" allowfullscreen><\/iframe>\n<\/div><\/figure>\n\n\n\n<p>L&rsquo;an dernier, l&rsquo;opposition entre l&rsquo;ASM et Strasbourg avait \u00e9t\u00e9 <a href=\"https:\/\/www.ladiagonale.net\/index.php\/2023\/04\/02\/monaco-vient-a-bout-de-strasbourg-4-3\/\">riche en rebondissements et prolifique en buts<\/a> (4-3). Les Mon\u00e9gasques s&rsquo;\u00e9taient impos\u00e9s, non sans se faire peur. Apr\u00e8s avoir ouvert le score par Vanderson, l&rsquo;\u00e9quipe de la Principaut\u00e9 s&rsquo;\u00e9tait d\u00e9compos\u00e9e en encaissant deux buts dans la foul\u00e9e. La jeunesse as\u00e9miste, via Eliesse Ben Seghir et Edan Diop, avait sonn\u00e9 la r\u00e9volte et permis \u00e0 Monaco de repasser devant, avant que Fofana, d&rsquo;une frappe d\u00e9vi\u00e9e, ne marque contre son ancien club. Le baroud d&rsquo;honneur en fin de match des Strasbourgois, sign\u00e9 Diallo, se r\u00e9v\u00e9lera insuffisant. <\/p>\n\n\n\n<h4 class=\"has-vivid-red-color has-text-color\" style=\"font-style:normal;font-weight:400;text-transform:uppercase\">Les cinq derni\u00e8res confrontations en Ligue au stade Louis-II<\/h4>\n\n\n\n<figure class=\"wp-block-table is-style-stripes\"><table><tbody><tr><td class=\"has-text-align-center\" data-align=\"center\">Saison 2022-2023<\/td><td class=\"has-text-align-center\" data-align=\"center\">29<sup>e<\/sup> journ\u00e9e<\/td><td class=\"has-text-align-right\" data-align=\"right\"><strong>Monaco<\/strong><\/td><td class=\"has-text-align-center\" data-align=\"center\">4-3<\/td><td>Strasbourg<\/td><td class=\"has-text-align-center\" data-align=\"center\">\ud83d\udfe2<\/td><\/tr><tr><td class=\"has-text-align-center\" data-align=\"center\">Saison 2021-2022<\/td><td class=\"has-text-align-center\" data-align=\"center\">15<sup>e<\/sup> journ\u00e9e<\/td><td class=\"has-text-align-right\" data-align=\"right\">Monaco<\/td><td class=\"has-text-align-center\" data-align=\"center\">1-1<\/td><td>Strasbourg<\/td><td class=\"has-text-align-center\" data-align=\"center\">\ud83d\udfe1<\/td><\/tr><tr><td class=\"has-text-align-center\" data-align=\"center\">Saison 2020-2021<\/td><td class=\"has-text-align-center\" data-align=\"center\">5<sup>e<\/sup> journ\u00e9e<\/td><td class=\"has-text-align-right\" data-align=\"right\"><strong>Monaco<\/strong><\/td><td class=\"has-text-align-center\" data-align=\"center\">3-2<\/td><td>Strasbourg<\/td><td class=\"has-text-align-center\" data-align=\"center\">\ud83d\udfe2<\/td><\/tr><tr><td class=\"has-text-align-center\" data-align=\"center\">Saison 2019-2020<\/td><td class=\"has-text-align-center\" data-align=\"center\">21<sup>e<\/sup> journ\u00e9e<\/td><td class=\"has-text-align-right\" data-align=\"right\">Monaco<\/td><td class=\"has-text-align-center\" data-align=\"center\">1-3<\/td><td><strong>Strasbourg<\/strong><\/td><td class=\"has-text-align-center\" data-align=\"center\">\ud83d\udd34<\/td><\/tr><tr><td class=\"has-text-align-center\" data-align=\"center\">Saison 2018-2019<\/td><td class=\"has-text-align-center\" data-align=\"center\">21<sup>e<\/sup> journ\u00e9e<\/td><td class=\"has-text-align-right\" data-align=\"right\">Monaco<\/td><td class=\"has-text-align-center\" data-align=\"center\">1-5<\/td><td><strong>Strasbourg<\/strong><\/td><td class=\"has-text-align-center\" data-align=\"center\">\ud83d\udd34<\/td><\/tr><\/tbody><\/table><\/figure>\n","protected":false},"excerpt":{"rendered":"<p>Dimanche (19h), l&rsquo;AS Monaco recevra le Racing Club de Strasbourg pour la 48e fois de son histoire en premi\u00e8re division. Le bilan est largement \u00e0 l&rsquo;avantage de l&rsquo;ASM, avec 34 succ\u00e8s, six nuls et seulement sept d\u00e9faites. Entre 1979 et 2004, les Rouge et Blanc avaient r\u00e9alis\u00e9 une s\u00e9rie de victoires impressionnante, puisqu&rsquo;ils avaient pris [&#8230;]\n","protected":false},"author":2,"featured_media":0,"comment_status":"open","ping_status":"open","sticky":false,"template":"","format":"standard","meta":[],"categories":[6],"tags":[86,261,94,432],"yoast_head":"<!-- This site is optimized with the Yoast SEO plugin v19.8 - https:\/\/yoast.com\/wordpress\/plugins\/seo\/ -->\n<title>Monaco reprend la main \u00e0 domicile contre Strasbourg - La Diagonale<\/title>\n<meta name=\"robots\" content=\"index, follow, max-snippet:-1, max-image-preview:large, max-video-preview:-1\" \/>\n<link rel=\"canonical\" href=\"https:\/\/www.ladiagonale.net\/index.php\/2023\/08\/19\/monaco-reprend-la-main-a-domicile-contre-strasbourg\/\" \/>\n<meta property=\"og:locale\" content=\"fr_FR\" \/>\n<meta property=\"og:type\" content=\"article\" \/>\n<meta property=\"og:title\" content=\"Monaco reprend la main \u00e0 domicile contre Strasbourg - La Diagonale\" \/>\n<meta property=\"og:description\" content=\"Dimanche (19h), l&rsquo;AS Monaco recevra le Racing Club de Strasbourg pour la 48e fois de son histoire en premi\u00e8re division. Le bilan est largement \u00e0 l&rsquo;avantage de l&rsquo;ASM, avec 34 succ\u00e8s, six nuls et seulement sept d\u00e9faites. Entre 1979 et 2004, les Rouge et Blanc avaient r\u00e9alis\u00e9 une s\u00e9rie de victoires impressionnante, puisqu&rsquo;ils avaient pris [...]\" \/>\n<meta property=\"og:url\" content=\"https:\/\/www.ladiagonale.net\/index.php\/2023\/08\/19\/monaco-reprend-la-main-a-domicile-contre-strasbourg\/\" \/>\n<meta property=\"og:site_name\" content=\"La Diagonale\" \/>\n<meta property=\"article:published_time\" content=\"2023-08-19T11:30:13+00:00\" \/>\n<meta property=\"article:modified_time\" content=\"2023-08-19T11:30:17+00:00\" \/>\n<meta property=\"og:image\" content=\"https:\/\/www.ladiagonale.net\/wp-content\/uploads\/2023\/04\/diop-perf.png\" \/>\n\t<meta property=\"og:image:width\" content=\"1160\" \/>\n\t<meta property=\"og:image:height\" content=\"650\" \/>\n\t<meta property=\"og:image:type\" content=\"image\/png\" \/>\n<meta name=\"author\" content=\"Damien Dellerba\" \/>\n<meta name=\"twitter:card\" content=\"summary_large_image\" \/>\n<meta name=\"twitter:image\" content=\"https:\/\/www.ladiagonale.net\/wp-content\/uploads\/2023\/04\/diop-perf.png\" \/>\n<meta name=\"twitter:label1\" content=\"\u00c9crit par\" \/>\n\t<meta name=\"twitter:data1\" content=\"Damien Dellerba\" \/>\n\t<meta name=\"twitter:label2\" content=\"Dur\u00e9e de lecture estim\u00e9e\" \/>\n\t<meta name=\"twitter:data2\" content=\"2 minutes\" \/>\n<script type=\"application\/ld+json\" class=\"yoast-schema-graph\">{\"@context\":\"https:\/\/schema.org\",\"@graph\":[{\"@type\":\"WebPage\",\"@id\":\"https:\/\/www.ladiagonale.net\/index.php\/2023\/08\/19\/monaco-reprend-la-main-a-domicile-contre-strasbourg\/\",\"url\":\"https:\/\/www.ladiagonale.net\/index.php\/2023\/08\/19\/monaco-reprend-la-main-a-domicile-contre-strasbourg\/\",\"name\":\"Monaco reprend la main \u00e0 domicile contre Strasbourg - La Diagonale\",\"isPartOf\":{\"@id\":\"https:\/\/www.ladiagonale.net\/#website\"},\"datePublished\":\"2023-08-19T11:30:13+00:00\",\"dateModified\":\"2023-08-19T11:30:17+00:00\",\"author\":{\"@id\":\"https:\/\/www.ladiagonale.net\/#\/schema\/person\/79ff1e7b0853ed01b2aa26e64ad300bf\"},\"breadcrumb\":{\"@id\":\"https:\/\/www.ladiagonale.net\/index.php\/2023\/08\/19\/monaco-reprend-la-main-a-domicile-contre-strasbourg\/#breadcrumb\"},\"inLanguage\":\"fr-FR\",\"potentialAction\":[{\"@type\":\"ReadAction\",\"target\":[\"https:\/\/www.ladiagonale.net\/index.php\/2023\/08\/19\/monaco-reprend-la-main-a-domicile-contre-strasbourg\/\"]}]},{\"@type\":\"BreadcrumbList\",\"@id\":\"https:\/\/www.ladiagonale.net\/index.php\/2023\/08\/19\/monaco-reprend-la-main-a-domicile-contre-strasbourg\/#breadcrumb\",\"itemListElement\":[{\"@type\":\"ListItem\",\"position\":1,\"name\":\"Accueil\",\"item\":\"https:\/\/www.ladiagonale.net\/\"},{\"@type\":\"ListItem\",\"position\":2,\"name\":\"Monaco reprend la main \u00e0 domicile contre Strasbourg\"}]},{\"@type\":\"WebSite\",\"@id\":\"https:\/\/www.ladiagonale.net\/#website\",\"url\":\"https:\/\/www.ladiagonale.net\/\",\"name\":\"La Diagonale\",\"description\":\"Le site des supporters de l&#039;AS Monaco FC\",\"potentialAction\":[{\"@type\":\"SearchAction\",\"target\":{\"@type\":\"EntryPoint\",\"urlTemplate\":\"https:\/\/www.ladiagonale.net\/?s={search_term_string}\"},\"query-input\":\"required name=search_term_string\"}],\"inLanguage\":\"fr-FR\"},{\"@type\":\"Person\",\"@id\":\"https:\/\/www.ladiagonale.net\/#\/schema\/person\/79ff1e7b0853ed01b2aa26e64ad300bf\",\"name\":\"Damien Dellerba\",\"image\":{\"@type\":\"ImageObject\",\"inLanguage\":\"fr-FR\",\"@id\":\"https:\/\/www.ladiagonale.net\/#\/schema\/person\/image\/\",\"url\":\"https:\/\/secure.gravatar.com\/avatar\/c7850e06d3ff63cdbaee88b7fc16e2f0?s=96&d=mm&r=g\",\"contentUrl\":\"https:\/\/secure.gravatar.com\/avatar\/c7850e06d3ff63cdbaee88b7fc16e2f0?s=96&d=mm&r=g\",\"caption\":\"Damien Dellerba\"},\"url\":\"https:\/\/www.ladiagonale.net\/index.php\/author\/damien\/\"}]}<\/script>\n<!-- \/ Yoast SEO plugin. -->","yoast_head_json":{"title":"Monaco reprend la main \u00e0 domicile contre Strasbourg - La Diagonale","robots":{"index":"index","follow":"follow","max-snippet":"max-snippet:-1","max-image-preview":"max-image-preview:large","max-video-preview":"max-video-preview:-1"},"canonical":"https:\/\/www.ladiagonale.net\/index.php\/2023\/08\/19\/monaco-reprend-la-main-a-domicile-contre-strasbourg\/","og_locale":"fr_FR","og_type":"article","og_title":"Monaco reprend la main \u00e0 domicile contre Strasbourg - La Diagonale","og_description":"Dimanche (19h), l&rsquo;AS Monaco recevra le Racing Club de Strasbourg pour la 48e fois de son histoire en premi\u00e8re division. Le bilan est largement \u00e0 l&rsquo;avantage de l&rsquo;ASM, avec 34 succ\u00e8s, six nuls et seulement sept d\u00e9faites. Entre 1979 et 2004, les Rouge et Blanc avaient r\u00e9alis\u00e9 une s\u00e9rie de victoires impressionnante, puisqu&rsquo;ils avaient pris [...]","og_url":"https:\/\/www.ladiagonale.net\/index.php\/2023\/08\/19\/monaco-reprend-la-main-a-domicile-contre-strasbourg\/","og_site_name":"La Diagonale","article_published_time":"2023-08-19T11:30:13+00:00","article_modified_time":"2023-08-19T11:30:17+00:00","og_image":[{"width":1160,"height":650,"url":"https:\/\/www.ladiagonale.net\/wp-content\/uploads\/2023\/04\/diop-perf.png","type":"image\/png"}],"author":"Damien Dellerba","twitter_card":"summary_large_image","twitter_image":"https:\/\/www.ladiagonale.net\/wp-content\/uploads\/2023\/04\/diop-perf.png","twitter_misc":{"\u00c9crit par":"Damien Dellerba","Dur\u00e9e de lecture estim\u00e9e":"2 minutes"},"schema":{"@context":"https:\/\/schema.org","@graph":[{"@type":"WebPage","@id":"https:\/\/www.ladiagonale.net\/index.php\/2023\/08\/19\/monaco-reprend-la-main-a-domicile-contre-strasbourg\/","url":"https:\/\/www.ladiagonale.net\/index.php\/2023\/08\/19\/monaco-reprend-la-main-a-domicile-contre-strasbourg\/","name":"Monaco reprend la main \u00e0 domicile contre Strasbourg - La Diagonale","isPartOf":{"@id":"https:\/\/www.ladiagonale.net\/#website"},"datePublished":"2023-08-19T11:30:13+00:00","dateModified":"2023-08-19T11:30:17+00:00","author":{"@id":"https:\/\/www.ladiagonale.net\/#\/schema\/person\/79ff1e7b0853ed01b2aa26e64ad300bf"},"breadcrumb":{"@id":"https:\/\/www.ladiagonale.net\/index.php\/2023\/08\/19\/monaco-reprend-la-main-a-domicile-contre-strasbourg\/#breadcrumb"},"inLanguage":"fr-FR","potentialAction":[{"@type":"ReadAction","target":["https:\/\/www.ladiagonale.net\/index.php\/2023\/08\/19\/monaco-reprend-la-main-a-domicile-contre-strasbourg\/"]}]},{"@type":"BreadcrumbList","@id":"https:\/\/www.ladiagonale.net\/index.php\/2023\/08\/19\/monaco-reprend-la-main-a-domicile-contre-strasbourg\/#breadcrumb","itemListElement":[{"@type":"ListItem","position":1,"name":"Accueil","item":"https:\/\/www.ladiagonale.net\/"},{"@type":"ListItem","position":2,"name":"Monaco reprend la main \u00e0 domicile contre Strasbourg"}]},{"@type":"WebSite","@id":"https:\/\/www.ladiagonale.net\/#website","url":"https:\/\/www.ladiagonale.net\/","name":"La Diagonale","description":"Le site des supporters de l&#039;AS Monaco FC","potentialAction":[{"@type":"SearchAction","target":{"@type":"EntryPoint","urlTemplate":"https:\/\/www.ladiagonale.net\/?s={search_term_string}"},"query-input":"required name=search_term_string"}],"inLanguage":"fr-FR"},{"@type":"Person","@id":"https:\/\/www.ladiagonale.net\/#\/schema\/person\/79ff1e7b0853ed01b2aa26e64ad300bf","name":"Damien Dellerba","image":{"@type":"ImageObject","inLanguage":"fr-FR","@id":"https:\/\/www.ladiagonale.net\/#\/schema\/person\/image\/","url":"https:\/\/secure.gravatar.com\/avatar\/c7850e06d3ff63cdbaee88b7fc16e2f0?s=96&d=mm&r=g","contentUrl":"https:\/\/secure.gravatar.com\/avatar\/c7850e06d3ff63cdbaee88b7fc16e2f0?s=96&d=mm&r=g","caption":"Damien Dellerba"},"url":"https:\/\/www.ladiagonale.net\/index.php\/author\/damien\/"}]}},"_links":{"self":[{"href":"https:\/\/www.ladiagonale.net\/index.php\/wp-json\/wp\/v2\/posts\/15280"}],"collection":[{"href":"https:\/\/www.ladiagonale.net\/index.php\/wp-json\/wp\/v2\/posts"}],"about":[{"href":"https:\/\/www.ladiagonale.net\/index.php\/wp-json\/wp\/v2\/types\/post"}],"author":[{"embeddable":true,"href":"https:\/\/www.ladiagonale.net\/index.php\/wp-json\/wp\/v2\/users\/2"}],"replies":[{"embeddable":true,"href":"https:\/\/www.ladiagonale.net\/index.php\/wp-json\/wp\/v2\/comments?post=15280"}],"version-history":[{"count":1,"href":"https:\/\/www.ladiagonale.net\/index.php\/wp-json\/wp\/v2\/posts\/15280\/revisions"}],"predecessor-version":[{"id":15281,"href":"https:\/\/www.ladiagonale.net\/index.php\/wp-json\/wp\/v2\/posts\/15280\/revisions\/15281"}],"wp:attachment":[{"href":"https:\/\/www.ladiagonale.net\/index.php\/wp-json\/wp\/v2\/media?parent=15280"}],"wp:term":[{"taxonomy":"category","embeddable":true,"href":"https:\/\/www.ladiagonale.net\/index.php\/wp-json\/wp\/v2\/categories?post=15280"},{"taxonomy":"post_tag","embeddable":true,"href":"https:\/\/www.ladiagonale.net\/index.php\/wp-json\/wp\/v2\/tags?post=15280"}],"curies":[{"name":"wp","href":"https:\/\/api.w.org\/{rel}","templated":true}]}}