{"id":15289,"date":"2023-08-20T00:36:19","date_gmt":"2023-08-19T22:36:19","guid":{"rendered":"https:\/\/www.ladiagonale.net\/?p=15289"},"modified":"2023-08-20T00:36:20","modified_gmt":"2023-08-19T22:36:20","slug":"des-abonnements-en-baisse","status":"publish","type":"post","link":"https:\/\/www.ladiagonale.net\/index.php\/2023\/08\/20\/des-abonnements-en-baisse\/","title":{"rendered":"Des abonnements en baisse ?"},"content":{"rendered":"\n\n\n<p>La campagne d&rsquo;abonnements pour la saison 2023-2024 de l\u2019AS Monaco bat son plein en ce mois d&rsquo;ao\u00fbt. Celle-ci a d\u00e9but\u00e9 le 6 juillet et en un mois et demi, environ 2700 abonnements auraient d\u00e9j\u00e0 \u00e9t\u00e9 contract\u00e9s par les supporters mon\u00e9gasques, selon des chiffres r\u00e9v\u00e9l\u00e9s par <em>L\u2019\u00c9quipe. <\/em>Si ce total est particuli\u00e8rement faible par rapport aux autres clubs de Ligue 1 (Clermont a vendu 6100 abonnements avec une tribune en moins), il n\u2019est pas totalement anormal pour Monaco, d\u2019autant que les souscriptions n\u2019ont pas encore \u00e9t\u00e9 cl\u00f4tur\u00e9es. <\/p>\n\n\n\n<p>Force est de constater toutefois que le nombre d\u2019abonnements affiche pour l\u2019heure une baisse de 30% par rapport \u00e0 la saison derni\u00e8re, o\u00f9 3500 abonnements avaient \u00e9t\u00e9 vendus. Difficile de ne pas voir dans cette courbe les stigmates d\u2019une derni\u00e8re saison achev\u00e9e \u00e0 la sixi\u00e8me place et \u00e0 laquelle les supporters semblent avoir peu go\u00fbt\u00e9. Sans coupe d\u2019Europe et avec moins de matches de championnat, l\u2019offre, inchang\u00e9e, ne contribue pas forc\u00e9ment \u00e0 fid\u00e9liser certains supporters. Reste \u00e0 voir si la fin de mercato et les ambitions affich\u00e9es par le club de la Principaut\u00e9 permettront de redresser la barre.<\/p>\n","protected":false},"excerpt":{"rendered":"<p>La campagne d&rsquo;abonnements pour la saison 2023-2024 de l\u2019AS Monaco bat son plein en ce mois d&rsquo;ao\u00fbt. Celle-ci a d\u00e9but\u00e9 le 6 juillet et en un mois et demi, environ 2700 abonnements auraient d\u00e9j\u00e0 \u00e9t\u00e9 contract\u00e9s par les supporters mon\u00e9gasques, selon des chiffres r\u00e9v\u00e9l\u00e9s par L\u2019\u00c9quipe. Si ce total est particuli\u00e8rement faible par rapport aux [&#8230;]\n","protected":false},"author":2,"featured_media":0,"comment_status":"open","ping_status":"open","sticky":false,"template":"","format":"standard","meta":[],"categories":[6],"tags":[602,86],"yoast_head":"<!-- This site is optimized with the Yoast SEO plugin v19.8 - https:\/\/yoast.com\/wordpress\/plugins\/seo\/ -->\n<title>Des abonnements en baisse ? - La Diagonale<\/title>\n<meta name=\"robots\" content=\"index, follow, max-snippet:-1, max-image-preview:large, max-video-preview:-1\" \/>\n<link rel=\"canonical\" href=\"https:\/\/www.ladiagonale.net\/index.php\/2023\/08\/20\/des-abonnements-en-baisse\/\" \/>\n<meta property=\"og:locale\" content=\"fr_FR\" \/>\n<meta property=\"og:type\" content=\"article\" \/>\n<meta property=\"og:title\" content=\"Des abonnements en baisse ? - La Diagonale\" \/>\n<meta property=\"og:description\" content=\"La campagne d&rsquo;abonnements pour la saison 2023-2024 de l\u2019AS Monaco bat son plein en ce mois d&rsquo;ao\u00fbt. Celle-ci a d\u00e9but\u00e9 le 6 juillet et en un mois et demi, environ 2700 abonnements auraient d\u00e9j\u00e0 \u00e9t\u00e9 contract\u00e9s par les supporters mon\u00e9gasques, selon des chiffres r\u00e9v\u00e9l\u00e9s par L\u2019\u00c9quipe. Si ce total est particuli\u00e8rement faible par rapport aux [...]\" \/>\n<meta property=\"og:url\" content=\"https:\/\/www.ladiagonale.net\/index.php\/2023\/08\/20\/des-abonnements-en-baisse\/\" \/>\n<meta property=\"og:site_name\" content=\"La Diagonale\" \/>\n<meta property=\"article:published_time\" content=\"2023-08-19T22:36:19+00:00\" \/>\n<meta property=\"article:modified_time\" content=\"2023-08-19T22:36:20+00:00\" \/>\n<meta property=\"og:image\" content=\"https:\/\/www.ladiagonale.net\/wp-content\/uploads\/2022\/10\/ligue1.png\" \/>\n\t<meta property=\"og:image:width\" content=\"1160\" \/>\n\t<meta property=\"og:image:height\" content=\"650\" \/>\n\t<meta property=\"og:image:type\" content=\"image\/png\" \/>\n<meta name=\"author\" content=\"Damien Dellerba\" \/>\n<meta name=\"twitter:card\" content=\"summary_large_image\" \/>\n<meta name=\"twitter:image\" content=\"https:\/\/www.ladiagonale.net\/wp-content\/uploads\/2022\/10\/ligue1.png\" \/>\n<meta name=\"twitter:label1\" content=\"\u00c9crit par\" \/>\n\t<meta name=\"twitter:data1\" content=\"Damien Dellerba\" \/>\n\t<meta name=\"twitter:label2\" content=\"Dur\u00e9e de lecture estim\u00e9e\" \/>\n\t<meta name=\"twitter:data2\" content=\"1 minute\" \/>\n<script type=\"application\/ld+json\" class=\"yoast-schema-graph\">{\"@context\":\"https:\/\/schema.org\",\"@graph\":[{\"@type\":\"WebPage\",\"@id\":\"https:\/\/www.ladiagonale.net\/index.php\/2023\/08\/20\/des-abonnements-en-baisse\/\",\"url\":\"https:\/\/www.ladiagonale.net\/index.php\/2023\/08\/20\/des-abonnements-en-baisse\/\",\"name\":\"Des abonnements en baisse ? - La Diagonale\",\"isPartOf\":{\"@id\":\"https:\/\/www.ladiagonale.net\/#website\"},\"datePublished\":\"2023-08-19T22:36:19+00:00\",\"dateModified\":\"2023-08-19T22:36:20+00:00\",\"author\":{\"@id\":\"https:\/\/www.ladiagonale.net\/#\/schema\/person\/79ff1e7b0853ed01b2aa26e64ad300bf\"},\"breadcrumb\":{\"@id\":\"https:\/\/www.ladiagonale.net\/index.php\/2023\/08\/20\/des-abonnements-en-baisse\/#breadcrumb\"},\"inLanguage\":\"fr-FR\",\"potentialAction\":[{\"@type\":\"ReadAction\",\"target\":[\"https:\/\/www.ladiagonale.net\/index.php\/2023\/08\/20\/des-abonnements-en-baisse\/\"]}]},{\"@type\":\"BreadcrumbList\",\"@id\":\"https:\/\/www.ladiagonale.net\/index.php\/2023\/08\/20\/des-abonnements-en-baisse\/#breadcrumb\",\"itemListElement\":[{\"@type\":\"ListItem\",\"position\":1,\"name\":\"Accueil\",\"item\":\"https:\/\/www.ladiagonale.net\/\"},{\"@type\":\"ListItem\",\"position\":2,\"name\":\"Des abonnements en baisse ?\"}]},{\"@type\":\"WebSite\",\"@id\":\"https:\/\/www.ladiagonale.net\/#website\",\"url\":\"https:\/\/www.ladiagonale.net\/\",\"name\":\"La Diagonale\",\"description\":\"Le site des supporters de l&#039;AS Monaco FC\",\"potentialAction\":[{\"@type\":\"SearchAction\",\"target\":{\"@type\":\"EntryPoint\",\"urlTemplate\":\"https:\/\/www.ladiagonale.net\/?s={search_term_string}\"},\"query-input\":\"required name=search_term_string\"}],\"inLanguage\":\"fr-FR\"},{\"@type\":\"Person\",\"@id\":\"https:\/\/www.ladiagonale.net\/#\/schema\/person\/79ff1e7b0853ed01b2aa26e64ad300bf\",\"name\":\"Damien Dellerba\",\"image\":{\"@type\":\"ImageObject\",\"inLanguage\":\"fr-FR\",\"@id\":\"https:\/\/www.ladiagonale.net\/#\/schema\/person\/image\/\",\"url\":\"https:\/\/secure.gravatar.com\/avatar\/c7850e06d3ff63cdbaee88b7fc16e2f0?s=96&d=mm&r=g\",\"contentUrl\":\"https:\/\/secure.gravatar.com\/avatar\/c7850e06d3ff63cdbaee88b7fc16e2f0?s=96&d=mm&r=g\",\"caption\":\"Damien Dellerba\"},\"url\":\"https:\/\/www.ladiagonale.net\/index.php\/author\/damien\/\"}]}<\/script>\n<!-- \/ Yoast SEO plugin. -->","yoast_head_json":{"title":"Des abonnements en baisse ? - La Diagonale","robots":{"index":"index","follow":"follow","max-snippet":"max-snippet:-1","max-image-preview":"max-image-preview:large","max-video-preview":"max-video-preview:-1"},"canonical":"https:\/\/www.ladiagonale.net\/index.php\/2023\/08\/20\/des-abonnements-en-baisse\/","og_locale":"fr_FR","og_type":"article","og_title":"Des abonnements en baisse ? - La Diagonale","og_description":"La campagne d&rsquo;abonnements pour la saison 2023-2024 de l\u2019AS Monaco bat son plein en ce mois d&rsquo;ao\u00fbt. Celle-ci a d\u00e9but\u00e9 le 6 juillet et en un mois et demi, environ 2700 abonnements auraient d\u00e9j\u00e0 \u00e9t\u00e9 contract\u00e9s par les supporters mon\u00e9gasques, selon des chiffres r\u00e9v\u00e9l\u00e9s par L\u2019\u00c9quipe. Si ce total est particuli\u00e8rement faible par rapport aux [...]","og_url":"https:\/\/www.ladiagonale.net\/index.php\/2023\/08\/20\/des-abonnements-en-baisse\/","og_site_name":"La Diagonale","article_published_time":"2023-08-19T22:36:19+00:00","article_modified_time":"2023-08-19T22:36:20+00:00","og_image":[{"width":1160,"height":650,"url":"https:\/\/www.ladiagonale.net\/wp-content\/uploads\/2022\/10\/ligue1.png","type":"image\/png"}],"author":"Damien Dellerba","twitter_card":"summary_large_image","twitter_image":"https:\/\/www.ladiagonale.net\/wp-content\/uploads\/2022\/10\/ligue1.png","twitter_misc":{"\u00c9crit par":"Damien Dellerba","Dur\u00e9e de lecture estim\u00e9e":"1 minute"},"schema":{"@context":"https:\/\/schema.org","@graph":[{"@type":"WebPage","@id":"https:\/\/www.ladiagonale.net\/index.php\/2023\/08\/20\/des-abonnements-en-baisse\/","url":"https:\/\/www.ladiagonale.net\/index.php\/2023\/08\/20\/des-abonnements-en-baisse\/","name":"Des abonnements en baisse ? - La Diagonale","isPartOf":{"@id":"https:\/\/www.ladiagonale.net\/#website"},"datePublished":"2023-08-19T22:36:19+00:00","dateModified":"2023-08-19T22:36:20+00:00","author":{"@id":"https:\/\/www.ladiagonale.net\/#\/schema\/person\/79ff1e7b0853ed01b2aa26e64ad300bf"},"breadcrumb":{"@id":"https:\/\/www.ladiagonale.net\/index.php\/2023\/08\/20\/des-abonnements-en-baisse\/#breadcrumb"},"inLanguage":"fr-FR","potentialAction":[{"@type":"ReadAction","target":["https:\/\/www.ladiagonale.net\/index.php\/2023\/08\/20\/des-abonnements-en-baisse\/"]}]},{"@type":"BreadcrumbList","@id":"https:\/\/www.ladiagonale.net\/index.php\/2023\/08\/20\/des-abonnements-en-baisse\/#breadcrumb","itemListElement":[{"@type":"ListItem","position":1,"name":"Accueil","item":"https:\/\/www.ladiagonale.net\/"},{"@type":"ListItem","position":2,"name":"Des abonnements en baisse ?"}]},{"@type":"WebSite","@id":"https:\/\/www.ladiagonale.net\/#website","url":"https:\/\/www.ladiagonale.net\/","name":"La Diagonale","description":"Le site des supporters de l&#039;AS Monaco FC","potentialAction":[{"@type":"SearchAction","target":{"@type":"EntryPoint","urlTemplate":"https:\/\/www.ladiagonale.net\/?s={search_term_string}"},"query-input":"required name=search_term_string"}],"inLanguage":"fr-FR"},{"@type":"Person","@id":"https:\/\/www.ladiagonale.net\/#\/schema\/person\/79ff1e7b0853ed01b2aa26e64ad300bf","name":"Damien Dellerba","image":{"@type":"ImageObject","inLanguage":"fr-FR","@id":"https:\/\/www.ladiagonale.net\/#\/schema\/person\/image\/","url":"https:\/\/secure.gravatar.com\/avatar\/c7850e06d3ff63cdbaee88b7fc16e2f0?s=96&d=mm&r=g","contentUrl":"https:\/\/secure.gravatar.com\/avatar\/c7850e06d3ff63cdbaee88b7fc16e2f0?s=96&d=mm&r=g","caption":"Damien Dellerba"},"url":"https:\/\/www.ladiagonale.net\/index.php\/author\/damien\/"}]}},"_links":{"self":[{"href":"https:\/\/www.ladiagonale.net\/index.php\/wp-json\/wp\/v2\/posts\/15289"}],"collection":[{"href":"https:\/\/www.ladiagonale.net\/index.php\/wp-json\/wp\/v2\/posts"}],"about":[{"href":"https:\/\/www.ladiagonale.net\/index.php\/wp-json\/wp\/v2\/types\/post"}],"author":[{"embeddable":true,"href":"https:\/\/www.ladiagonale.net\/index.php\/wp-json\/wp\/v2\/users\/2"}],"replies":[{"embeddable":true,"href":"https:\/\/www.ladiagonale.net\/index.php\/wp-json\/wp\/v2\/comments?post=15289"}],"version-history":[{"count":5,"href":"https:\/\/www.ladiagonale.net\/index.php\/wp-json\/wp\/v2\/posts\/15289\/revisions"}],"predecessor-version":[{"id":15307,"href":"https:\/\/www.ladiagonale.net\/index.php\/wp-json\/wp\/v2\/posts\/15289\/revisions\/15307"}],"wp:attachment":[{"href":"https:\/\/www.ladiagonale.net\/index.php\/wp-json\/wp\/v2\/media?parent=15289"}],"wp:term":[{"taxonomy":"category","embeddable":true,"href":"https:\/\/www.ladiagonale.net\/index.php\/wp-json\/wp\/v2\/categories?post=15289"},{"taxonomy":"post_tag","embeddable":true,"href":"https:\/\/www.ladiagonale.net\/index.php\/wp-json\/wp\/v2\/tags?post=15289"}],"curies":[{"name":"wp","href":"https:\/\/api.w.org\/{rel}","templated":true}]}}