{"id":15291,"date":"2023-08-19T16:37:40","date_gmt":"2023-08-19T14:37:40","guid":{"rendered":"https:\/\/www.ladiagonale.net\/?p=15291"},"modified":"2023-08-19T16:37:43","modified_gmt":"2023-08-19T14:37:43","slug":"strasbourg-a-change-dere","status":"publish","type":"post","link":"https:\/\/www.ladiagonale.net\/index.php\/2023\/08\/19\/strasbourg-a-change-dere\/","title":{"rendered":"Strasbourg a chang\u00e9 d&rsquo;\u00e8re"},"content":{"rendered":"\n\n\n<p>Cet \u00e9t\u00e9, le RCSA a chang\u00e9 de mains en se faisant racheter par <em>BlueCo<\/em>, le consortium d&rsquo;investisseurs am\u00e9ricains qui d\u00e9tient \u00e9galement Chelsea. Un rachat qui devrait p\u00e9renniser un club qui s&rsquo;est fait tr\u00e8s peur, la saison derni\u00e8re, pour sa survie en Ligue 1. Pour autant, l&rsquo;\u00e9t\u00e9 des Alsaciens n&rsquo;a pas \u00e9t\u00e9 marqu\u00e9 par de grands chamboulements. L&rsquo;entra\u00eeneur Fr\u00e9d\u00e9ric Antonetti a accompli sa mission en maintenant Strasbourg dans l&rsquo;\u00e9lite mais a \u00e9t\u00e9 remplac\u00e9 sit\u00f4t la reprise du club effectu\u00e9e. <\/p>\n\n\n\n<p>Pour lui succ\u00e9der, les dirigeants strasbourgeois, qui eux sont rest\u00e9s en place, ont fait confiance au champion du monde 98, Patrick Vieira, qui sort d&rsquo;une exp\u00e9rience mitig\u00e9e avec Crystal Palace. Mais au sein de son effectif, les changements sont assez peu nombreux. Lienard, Djiku et Le Marchand comptent parmi les principaux d\u00e9parts mais les prometteurs Sylla et Emegha sont arriv\u00e9s. Et le RCSA accueille aussi en pr\u00eat Angelo Gabriel, le jeune attaquant de Chelsea. En revanche, le Racing a vendu cette semaine son buteur vedette Habib Diallo, auteur de 20 r\u00e9alisations la saison derni\u00e8re, et qui rejoint l&rsquo;Arabie saoudite.<\/p>\n\n\n\n<p>Pour leur premier match de championnat, les Strasbourgeois ont cr\u00e9\u00e9 une petite surprise en s&rsquo;imposant contre Lyon (2-1). Les hommes de Vieira ont fait preuve d&rsquo;un grand r\u00e9alisme avec deux buts inscrits sur deux tirs cadr\u00e9s. Ils ont aussi b\u00e9n\u00e9fici\u00e9 de la maladresse lyonnaise qui malgr\u00e9 ses 23 tentatives n&rsquo;a marqu\u00e9 qu&rsquo;une seule fois. Ce n&rsquo;est sans doute pas suffisant encore pour afficher de solides garanties \u00e0 l&rsquo;amorce de cette J2, mais les Alsaciens sont au moins partis du bon pied.<\/p>\n\n\n\n<h4 class=\"has-white-color has-vivid-red-background-color has-text-color has-background\">Le joueur \u00e0 surveiller<\/h4>\n\n\n\n<div class=\"wp-block-media-text alignwide is-stacked-on-mobile\" style=\"grid-template-columns:35% auto\"><figure class=\"wp-block-media-text__media\"><img loading=\"lazy\" width=\"700\" height=\"700\" src=\"https:\/\/www.ladiagonale.net\/wp-content\/uploads\/2023\/08\/85399.jpg\" alt=\"\" class=\"wp-image-15292 size-full\" srcset=\"https:\/\/www.ladiagonale.net\/wp-content\/uploads\/2023\/08\/85399.jpg 700w, https:\/\/www.ladiagonale.net\/wp-content\/uploads\/2023\/08\/85399-300x300.jpg 300w, https:\/\/www.ladiagonale.net\/wp-content\/uploads\/2023\/08\/85399-150x150.jpg 150w, https:\/\/www.ladiagonale.net\/wp-content\/uploads\/2023\/08\/85399-128x128.jpg 128w, https:\/\/www.ladiagonale.net\/wp-content\/uploads\/2023\/08\/85399-32x32.jpg 32w\" sizes=\"(max-width: 700px) 100vw, 700px\" \/><\/figure><div class=\"wp-block-media-text__content\">\n<p style=\"font-size:16px\"><strong>Matz Sels (31 ans) &#8211; Gardien<\/strong><\/p>\n\n\n\n<p style=\"font-size:16px\">Il a certes encaiss\u00e9 quatre buts au stade Louis-II la saison derni\u00e8re, mais Matz Sels s&rsquo;est impos\u00e9 la saison derni\u00e8re comme l&rsquo;un des meilleurs gardiens du championnat. Dans une \u00e9quipe en difficult\u00e9, il a souvent r\u00e9alis\u00e9 des prouesses pour maintenir Strasbourg \u00e0 flots. Contre Lyon, le portier alsacien a r\u00e9alis\u00e9 six arr\u00eats et notamment un important devant Lacazette. Nul doute qu&rsquo;il sera difficile \u00e0 battre ce dimanche.<\/p>\n<\/div><\/div>\n","protected":false},"excerpt":{"rendered":"<p>Cet \u00e9t\u00e9, le RCSA a chang\u00e9 de mains en se faisant racheter par BlueCo, le consortium d&rsquo;investisseurs am\u00e9ricains qui d\u00e9tient \u00e9galement Chelsea. Un rachat qui devrait p\u00e9renniser un club qui s&rsquo;est fait tr\u00e8s peur, la saison derni\u00e8re, pour sa survie en Ligue 1. Pour autant, l&rsquo;\u00e9t\u00e9 des Alsaciens n&rsquo;a pas \u00e9t\u00e9 marqu\u00e9 par de grands [&#8230;]\n","protected":false},"author":2,"featured_media":0,"comment_status":"open","ping_status":"open","sticky":false,"template":"","format":"standard","meta":[],"categories":[6],"tags":[86,94,432],"yoast_head":"<!-- This site is optimized with the Yoast SEO plugin v19.8 - https:\/\/yoast.com\/wordpress\/plugins\/seo\/ -->\n<title>Strasbourg a chang\u00e9 d&#039;\u00e8re - La Diagonale<\/title>\n<meta name=\"robots\" content=\"index, follow, max-snippet:-1, max-image-preview:large, max-video-preview:-1\" \/>\n<link rel=\"canonical\" href=\"https:\/\/www.ladiagonale.net\/index.php\/2023\/08\/19\/strasbourg-a-change-dere\/\" \/>\n<meta property=\"og:locale\" content=\"fr_FR\" \/>\n<meta property=\"og:type\" content=\"article\" \/>\n<meta property=\"og:title\" content=\"Strasbourg a chang\u00e9 d&#039;\u00e8re - La Diagonale\" \/>\n<meta property=\"og:description\" content=\"Cet \u00e9t\u00e9, le RCSA a chang\u00e9 de mains en se faisant racheter par BlueCo, le consortium d&rsquo;investisseurs am\u00e9ricains qui d\u00e9tient \u00e9galement Chelsea. Un rachat qui devrait p\u00e9renniser un club qui s&rsquo;est fait tr\u00e8s peur, la saison derni\u00e8re, pour sa survie en Ligue 1. Pour autant, l&rsquo;\u00e9t\u00e9 des Alsaciens n&rsquo;a pas \u00e9t\u00e9 marqu\u00e9 par de grands [...]\" \/>\n<meta property=\"og:url\" content=\"https:\/\/www.ladiagonale.net\/index.php\/2023\/08\/19\/strasbourg-a-change-dere\/\" \/>\n<meta property=\"og:site_name\" content=\"La Diagonale\" \/>\n<meta property=\"article:published_time\" content=\"2023-08-19T14:37:40+00:00\" \/>\n<meta property=\"article:modified_time\" content=\"2023-08-19T14:37:43+00:00\" \/>\n<meta property=\"og:image\" content=\"https:\/\/www.ladiagonale.net\/wp-content\/uploads\/2023\/08\/sels.png\" \/>\n\t<meta property=\"og:image:width\" content=\"1160\" \/>\n\t<meta property=\"og:image:height\" content=\"650\" \/>\n\t<meta property=\"og:image:type\" content=\"image\/png\" \/>\n<meta name=\"author\" content=\"Damien Dellerba\" \/>\n<meta name=\"twitter:card\" content=\"summary_large_image\" \/>\n<meta name=\"twitter:image\" content=\"https:\/\/www.ladiagonale.net\/wp-content\/uploads\/2023\/08\/sels.png\" \/>\n<meta name=\"twitter:label1\" content=\"\u00c9crit par\" \/>\n\t<meta name=\"twitter:data1\" content=\"Damien Dellerba\" \/>\n\t<meta name=\"twitter:label2\" content=\"Dur\u00e9e de lecture estim\u00e9e\" \/>\n\t<meta name=\"twitter:data2\" content=\"2 minutes\" \/>\n<script type=\"application\/ld+json\" class=\"yoast-schema-graph\">{\"@context\":\"https:\/\/schema.org\",\"@graph\":[{\"@type\":\"WebPage\",\"@id\":\"https:\/\/www.ladiagonale.net\/index.php\/2023\/08\/19\/strasbourg-a-change-dere\/\",\"url\":\"https:\/\/www.ladiagonale.net\/index.php\/2023\/08\/19\/strasbourg-a-change-dere\/\",\"name\":\"Strasbourg a chang\u00e9 d'\u00e8re - La Diagonale\",\"isPartOf\":{\"@id\":\"https:\/\/www.ladiagonale.net\/#website\"},\"datePublished\":\"2023-08-19T14:37:40+00:00\",\"dateModified\":\"2023-08-19T14:37:43+00:00\",\"author\":{\"@id\":\"https:\/\/www.ladiagonale.net\/#\/schema\/person\/79ff1e7b0853ed01b2aa26e64ad300bf\"},\"breadcrumb\":{\"@id\":\"https:\/\/www.ladiagonale.net\/index.php\/2023\/08\/19\/strasbourg-a-change-dere\/#breadcrumb\"},\"inLanguage\":\"fr-FR\",\"potentialAction\":[{\"@type\":\"ReadAction\",\"target\":[\"https:\/\/www.ladiagonale.net\/index.php\/2023\/08\/19\/strasbourg-a-change-dere\/\"]}]},{\"@type\":\"BreadcrumbList\",\"@id\":\"https:\/\/www.ladiagonale.net\/index.php\/2023\/08\/19\/strasbourg-a-change-dere\/#breadcrumb\",\"itemListElement\":[{\"@type\":\"ListItem\",\"position\":1,\"name\":\"Accueil\",\"item\":\"https:\/\/www.ladiagonale.net\/\"},{\"@type\":\"ListItem\",\"position\":2,\"name\":\"Strasbourg a chang\u00e9 d&rsquo;\u00e8re\"}]},{\"@type\":\"WebSite\",\"@id\":\"https:\/\/www.ladiagonale.net\/#website\",\"url\":\"https:\/\/www.ladiagonale.net\/\",\"name\":\"La Diagonale\",\"description\":\"Le site des supporters de l&#039;AS Monaco FC\",\"potentialAction\":[{\"@type\":\"SearchAction\",\"target\":{\"@type\":\"EntryPoint\",\"urlTemplate\":\"https:\/\/www.ladiagonale.net\/?s={search_term_string}\"},\"query-input\":\"required name=search_term_string\"}],\"inLanguage\":\"fr-FR\"},{\"@type\":\"Person\",\"@id\":\"https:\/\/www.ladiagonale.net\/#\/schema\/person\/79ff1e7b0853ed01b2aa26e64ad300bf\",\"name\":\"Damien Dellerba\",\"image\":{\"@type\":\"ImageObject\",\"inLanguage\":\"fr-FR\",\"@id\":\"https:\/\/www.ladiagonale.net\/#\/schema\/person\/image\/\",\"url\":\"https:\/\/secure.gravatar.com\/avatar\/c7850e06d3ff63cdbaee88b7fc16e2f0?s=96&d=mm&r=g\",\"contentUrl\":\"https:\/\/secure.gravatar.com\/avatar\/c7850e06d3ff63cdbaee88b7fc16e2f0?s=96&d=mm&r=g\",\"caption\":\"Damien Dellerba\"},\"url\":\"https:\/\/www.ladiagonale.net\/index.php\/author\/damien\/\"}]}<\/script>\n<!-- \/ Yoast SEO plugin. -->","yoast_head_json":{"title":"Strasbourg a chang\u00e9 d'\u00e8re - La Diagonale","robots":{"index":"index","follow":"follow","max-snippet":"max-snippet:-1","max-image-preview":"max-image-preview:large","max-video-preview":"max-video-preview:-1"},"canonical":"https:\/\/www.ladiagonale.net\/index.php\/2023\/08\/19\/strasbourg-a-change-dere\/","og_locale":"fr_FR","og_type":"article","og_title":"Strasbourg a chang\u00e9 d'\u00e8re - La Diagonale","og_description":"Cet \u00e9t\u00e9, le RCSA a chang\u00e9 de mains en se faisant racheter par BlueCo, le consortium d&rsquo;investisseurs am\u00e9ricains qui d\u00e9tient \u00e9galement Chelsea. Un rachat qui devrait p\u00e9renniser un club qui s&rsquo;est fait tr\u00e8s peur, la saison derni\u00e8re, pour sa survie en Ligue 1. Pour autant, l&rsquo;\u00e9t\u00e9 des Alsaciens n&rsquo;a pas \u00e9t\u00e9 marqu\u00e9 par de grands [...]","og_url":"https:\/\/www.ladiagonale.net\/index.php\/2023\/08\/19\/strasbourg-a-change-dere\/","og_site_name":"La Diagonale","article_published_time":"2023-08-19T14:37:40+00:00","article_modified_time":"2023-08-19T14:37:43+00:00","og_image":[{"width":1160,"height":650,"url":"https:\/\/www.ladiagonale.net\/wp-content\/uploads\/2023\/08\/sels.png","type":"image\/png"}],"author":"Damien Dellerba","twitter_card":"summary_large_image","twitter_image":"https:\/\/www.ladiagonale.net\/wp-content\/uploads\/2023\/08\/sels.png","twitter_misc":{"\u00c9crit par":"Damien Dellerba","Dur\u00e9e de lecture estim\u00e9e":"2 minutes"},"schema":{"@context":"https:\/\/schema.org","@graph":[{"@type":"WebPage","@id":"https:\/\/www.ladiagonale.net\/index.php\/2023\/08\/19\/strasbourg-a-change-dere\/","url":"https:\/\/www.ladiagonale.net\/index.php\/2023\/08\/19\/strasbourg-a-change-dere\/","name":"Strasbourg a chang\u00e9 d'\u00e8re - La Diagonale","isPartOf":{"@id":"https:\/\/www.ladiagonale.net\/#website"},"datePublished":"2023-08-19T14:37:40+00:00","dateModified":"2023-08-19T14:37:43+00:00","author":{"@id":"https:\/\/www.ladiagonale.net\/#\/schema\/person\/79ff1e7b0853ed01b2aa26e64ad300bf"},"breadcrumb":{"@id":"https:\/\/www.ladiagonale.net\/index.php\/2023\/08\/19\/strasbourg-a-change-dere\/#breadcrumb"},"inLanguage":"fr-FR","potentialAction":[{"@type":"ReadAction","target":["https:\/\/www.ladiagonale.net\/index.php\/2023\/08\/19\/strasbourg-a-change-dere\/"]}]},{"@type":"BreadcrumbList","@id":"https:\/\/www.ladiagonale.net\/index.php\/2023\/08\/19\/strasbourg-a-change-dere\/#breadcrumb","itemListElement":[{"@type":"ListItem","position":1,"name":"Accueil","item":"https:\/\/www.ladiagonale.net\/"},{"@type":"ListItem","position":2,"name":"Strasbourg a chang\u00e9 d&rsquo;\u00e8re"}]},{"@type":"WebSite","@id":"https:\/\/www.ladiagonale.net\/#website","url":"https:\/\/www.ladiagonale.net\/","name":"La Diagonale","description":"Le site des supporters de l&#039;AS Monaco FC","potentialAction":[{"@type":"SearchAction","target":{"@type":"EntryPoint","urlTemplate":"https:\/\/www.ladiagonale.net\/?s={search_term_string}"},"query-input":"required name=search_term_string"}],"inLanguage":"fr-FR"},{"@type":"Person","@id":"https:\/\/www.ladiagonale.net\/#\/schema\/person\/79ff1e7b0853ed01b2aa26e64ad300bf","name":"Damien Dellerba","image":{"@type":"ImageObject","inLanguage":"fr-FR","@id":"https:\/\/www.ladiagonale.net\/#\/schema\/person\/image\/","url":"https:\/\/secure.gravatar.com\/avatar\/c7850e06d3ff63cdbaee88b7fc16e2f0?s=96&d=mm&r=g","contentUrl":"https:\/\/secure.gravatar.com\/avatar\/c7850e06d3ff63cdbaee88b7fc16e2f0?s=96&d=mm&r=g","caption":"Damien Dellerba"},"url":"https:\/\/www.ladiagonale.net\/index.php\/author\/damien\/"}]}},"_links":{"self":[{"href":"https:\/\/www.ladiagonale.net\/index.php\/wp-json\/wp\/v2\/posts\/15291"}],"collection":[{"href":"https:\/\/www.ladiagonale.net\/index.php\/wp-json\/wp\/v2\/posts"}],"about":[{"href":"https:\/\/www.ladiagonale.net\/index.php\/wp-json\/wp\/v2\/types\/post"}],"author":[{"embeddable":true,"href":"https:\/\/www.ladiagonale.net\/index.php\/wp-json\/wp\/v2\/users\/2"}],"replies":[{"embeddable":true,"href":"https:\/\/www.ladiagonale.net\/index.php\/wp-json\/wp\/v2\/comments?post=15291"}],"version-history":[{"count":1,"href":"https:\/\/www.ladiagonale.net\/index.php\/wp-json\/wp\/v2\/posts\/15291\/revisions"}],"predecessor-version":[{"id":15294,"href":"https:\/\/www.ladiagonale.net\/index.php\/wp-json\/wp\/v2\/posts\/15291\/revisions\/15294"}],"wp:attachment":[{"href":"https:\/\/www.ladiagonale.net\/index.php\/wp-json\/wp\/v2\/media?parent=15291"}],"wp:term":[{"taxonomy":"category","embeddable":true,"href":"https:\/\/www.ladiagonale.net\/index.php\/wp-json\/wp\/v2\/categories?post=15291"},{"taxonomy":"post_tag","embeddable":true,"href":"https:\/\/www.ladiagonale.net\/index.php\/wp-json\/wp\/v2\/tags?post=15291"}],"curies":[{"name":"wp","href":"https:\/\/api.w.org\/{rel}","templated":true}]}}