{"id":15295,"date":"2023-08-19T16:48:37","date_gmt":"2023-08-19T14:48:37","guid":{"rendered":"https:\/\/www.ladiagonale.net\/?p=15295"},"modified":"2023-08-19T16:48:40","modified_gmt":"2023-08-19T14:48:40","slug":"le-groupe-strasbourgeois-diarra-de-retour-aholou-absent","status":"publish","type":"post","link":"https:\/\/www.ladiagonale.net\/index.php\/2023\/08\/19\/le-groupe-strasbourgeois-diarra-de-retour-aholou-absent\/","title":{"rendered":"Le groupe strasbourgeois : Diarra de retour, Aholou absent"},"content":{"rendered":"\n\n\n<p>Patrick Vieira a convoqu\u00e9 20 joueurs pour le d\u00e9placement strasbourgeois en Principaut\u00e9 de ce dimanche (19h). Suspendu lors de la premi\u00e8re journ\u00e9e, Habib Diarra effectue son retour dans le groupe alsacien. Il prend la place notamment de l&rsquo;ancien mon\u00e9gasque Jean-Eudes Aholou, qui n&rsquo;a pas \u00e9t\u00e9 retenu.<\/p>\n\n\n\n<h4>Le groupe strasbourgeois<\/h4>\n\n\n\n<ul><li><strong>Gardiens :<\/strong> Bellaarouch, Sels.<\/li><li><strong>D\u00e9fenseurs :<\/strong> Delaine, Doukour\u00e9, Guilbert, Mwanga, Nyamsi, Perrin, Senaya, Sylla.<\/li><li><strong>Milieux :<\/strong> Bellegarde, Deminguet, Diarra, Prcic, Sissoko.<\/li><li><strong>Attaquants :<\/strong> Angelo, Bakwa, Emegha, Gameiro, Mothiba.<\/li><\/ul>\n\n\n\n<p><em>Absents :<\/em> Sobol (bless\u00e9), Baseya, Bastien, Sahi-Dion (reprise), Aholou, Fila, Sow (choix)<\/p>\n","protected":false},"excerpt":{"rendered":"<p>Patrick Vieira a convoqu\u00e9 20 joueurs pour le d\u00e9placement strasbourgeois en Principaut\u00e9 de ce dimanche (19h). Suspendu lors de la premi\u00e8re journ\u00e9e, Habib Diarra effectue son retour dans le groupe alsacien. Il prend la place notamment de l&rsquo;ancien mon\u00e9gasque Jean-Eudes Aholou, qui n&rsquo;a pas \u00e9t\u00e9 retenu. Le groupe strasbourgeois Gardiens : Bellaarouch, Sels. D\u00e9fenseurs : [&#8230;]\n","protected":false},"author":2,"featured_media":0,"comment_status":"open","ping_status":"open","sticky":false,"template":"","format":"standard","meta":[],"categories":[6],"tags":[86,225,94,432],"yoast_head":"<!-- This site is optimized with the Yoast SEO plugin v19.8 - https:\/\/yoast.com\/wordpress\/plugins\/seo\/ -->\n<title>Le groupe strasbourgeois : Diarra de retour, Aholou absent - La Diagonale<\/title>\n<meta name=\"robots\" content=\"index, follow, max-snippet:-1, max-image-preview:large, max-video-preview:-1\" \/>\n<link rel=\"canonical\" href=\"https:\/\/www.ladiagonale.net\/index.php\/2023\/08\/19\/le-groupe-strasbourgeois-diarra-de-retour-aholou-absent\/\" \/>\n<meta property=\"og:locale\" content=\"fr_FR\" \/>\n<meta property=\"og:type\" content=\"article\" \/>\n<meta property=\"og:title\" content=\"Le groupe strasbourgeois : Diarra de retour, Aholou absent - La Diagonale\" \/>\n<meta property=\"og:description\" content=\"Patrick Vieira a convoqu\u00e9 20 joueurs pour le d\u00e9placement strasbourgeois en Principaut\u00e9 de ce dimanche (19h). Suspendu lors de la premi\u00e8re journ\u00e9e, Habib Diarra effectue son retour dans le groupe alsacien. Il prend la place notamment de l&rsquo;ancien mon\u00e9gasque Jean-Eudes Aholou, qui n&rsquo;a pas \u00e9t\u00e9 retenu. Le groupe strasbourgeois Gardiens : Bellaarouch, Sels. D\u00e9fenseurs : [...]\" \/>\n<meta property=\"og:url\" content=\"https:\/\/www.ladiagonale.net\/index.php\/2023\/08\/19\/le-groupe-strasbourgeois-diarra-de-retour-aholou-absent\/\" \/>\n<meta property=\"og:site_name\" content=\"La Diagonale\" \/>\n<meta property=\"article:published_time\" content=\"2023-08-19T14:48:37+00:00\" \/>\n<meta property=\"article:modified_time\" content=\"2023-08-19T14:48:40+00:00\" \/>\n<meta property=\"og:image\" content=\"https:\/\/www.ladiagonale.net\/wp-content\/uploads\/2023\/08\/aholou.png\" \/>\n\t<meta property=\"og:image:width\" content=\"1160\" \/>\n\t<meta property=\"og:image:height\" content=\"650\" \/>\n\t<meta property=\"og:image:type\" content=\"image\/png\" \/>\n<meta name=\"author\" content=\"Damien Dellerba\" \/>\n<meta name=\"twitter:card\" content=\"summary_large_image\" \/>\n<meta name=\"twitter:image\" content=\"https:\/\/www.ladiagonale.net\/wp-content\/uploads\/2023\/08\/aholou.png\" \/>\n<meta name=\"twitter:label1\" content=\"\u00c9crit par\" \/>\n\t<meta name=\"twitter:data1\" content=\"Damien Dellerba\" \/>\n\t<meta name=\"twitter:label2\" content=\"Dur\u00e9e de lecture estim\u00e9e\" \/>\n\t<meta name=\"twitter:data2\" content=\"1 minute\" \/>\n<script type=\"application\/ld+json\" class=\"yoast-schema-graph\">{\"@context\":\"https:\/\/schema.org\",\"@graph\":[{\"@type\":\"WebPage\",\"@id\":\"https:\/\/www.ladiagonale.net\/index.php\/2023\/08\/19\/le-groupe-strasbourgeois-diarra-de-retour-aholou-absent\/\",\"url\":\"https:\/\/www.ladiagonale.net\/index.php\/2023\/08\/19\/le-groupe-strasbourgeois-diarra-de-retour-aholou-absent\/\",\"name\":\"Le groupe strasbourgeois : Diarra de retour, Aholou absent - La Diagonale\",\"isPartOf\":{\"@id\":\"https:\/\/www.ladiagonale.net\/#website\"},\"datePublished\":\"2023-08-19T14:48:37+00:00\",\"dateModified\":\"2023-08-19T14:48:40+00:00\",\"author\":{\"@id\":\"https:\/\/www.ladiagonale.net\/#\/schema\/person\/79ff1e7b0853ed01b2aa26e64ad300bf\"},\"breadcrumb\":{\"@id\":\"https:\/\/www.ladiagonale.net\/index.php\/2023\/08\/19\/le-groupe-strasbourgeois-diarra-de-retour-aholou-absent\/#breadcrumb\"},\"inLanguage\":\"fr-FR\",\"potentialAction\":[{\"@type\":\"ReadAction\",\"target\":[\"https:\/\/www.ladiagonale.net\/index.php\/2023\/08\/19\/le-groupe-strasbourgeois-diarra-de-retour-aholou-absent\/\"]}]},{\"@type\":\"BreadcrumbList\",\"@id\":\"https:\/\/www.ladiagonale.net\/index.php\/2023\/08\/19\/le-groupe-strasbourgeois-diarra-de-retour-aholou-absent\/#breadcrumb\",\"itemListElement\":[{\"@type\":\"ListItem\",\"position\":1,\"name\":\"Accueil\",\"item\":\"https:\/\/www.ladiagonale.net\/\"},{\"@type\":\"ListItem\",\"position\":2,\"name\":\"Le groupe strasbourgeois : Diarra de retour, Aholou absent\"}]},{\"@type\":\"WebSite\",\"@id\":\"https:\/\/www.ladiagonale.net\/#website\",\"url\":\"https:\/\/www.ladiagonale.net\/\",\"name\":\"La Diagonale\",\"description\":\"Le site des supporters de l&#039;AS Monaco FC\",\"potentialAction\":[{\"@type\":\"SearchAction\",\"target\":{\"@type\":\"EntryPoint\",\"urlTemplate\":\"https:\/\/www.ladiagonale.net\/?s={search_term_string}\"},\"query-input\":\"required name=search_term_string\"}],\"inLanguage\":\"fr-FR\"},{\"@type\":\"Person\",\"@id\":\"https:\/\/www.ladiagonale.net\/#\/schema\/person\/79ff1e7b0853ed01b2aa26e64ad300bf\",\"name\":\"Damien Dellerba\",\"image\":{\"@type\":\"ImageObject\",\"inLanguage\":\"fr-FR\",\"@id\":\"https:\/\/www.ladiagonale.net\/#\/schema\/person\/image\/\",\"url\":\"https:\/\/secure.gravatar.com\/avatar\/c7850e06d3ff63cdbaee88b7fc16e2f0?s=96&d=mm&r=g\",\"contentUrl\":\"https:\/\/secure.gravatar.com\/avatar\/c7850e06d3ff63cdbaee88b7fc16e2f0?s=96&d=mm&r=g\",\"caption\":\"Damien Dellerba\"},\"url\":\"https:\/\/www.ladiagonale.net\/index.php\/author\/damien\/\"}]}<\/script>\n<!-- \/ Yoast SEO plugin. -->","yoast_head_json":{"title":"Le groupe strasbourgeois : Diarra de retour, Aholou absent - La Diagonale","robots":{"index":"index","follow":"follow","max-snippet":"max-snippet:-1","max-image-preview":"max-image-preview:large","max-video-preview":"max-video-preview:-1"},"canonical":"https:\/\/www.ladiagonale.net\/index.php\/2023\/08\/19\/le-groupe-strasbourgeois-diarra-de-retour-aholou-absent\/","og_locale":"fr_FR","og_type":"article","og_title":"Le groupe strasbourgeois : Diarra de retour, Aholou absent - La Diagonale","og_description":"Patrick Vieira a convoqu\u00e9 20 joueurs pour le d\u00e9placement strasbourgeois en Principaut\u00e9 de ce dimanche (19h). Suspendu lors de la premi\u00e8re journ\u00e9e, Habib Diarra effectue son retour dans le groupe alsacien. Il prend la place notamment de l&rsquo;ancien mon\u00e9gasque Jean-Eudes Aholou, qui n&rsquo;a pas \u00e9t\u00e9 retenu. Le groupe strasbourgeois Gardiens : Bellaarouch, Sels. D\u00e9fenseurs : [...]","og_url":"https:\/\/www.ladiagonale.net\/index.php\/2023\/08\/19\/le-groupe-strasbourgeois-diarra-de-retour-aholou-absent\/","og_site_name":"La Diagonale","article_published_time":"2023-08-19T14:48:37+00:00","article_modified_time":"2023-08-19T14:48:40+00:00","og_image":[{"width":1160,"height":650,"url":"https:\/\/www.ladiagonale.net\/wp-content\/uploads\/2023\/08\/aholou.png","type":"image\/png"}],"author":"Damien Dellerba","twitter_card":"summary_large_image","twitter_image":"https:\/\/www.ladiagonale.net\/wp-content\/uploads\/2023\/08\/aholou.png","twitter_misc":{"\u00c9crit par":"Damien Dellerba","Dur\u00e9e de lecture estim\u00e9e":"1 minute"},"schema":{"@context":"https:\/\/schema.org","@graph":[{"@type":"WebPage","@id":"https:\/\/www.ladiagonale.net\/index.php\/2023\/08\/19\/le-groupe-strasbourgeois-diarra-de-retour-aholou-absent\/","url":"https:\/\/www.ladiagonale.net\/index.php\/2023\/08\/19\/le-groupe-strasbourgeois-diarra-de-retour-aholou-absent\/","name":"Le groupe strasbourgeois : Diarra de retour, Aholou absent - La Diagonale","isPartOf":{"@id":"https:\/\/www.ladiagonale.net\/#website"},"datePublished":"2023-08-19T14:48:37+00:00","dateModified":"2023-08-19T14:48:40+00:00","author":{"@id":"https:\/\/www.ladiagonale.net\/#\/schema\/person\/79ff1e7b0853ed01b2aa26e64ad300bf"},"breadcrumb":{"@id":"https:\/\/www.ladiagonale.net\/index.php\/2023\/08\/19\/le-groupe-strasbourgeois-diarra-de-retour-aholou-absent\/#breadcrumb"},"inLanguage":"fr-FR","potentialAction":[{"@type":"ReadAction","target":["https:\/\/www.ladiagonale.net\/index.php\/2023\/08\/19\/le-groupe-strasbourgeois-diarra-de-retour-aholou-absent\/"]}]},{"@type":"BreadcrumbList","@id":"https:\/\/www.ladiagonale.net\/index.php\/2023\/08\/19\/le-groupe-strasbourgeois-diarra-de-retour-aholou-absent\/#breadcrumb","itemListElement":[{"@type":"ListItem","position":1,"name":"Accueil","item":"https:\/\/www.ladiagonale.net\/"},{"@type":"ListItem","position":2,"name":"Le groupe strasbourgeois : Diarra de retour, Aholou absent"}]},{"@type":"WebSite","@id":"https:\/\/www.ladiagonale.net\/#website","url":"https:\/\/www.ladiagonale.net\/","name":"La Diagonale","description":"Le site des supporters de l&#039;AS Monaco FC","potentialAction":[{"@type":"SearchAction","target":{"@type":"EntryPoint","urlTemplate":"https:\/\/www.ladiagonale.net\/?s={search_term_string}"},"query-input":"required name=search_term_string"}],"inLanguage":"fr-FR"},{"@type":"Person","@id":"https:\/\/www.ladiagonale.net\/#\/schema\/person\/79ff1e7b0853ed01b2aa26e64ad300bf","name":"Damien Dellerba","image":{"@type":"ImageObject","inLanguage":"fr-FR","@id":"https:\/\/www.ladiagonale.net\/#\/schema\/person\/image\/","url":"https:\/\/secure.gravatar.com\/avatar\/c7850e06d3ff63cdbaee88b7fc16e2f0?s=96&d=mm&r=g","contentUrl":"https:\/\/secure.gravatar.com\/avatar\/c7850e06d3ff63cdbaee88b7fc16e2f0?s=96&d=mm&r=g","caption":"Damien Dellerba"},"url":"https:\/\/www.ladiagonale.net\/index.php\/author\/damien\/"}]}},"_links":{"self":[{"href":"https:\/\/www.ladiagonale.net\/index.php\/wp-json\/wp\/v2\/posts\/15295"}],"collection":[{"href":"https:\/\/www.ladiagonale.net\/index.php\/wp-json\/wp\/v2\/posts"}],"about":[{"href":"https:\/\/www.ladiagonale.net\/index.php\/wp-json\/wp\/v2\/types\/post"}],"author":[{"embeddable":true,"href":"https:\/\/www.ladiagonale.net\/index.php\/wp-json\/wp\/v2\/users\/2"}],"replies":[{"embeddable":true,"href":"https:\/\/www.ladiagonale.net\/index.php\/wp-json\/wp\/v2\/comments?post=15295"}],"version-history":[{"count":1,"href":"https:\/\/www.ladiagonale.net\/index.php\/wp-json\/wp\/v2\/posts\/15295\/revisions"}],"predecessor-version":[{"id":15297,"href":"https:\/\/www.ladiagonale.net\/index.php\/wp-json\/wp\/v2\/posts\/15295\/revisions\/15297"}],"wp:attachment":[{"href":"https:\/\/www.ladiagonale.net\/index.php\/wp-json\/wp\/v2\/media?parent=15295"}],"wp:term":[{"taxonomy":"category","embeddable":true,"href":"https:\/\/www.ladiagonale.net\/index.php\/wp-json\/wp\/v2\/categories?post=15295"},{"taxonomy":"post_tag","embeddable":true,"href":"https:\/\/www.ladiagonale.net\/index.php\/wp-json\/wp\/v2\/tags?post=15295"}],"curies":[{"name":"wp","href":"https:\/\/api.w.org\/{rel}","templated":true}]}}