{"id":15298,"date":"2023-08-19T17:15:37","date_gmt":"2023-08-19T15:15:37","guid":{"rendered":"https:\/\/www.ladiagonale.net\/?p=15298"},"modified":"2023-08-19T17:15:40","modified_gmt":"2023-08-19T15:15:40","slug":"vieira-ne-pas-avoir-peur-de-jouer-long","status":"publish","type":"post","link":"https:\/\/www.ladiagonale.net\/index.php\/2023\/08\/19\/vieira-ne-pas-avoir-peur-de-jouer-long\/","title":{"rendered":"Vieira : \u00ab\u00a0Ne pas avoir peur de jouer long\u00a0\u00bb"},"content":{"rendered":"\n\n\n<p>Vendredi, Patrick Vieira \u00e9tait en conf\u00e9rence de presse pour \u00e9voquer la rencontre de dimanche (19h) face \u00e0 l\u2019AS Monaco. Pour l\u2019entra\u00eeneur strasbourgeois, il faudra surtout \u00e9viter les pertes de balles qui pourront \u00eatre caus\u00e9es par le pressing haut de l\u2019ASM : \u00ab\u00a0<em>C\u2019est une \u00e9quipe tr\u00e8s forte sur l\u2019aspect athl\u00e9tique. Monaco r\u00e9cup\u00e8re beaucoup de ballons dans le camp adverse et presse assez haut. Ils ont ces trois joueurs devant qui ont de l\u2019exp\u00e9rience, qui sentent bien les coups et sont tr\u00e8s malins. Quand tu as des joueurs plac\u00e9s haut et de qualit\u00e9, forc\u00e9ment tu te cr\u00e9es plus d\u2019occasions et tu marques plus de buts. Il faut qu\u2019on soit tr\u00e8s bon dans la construction pour \u00e9valuer ce c\u00f4t\u00e9 risque et ne pas avoir peur de jouer long s\u2019il le faut. Il faudra \u00e9viter de perdre le ballon dans notre moiti\u00e9 de terrain sinon on sera vite mis en danger.<\/em>\u00a0\u00bb<\/p>\n\n\n\n<p>Par rapport au match contre Lyon lors de la premi\u00e8re journ\u00e9e, Vieira a reconnu que son \u00e9quipe allait devoir resserrer la vis d\u00e9fensivement : \u00ab\u00a0<em>C\u2019est compliqu\u00e9 apr\u00e8s Lyon d\u2019encha\u00eener avec Monaco. On va aller l\u00e0-bas en essayant de faire une bonne prestation. Collectivement, je pense qu\u2019on peut mieux d\u00e9fendre. On a manqu\u00e9 un peu de coh\u00e9rence dans cet aspect d\u00e9fensif m\u00eame si on a g\u00e9r\u00e9 les moments forts de Lyon et qu\u2019on a \u00e9t\u00e9 assez solidaires. Dans nos d\u00e9placements d\u00e9fensifs, notamment dans le dernier quart d\u2019heure, le changement de syst\u00e8me de l\u2019OL nous a fait beaucoup reculer et mis en difficult\u00e9<\/em>.\u00a0\u00bb<\/p>\n","protected":false},"excerpt":{"rendered":"<p>Vendredi, Patrick Vieira \u00e9tait en conf\u00e9rence de presse pour \u00e9voquer la rencontre de dimanche (19h) face \u00e0 l\u2019AS Monaco. Pour l\u2019entra\u00eeneur strasbourgeois, il faudra surtout \u00e9viter les pertes de balles qui pourront \u00eatre caus\u00e9es par le pressing haut de l\u2019ASM : \u00ab\u00a0C\u2019est une \u00e9quipe tr\u00e8s forte sur l\u2019aspect athl\u00e9tique. Monaco r\u00e9cup\u00e8re beaucoup de ballons dans [&#8230;]\n","protected":false},"author":2,"featured_media":0,"comment_status":"open","ping_status":"open","sticky":false,"template":"","format":"standard","meta":[],"categories":[6],"tags":[86,94,432,676],"yoast_head":"<!-- This site is optimized with the Yoast SEO plugin v19.8 - https:\/\/yoast.com\/wordpress\/plugins\/seo\/ -->\n<title>Vieira : \u00ab\u00a0Ne pas avoir peur de jouer long\u00a0\u00bb - La Diagonale<\/title>\n<meta name=\"robots\" content=\"index, follow, max-snippet:-1, max-image-preview:large, max-video-preview:-1\" \/>\n<link rel=\"canonical\" href=\"https:\/\/www.ladiagonale.net\/index.php\/2023\/08\/19\/vieira-ne-pas-avoir-peur-de-jouer-long\/\" \/>\n<meta property=\"og:locale\" content=\"fr_FR\" \/>\n<meta property=\"og:type\" content=\"article\" \/>\n<meta property=\"og:title\" content=\"Vieira : \u00ab\u00a0Ne pas avoir peur de jouer long\u00a0\u00bb - La Diagonale\" \/>\n<meta property=\"og:description\" content=\"Vendredi, Patrick Vieira \u00e9tait en conf\u00e9rence de presse pour \u00e9voquer la rencontre de dimanche (19h) face \u00e0 l\u2019AS Monaco. Pour l\u2019entra\u00eeneur strasbourgeois, il faudra surtout \u00e9viter les pertes de balles qui pourront \u00eatre caus\u00e9es par le pressing haut de l\u2019ASM : \u00ab\u00a0C\u2019est une \u00e9quipe tr\u00e8s forte sur l\u2019aspect athl\u00e9tique. Monaco r\u00e9cup\u00e8re beaucoup de ballons dans [...]\" \/>\n<meta property=\"og:url\" content=\"https:\/\/www.ladiagonale.net\/index.php\/2023\/08\/19\/vieira-ne-pas-avoir-peur-de-jouer-long\/\" \/>\n<meta property=\"og:site_name\" content=\"La Diagonale\" \/>\n<meta property=\"article:published_time\" content=\"2023-08-19T15:15:37+00:00\" \/>\n<meta property=\"article:modified_time\" content=\"2023-08-19T15:15:40+00:00\" \/>\n<meta property=\"og:image\" content=\"https:\/\/www.ladiagonale.net\/wp-content\/uploads\/2023\/08\/vieira.png\" \/>\n\t<meta property=\"og:image:width\" content=\"1160\" \/>\n\t<meta property=\"og:image:height\" content=\"650\" \/>\n\t<meta property=\"og:image:type\" content=\"image\/png\" \/>\n<meta name=\"author\" content=\"Damien Dellerba\" \/>\n<meta name=\"twitter:card\" content=\"summary_large_image\" \/>\n<meta name=\"twitter:image\" content=\"https:\/\/www.ladiagonale.net\/wp-content\/uploads\/2023\/08\/vieira.png\" \/>\n<meta name=\"twitter:label1\" content=\"\u00c9crit par\" \/>\n\t<meta name=\"twitter:data1\" content=\"Damien Dellerba\" \/>\n\t<meta name=\"twitter:label2\" content=\"Dur\u00e9e de lecture estim\u00e9e\" \/>\n\t<meta name=\"twitter:data2\" content=\"2 minutes\" \/>\n<script type=\"application\/ld+json\" class=\"yoast-schema-graph\">{\"@context\":\"https:\/\/schema.org\",\"@graph\":[{\"@type\":\"WebPage\",\"@id\":\"https:\/\/www.ladiagonale.net\/index.php\/2023\/08\/19\/vieira-ne-pas-avoir-peur-de-jouer-long\/\",\"url\":\"https:\/\/www.ladiagonale.net\/index.php\/2023\/08\/19\/vieira-ne-pas-avoir-peur-de-jouer-long\/\",\"name\":\"Vieira : \u00ab\u00a0Ne pas avoir peur de jouer long\u00a0\u00bb - La Diagonale\",\"isPartOf\":{\"@id\":\"https:\/\/www.ladiagonale.net\/#website\"},\"datePublished\":\"2023-08-19T15:15:37+00:00\",\"dateModified\":\"2023-08-19T15:15:40+00:00\",\"author\":{\"@id\":\"https:\/\/www.ladiagonale.net\/#\/schema\/person\/79ff1e7b0853ed01b2aa26e64ad300bf\"},\"breadcrumb\":{\"@id\":\"https:\/\/www.ladiagonale.net\/index.php\/2023\/08\/19\/vieira-ne-pas-avoir-peur-de-jouer-long\/#breadcrumb\"},\"inLanguage\":\"fr-FR\",\"potentialAction\":[{\"@type\":\"ReadAction\",\"target\":[\"https:\/\/www.ladiagonale.net\/index.php\/2023\/08\/19\/vieira-ne-pas-avoir-peur-de-jouer-long\/\"]}]},{\"@type\":\"BreadcrumbList\",\"@id\":\"https:\/\/www.ladiagonale.net\/index.php\/2023\/08\/19\/vieira-ne-pas-avoir-peur-de-jouer-long\/#breadcrumb\",\"itemListElement\":[{\"@type\":\"ListItem\",\"position\":1,\"name\":\"Accueil\",\"item\":\"https:\/\/www.ladiagonale.net\/\"},{\"@type\":\"ListItem\",\"position\":2,\"name\":\"Vieira : \u00ab\u00a0Ne pas avoir peur de jouer long\u00a0\u00bb\"}]},{\"@type\":\"WebSite\",\"@id\":\"https:\/\/www.ladiagonale.net\/#website\",\"url\":\"https:\/\/www.ladiagonale.net\/\",\"name\":\"La Diagonale\",\"description\":\"Le site des supporters de l&#039;AS Monaco FC\",\"potentialAction\":[{\"@type\":\"SearchAction\",\"target\":{\"@type\":\"EntryPoint\",\"urlTemplate\":\"https:\/\/www.ladiagonale.net\/?s={search_term_string}\"},\"query-input\":\"required name=search_term_string\"}],\"inLanguage\":\"fr-FR\"},{\"@type\":\"Person\",\"@id\":\"https:\/\/www.ladiagonale.net\/#\/schema\/person\/79ff1e7b0853ed01b2aa26e64ad300bf\",\"name\":\"Damien Dellerba\",\"image\":{\"@type\":\"ImageObject\",\"inLanguage\":\"fr-FR\",\"@id\":\"https:\/\/www.ladiagonale.net\/#\/schema\/person\/image\/\",\"url\":\"https:\/\/secure.gravatar.com\/avatar\/c7850e06d3ff63cdbaee88b7fc16e2f0?s=96&d=mm&r=g\",\"contentUrl\":\"https:\/\/secure.gravatar.com\/avatar\/c7850e06d3ff63cdbaee88b7fc16e2f0?s=96&d=mm&r=g\",\"caption\":\"Damien Dellerba\"},\"url\":\"https:\/\/www.ladiagonale.net\/index.php\/author\/damien\/\"}]}<\/script>\n<!-- \/ Yoast SEO plugin. -->","yoast_head_json":{"title":"Vieira : \u00ab\u00a0Ne pas avoir peur de jouer long\u00a0\u00bb - La Diagonale","robots":{"index":"index","follow":"follow","max-snippet":"max-snippet:-1","max-image-preview":"max-image-preview:large","max-video-preview":"max-video-preview:-1"},"canonical":"https:\/\/www.ladiagonale.net\/index.php\/2023\/08\/19\/vieira-ne-pas-avoir-peur-de-jouer-long\/","og_locale":"fr_FR","og_type":"article","og_title":"Vieira : \u00ab\u00a0Ne pas avoir peur de jouer long\u00a0\u00bb - La Diagonale","og_description":"Vendredi, Patrick Vieira \u00e9tait en conf\u00e9rence de presse pour \u00e9voquer la rencontre de dimanche (19h) face \u00e0 l\u2019AS Monaco. Pour l\u2019entra\u00eeneur strasbourgeois, il faudra surtout \u00e9viter les pertes de balles qui pourront \u00eatre caus\u00e9es par le pressing haut de l\u2019ASM : \u00ab\u00a0C\u2019est une \u00e9quipe tr\u00e8s forte sur l\u2019aspect athl\u00e9tique. Monaco r\u00e9cup\u00e8re beaucoup de ballons dans [...]","og_url":"https:\/\/www.ladiagonale.net\/index.php\/2023\/08\/19\/vieira-ne-pas-avoir-peur-de-jouer-long\/","og_site_name":"La Diagonale","article_published_time":"2023-08-19T15:15:37+00:00","article_modified_time":"2023-08-19T15:15:40+00:00","og_image":[{"width":1160,"height":650,"url":"https:\/\/www.ladiagonale.net\/wp-content\/uploads\/2023\/08\/vieira.png","type":"image\/png"}],"author":"Damien Dellerba","twitter_card":"summary_large_image","twitter_image":"https:\/\/www.ladiagonale.net\/wp-content\/uploads\/2023\/08\/vieira.png","twitter_misc":{"\u00c9crit par":"Damien Dellerba","Dur\u00e9e de lecture estim\u00e9e":"2 minutes"},"schema":{"@context":"https:\/\/schema.org","@graph":[{"@type":"WebPage","@id":"https:\/\/www.ladiagonale.net\/index.php\/2023\/08\/19\/vieira-ne-pas-avoir-peur-de-jouer-long\/","url":"https:\/\/www.ladiagonale.net\/index.php\/2023\/08\/19\/vieira-ne-pas-avoir-peur-de-jouer-long\/","name":"Vieira : \u00ab\u00a0Ne pas avoir peur de jouer long\u00a0\u00bb - La Diagonale","isPartOf":{"@id":"https:\/\/www.ladiagonale.net\/#website"},"datePublished":"2023-08-19T15:15:37+00:00","dateModified":"2023-08-19T15:15:40+00:00","author":{"@id":"https:\/\/www.ladiagonale.net\/#\/schema\/person\/79ff1e7b0853ed01b2aa26e64ad300bf"},"breadcrumb":{"@id":"https:\/\/www.ladiagonale.net\/index.php\/2023\/08\/19\/vieira-ne-pas-avoir-peur-de-jouer-long\/#breadcrumb"},"inLanguage":"fr-FR","potentialAction":[{"@type":"ReadAction","target":["https:\/\/www.ladiagonale.net\/index.php\/2023\/08\/19\/vieira-ne-pas-avoir-peur-de-jouer-long\/"]}]},{"@type":"BreadcrumbList","@id":"https:\/\/www.ladiagonale.net\/index.php\/2023\/08\/19\/vieira-ne-pas-avoir-peur-de-jouer-long\/#breadcrumb","itemListElement":[{"@type":"ListItem","position":1,"name":"Accueil","item":"https:\/\/www.ladiagonale.net\/"},{"@type":"ListItem","position":2,"name":"Vieira : \u00ab\u00a0Ne pas avoir peur de jouer long\u00a0\u00bb"}]},{"@type":"WebSite","@id":"https:\/\/www.ladiagonale.net\/#website","url":"https:\/\/www.ladiagonale.net\/","name":"La Diagonale","description":"Le site des supporters de l&#039;AS Monaco FC","potentialAction":[{"@type":"SearchAction","target":{"@type":"EntryPoint","urlTemplate":"https:\/\/www.ladiagonale.net\/?s={search_term_string}"},"query-input":"required name=search_term_string"}],"inLanguage":"fr-FR"},{"@type":"Person","@id":"https:\/\/www.ladiagonale.net\/#\/schema\/person\/79ff1e7b0853ed01b2aa26e64ad300bf","name":"Damien Dellerba","image":{"@type":"ImageObject","inLanguage":"fr-FR","@id":"https:\/\/www.ladiagonale.net\/#\/schema\/person\/image\/","url":"https:\/\/secure.gravatar.com\/avatar\/c7850e06d3ff63cdbaee88b7fc16e2f0?s=96&d=mm&r=g","contentUrl":"https:\/\/secure.gravatar.com\/avatar\/c7850e06d3ff63cdbaee88b7fc16e2f0?s=96&d=mm&r=g","caption":"Damien Dellerba"},"url":"https:\/\/www.ladiagonale.net\/index.php\/author\/damien\/"}]}},"_links":{"self":[{"href":"https:\/\/www.ladiagonale.net\/index.php\/wp-json\/wp\/v2\/posts\/15298"}],"collection":[{"href":"https:\/\/www.ladiagonale.net\/index.php\/wp-json\/wp\/v2\/posts"}],"about":[{"href":"https:\/\/www.ladiagonale.net\/index.php\/wp-json\/wp\/v2\/types\/post"}],"author":[{"embeddable":true,"href":"https:\/\/www.ladiagonale.net\/index.php\/wp-json\/wp\/v2\/users\/2"}],"replies":[{"embeddable":true,"href":"https:\/\/www.ladiagonale.net\/index.php\/wp-json\/wp\/v2\/comments?post=15298"}],"version-history":[{"count":1,"href":"https:\/\/www.ladiagonale.net\/index.php\/wp-json\/wp\/v2\/posts\/15298\/revisions"}],"predecessor-version":[{"id":15300,"href":"https:\/\/www.ladiagonale.net\/index.php\/wp-json\/wp\/v2\/posts\/15298\/revisions\/15300"}],"wp:attachment":[{"href":"https:\/\/www.ladiagonale.net\/index.php\/wp-json\/wp\/v2\/media?parent=15298"}],"wp:term":[{"taxonomy":"category","embeddable":true,"href":"https:\/\/www.ladiagonale.net\/index.php\/wp-json\/wp\/v2\/categories?post=15298"},{"taxonomy":"post_tag","embeddable":true,"href":"https:\/\/www.ladiagonale.net\/index.php\/wp-json\/wp\/v2\/tags?post=15298"}],"curies":[{"name":"wp","href":"https:\/\/api.w.org\/{rel}","templated":true}]}}