{"id":15302,"date":"2023-08-19T20:04:23","date_gmt":"2023-08-19T18:04:23","guid":{"rendered":"https:\/\/www.ladiagonale.net\/?p=15302"},"modified":"2023-08-19T20:04:26","modified_gmt":"2023-08-19T18:04:26","slug":"le-groupe-monegasque-avec-singo-zakaria-et-ben-seghir","status":"publish","type":"post","link":"https:\/\/www.ladiagonale.net\/index.php\/2023\/08\/19\/le-groupe-monegasque-avec-singo-zakaria-et-ben-seghir\/","title":{"rendered":"Le groupe mon\u00e9gasque : avec Singo, Zakaria et Ben Seghir"},"content":{"rendered":"\n<p>Adi H\u00fctter a convoqu\u00e9 22 joueurs pour la r\u00e9ception de Strasbourg ce dimanche (19h). Les nouvelles recrues Wilfried Singo, Denis Zakaria sont pr\u00e9sentes dans le groupe. Ce n\u2019est toujours pas le cas de Mohammed Salisu, qui pr\u00e9sente une g\u00eane aux adducteurs.<\/p>\n\n\n\n<p>M\u00e9nag\u00e9s vendredi, Guillermo Maripan et Myron Boadu sont bien l\u00e0. Eliesse Ben Seghir effectue son retour dans la groupe apr\u00e8s une blessure aux ischio-jambiers.<\/p>\n\n\n\n<h4 class=\"wp-block-heading\">Le groupe mon\u00e9gasque<\/h4>\n\n\n\n<ul>\n\n<li><strong>Gardiens :<\/strong>&nbsp;K\u00f6hn, Lienard, Majecki.<\/li>\n\n\n<li><strong>D\u00e9fenseurs :<\/strong> Aguilar, C. Henrique, Jakobs, Magassa, Maripan, Matsima, Singo, Vanderson.<\/li>\n\n\n<li><strong>Milieux :<\/strong> Akliouche, Ben Seghir, Camara, Diatta, Fofana, Golovin, Matazo, Minamino, Zakaria.<\/li>\n\n\n<li><strong>Attaquants :<\/strong> Ben Yedder, Boadu.<\/li>\n\n<\/ul>\n\n\n\n<p><em>Absents :<\/em> Embolo (bless\u00e9), Diop, Salisu (g\u00eane), G. Martins, Lemarechal, Okou (choix).<\/p>\n","protected":false},"excerpt":{"rendered":"<p>Adi H\u00fctter a convoqu\u00e9 22 joueurs pour la r\u00e9ception de Strasbourg ce dimanche (19h). Les nouvelles recrues Wilfried Singo, Denis Zakaria sont pr\u00e9sentes dans le groupe. Ce n\u2019est toujours pas le cas de Mohammed Salisu, qui pr\u00e9sente une g\u00eane aux adducteurs. M\u00e9nag\u00e9s vendredi, Guillermo Maripan et Myron Boadu sont bien l\u00e0. Eliesse Ben Seghir effectue [&#8230;]\n","protected":false},"author":2,"featured_media":0,"comment_status":"open","ping_status":"open","sticky":false,"template":"","format":"standard","meta":[],"categories":[4,6],"tags":[86,225,432],"yoast_head":"<!-- This site is optimized with the Yoast SEO plugin v19.8 - https:\/\/yoast.com\/wordpress\/plugins\/seo\/ -->\n<title>Le groupe mon\u00e9gasque : avec Singo, Zakaria et Ben Seghir - La Diagonale<\/title>\n<meta name=\"robots\" content=\"index, follow, max-snippet:-1, max-image-preview:large, max-video-preview:-1\" \/>\n<link rel=\"canonical\" href=\"https:\/\/www.ladiagonale.net\/index.php\/2023\/08\/19\/le-groupe-monegasque-avec-singo-zakaria-et-ben-seghir\/\" \/>\n<meta property=\"og:locale\" content=\"fr_FR\" \/>\n<meta property=\"og:type\" content=\"article\" \/>\n<meta property=\"og:title\" content=\"Le groupe mon\u00e9gasque : avec Singo, Zakaria et Ben Seghir - La Diagonale\" \/>\n<meta property=\"og:description\" content=\"Adi H\u00fctter a convoqu\u00e9 22 joueurs pour la r\u00e9ception de Strasbourg ce dimanche (19h). Les nouvelles recrues Wilfried Singo, Denis Zakaria sont pr\u00e9sentes dans le groupe. Ce n\u2019est toujours pas le cas de Mohammed Salisu, qui pr\u00e9sente une g\u00eane aux adducteurs. M\u00e9nag\u00e9s vendredi, Guillermo Maripan et Myron Boadu sont bien l\u00e0. Eliesse Ben Seghir effectue [...]\" \/>\n<meta property=\"og:url\" content=\"https:\/\/www.ladiagonale.net\/index.php\/2023\/08\/19\/le-groupe-monegasque-avec-singo-zakaria-et-ben-seghir\/\" \/>\n<meta property=\"og:site_name\" content=\"La Diagonale\" \/>\n<meta property=\"article:published_time\" content=\"2023-08-19T18:04:23+00:00\" \/>\n<meta property=\"article:modified_time\" content=\"2023-08-19T18:04:26+00:00\" \/>\n<meta property=\"og:image\" content=\"https:\/\/www.ladiagonale.net\/wp-content\/uploads\/2023\/08\/singo-1.png\" \/>\n\t<meta property=\"og:image:width\" content=\"1160\" \/>\n\t<meta property=\"og:image:height\" content=\"650\" \/>\n\t<meta property=\"og:image:type\" content=\"image\/png\" \/>\n<meta name=\"author\" content=\"Damien Dellerba\" \/>\n<meta name=\"twitter:card\" content=\"summary_large_image\" \/>\n<meta name=\"twitter:image\" content=\"https:\/\/www.ladiagonale.net\/wp-content\/uploads\/2023\/08\/singo-1.png\" \/>\n<meta name=\"twitter:label1\" content=\"\u00c9crit par\" \/>\n\t<meta name=\"twitter:data1\" content=\"Damien Dellerba\" \/>\n\t<meta name=\"twitter:label2\" content=\"Dur\u00e9e de lecture estim\u00e9e\" \/>\n\t<meta name=\"twitter:data2\" content=\"1 minute\" \/>\n<script type=\"application\/ld+json\" class=\"yoast-schema-graph\">{\"@context\":\"https:\/\/schema.org\",\"@graph\":[{\"@type\":\"WebPage\",\"@id\":\"https:\/\/www.ladiagonale.net\/index.php\/2023\/08\/19\/le-groupe-monegasque-avec-singo-zakaria-et-ben-seghir\/\",\"url\":\"https:\/\/www.ladiagonale.net\/index.php\/2023\/08\/19\/le-groupe-monegasque-avec-singo-zakaria-et-ben-seghir\/\",\"name\":\"Le groupe mon\u00e9gasque : avec Singo, Zakaria et Ben Seghir - La Diagonale\",\"isPartOf\":{\"@id\":\"https:\/\/www.ladiagonale.net\/#website\"},\"datePublished\":\"2023-08-19T18:04:23+00:00\",\"dateModified\":\"2023-08-19T18:04:26+00:00\",\"author\":{\"@id\":\"https:\/\/www.ladiagonale.net\/#\/schema\/person\/79ff1e7b0853ed01b2aa26e64ad300bf\"},\"breadcrumb\":{\"@id\":\"https:\/\/www.ladiagonale.net\/index.php\/2023\/08\/19\/le-groupe-monegasque-avec-singo-zakaria-et-ben-seghir\/#breadcrumb\"},\"inLanguage\":\"fr-FR\",\"potentialAction\":[{\"@type\":\"ReadAction\",\"target\":[\"https:\/\/www.ladiagonale.net\/index.php\/2023\/08\/19\/le-groupe-monegasque-avec-singo-zakaria-et-ben-seghir\/\"]}]},{\"@type\":\"BreadcrumbList\",\"@id\":\"https:\/\/www.ladiagonale.net\/index.php\/2023\/08\/19\/le-groupe-monegasque-avec-singo-zakaria-et-ben-seghir\/#breadcrumb\",\"itemListElement\":[{\"@type\":\"ListItem\",\"position\":1,\"name\":\"Accueil\",\"item\":\"https:\/\/www.ladiagonale.net\/\"},{\"@type\":\"ListItem\",\"position\":2,\"name\":\"Le groupe mon\u00e9gasque : avec Singo, Zakaria et Ben Seghir\"}]},{\"@type\":\"WebSite\",\"@id\":\"https:\/\/www.ladiagonale.net\/#website\",\"url\":\"https:\/\/www.ladiagonale.net\/\",\"name\":\"La Diagonale\",\"description\":\"Le site des supporters de l&#039;AS Monaco FC\",\"potentialAction\":[{\"@type\":\"SearchAction\",\"target\":{\"@type\":\"EntryPoint\",\"urlTemplate\":\"https:\/\/www.ladiagonale.net\/?s={search_term_string}\"},\"query-input\":\"required name=search_term_string\"}],\"inLanguage\":\"fr-FR\"},{\"@type\":\"Person\",\"@id\":\"https:\/\/www.ladiagonale.net\/#\/schema\/person\/79ff1e7b0853ed01b2aa26e64ad300bf\",\"name\":\"Damien Dellerba\",\"image\":{\"@type\":\"ImageObject\",\"inLanguage\":\"fr-FR\",\"@id\":\"https:\/\/www.ladiagonale.net\/#\/schema\/person\/image\/\",\"url\":\"https:\/\/secure.gravatar.com\/avatar\/c7850e06d3ff63cdbaee88b7fc16e2f0?s=96&d=mm&r=g\",\"contentUrl\":\"https:\/\/secure.gravatar.com\/avatar\/c7850e06d3ff63cdbaee88b7fc16e2f0?s=96&d=mm&r=g\",\"caption\":\"Damien Dellerba\"},\"url\":\"https:\/\/www.ladiagonale.net\/index.php\/author\/damien\/\"}]}<\/script>\n<!-- \/ Yoast SEO plugin. -->","yoast_head_json":{"title":"Le groupe mon\u00e9gasque : avec Singo, Zakaria et Ben Seghir - La Diagonale","robots":{"index":"index","follow":"follow","max-snippet":"max-snippet:-1","max-image-preview":"max-image-preview:large","max-video-preview":"max-video-preview:-1"},"canonical":"https:\/\/www.ladiagonale.net\/index.php\/2023\/08\/19\/le-groupe-monegasque-avec-singo-zakaria-et-ben-seghir\/","og_locale":"fr_FR","og_type":"article","og_title":"Le groupe mon\u00e9gasque : avec Singo, Zakaria et Ben Seghir - La Diagonale","og_description":"Adi H\u00fctter a convoqu\u00e9 22 joueurs pour la r\u00e9ception de Strasbourg ce dimanche (19h). Les nouvelles recrues Wilfried Singo, Denis Zakaria sont pr\u00e9sentes dans le groupe. Ce n\u2019est toujours pas le cas de Mohammed Salisu, qui pr\u00e9sente une g\u00eane aux adducteurs. M\u00e9nag\u00e9s vendredi, Guillermo Maripan et Myron Boadu sont bien l\u00e0. Eliesse Ben Seghir effectue [...]","og_url":"https:\/\/www.ladiagonale.net\/index.php\/2023\/08\/19\/le-groupe-monegasque-avec-singo-zakaria-et-ben-seghir\/","og_site_name":"La Diagonale","article_published_time":"2023-08-19T18:04:23+00:00","article_modified_time":"2023-08-19T18:04:26+00:00","og_image":[{"width":1160,"height":650,"url":"https:\/\/www.ladiagonale.net\/wp-content\/uploads\/2023\/08\/singo-1.png","type":"image\/png"}],"author":"Damien Dellerba","twitter_card":"summary_large_image","twitter_image":"https:\/\/www.ladiagonale.net\/wp-content\/uploads\/2023\/08\/singo-1.png","twitter_misc":{"\u00c9crit par":"Damien Dellerba","Dur\u00e9e de lecture estim\u00e9e":"1 minute"},"schema":{"@context":"https:\/\/schema.org","@graph":[{"@type":"WebPage","@id":"https:\/\/www.ladiagonale.net\/index.php\/2023\/08\/19\/le-groupe-monegasque-avec-singo-zakaria-et-ben-seghir\/","url":"https:\/\/www.ladiagonale.net\/index.php\/2023\/08\/19\/le-groupe-monegasque-avec-singo-zakaria-et-ben-seghir\/","name":"Le groupe mon\u00e9gasque : avec Singo, Zakaria et Ben Seghir - La Diagonale","isPartOf":{"@id":"https:\/\/www.ladiagonale.net\/#website"},"datePublished":"2023-08-19T18:04:23+00:00","dateModified":"2023-08-19T18:04:26+00:00","author":{"@id":"https:\/\/www.ladiagonale.net\/#\/schema\/person\/79ff1e7b0853ed01b2aa26e64ad300bf"},"breadcrumb":{"@id":"https:\/\/www.ladiagonale.net\/index.php\/2023\/08\/19\/le-groupe-monegasque-avec-singo-zakaria-et-ben-seghir\/#breadcrumb"},"inLanguage":"fr-FR","potentialAction":[{"@type":"ReadAction","target":["https:\/\/www.ladiagonale.net\/index.php\/2023\/08\/19\/le-groupe-monegasque-avec-singo-zakaria-et-ben-seghir\/"]}]},{"@type":"BreadcrumbList","@id":"https:\/\/www.ladiagonale.net\/index.php\/2023\/08\/19\/le-groupe-monegasque-avec-singo-zakaria-et-ben-seghir\/#breadcrumb","itemListElement":[{"@type":"ListItem","position":1,"name":"Accueil","item":"https:\/\/www.ladiagonale.net\/"},{"@type":"ListItem","position":2,"name":"Le groupe mon\u00e9gasque : avec Singo, Zakaria et Ben Seghir"}]},{"@type":"WebSite","@id":"https:\/\/www.ladiagonale.net\/#website","url":"https:\/\/www.ladiagonale.net\/","name":"La Diagonale","description":"Le site des supporters de l&#039;AS Monaco FC","potentialAction":[{"@type":"SearchAction","target":{"@type":"EntryPoint","urlTemplate":"https:\/\/www.ladiagonale.net\/?s={search_term_string}"},"query-input":"required name=search_term_string"}],"inLanguage":"fr-FR"},{"@type":"Person","@id":"https:\/\/www.ladiagonale.net\/#\/schema\/person\/79ff1e7b0853ed01b2aa26e64ad300bf","name":"Damien Dellerba","image":{"@type":"ImageObject","inLanguage":"fr-FR","@id":"https:\/\/www.ladiagonale.net\/#\/schema\/person\/image\/","url":"https:\/\/secure.gravatar.com\/avatar\/c7850e06d3ff63cdbaee88b7fc16e2f0?s=96&d=mm&r=g","contentUrl":"https:\/\/secure.gravatar.com\/avatar\/c7850e06d3ff63cdbaee88b7fc16e2f0?s=96&d=mm&r=g","caption":"Damien Dellerba"},"url":"https:\/\/www.ladiagonale.net\/index.php\/author\/damien\/"}]}},"_links":{"self":[{"href":"https:\/\/www.ladiagonale.net\/index.php\/wp-json\/wp\/v2\/posts\/15302"}],"collection":[{"href":"https:\/\/www.ladiagonale.net\/index.php\/wp-json\/wp\/v2\/posts"}],"about":[{"href":"https:\/\/www.ladiagonale.net\/index.php\/wp-json\/wp\/v2\/types\/post"}],"author":[{"embeddable":true,"href":"https:\/\/www.ladiagonale.net\/index.php\/wp-json\/wp\/v2\/users\/2"}],"replies":[{"embeddable":true,"href":"https:\/\/www.ladiagonale.net\/index.php\/wp-json\/wp\/v2\/comments?post=15302"}],"version-history":[{"count":2,"href":"https:\/\/www.ladiagonale.net\/index.php\/wp-json\/wp\/v2\/posts\/15302\/revisions"}],"predecessor-version":[{"id":15304,"href":"https:\/\/www.ladiagonale.net\/index.php\/wp-json\/wp\/v2\/posts\/15302\/revisions\/15304"}],"wp:attachment":[{"href":"https:\/\/www.ladiagonale.net\/index.php\/wp-json\/wp\/v2\/media?parent=15302"}],"wp:term":[{"taxonomy":"category","embeddable":true,"href":"https:\/\/www.ladiagonale.net\/index.php\/wp-json\/wp\/v2\/categories?post=15302"},{"taxonomy":"post_tag","embeddable":true,"href":"https:\/\/www.ladiagonale.net\/index.php\/wp-json\/wp\/v2\/tags?post=15302"}],"curies":[{"name":"wp","href":"https:\/\/api.w.org\/{rel}","templated":true}]}}