{"id":15308,"date":"2023-08-20T00:58:00","date_gmt":"2023-08-19T22:58:00","guid":{"rendered":"https:\/\/www.ladiagonale.net\/?p=15308"},"modified":"2023-08-20T04:11:40","modified_gmt":"2023-08-20T02:11:40","slug":"le-groupe-elite-chute-face-a-marseille","status":"publish","type":"post","link":"https:\/\/www.ladiagonale.net\/index.php\/2023\/08\/20\/le-groupe-elite-chute-face-a-marseille\/","title":{"rendered":"Le Groupe \u00c9lite chute face \u00e0 Marseille"},"content":{"rendered":"\n<p>Apr\u00e8s avoir cartonn\u00e9 contre l\u2019OGC Nice dans la semaine, le Groupe \u00c9lite de l\u2019AS Monaco s\u2019est inclin\u00e9 ce samedi face \u00e0 l\u2019\u00e9quipe r\u00e9serve de l\u2019Olympique de Marseille, pensionnaire de National 3 (0-1). Les hommes de Damien Perrinelle n\u2019ont pas \u00e9t\u00e9 en mesure de trouver la faille dans la d\u00e9fense phoc\u00e9enne malgr\u00e9 leur domination en premi\u00e8re p\u00e9riode.<\/p>\n\n\n\n<p>C\u2019est au cours du second acte que les Marseillais ont fait la diff\u00e9rence et un but sur poteau rentrant pour tromper Lienard, qui gardait les buts de la formation as\u00e9miste. L\u2019ASM a pourtant eu le ballon de l\u2019\u00e9galisation au bout du pied, mais Enzo Baglieri a but\u00e9 sur le portier de l\u2019OM sur penalty. C\u2019est son deuxi\u00e8me rat\u00e9 dans l\u2019exercice apr\u00e8s celui de Grasse, et apr\u00e8s de tentatives r\u00e9ussies contre Cannes et Nice.<\/p>\n\n\n\n<p><strong>Composition :<\/strong> Lienard \u2013 Platret, Valme, Couto, Bakali (Cartiller 66e) \u2013 Gesan (Etonde, 45e), Bamba, Baranik (Coulibaly, 66e) \u2013 Efekele (Michal, 66e), Baglieri (Baba\u00ef, 88e), Bouabr\u00e9.<\/p>\n\n\n\n<p>Les prochaines \u00e9ch\u00e9ances pour les Rouge et Blanc se feront contre des \u00e9quipes \u00e9trang\u00e8res, puisqu\u2019ils affronteront le PSV Eindhoven aux Pays-Bas mercredi (18h), avant de recevoir Nordsjaelland le 1er septembre (16h) au Centre de performance.<\/p>\n\n\n\n<p>Source : <em>AS Monaco<\/em><\/p>\n","protected":false},"excerpt":{"rendered":"<p>Apr\u00e8s avoir cartonn\u00e9 contre l\u2019OGC Nice dans la semaine, le Groupe \u00c9lite de l\u2019AS Monaco s\u2019est inclin\u00e9 ce samedi face \u00e0 l\u2019\u00e9quipe r\u00e9serve de l\u2019Olympique de Marseille, pensionnaire de National 3 (0-1). Les hommes de Damien Perrinelle n\u2019ont pas \u00e9t\u00e9 en mesure de trouver la faille dans la d\u00e9fense phoc\u00e9enne malgr\u00e9 leur domination en premi\u00e8re [&#8230;]\n","protected":false},"author":2,"featured_media":0,"comment_status":"open","ping_status":"open","sticky":false,"template":"","format":"standard","meta":[],"categories":[6],"tags":[86,228],"yoast_head":"<!-- This site is optimized with the Yoast SEO plugin v19.8 - https:\/\/yoast.com\/wordpress\/plugins\/seo\/ -->\n<title>Le Groupe \u00c9lite chute face \u00e0 Marseille - La Diagonale<\/title>\n<meta name=\"robots\" content=\"index, follow, max-snippet:-1, max-image-preview:large, max-video-preview:-1\" \/>\n<link rel=\"canonical\" href=\"https:\/\/www.ladiagonale.net\/index.php\/2023\/08\/20\/le-groupe-elite-chute-face-a-marseille\/\" \/>\n<meta property=\"og:locale\" content=\"fr_FR\" \/>\n<meta property=\"og:type\" content=\"article\" \/>\n<meta property=\"og:title\" content=\"Le Groupe \u00c9lite chute face \u00e0 Marseille - La Diagonale\" \/>\n<meta property=\"og:description\" content=\"Apr\u00e8s avoir cartonn\u00e9 contre l\u2019OGC Nice dans la semaine, le Groupe \u00c9lite de l\u2019AS Monaco s\u2019est inclin\u00e9 ce samedi face \u00e0 l\u2019\u00e9quipe r\u00e9serve de l\u2019Olympique de Marseille, pensionnaire de National 3 (0-1). Les hommes de Damien Perrinelle n\u2019ont pas \u00e9t\u00e9 en mesure de trouver la faille dans la d\u00e9fense phoc\u00e9enne malgr\u00e9 leur domination en premi\u00e8re [...]\" \/>\n<meta property=\"og:url\" content=\"https:\/\/www.ladiagonale.net\/index.php\/2023\/08\/20\/le-groupe-elite-chute-face-a-marseille\/\" \/>\n<meta property=\"og:site_name\" content=\"La Diagonale\" \/>\n<meta property=\"article:published_time\" content=\"2023-08-19T22:58:00+00:00\" \/>\n<meta property=\"article:modified_time\" content=\"2023-08-20T02:11:40+00:00\" \/>\n<meta property=\"og:image\" content=\"https:\/\/www.ladiagonale.net\/wp-content\/uploads\/2023\/07\/baglieri2.png\" \/>\n\t<meta property=\"og:image:width\" content=\"1160\" \/>\n\t<meta property=\"og:image:height\" content=\"650\" \/>\n\t<meta property=\"og:image:type\" content=\"image\/png\" \/>\n<meta name=\"author\" content=\"Damien Dellerba\" \/>\n<meta name=\"twitter:card\" content=\"summary_large_image\" \/>\n<meta name=\"twitter:image\" content=\"https:\/\/www.ladiagonale.net\/wp-content\/uploads\/2023\/07\/baglieri2.png\" \/>\n<meta name=\"twitter:label1\" content=\"\u00c9crit par\" \/>\n\t<meta name=\"twitter:data1\" content=\"Damien Dellerba\" \/>\n\t<meta name=\"twitter:label2\" content=\"Dur\u00e9e de lecture estim\u00e9e\" \/>\n\t<meta name=\"twitter:data2\" content=\"1 minute\" \/>\n<script type=\"application\/ld+json\" class=\"yoast-schema-graph\">{\"@context\":\"https:\/\/schema.org\",\"@graph\":[{\"@type\":\"WebPage\",\"@id\":\"https:\/\/www.ladiagonale.net\/index.php\/2023\/08\/20\/le-groupe-elite-chute-face-a-marseille\/\",\"url\":\"https:\/\/www.ladiagonale.net\/index.php\/2023\/08\/20\/le-groupe-elite-chute-face-a-marseille\/\",\"name\":\"Le Groupe \u00c9lite chute face \u00e0 Marseille - La Diagonale\",\"isPartOf\":{\"@id\":\"https:\/\/www.ladiagonale.net\/#website\"},\"datePublished\":\"2023-08-19T22:58:00+00:00\",\"dateModified\":\"2023-08-20T02:11:40+00:00\",\"author\":{\"@id\":\"https:\/\/www.ladiagonale.net\/#\/schema\/person\/79ff1e7b0853ed01b2aa26e64ad300bf\"},\"breadcrumb\":{\"@id\":\"https:\/\/www.ladiagonale.net\/index.php\/2023\/08\/20\/le-groupe-elite-chute-face-a-marseille\/#breadcrumb\"},\"inLanguage\":\"fr-FR\",\"potentialAction\":[{\"@type\":\"ReadAction\",\"target\":[\"https:\/\/www.ladiagonale.net\/index.php\/2023\/08\/20\/le-groupe-elite-chute-face-a-marseille\/\"]}]},{\"@type\":\"BreadcrumbList\",\"@id\":\"https:\/\/www.ladiagonale.net\/index.php\/2023\/08\/20\/le-groupe-elite-chute-face-a-marseille\/#breadcrumb\",\"itemListElement\":[{\"@type\":\"ListItem\",\"position\":1,\"name\":\"Accueil\",\"item\":\"https:\/\/www.ladiagonale.net\/\"},{\"@type\":\"ListItem\",\"position\":2,\"name\":\"Le Groupe \u00c9lite chute face \u00e0 Marseille\"}]},{\"@type\":\"WebSite\",\"@id\":\"https:\/\/www.ladiagonale.net\/#website\",\"url\":\"https:\/\/www.ladiagonale.net\/\",\"name\":\"La Diagonale\",\"description\":\"Le site des supporters de l&#039;AS Monaco FC\",\"potentialAction\":[{\"@type\":\"SearchAction\",\"target\":{\"@type\":\"EntryPoint\",\"urlTemplate\":\"https:\/\/www.ladiagonale.net\/?s={search_term_string}\"},\"query-input\":\"required name=search_term_string\"}],\"inLanguage\":\"fr-FR\"},{\"@type\":\"Person\",\"@id\":\"https:\/\/www.ladiagonale.net\/#\/schema\/person\/79ff1e7b0853ed01b2aa26e64ad300bf\",\"name\":\"Damien Dellerba\",\"image\":{\"@type\":\"ImageObject\",\"inLanguage\":\"fr-FR\",\"@id\":\"https:\/\/www.ladiagonale.net\/#\/schema\/person\/image\/\",\"url\":\"https:\/\/secure.gravatar.com\/avatar\/c7850e06d3ff63cdbaee88b7fc16e2f0?s=96&d=mm&r=g\",\"contentUrl\":\"https:\/\/secure.gravatar.com\/avatar\/c7850e06d3ff63cdbaee88b7fc16e2f0?s=96&d=mm&r=g\",\"caption\":\"Damien Dellerba\"},\"url\":\"https:\/\/www.ladiagonale.net\/index.php\/author\/damien\/\"}]}<\/script>\n<!-- \/ Yoast SEO plugin. -->","yoast_head_json":{"title":"Le Groupe \u00c9lite chute face \u00e0 Marseille - La Diagonale","robots":{"index":"index","follow":"follow","max-snippet":"max-snippet:-1","max-image-preview":"max-image-preview:large","max-video-preview":"max-video-preview:-1"},"canonical":"https:\/\/www.ladiagonale.net\/index.php\/2023\/08\/20\/le-groupe-elite-chute-face-a-marseille\/","og_locale":"fr_FR","og_type":"article","og_title":"Le Groupe \u00c9lite chute face \u00e0 Marseille - La Diagonale","og_description":"Apr\u00e8s avoir cartonn\u00e9 contre l\u2019OGC Nice dans la semaine, le Groupe \u00c9lite de l\u2019AS Monaco s\u2019est inclin\u00e9 ce samedi face \u00e0 l\u2019\u00e9quipe r\u00e9serve de l\u2019Olympique de Marseille, pensionnaire de National 3 (0-1). Les hommes de Damien Perrinelle n\u2019ont pas \u00e9t\u00e9 en mesure de trouver la faille dans la d\u00e9fense phoc\u00e9enne malgr\u00e9 leur domination en premi\u00e8re [...]","og_url":"https:\/\/www.ladiagonale.net\/index.php\/2023\/08\/20\/le-groupe-elite-chute-face-a-marseille\/","og_site_name":"La Diagonale","article_published_time":"2023-08-19T22:58:00+00:00","article_modified_time":"2023-08-20T02:11:40+00:00","og_image":[{"width":1160,"height":650,"url":"https:\/\/www.ladiagonale.net\/wp-content\/uploads\/2023\/07\/baglieri2.png","type":"image\/png"}],"author":"Damien Dellerba","twitter_card":"summary_large_image","twitter_image":"https:\/\/www.ladiagonale.net\/wp-content\/uploads\/2023\/07\/baglieri2.png","twitter_misc":{"\u00c9crit par":"Damien Dellerba","Dur\u00e9e de lecture estim\u00e9e":"1 minute"},"schema":{"@context":"https:\/\/schema.org","@graph":[{"@type":"WebPage","@id":"https:\/\/www.ladiagonale.net\/index.php\/2023\/08\/20\/le-groupe-elite-chute-face-a-marseille\/","url":"https:\/\/www.ladiagonale.net\/index.php\/2023\/08\/20\/le-groupe-elite-chute-face-a-marseille\/","name":"Le Groupe \u00c9lite chute face \u00e0 Marseille - La Diagonale","isPartOf":{"@id":"https:\/\/www.ladiagonale.net\/#website"},"datePublished":"2023-08-19T22:58:00+00:00","dateModified":"2023-08-20T02:11:40+00:00","author":{"@id":"https:\/\/www.ladiagonale.net\/#\/schema\/person\/79ff1e7b0853ed01b2aa26e64ad300bf"},"breadcrumb":{"@id":"https:\/\/www.ladiagonale.net\/index.php\/2023\/08\/20\/le-groupe-elite-chute-face-a-marseille\/#breadcrumb"},"inLanguage":"fr-FR","potentialAction":[{"@type":"ReadAction","target":["https:\/\/www.ladiagonale.net\/index.php\/2023\/08\/20\/le-groupe-elite-chute-face-a-marseille\/"]}]},{"@type":"BreadcrumbList","@id":"https:\/\/www.ladiagonale.net\/index.php\/2023\/08\/20\/le-groupe-elite-chute-face-a-marseille\/#breadcrumb","itemListElement":[{"@type":"ListItem","position":1,"name":"Accueil","item":"https:\/\/www.ladiagonale.net\/"},{"@type":"ListItem","position":2,"name":"Le Groupe \u00c9lite chute face \u00e0 Marseille"}]},{"@type":"WebSite","@id":"https:\/\/www.ladiagonale.net\/#website","url":"https:\/\/www.ladiagonale.net\/","name":"La Diagonale","description":"Le site des supporters de l&#039;AS Monaco FC","potentialAction":[{"@type":"SearchAction","target":{"@type":"EntryPoint","urlTemplate":"https:\/\/www.ladiagonale.net\/?s={search_term_string}"},"query-input":"required name=search_term_string"}],"inLanguage":"fr-FR"},{"@type":"Person","@id":"https:\/\/www.ladiagonale.net\/#\/schema\/person\/79ff1e7b0853ed01b2aa26e64ad300bf","name":"Damien Dellerba","image":{"@type":"ImageObject","inLanguage":"fr-FR","@id":"https:\/\/www.ladiagonale.net\/#\/schema\/person\/image\/","url":"https:\/\/secure.gravatar.com\/avatar\/c7850e06d3ff63cdbaee88b7fc16e2f0?s=96&d=mm&r=g","contentUrl":"https:\/\/secure.gravatar.com\/avatar\/c7850e06d3ff63cdbaee88b7fc16e2f0?s=96&d=mm&r=g","caption":"Damien Dellerba"},"url":"https:\/\/www.ladiagonale.net\/index.php\/author\/damien\/"}]}},"_links":{"self":[{"href":"https:\/\/www.ladiagonale.net\/index.php\/wp-json\/wp\/v2\/posts\/15308"}],"collection":[{"href":"https:\/\/www.ladiagonale.net\/index.php\/wp-json\/wp\/v2\/posts"}],"about":[{"href":"https:\/\/www.ladiagonale.net\/index.php\/wp-json\/wp\/v2\/types\/post"}],"author":[{"embeddable":true,"href":"https:\/\/www.ladiagonale.net\/index.php\/wp-json\/wp\/v2\/users\/2"}],"replies":[{"embeddable":true,"href":"https:\/\/www.ladiagonale.net\/index.php\/wp-json\/wp\/v2\/comments?post=15308"}],"version-history":[{"count":2,"href":"https:\/\/www.ladiagonale.net\/index.php\/wp-json\/wp\/v2\/posts\/15308\/revisions"}],"predecessor-version":[{"id":15315,"href":"https:\/\/www.ladiagonale.net\/index.php\/wp-json\/wp\/v2\/posts\/15308\/revisions\/15315"}],"wp:attachment":[{"href":"https:\/\/www.ladiagonale.net\/index.php\/wp-json\/wp\/v2\/media?parent=15308"}],"wp:term":[{"taxonomy":"category","embeddable":true,"href":"https:\/\/www.ladiagonale.net\/index.php\/wp-json\/wp\/v2\/categories?post=15308"},{"taxonomy":"post_tag","embeddable":true,"href":"https:\/\/www.ladiagonale.net\/index.php\/wp-json\/wp\/v2\/tags?post=15308"}],"curies":[{"name":"wp","href":"https:\/\/api.w.org\/{rel}","templated":true}]}}