{"id":15310,"date":"2023-08-20T08:51:00","date_gmt":"2023-08-20T06:51:00","guid":{"rendered":"https:\/\/www.ladiagonale.net\/?p=15310"},"modified":"2023-08-20T03:50:40","modified_gmt":"2023-08-20T01:50:40","slug":"une-mue-qui-prend-forme","status":"publish","type":"post","link":"https:\/\/www.ladiagonale.net\/index.php\/2023\/08\/20\/une-mue-qui-prend-forme\/","title":{"rendered":"Une mue qui prend forme"},"content":{"rendered":"\n\n\n<p><strong>Ce dimanche (19h), l\u2019AS Monaco re\u00e7oit Strasbourg dans le cadre de la 2e journ\u00e9e de Ligue 1. Apr\u00e8s des d\u00e9buts convaincants contre Clermont (4-2), les Rouge et Blanc retrouvent le stade Louis-II pour lancer une premi\u00e8re s\u00e9rie dans leur saison.<\/strong><\/p>\n\n\n\n<p>Cet \u00e9t\u00e9, le club de la Principaut\u00e9 s\u2019est d\u00e9cid\u00e9 \u00e0 entamer un nouveau cycle, en essayant de le rendre le plus vertueux possible. Celui qui s\u2019est achev\u00e9 avec la saison derni\u00e8re \u00e9tait devenu en quelque sorte vici\u00e9 de peurs et d\u2019incertitudes. Contre Clermont, l\u2019ASM a donn\u00e9 la preuve que le changement \u00e9tait en train de s\u2019op\u00e9rer progressivement. Avec Adi H\u00fctter \u00e0 sa t\u00eate et les ajustements effectu\u00e9s au sein de l\u2019effectif, l\u2019ASM semble \u00eatre en mesure de retrouver une sant\u00e9 sportive plus en ad\u00e9quation avec ses hautes ambitions. Mais il faut cependant rester prudent, car l\u2019\u00e9quilibre et l\u2019alchimie d\u2019une \u00e9quipe sont des choses fragiles, un ch\u00e2teau de cartes qui n\u2019attend que la moindre vibration ou le plus faible coup de vent pour s\u2019\u00e9crouler.<\/p>\n\n\n\n<p>C\u2019est en d\u00e9fense que les Mon\u00e9gasques manquent encore de certitudes, et la rencontre face \u00e0 Clermont, dans la lign\u00e9e des matches amicaux disput\u00e9s pendant l\u2019intersaison, a montr\u00e9 qu\u2019il restait encore un travail de longue haleine \u00e0 fournir pour H\u00fctter et ses hommes afin de corriger le tir. La formation as\u00e9miste continue d\u2019encaisser beaucoup de buts, comme la saison derni\u00e8re, et c\u2019est \u00e0 deux reprises que les filets mon\u00e9gasques ont trembl\u00e9 dimanche dernier. La premi\u00e8re fois sur une grossi\u00e8re faute de main de son nouveau gardien Philipp K\u00f6hn, qui va devoir vite gommer ces erreurs dont il peut \u00eatre coutumier, mais la deuxi\u00e8me sur une apathie g\u00e9n\u00e9rale qui a rendu furieux l\u2019entra\u00eeneur autrichien : \u00ab\u00a0<em>Je n\u2019\u00e9tais pas content car le placement n\u2019\u00e9tait pas bon et nous devions faire mieux<\/em>\u00a0\u00bb.<\/p>\n\n\n\n<p class=\"has-white-color has-text-color has-background\" style=\"background-color:#303030\">Lire aussi : <a href=\"https:\/\/www.ladiagonale.net\/index.php\/2023\/08\/19\/strasbourg-a-change-dere\/\">Strasbourg a chang\u00e9 d&rsquo;\u00e8re<\/a><\/p>\n\n\n\n<p>Le secteur d\u00e9fensif de l\u2019ASM est en pleine recomposition et n\u00e9cessitera du temps pour s\u2019ajuster et donner pleinement satisfaction, mais il commence \u00e0 prendre forme. Les nouvelles recrues sont attendues au tournant et cela tombe bien, puisque H\u00fctter devrait pouvoir compter sur certaines d\u2019entre elles d\u00e8s ce dimanche. En attendant Mohammed Salisu, touch\u00e9 aux adducteurs, Wilfried Singo pourrait d\u00e9j\u00e0 d\u00e9buter sous le maillot \u00e0 la diagonale. Le lat\u00e9ral droit ivoirien, capable d\u2019apporter beaucoup offensivement en tant que piston, serait davantage vu comme une option pour occuper la place d\u2019axial droit dans la d\u00e9fense \u00e0 trois. Denis Zakaria pourrait aussi jouer en d\u00e9fense, lui qui a d\u00e9j\u00e0 \u00e9volu\u00e9 \u00e0 ce poste avec le coach de l\u2019ASM lorsque tous deux se trouvaient \u00e0 M\u00f6nchengladbach. Mais c\u2019est davantage au milieu de terrain qu\u2019il est attendu, alors qu\u2019un Mohamed Camara s\u2019est montr\u00e9 f\u00e9brile le week-end dernier et n\u2019est pas pass\u00e9 loin de l\u2019expulsion.<\/p>\n\n\n\n<p>Devant, en revanche, tout baigne du c\u00f4t\u00e9 de l\u2019AS Monaco. Les Rouge et Blanc ont pass\u00e9 quatre buts \u00e0 Clermont pour assurer leur succ\u00e8s et prouvent que la machine offensive reste bien huil\u00e9e. Ben Yedder a inscrit un doubl\u00e9, malgr\u00e9 les ennuis judiciaires qui le poursuivent, et Takumi Minamino semble avoir repris du poil de la b\u00eate apr\u00e8s une saison d\u2019adaptation difficile. Le Japonais a montr\u00e9 de meilleures aptitudes avec le ballon et semble enfin trouver une compl\u00e9mentarit\u00e9 avec ses partenaires de jeu. Replac\u00e9 en soutien de l\u2019attaquant, il se montre plus \u00e9panoui depuis l\u2019intersaison. Cela fait aussi partie des changements qui peuvent faire du bien \u00e0 l\u2019ASM. Et si cela venait \u00e0 perdurer, on pourra dire que la mue de l\u2019\u00e9quipe princi\u00e8re a vraiment aboutie.<\/p>\n\n\n\n<p class=\"has-white-color has-text-color has-background\" style=\"background-color:#303030\">Lire aussi : <a href=\"https:\/\/www.ladiagonale.net\/index.php\/2023\/08\/19\/monaco-reprend-la-main-a-domicile-contre-strasbourg\/\">Monaco reprend la main \u00e0 domicile contre Strasbourg<\/a> <\/p>\n\n\n\n<h4>Le groupe mon\u00e9gasque<\/h4>\n\n\n\n<ul><li><strong>Gardiens :<\/strong>&nbsp;K\u00f6hn, Lienard, Majecki.<\/li><li><strong>D\u00e9fenseurs :<\/strong> Aguilar, C. Henrique, Jakobs, Magassa, Maripan, Matsima, Singo, Vanderson.<\/li><li><strong>Milieux :<\/strong> Akliouche, Ben Seghir, Camara, Diatta, Fofana, Golovin, Matazo, Minamino, Zakaria.<\/li><li><strong>Attaquants :<\/strong> Ben Yedder, Boadu.<\/li><\/ul>\n\n\n\n<p><em>Absents :<\/em> Embolo (bless\u00e9), Diop, Salisu (g\u00eane), G. Martins, Lemarechal, Okou (choix).<\/p>\n\n\n\n<h4>Le groupe strasbourgeois<\/h4>\n\n\n\n<ul><li><strong>Gardiens :<\/strong> Bellaarouch, Sels.<\/li><li><strong>D\u00e9fenseurs :<\/strong> Delaine, Doukour\u00e9, Guilbert, Mwanga, Nyamsi, Perrin, Senaya, Sylla.<\/li><li><strong>Milieux :<\/strong> Bellegarde, Deminguet, Diarra, Prcic, Sissoko.<\/li><li><strong>Attaquants :<\/strong> Angelo, Bakwa, Emegha, Gameiro, Mothiba.<\/li><\/ul>\n\n\n\n<p><em>Absents :<\/em> Sobol (bless\u00e9), Baseya, Bastien, Sahi-Dion (reprise), Aholou, Fila, Sow (choix)<\/p>\n","protected":false},"excerpt":{"rendered":"<p>Ce dimanche (19h), l\u2019AS Monaco re\u00e7oit Strasbourg dans le cadre de la 2e journ\u00e9e de Ligue 1. Apr\u00e8s des d\u00e9buts convaincants contre Clermont (4-2), les Rouge et Blanc retrouvent le stade Louis-II pour lancer une premi\u00e8re s\u00e9rie dans leur saison. Cet \u00e9t\u00e9, le club de la Principaut\u00e9 s\u2019est d\u00e9cid\u00e9 \u00e0 entamer un nouveau cycle, en [&#8230;]\n","protected":false},"author":2,"featured_media":15311,"comment_status":"open","ping_status":"open","sticky":false,"template":"","format":"standard","meta":[],"categories":[5,6],"tags":[86,94,432],"yoast_head":"<!-- This site is optimized with the Yoast SEO plugin v19.8 - https:\/\/yoast.com\/wordpress\/plugins\/seo\/ -->\n<title>Une mue qui prend forme - La Diagonale<\/title>\n<meta name=\"robots\" content=\"index, follow, max-snippet:-1, max-image-preview:large, max-video-preview:-1\" \/>\n<link rel=\"canonical\" href=\"https:\/\/www.ladiagonale.net\/index.php\/2023\/08\/20\/une-mue-qui-prend-forme\/\" \/>\n<meta property=\"og:locale\" content=\"fr_FR\" \/>\n<meta property=\"og:type\" content=\"article\" \/>\n<meta property=\"og:title\" content=\"Une mue qui prend forme - La Diagonale\" \/>\n<meta property=\"og:description\" content=\"Ce dimanche (19h), l\u2019AS Monaco re\u00e7oit Strasbourg dans le cadre de la 2e journ\u00e9e de Ligue 1. Apr\u00e8s des d\u00e9buts convaincants contre Clermont (4-2), les Rouge et Blanc retrouvent le stade Louis-II pour lancer une premi\u00e8re s\u00e9rie dans leur saison. Cet \u00e9t\u00e9, le club de la Principaut\u00e9 s\u2019est d\u00e9cid\u00e9 \u00e0 entamer un nouveau cycle, en [...]\" \/>\n<meta property=\"og:url\" content=\"https:\/\/www.ladiagonale.net\/index.php\/2023\/08\/20\/une-mue-qui-prend-forme\/\" \/>\n<meta property=\"og:site_name\" content=\"La Diagonale\" \/>\n<meta property=\"article:published_time\" content=\"2023-08-20T06:51:00+00:00\" \/>\n<meta property=\"article:modified_time\" content=\"2023-08-20T01:50:40+00:00\" \/>\n<meta property=\"og:image\" content=\"https:\/\/www.ladiagonale.net\/wp-content\/uploads\/2023\/08\/minamino.png\" \/>\n\t<meta property=\"og:image:width\" content=\"1160\" \/>\n\t<meta property=\"og:image:height\" content=\"650\" \/>\n\t<meta property=\"og:image:type\" content=\"image\/png\" \/>\n<meta name=\"author\" content=\"Damien Dellerba\" \/>\n<meta name=\"twitter:card\" content=\"summary_large_image\" \/>\n<meta name=\"twitter:image\" content=\"https:\/\/www.ladiagonale.net\/wp-content\/uploads\/2023\/08\/minamino.png\" \/>\n<meta name=\"twitter:label1\" content=\"\u00c9crit par\" \/>\n\t<meta name=\"twitter:data1\" content=\"Damien Dellerba\" \/>\n\t<meta name=\"twitter:label2\" content=\"Dur\u00e9e de lecture estim\u00e9e\" \/>\n\t<meta name=\"twitter:data2\" content=\"4 minutes\" \/>\n<script type=\"application\/ld+json\" class=\"yoast-schema-graph\">{\"@context\":\"https:\/\/schema.org\",\"@graph\":[{\"@type\":\"WebPage\",\"@id\":\"https:\/\/www.ladiagonale.net\/index.php\/2023\/08\/20\/une-mue-qui-prend-forme\/\",\"url\":\"https:\/\/www.ladiagonale.net\/index.php\/2023\/08\/20\/une-mue-qui-prend-forme\/\",\"name\":\"Une mue qui prend forme - La Diagonale\",\"isPartOf\":{\"@id\":\"https:\/\/www.ladiagonale.net\/#website\"},\"datePublished\":\"2023-08-20T06:51:00+00:00\",\"dateModified\":\"2023-08-20T01:50:40+00:00\",\"author\":{\"@id\":\"https:\/\/www.ladiagonale.net\/#\/schema\/person\/79ff1e7b0853ed01b2aa26e64ad300bf\"},\"breadcrumb\":{\"@id\":\"https:\/\/www.ladiagonale.net\/index.php\/2023\/08\/20\/une-mue-qui-prend-forme\/#breadcrumb\"},\"inLanguage\":\"fr-FR\",\"potentialAction\":[{\"@type\":\"ReadAction\",\"target\":[\"https:\/\/www.ladiagonale.net\/index.php\/2023\/08\/20\/une-mue-qui-prend-forme\/\"]}]},{\"@type\":\"BreadcrumbList\",\"@id\":\"https:\/\/www.ladiagonale.net\/index.php\/2023\/08\/20\/une-mue-qui-prend-forme\/#breadcrumb\",\"itemListElement\":[{\"@type\":\"ListItem\",\"position\":1,\"name\":\"Accueil\",\"item\":\"https:\/\/www.ladiagonale.net\/\"},{\"@type\":\"ListItem\",\"position\":2,\"name\":\"Une mue qui prend forme\"}]},{\"@type\":\"WebSite\",\"@id\":\"https:\/\/www.ladiagonale.net\/#website\",\"url\":\"https:\/\/www.ladiagonale.net\/\",\"name\":\"La Diagonale\",\"description\":\"Le site des supporters de l&#039;AS Monaco FC\",\"potentialAction\":[{\"@type\":\"SearchAction\",\"target\":{\"@type\":\"EntryPoint\",\"urlTemplate\":\"https:\/\/www.ladiagonale.net\/?s={search_term_string}\"},\"query-input\":\"required name=search_term_string\"}],\"inLanguage\":\"fr-FR\"},{\"@type\":\"Person\",\"@id\":\"https:\/\/www.ladiagonale.net\/#\/schema\/person\/79ff1e7b0853ed01b2aa26e64ad300bf\",\"name\":\"Damien Dellerba\",\"image\":{\"@type\":\"ImageObject\",\"inLanguage\":\"fr-FR\",\"@id\":\"https:\/\/www.ladiagonale.net\/#\/schema\/person\/image\/\",\"url\":\"https:\/\/secure.gravatar.com\/avatar\/c7850e06d3ff63cdbaee88b7fc16e2f0?s=96&d=mm&r=g\",\"contentUrl\":\"https:\/\/secure.gravatar.com\/avatar\/c7850e06d3ff63cdbaee88b7fc16e2f0?s=96&d=mm&r=g\",\"caption\":\"Damien Dellerba\"},\"url\":\"https:\/\/www.ladiagonale.net\/index.php\/author\/damien\/\"}]}<\/script>\n<!-- \/ Yoast SEO plugin. -->","yoast_head_json":{"title":"Une mue qui prend forme - La Diagonale","robots":{"index":"index","follow":"follow","max-snippet":"max-snippet:-1","max-image-preview":"max-image-preview:large","max-video-preview":"max-video-preview:-1"},"canonical":"https:\/\/www.ladiagonale.net\/index.php\/2023\/08\/20\/une-mue-qui-prend-forme\/","og_locale":"fr_FR","og_type":"article","og_title":"Une mue qui prend forme - La Diagonale","og_description":"Ce dimanche (19h), l\u2019AS Monaco re\u00e7oit Strasbourg dans le cadre de la 2e journ\u00e9e de Ligue 1. Apr\u00e8s des d\u00e9buts convaincants contre Clermont (4-2), les Rouge et Blanc retrouvent le stade Louis-II pour lancer une premi\u00e8re s\u00e9rie dans leur saison. Cet \u00e9t\u00e9, le club de la Principaut\u00e9 s\u2019est d\u00e9cid\u00e9 \u00e0 entamer un nouveau cycle, en [...]","og_url":"https:\/\/www.ladiagonale.net\/index.php\/2023\/08\/20\/une-mue-qui-prend-forme\/","og_site_name":"La Diagonale","article_published_time":"2023-08-20T06:51:00+00:00","article_modified_time":"2023-08-20T01:50:40+00:00","og_image":[{"width":1160,"height":650,"url":"https:\/\/www.ladiagonale.net\/wp-content\/uploads\/2023\/08\/minamino.png","type":"image\/png"}],"author":"Damien Dellerba","twitter_card":"summary_large_image","twitter_image":"https:\/\/www.ladiagonale.net\/wp-content\/uploads\/2023\/08\/minamino.png","twitter_misc":{"\u00c9crit par":"Damien Dellerba","Dur\u00e9e de lecture estim\u00e9e":"4 minutes"},"schema":{"@context":"https:\/\/schema.org","@graph":[{"@type":"WebPage","@id":"https:\/\/www.ladiagonale.net\/index.php\/2023\/08\/20\/une-mue-qui-prend-forme\/","url":"https:\/\/www.ladiagonale.net\/index.php\/2023\/08\/20\/une-mue-qui-prend-forme\/","name":"Une mue qui prend forme - La Diagonale","isPartOf":{"@id":"https:\/\/www.ladiagonale.net\/#website"},"datePublished":"2023-08-20T06:51:00+00:00","dateModified":"2023-08-20T01:50:40+00:00","author":{"@id":"https:\/\/www.ladiagonale.net\/#\/schema\/person\/79ff1e7b0853ed01b2aa26e64ad300bf"},"breadcrumb":{"@id":"https:\/\/www.ladiagonale.net\/index.php\/2023\/08\/20\/une-mue-qui-prend-forme\/#breadcrumb"},"inLanguage":"fr-FR","potentialAction":[{"@type":"ReadAction","target":["https:\/\/www.ladiagonale.net\/index.php\/2023\/08\/20\/une-mue-qui-prend-forme\/"]}]},{"@type":"BreadcrumbList","@id":"https:\/\/www.ladiagonale.net\/index.php\/2023\/08\/20\/une-mue-qui-prend-forme\/#breadcrumb","itemListElement":[{"@type":"ListItem","position":1,"name":"Accueil","item":"https:\/\/www.ladiagonale.net\/"},{"@type":"ListItem","position":2,"name":"Une mue qui prend forme"}]},{"@type":"WebSite","@id":"https:\/\/www.ladiagonale.net\/#website","url":"https:\/\/www.ladiagonale.net\/","name":"La Diagonale","description":"Le site des supporters de l&#039;AS Monaco FC","potentialAction":[{"@type":"SearchAction","target":{"@type":"EntryPoint","urlTemplate":"https:\/\/www.ladiagonale.net\/?s={search_term_string}"},"query-input":"required name=search_term_string"}],"inLanguage":"fr-FR"},{"@type":"Person","@id":"https:\/\/www.ladiagonale.net\/#\/schema\/person\/79ff1e7b0853ed01b2aa26e64ad300bf","name":"Damien Dellerba","image":{"@type":"ImageObject","inLanguage":"fr-FR","@id":"https:\/\/www.ladiagonale.net\/#\/schema\/person\/image\/","url":"https:\/\/secure.gravatar.com\/avatar\/c7850e06d3ff63cdbaee88b7fc16e2f0?s=96&d=mm&r=g","contentUrl":"https:\/\/secure.gravatar.com\/avatar\/c7850e06d3ff63cdbaee88b7fc16e2f0?s=96&d=mm&r=g","caption":"Damien Dellerba"},"url":"https:\/\/www.ladiagonale.net\/index.php\/author\/damien\/"}]}},"_links":{"self":[{"href":"https:\/\/www.ladiagonale.net\/index.php\/wp-json\/wp\/v2\/posts\/15310"}],"collection":[{"href":"https:\/\/www.ladiagonale.net\/index.php\/wp-json\/wp\/v2\/posts"}],"about":[{"href":"https:\/\/www.ladiagonale.net\/index.php\/wp-json\/wp\/v2\/types\/post"}],"author":[{"embeddable":true,"href":"https:\/\/www.ladiagonale.net\/index.php\/wp-json\/wp\/v2\/users\/2"}],"replies":[{"embeddable":true,"href":"https:\/\/www.ladiagonale.net\/index.php\/wp-json\/wp\/v2\/comments?post=15310"}],"version-history":[{"count":3,"href":"https:\/\/www.ladiagonale.net\/index.php\/wp-json\/wp\/v2\/posts\/15310\/revisions"}],"predecessor-version":[{"id":15314,"href":"https:\/\/www.ladiagonale.net\/index.php\/wp-json\/wp\/v2\/posts\/15310\/revisions\/15314"}],"wp:featuredmedia":[{"embeddable":true,"href":"https:\/\/www.ladiagonale.net\/index.php\/wp-json\/wp\/v2\/media\/15311"}],"wp:attachment":[{"href":"https:\/\/www.ladiagonale.net\/index.php\/wp-json\/wp\/v2\/media?parent=15310"}],"wp:term":[{"taxonomy":"category","embeddable":true,"href":"https:\/\/www.ladiagonale.net\/index.php\/wp-json\/wp\/v2\/categories?post=15310"},{"taxonomy":"post_tag","embeddable":true,"href":"https:\/\/www.ladiagonale.net\/index.php\/wp-json\/wp\/v2\/tags?post=15310"}],"curies":[{"name":"wp","href":"https:\/\/api.w.org\/{rel}","templated":true}]}}