{"id":15316,"date":"2023-08-20T11:06:22","date_gmt":"2023-08-20T09:06:22","guid":{"rendered":"https:\/\/www.ladiagonale.net\/?p=15316"},"modified":"2023-08-20T11:06:24","modified_gmt":"2023-08-20T09:06:24","slug":"sur-quelle-chaine-suivre-monaco-strasbourg","status":"publish","type":"post","link":"https:\/\/www.ladiagonale.net\/index.php\/2023\/08\/20\/sur-quelle-chaine-suivre-monaco-strasbourg\/","title":{"rendered":"Sur quelle cha\u00eene suivre Monaco-Strasbourg ?"},"content":{"rendered":"\n\n\n<p>L&rsquo;AS Monaco retrouve le stade Louis-II ce dimanche pour son premier match \u00e0 domicile de la saison contre Strasbourg. Exceptionnellement, en raison de la canicule, la rencontre a \u00e9t\u00e9 d\u00e9cal\u00e9e \u00e0 19 heures. Elle sera \u00e0 suivre sur <em>Canal+ Foot<\/em>.<\/p>\n\n\n\n<p>David Berger sera le commentateur, \u00e9paul\u00e9 par Alain Roche comme consultant. Le micro du bord terrain sera confi\u00e9 \u00e0 Olivier Tallaron.<\/p>\n\n\n\n<p>Source : <a href=\"https:\/\/twitter.com\/EnPleineLucarne\">En Pleine Lucarne<\/a><\/p>\n","protected":false},"excerpt":{"rendered":"<p>L&rsquo;AS Monaco retrouve le stade Louis-II ce dimanche pour son premier match \u00e0 domicile de la saison contre Strasbourg. Exceptionnellement, en raison de la canicule, la rencontre a \u00e9t\u00e9 d\u00e9cal\u00e9e \u00e0 19 heures. Elle sera \u00e0 suivre sur Canal+ Foot. David Berger sera le commentateur, \u00e9paul\u00e9 par Alain Roche comme consultant. Le micro du bord [&#8230;]\n","protected":false},"author":2,"featured_media":0,"comment_status":"open","ping_status":"open","sticky":false,"template":"","format":"standard","meta":[],"categories":[6],"tags":[86,235,432],"yoast_head":"<!-- This site is optimized with the Yoast SEO plugin v19.8 - https:\/\/yoast.com\/wordpress\/plugins\/seo\/ -->\n<title>Sur quelle cha\u00eene suivre Monaco-Strasbourg ? - La Diagonale<\/title>\n<meta name=\"robots\" content=\"index, follow, max-snippet:-1, max-image-preview:large, max-video-preview:-1\" \/>\n<link rel=\"canonical\" href=\"https:\/\/www.ladiagonale.net\/index.php\/2023\/08\/20\/sur-quelle-chaine-suivre-monaco-strasbourg\/\" \/>\n<meta property=\"og:locale\" content=\"fr_FR\" \/>\n<meta property=\"og:type\" content=\"article\" \/>\n<meta property=\"og:title\" content=\"Sur quelle cha\u00eene suivre Monaco-Strasbourg ? - La Diagonale\" \/>\n<meta property=\"og:description\" content=\"L&rsquo;AS Monaco retrouve le stade Louis-II ce dimanche pour son premier match \u00e0 domicile de la saison contre Strasbourg. Exceptionnellement, en raison de la canicule, la rencontre a \u00e9t\u00e9 d\u00e9cal\u00e9e \u00e0 19 heures. Elle sera \u00e0 suivre sur Canal+ Foot. David Berger sera le commentateur, \u00e9paul\u00e9 par Alain Roche comme consultant. Le micro du bord [...]\" \/>\n<meta property=\"og:url\" content=\"https:\/\/www.ladiagonale.net\/index.php\/2023\/08\/20\/sur-quelle-chaine-suivre-monaco-strasbourg\/\" \/>\n<meta property=\"og:site_name\" content=\"La Diagonale\" \/>\n<meta property=\"article:published_time\" content=\"2023-08-20T09:06:22+00:00\" \/>\n<meta property=\"article:modified_time\" content=\"2023-08-20T09:06:24+00:00\" \/>\n<meta property=\"og:image\" content=\"https:\/\/www.ladiagonale.net\/wp-content\/uploads\/2023\/01\/canalL1.png\" \/>\n\t<meta property=\"og:image:width\" content=\"1160\" \/>\n\t<meta property=\"og:image:height\" content=\"650\" \/>\n\t<meta property=\"og:image:type\" content=\"image\/png\" \/>\n<meta name=\"author\" content=\"Damien Dellerba\" \/>\n<meta name=\"twitter:card\" content=\"summary_large_image\" \/>\n<meta name=\"twitter:image\" content=\"https:\/\/www.ladiagonale.net\/wp-content\/uploads\/2023\/01\/canalL1.png\" \/>\n<meta name=\"twitter:label1\" content=\"\u00c9crit par\" \/>\n\t<meta name=\"twitter:data1\" content=\"Damien Dellerba\" \/>\n\t<meta name=\"twitter:label2\" content=\"Dur\u00e9e de lecture estim\u00e9e\" \/>\n\t<meta name=\"twitter:data2\" content=\"1 minute\" \/>\n<script type=\"application\/ld+json\" class=\"yoast-schema-graph\">{\"@context\":\"https:\/\/schema.org\",\"@graph\":[{\"@type\":\"WebPage\",\"@id\":\"https:\/\/www.ladiagonale.net\/index.php\/2023\/08\/20\/sur-quelle-chaine-suivre-monaco-strasbourg\/\",\"url\":\"https:\/\/www.ladiagonale.net\/index.php\/2023\/08\/20\/sur-quelle-chaine-suivre-monaco-strasbourg\/\",\"name\":\"Sur quelle cha\u00eene suivre Monaco-Strasbourg ? - La Diagonale\",\"isPartOf\":{\"@id\":\"https:\/\/www.ladiagonale.net\/#website\"},\"datePublished\":\"2023-08-20T09:06:22+00:00\",\"dateModified\":\"2023-08-20T09:06:24+00:00\",\"author\":{\"@id\":\"https:\/\/www.ladiagonale.net\/#\/schema\/person\/79ff1e7b0853ed01b2aa26e64ad300bf\"},\"breadcrumb\":{\"@id\":\"https:\/\/www.ladiagonale.net\/index.php\/2023\/08\/20\/sur-quelle-chaine-suivre-monaco-strasbourg\/#breadcrumb\"},\"inLanguage\":\"fr-FR\",\"potentialAction\":[{\"@type\":\"ReadAction\",\"target\":[\"https:\/\/www.ladiagonale.net\/index.php\/2023\/08\/20\/sur-quelle-chaine-suivre-monaco-strasbourg\/\"]}]},{\"@type\":\"BreadcrumbList\",\"@id\":\"https:\/\/www.ladiagonale.net\/index.php\/2023\/08\/20\/sur-quelle-chaine-suivre-monaco-strasbourg\/#breadcrumb\",\"itemListElement\":[{\"@type\":\"ListItem\",\"position\":1,\"name\":\"Accueil\",\"item\":\"https:\/\/www.ladiagonale.net\/\"},{\"@type\":\"ListItem\",\"position\":2,\"name\":\"Sur quelle cha\u00eene suivre Monaco-Strasbourg ?\"}]},{\"@type\":\"WebSite\",\"@id\":\"https:\/\/www.ladiagonale.net\/#website\",\"url\":\"https:\/\/www.ladiagonale.net\/\",\"name\":\"La Diagonale\",\"description\":\"Le site des supporters de l&#039;AS Monaco FC\",\"potentialAction\":[{\"@type\":\"SearchAction\",\"target\":{\"@type\":\"EntryPoint\",\"urlTemplate\":\"https:\/\/www.ladiagonale.net\/?s={search_term_string}\"},\"query-input\":\"required name=search_term_string\"}],\"inLanguage\":\"fr-FR\"},{\"@type\":\"Person\",\"@id\":\"https:\/\/www.ladiagonale.net\/#\/schema\/person\/79ff1e7b0853ed01b2aa26e64ad300bf\",\"name\":\"Damien Dellerba\",\"image\":{\"@type\":\"ImageObject\",\"inLanguage\":\"fr-FR\",\"@id\":\"https:\/\/www.ladiagonale.net\/#\/schema\/person\/image\/\",\"url\":\"https:\/\/secure.gravatar.com\/avatar\/c7850e06d3ff63cdbaee88b7fc16e2f0?s=96&d=mm&r=g\",\"contentUrl\":\"https:\/\/secure.gravatar.com\/avatar\/c7850e06d3ff63cdbaee88b7fc16e2f0?s=96&d=mm&r=g\",\"caption\":\"Damien Dellerba\"},\"url\":\"https:\/\/www.ladiagonale.net\/index.php\/author\/damien\/\"}]}<\/script>\n<!-- \/ Yoast SEO plugin. -->","yoast_head_json":{"title":"Sur quelle cha\u00eene suivre Monaco-Strasbourg ? - La Diagonale","robots":{"index":"index","follow":"follow","max-snippet":"max-snippet:-1","max-image-preview":"max-image-preview:large","max-video-preview":"max-video-preview:-1"},"canonical":"https:\/\/www.ladiagonale.net\/index.php\/2023\/08\/20\/sur-quelle-chaine-suivre-monaco-strasbourg\/","og_locale":"fr_FR","og_type":"article","og_title":"Sur quelle cha\u00eene suivre Monaco-Strasbourg ? - La Diagonale","og_description":"L&rsquo;AS Monaco retrouve le stade Louis-II ce dimanche pour son premier match \u00e0 domicile de la saison contre Strasbourg. Exceptionnellement, en raison de la canicule, la rencontre a \u00e9t\u00e9 d\u00e9cal\u00e9e \u00e0 19 heures. Elle sera \u00e0 suivre sur Canal+ Foot. David Berger sera le commentateur, \u00e9paul\u00e9 par Alain Roche comme consultant. Le micro du bord [...]","og_url":"https:\/\/www.ladiagonale.net\/index.php\/2023\/08\/20\/sur-quelle-chaine-suivre-monaco-strasbourg\/","og_site_name":"La Diagonale","article_published_time":"2023-08-20T09:06:22+00:00","article_modified_time":"2023-08-20T09:06:24+00:00","og_image":[{"width":1160,"height":650,"url":"https:\/\/www.ladiagonale.net\/wp-content\/uploads\/2023\/01\/canalL1.png","type":"image\/png"}],"author":"Damien Dellerba","twitter_card":"summary_large_image","twitter_image":"https:\/\/www.ladiagonale.net\/wp-content\/uploads\/2023\/01\/canalL1.png","twitter_misc":{"\u00c9crit par":"Damien Dellerba","Dur\u00e9e de lecture estim\u00e9e":"1 minute"},"schema":{"@context":"https:\/\/schema.org","@graph":[{"@type":"WebPage","@id":"https:\/\/www.ladiagonale.net\/index.php\/2023\/08\/20\/sur-quelle-chaine-suivre-monaco-strasbourg\/","url":"https:\/\/www.ladiagonale.net\/index.php\/2023\/08\/20\/sur-quelle-chaine-suivre-monaco-strasbourg\/","name":"Sur quelle cha\u00eene suivre Monaco-Strasbourg ? - La Diagonale","isPartOf":{"@id":"https:\/\/www.ladiagonale.net\/#website"},"datePublished":"2023-08-20T09:06:22+00:00","dateModified":"2023-08-20T09:06:24+00:00","author":{"@id":"https:\/\/www.ladiagonale.net\/#\/schema\/person\/79ff1e7b0853ed01b2aa26e64ad300bf"},"breadcrumb":{"@id":"https:\/\/www.ladiagonale.net\/index.php\/2023\/08\/20\/sur-quelle-chaine-suivre-monaco-strasbourg\/#breadcrumb"},"inLanguage":"fr-FR","potentialAction":[{"@type":"ReadAction","target":["https:\/\/www.ladiagonale.net\/index.php\/2023\/08\/20\/sur-quelle-chaine-suivre-monaco-strasbourg\/"]}]},{"@type":"BreadcrumbList","@id":"https:\/\/www.ladiagonale.net\/index.php\/2023\/08\/20\/sur-quelle-chaine-suivre-monaco-strasbourg\/#breadcrumb","itemListElement":[{"@type":"ListItem","position":1,"name":"Accueil","item":"https:\/\/www.ladiagonale.net\/"},{"@type":"ListItem","position":2,"name":"Sur quelle cha\u00eene suivre Monaco-Strasbourg ?"}]},{"@type":"WebSite","@id":"https:\/\/www.ladiagonale.net\/#website","url":"https:\/\/www.ladiagonale.net\/","name":"La Diagonale","description":"Le site des supporters de l&#039;AS Monaco FC","potentialAction":[{"@type":"SearchAction","target":{"@type":"EntryPoint","urlTemplate":"https:\/\/www.ladiagonale.net\/?s={search_term_string}"},"query-input":"required name=search_term_string"}],"inLanguage":"fr-FR"},{"@type":"Person","@id":"https:\/\/www.ladiagonale.net\/#\/schema\/person\/79ff1e7b0853ed01b2aa26e64ad300bf","name":"Damien Dellerba","image":{"@type":"ImageObject","inLanguage":"fr-FR","@id":"https:\/\/www.ladiagonale.net\/#\/schema\/person\/image\/","url":"https:\/\/secure.gravatar.com\/avatar\/c7850e06d3ff63cdbaee88b7fc16e2f0?s=96&d=mm&r=g","contentUrl":"https:\/\/secure.gravatar.com\/avatar\/c7850e06d3ff63cdbaee88b7fc16e2f0?s=96&d=mm&r=g","caption":"Damien Dellerba"},"url":"https:\/\/www.ladiagonale.net\/index.php\/author\/damien\/"}]}},"_links":{"self":[{"href":"https:\/\/www.ladiagonale.net\/index.php\/wp-json\/wp\/v2\/posts\/15316"}],"collection":[{"href":"https:\/\/www.ladiagonale.net\/index.php\/wp-json\/wp\/v2\/posts"}],"about":[{"href":"https:\/\/www.ladiagonale.net\/index.php\/wp-json\/wp\/v2\/types\/post"}],"author":[{"embeddable":true,"href":"https:\/\/www.ladiagonale.net\/index.php\/wp-json\/wp\/v2\/users\/2"}],"replies":[{"embeddable":true,"href":"https:\/\/www.ladiagonale.net\/index.php\/wp-json\/wp\/v2\/comments?post=15316"}],"version-history":[{"count":1,"href":"https:\/\/www.ladiagonale.net\/index.php\/wp-json\/wp\/v2\/posts\/15316\/revisions"}],"predecessor-version":[{"id":15317,"href":"https:\/\/www.ladiagonale.net\/index.php\/wp-json\/wp\/v2\/posts\/15316\/revisions\/15317"}],"wp:attachment":[{"href":"https:\/\/www.ladiagonale.net\/index.php\/wp-json\/wp\/v2\/media?parent=15316"}],"wp:term":[{"taxonomy":"category","embeddable":true,"href":"https:\/\/www.ladiagonale.net\/index.php\/wp-json\/wp\/v2\/categories?post=15316"},{"taxonomy":"post_tag","embeddable":true,"href":"https:\/\/www.ladiagonale.net\/index.php\/wp-json\/wp\/v2\/tags?post=15316"}],"curies":[{"name":"wp","href":"https:\/\/api.w.org\/{rel}","templated":true}]}}