{"id":15318,"date":"2023-08-20T12:50:03","date_gmt":"2023-08-20T10:50:03","guid":{"rendered":"https:\/\/www.ladiagonale.net\/?p=15318"},"modified":"2023-08-20T12:50:06","modified_gmt":"2023-08-20T10:50:06","slug":"les-compositions-selon-la-presse-singo-pour-une-premiere","status":"publish","type":"post","link":"https:\/\/www.ladiagonale.net\/index.php\/2023\/08\/20\/les-compositions-selon-la-presse-singo-pour-une-premiere\/","title":{"rendered":"Les compositions selon la presse : Singo pour une premi\u00e8re ?"},"content":{"rendered":"\n\n\n<p>Wifried Singo va-t-il faire ses d\u00e9buts avec l&rsquo;AS Monaco ce dimanche contre Strasbourg (19h) ? Cela semble \u00eatre la tendance selon la presse. Le d\u00e9fenseur ivoirien de 22 ans, fra\u00eechement arriv\u00e9 du Torino, pourrait \u00eatre align\u00e9 par Adi H\u00fctter en tant qu&rsquo;axial droit dans la d\u00e9fense \u00e0 trois. Chrislain Matsima ferait les frais de cette nouvelle arriv\u00e9e, alors que Soungoutou Magassa pourrait avoir une chance suppl\u00e9mentaire de faire ses preuves en tant qu&rsquo;axial gauche.<\/p>\n\n\n\n<p>Pour le reste, la composition devrait \u00eatre identique \u00e0 celle de Clermont, avec Takumi Minamino et Aleksandr Golovin en soutien de Wissam Ben Yedder. De retour de blessure, Eliesse Ben Seghir pourrait d\u00e9buter cette rencontre sur le banc.<\/p>\n\n\n\n<p><strong>Le onze mon\u00e9gasque selon <em>L&rsquo;\u00c9quipe<\/em> et <em>Nice-Matin<\/em> (3-4-2-1) :<\/strong> K\u00f6hn &#8211; Singo, Maripan, Magassa &#8211; Vanderson, Fofana, Camara, C. Henrique &#8211; Minamino, Golovin &#8211; Ben Yedder (cap.).<\/p>\n\n\n\n<p><strong>Le onze strasbourgeois selon <em>L&rsquo;\u00c9quipe<\/em> et <em>Nice-Matin<\/em> (5-3-2) :<\/strong> Sels (cap.) &#8211; Guilbert, Doukour\u00e9, Nyamsi, Sylla, Delaine &#8211; Diarra, Bellegarde, Deminguet &#8211; Gameiro, Emegha.<\/p>\n","protected":false},"excerpt":{"rendered":"<p>Wifried Singo va-t-il faire ses d\u00e9buts avec l&rsquo;AS Monaco ce dimanche contre Strasbourg (19h) ? Cela semble \u00eatre la tendance selon la presse. Le d\u00e9fenseur ivoirien de 22 ans, fra\u00eechement arriv\u00e9 du Torino, pourrait \u00eatre align\u00e9 par Adi H\u00fctter en tant qu&rsquo;axial droit dans la d\u00e9fense \u00e0 trois. Chrislain Matsima ferait les frais de cette [&#8230;]\n","protected":false},"author":2,"featured_media":0,"comment_status":"open","ping_status":"open","sticky":false,"template":"","format":"standard","meta":[],"categories":[6],"tags":[86,94,432],"yoast_head":"<!-- This site is optimized with the Yoast SEO plugin v19.8 - https:\/\/yoast.com\/wordpress\/plugins\/seo\/ -->\n<title>Les compositions selon la presse : Singo pour une premi\u00e8re ? - La Diagonale<\/title>\n<meta name=\"robots\" content=\"index, follow, max-snippet:-1, max-image-preview:large, max-video-preview:-1\" \/>\n<link rel=\"canonical\" href=\"https:\/\/www.ladiagonale.net\/index.php\/2023\/08\/20\/les-compositions-selon-la-presse-singo-pour-une-premiere\/\" \/>\n<meta property=\"og:locale\" content=\"fr_FR\" \/>\n<meta property=\"og:type\" content=\"article\" \/>\n<meta property=\"og:title\" content=\"Les compositions selon la presse : Singo pour une premi\u00e8re ? - La Diagonale\" \/>\n<meta property=\"og:description\" content=\"Wifried Singo va-t-il faire ses d\u00e9buts avec l&rsquo;AS Monaco ce dimanche contre Strasbourg (19h) ? Cela semble \u00eatre la tendance selon la presse. Le d\u00e9fenseur ivoirien de 22 ans, fra\u00eechement arriv\u00e9 du Torino, pourrait \u00eatre align\u00e9 par Adi H\u00fctter en tant qu&rsquo;axial droit dans la d\u00e9fense \u00e0 trois. Chrislain Matsima ferait les frais de cette [...]\" \/>\n<meta property=\"og:url\" content=\"https:\/\/www.ladiagonale.net\/index.php\/2023\/08\/20\/les-compositions-selon-la-presse-singo-pour-une-premiere\/\" \/>\n<meta property=\"og:site_name\" content=\"La Diagonale\" \/>\n<meta property=\"article:published_time\" content=\"2023-08-20T10:50:03+00:00\" \/>\n<meta property=\"article:modified_time\" content=\"2023-08-20T10:50:06+00:00\" \/>\n<meta property=\"og:image\" content=\"https:\/\/www.ladiagonale.net\/wp-content\/uploads\/2023\/08\/singo-1.png\" \/>\n\t<meta property=\"og:image:width\" content=\"1160\" \/>\n\t<meta property=\"og:image:height\" content=\"650\" \/>\n\t<meta property=\"og:image:type\" content=\"image\/png\" \/>\n<meta name=\"author\" content=\"Damien Dellerba\" \/>\n<meta name=\"twitter:card\" content=\"summary_large_image\" \/>\n<meta name=\"twitter:image\" content=\"https:\/\/www.ladiagonale.net\/wp-content\/uploads\/2023\/08\/singo-1.png\" \/>\n<meta name=\"twitter:label1\" content=\"\u00c9crit par\" \/>\n\t<meta name=\"twitter:data1\" content=\"Damien Dellerba\" \/>\n\t<meta name=\"twitter:label2\" content=\"Dur\u00e9e de lecture estim\u00e9e\" \/>\n\t<meta name=\"twitter:data2\" content=\"1 minute\" \/>\n<script type=\"application\/ld+json\" class=\"yoast-schema-graph\">{\"@context\":\"https:\/\/schema.org\",\"@graph\":[{\"@type\":\"WebPage\",\"@id\":\"https:\/\/www.ladiagonale.net\/index.php\/2023\/08\/20\/les-compositions-selon-la-presse-singo-pour-une-premiere\/\",\"url\":\"https:\/\/www.ladiagonale.net\/index.php\/2023\/08\/20\/les-compositions-selon-la-presse-singo-pour-une-premiere\/\",\"name\":\"Les compositions selon la presse : Singo pour une premi\u00e8re ? - La Diagonale\",\"isPartOf\":{\"@id\":\"https:\/\/www.ladiagonale.net\/#website\"},\"datePublished\":\"2023-08-20T10:50:03+00:00\",\"dateModified\":\"2023-08-20T10:50:06+00:00\",\"author\":{\"@id\":\"https:\/\/www.ladiagonale.net\/#\/schema\/person\/79ff1e7b0853ed01b2aa26e64ad300bf\"},\"breadcrumb\":{\"@id\":\"https:\/\/www.ladiagonale.net\/index.php\/2023\/08\/20\/les-compositions-selon-la-presse-singo-pour-une-premiere\/#breadcrumb\"},\"inLanguage\":\"fr-FR\",\"potentialAction\":[{\"@type\":\"ReadAction\",\"target\":[\"https:\/\/www.ladiagonale.net\/index.php\/2023\/08\/20\/les-compositions-selon-la-presse-singo-pour-une-premiere\/\"]}]},{\"@type\":\"BreadcrumbList\",\"@id\":\"https:\/\/www.ladiagonale.net\/index.php\/2023\/08\/20\/les-compositions-selon-la-presse-singo-pour-une-premiere\/#breadcrumb\",\"itemListElement\":[{\"@type\":\"ListItem\",\"position\":1,\"name\":\"Accueil\",\"item\":\"https:\/\/www.ladiagonale.net\/\"},{\"@type\":\"ListItem\",\"position\":2,\"name\":\"Les compositions selon la presse : Singo pour une premi\u00e8re ?\"}]},{\"@type\":\"WebSite\",\"@id\":\"https:\/\/www.ladiagonale.net\/#website\",\"url\":\"https:\/\/www.ladiagonale.net\/\",\"name\":\"La Diagonale\",\"description\":\"Le site des supporters de l&#039;AS Monaco FC\",\"potentialAction\":[{\"@type\":\"SearchAction\",\"target\":{\"@type\":\"EntryPoint\",\"urlTemplate\":\"https:\/\/www.ladiagonale.net\/?s={search_term_string}\"},\"query-input\":\"required name=search_term_string\"}],\"inLanguage\":\"fr-FR\"},{\"@type\":\"Person\",\"@id\":\"https:\/\/www.ladiagonale.net\/#\/schema\/person\/79ff1e7b0853ed01b2aa26e64ad300bf\",\"name\":\"Damien Dellerba\",\"image\":{\"@type\":\"ImageObject\",\"inLanguage\":\"fr-FR\",\"@id\":\"https:\/\/www.ladiagonale.net\/#\/schema\/person\/image\/\",\"url\":\"https:\/\/secure.gravatar.com\/avatar\/c7850e06d3ff63cdbaee88b7fc16e2f0?s=96&d=mm&r=g\",\"contentUrl\":\"https:\/\/secure.gravatar.com\/avatar\/c7850e06d3ff63cdbaee88b7fc16e2f0?s=96&d=mm&r=g\",\"caption\":\"Damien Dellerba\"},\"url\":\"https:\/\/www.ladiagonale.net\/index.php\/author\/damien\/\"}]}<\/script>\n<!-- \/ Yoast SEO plugin. -->","yoast_head_json":{"title":"Les compositions selon la presse : Singo pour une premi\u00e8re ? - La Diagonale","robots":{"index":"index","follow":"follow","max-snippet":"max-snippet:-1","max-image-preview":"max-image-preview:large","max-video-preview":"max-video-preview:-1"},"canonical":"https:\/\/www.ladiagonale.net\/index.php\/2023\/08\/20\/les-compositions-selon-la-presse-singo-pour-une-premiere\/","og_locale":"fr_FR","og_type":"article","og_title":"Les compositions selon la presse : Singo pour une premi\u00e8re ? - La Diagonale","og_description":"Wifried Singo va-t-il faire ses d\u00e9buts avec l&rsquo;AS Monaco ce dimanche contre Strasbourg (19h) ? Cela semble \u00eatre la tendance selon la presse. Le d\u00e9fenseur ivoirien de 22 ans, fra\u00eechement arriv\u00e9 du Torino, pourrait \u00eatre align\u00e9 par Adi H\u00fctter en tant qu&rsquo;axial droit dans la d\u00e9fense \u00e0 trois. Chrislain Matsima ferait les frais de cette [...]","og_url":"https:\/\/www.ladiagonale.net\/index.php\/2023\/08\/20\/les-compositions-selon-la-presse-singo-pour-une-premiere\/","og_site_name":"La Diagonale","article_published_time":"2023-08-20T10:50:03+00:00","article_modified_time":"2023-08-20T10:50:06+00:00","og_image":[{"width":1160,"height":650,"url":"https:\/\/www.ladiagonale.net\/wp-content\/uploads\/2023\/08\/singo-1.png","type":"image\/png"}],"author":"Damien Dellerba","twitter_card":"summary_large_image","twitter_image":"https:\/\/www.ladiagonale.net\/wp-content\/uploads\/2023\/08\/singo-1.png","twitter_misc":{"\u00c9crit par":"Damien Dellerba","Dur\u00e9e de lecture estim\u00e9e":"1 minute"},"schema":{"@context":"https:\/\/schema.org","@graph":[{"@type":"WebPage","@id":"https:\/\/www.ladiagonale.net\/index.php\/2023\/08\/20\/les-compositions-selon-la-presse-singo-pour-une-premiere\/","url":"https:\/\/www.ladiagonale.net\/index.php\/2023\/08\/20\/les-compositions-selon-la-presse-singo-pour-une-premiere\/","name":"Les compositions selon la presse : Singo pour une premi\u00e8re ? - La Diagonale","isPartOf":{"@id":"https:\/\/www.ladiagonale.net\/#website"},"datePublished":"2023-08-20T10:50:03+00:00","dateModified":"2023-08-20T10:50:06+00:00","author":{"@id":"https:\/\/www.ladiagonale.net\/#\/schema\/person\/79ff1e7b0853ed01b2aa26e64ad300bf"},"breadcrumb":{"@id":"https:\/\/www.ladiagonale.net\/index.php\/2023\/08\/20\/les-compositions-selon-la-presse-singo-pour-une-premiere\/#breadcrumb"},"inLanguage":"fr-FR","potentialAction":[{"@type":"ReadAction","target":["https:\/\/www.ladiagonale.net\/index.php\/2023\/08\/20\/les-compositions-selon-la-presse-singo-pour-une-premiere\/"]}]},{"@type":"BreadcrumbList","@id":"https:\/\/www.ladiagonale.net\/index.php\/2023\/08\/20\/les-compositions-selon-la-presse-singo-pour-une-premiere\/#breadcrumb","itemListElement":[{"@type":"ListItem","position":1,"name":"Accueil","item":"https:\/\/www.ladiagonale.net\/"},{"@type":"ListItem","position":2,"name":"Les compositions selon la presse : Singo pour une premi\u00e8re ?"}]},{"@type":"WebSite","@id":"https:\/\/www.ladiagonale.net\/#website","url":"https:\/\/www.ladiagonale.net\/","name":"La Diagonale","description":"Le site des supporters de l&#039;AS Monaco FC","potentialAction":[{"@type":"SearchAction","target":{"@type":"EntryPoint","urlTemplate":"https:\/\/www.ladiagonale.net\/?s={search_term_string}"},"query-input":"required name=search_term_string"}],"inLanguage":"fr-FR"},{"@type":"Person","@id":"https:\/\/www.ladiagonale.net\/#\/schema\/person\/79ff1e7b0853ed01b2aa26e64ad300bf","name":"Damien Dellerba","image":{"@type":"ImageObject","inLanguage":"fr-FR","@id":"https:\/\/www.ladiagonale.net\/#\/schema\/person\/image\/","url":"https:\/\/secure.gravatar.com\/avatar\/c7850e06d3ff63cdbaee88b7fc16e2f0?s=96&d=mm&r=g","contentUrl":"https:\/\/secure.gravatar.com\/avatar\/c7850e06d3ff63cdbaee88b7fc16e2f0?s=96&d=mm&r=g","caption":"Damien Dellerba"},"url":"https:\/\/www.ladiagonale.net\/index.php\/author\/damien\/"}]}},"_links":{"self":[{"href":"https:\/\/www.ladiagonale.net\/index.php\/wp-json\/wp\/v2\/posts\/15318"}],"collection":[{"href":"https:\/\/www.ladiagonale.net\/index.php\/wp-json\/wp\/v2\/posts"}],"about":[{"href":"https:\/\/www.ladiagonale.net\/index.php\/wp-json\/wp\/v2\/types\/post"}],"author":[{"embeddable":true,"href":"https:\/\/www.ladiagonale.net\/index.php\/wp-json\/wp\/v2\/users\/2"}],"replies":[{"embeddable":true,"href":"https:\/\/www.ladiagonale.net\/index.php\/wp-json\/wp\/v2\/comments?post=15318"}],"version-history":[{"count":1,"href":"https:\/\/www.ladiagonale.net\/index.php\/wp-json\/wp\/v2\/posts\/15318\/revisions"}],"predecessor-version":[{"id":15319,"href":"https:\/\/www.ladiagonale.net\/index.php\/wp-json\/wp\/v2\/posts\/15318\/revisions\/15319"}],"wp:attachment":[{"href":"https:\/\/www.ladiagonale.net\/index.php\/wp-json\/wp\/v2\/media?parent=15318"}],"wp:term":[{"taxonomy":"category","embeddable":true,"href":"https:\/\/www.ladiagonale.net\/index.php\/wp-json\/wp\/v2\/categories?post=15318"},{"taxonomy":"post_tag","embeddable":true,"href":"https:\/\/www.ladiagonale.net\/index.php\/wp-json\/wp\/v2\/tags?post=15318"}],"curies":[{"name":"wp","href":"https:\/\/api.w.org\/{rel}","templated":true}]}}