{"id":15321,"date":"2023-08-20T16:54:01","date_gmt":"2023-08-20T14:54:01","guid":{"rendered":"https:\/\/www.ladiagonale.net\/?p=15321"},"modified":"2023-08-20T16:54:04","modified_gmt":"2023-08-20T14:54:04","slug":"fulham-explique-le-rejet-de-loffre-monegasque-pour-adarabioyo","status":"publish","type":"post","link":"https:\/\/www.ladiagonale.net\/index.php\/2023\/08\/20\/fulham-explique-le-rejet-de-loffre-monegasque-pour-adarabioyo\/","title":{"rendered":"Fulham explique le rejet de l&rsquo;offre mon\u00e9gasque pour Adarabioyo"},"content":{"rendered":"\n\n\n<p>L&rsquo;AS Monaco a soumis deux offres \u00e0 Fulham pour tenter d&rsquo;acqu\u00e9rir le d\u00e9fenseur central Tosin Adarabioyo, mais <a href=\"https:\/\/www.ladiagonale.net\/index.php\/2023\/08\/16\/fulham-aurait-rejete-loffre-de-monaco-pour-adarabioyo\/\">s&rsquo;est fait \u00e0 chaque fois recal\u00e9<\/a> par le pensionnaire de Premier League. Marco Silva, l&rsquo;entra\u00eeneur de Fulham, en a expliqu\u00e9 la raison : \u00ab <em>C&rsquo;est simple : nous avons rejet\u00e9 l&rsquo;offre que nous avons re\u00e7ue parce qu&rsquo;elle n&rsquo;est m\u00eame pas proche de la valeur du joueur. Le joueur est tr\u00e8s, tr\u00e8s important pour nous. Je comprends que le joueur est dans la derni\u00e8re ann\u00e9e de son contrat (juin 2024, NDLR). Nous avons essay\u00e9 de le prolonger, mais nous n&rsquo;avons pas pu le faire pour diff\u00e9rentes raisons. Mais il reste notre joueur.<\/em> \u00bb<\/p>\n\n\n\n<p>Selon <em>The Athletic<\/em>, la seconde proposition mon\u00e9gasque tournait autour de 10 millions d&rsquo;euros pour le joueur form\u00e9 \u00e0 Manchester City. De son c\u00f4t\u00e9, le club londonien a mandat\u00e9 un agent pour trouver une porte de sortie \u00e0 Adarabioyo, qui aurait r\u00e9affirm\u00e9 r\u00e9cemment \u00e0 ses dirigeants <a href=\"https:\/\/www.ladiagonale.net\/index.php\/2023\/08\/18\/adarabioyo-insisterait-pour-rejoindre-monaco\/\">son souhait de rejoindre la Principaut\u00e9<\/a>. Lors des deux premi\u00e8res journ\u00e9es de championnat, le d\u00e9fenseur anglais de 25 ans n&rsquo;a pas \u00e9t\u00e9 convoqu\u00e9 dans le groupe par Marco Silva. <\/p>\n","protected":false},"excerpt":{"rendered":"<p>L&rsquo;AS Monaco a soumis deux offres \u00e0 Fulham pour tenter d&rsquo;acqu\u00e9rir le d\u00e9fenseur central Tosin Adarabioyo, mais s&rsquo;est fait \u00e0 chaque fois recal\u00e9 par le pensionnaire de Premier League. Marco Silva, l&rsquo;entra\u00eeneur de Fulham, en a expliqu\u00e9 la raison : \u00ab C&rsquo;est simple : nous avons rejet\u00e9 l&rsquo;offre que nous avons re\u00e7ue parce qu&rsquo;elle n&rsquo;est [&#8230;]\n","protected":false},"author":2,"featured_media":0,"comment_status":"open","ping_status":"open","sticky":false,"template":"","format":"standard","meta":[],"categories":[6],"tags":[86,638,111,381,110],"yoast_head":"<!-- This site is optimized with the Yoast SEO plugin v19.8 - https:\/\/yoast.com\/wordpress\/plugins\/seo\/ -->\n<title>Fulham explique le rejet de l&#039;offre mon\u00e9gasque pour Adarabioyo - La Diagonale<\/title>\n<meta name=\"robots\" content=\"index, follow, max-snippet:-1, max-image-preview:large, max-video-preview:-1\" \/>\n<link rel=\"canonical\" href=\"https:\/\/www.ladiagonale.net\/index.php\/2023\/08\/20\/fulham-explique-le-rejet-de-loffre-monegasque-pour-adarabioyo\/\" \/>\n<meta property=\"og:locale\" content=\"fr_FR\" \/>\n<meta property=\"og:type\" content=\"article\" \/>\n<meta property=\"og:title\" content=\"Fulham explique le rejet de l&#039;offre mon\u00e9gasque pour Adarabioyo - La Diagonale\" \/>\n<meta property=\"og:description\" content=\"L&rsquo;AS Monaco a soumis deux offres \u00e0 Fulham pour tenter d&rsquo;acqu\u00e9rir le d\u00e9fenseur central Tosin Adarabioyo, mais s&rsquo;est fait \u00e0 chaque fois recal\u00e9 par le pensionnaire de Premier League. Marco Silva, l&rsquo;entra\u00eeneur de Fulham, en a expliqu\u00e9 la raison : \u00ab C&rsquo;est simple : nous avons rejet\u00e9 l&rsquo;offre que nous avons re\u00e7ue parce qu&rsquo;elle n&rsquo;est [...]\" \/>\n<meta property=\"og:url\" content=\"https:\/\/www.ladiagonale.net\/index.php\/2023\/08\/20\/fulham-explique-le-rejet-de-loffre-monegasque-pour-adarabioyo\/\" \/>\n<meta property=\"og:site_name\" content=\"La Diagonale\" \/>\n<meta property=\"article:published_time\" content=\"2023-08-20T14:54:01+00:00\" \/>\n<meta property=\"article:modified_time\" content=\"2023-08-20T14:54:04+00:00\" \/>\n<meta property=\"og:image\" content=\"https:\/\/www.ladiagonale.net\/wp-content\/uploads\/2023\/01\/adarabioyo.png\" \/>\n\t<meta property=\"og:image:width\" content=\"1160\" \/>\n\t<meta property=\"og:image:height\" content=\"650\" \/>\n\t<meta property=\"og:image:type\" content=\"image\/png\" \/>\n<meta name=\"author\" content=\"Damien Dellerba\" \/>\n<meta name=\"twitter:card\" content=\"summary_large_image\" \/>\n<meta name=\"twitter:image\" content=\"https:\/\/www.ladiagonale.net\/wp-content\/uploads\/2023\/01\/adarabioyo.png\" \/>\n<meta name=\"twitter:label1\" content=\"\u00c9crit par\" \/>\n\t<meta name=\"twitter:data1\" content=\"Damien Dellerba\" \/>\n\t<meta name=\"twitter:label2\" content=\"Dur\u00e9e de lecture estim\u00e9e\" \/>\n\t<meta name=\"twitter:data2\" content=\"1 minute\" \/>\n<script type=\"application\/ld+json\" class=\"yoast-schema-graph\">{\"@context\":\"https:\/\/schema.org\",\"@graph\":[{\"@type\":\"WebPage\",\"@id\":\"https:\/\/www.ladiagonale.net\/index.php\/2023\/08\/20\/fulham-explique-le-rejet-de-loffre-monegasque-pour-adarabioyo\/\",\"url\":\"https:\/\/www.ladiagonale.net\/index.php\/2023\/08\/20\/fulham-explique-le-rejet-de-loffre-monegasque-pour-adarabioyo\/\",\"name\":\"Fulham explique le rejet de l'offre mon\u00e9gasque pour Adarabioyo - La Diagonale\",\"isPartOf\":{\"@id\":\"https:\/\/www.ladiagonale.net\/#website\"},\"datePublished\":\"2023-08-20T14:54:01+00:00\",\"dateModified\":\"2023-08-20T14:54:04+00:00\",\"author\":{\"@id\":\"https:\/\/www.ladiagonale.net\/#\/schema\/person\/79ff1e7b0853ed01b2aa26e64ad300bf\"},\"breadcrumb\":{\"@id\":\"https:\/\/www.ladiagonale.net\/index.php\/2023\/08\/20\/fulham-explique-le-rejet-de-loffre-monegasque-pour-adarabioyo\/#breadcrumb\"},\"inLanguage\":\"fr-FR\",\"potentialAction\":[{\"@type\":\"ReadAction\",\"target\":[\"https:\/\/www.ladiagonale.net\/index.php\/2023\/08\/20\/fulham-explique-le-rejet-de-loffre-monegasque-pour-adarabioyo\/\"]}]},{\"@type\":\"BreadcrumbList\",\"@id\":\"https:\/\/www.ladiagonale.net\/index.php\/2023\/08\/20\/fulham-explique-le-rejet-de-loffre-monegasque-pour-adarabioyo\/#breadcrumb\",\"itemListElement\":[{\"@type\":\"ListItem\",\"position\":1,\"name\":\"Accueil\",\"item\":\"https:\/\/www.ladiagonale.net\/\"},{\"@type\":\"ListItem\",\"position\":2,\"name\":\"Fulham explique le rejet de l&rsquo;offre mon\u00e9gasque pour Adarabioyo\"}]},{\"@type\":\"WebSite\",\"@id\":\"https:\/\/www.ladiagonale.net\/#website\",\"url\":\"https:\/\/www.ladiagonale.net\/\",\"name\":\"La Diagonale\",\"description\":\"Le site des supporters de l&#039;AS Monaco FC\",\"potentialAction\":[{\"@type\":\"SearchAction\",\"target\":{\"@type\":\"EntryPoint\",\"urlTemplate\":\"https:\/\/www.ladiagonale.net\/?s={search_term_string}\"},\"query-input\":\"required name=search_term_string\"}],\"inLanguage\":\"fr-FR\"},{\"@type\":\"Person\",\"@id\":\"https:\/\/www.ladiagonale.net\/#\/schema\/person\/79ff1e7b0853ed01b2aa26e64ad300bf\",\"name\":\"Damien Dellerba\",\"image\":{\"@type\":\"ImageObject\",\"inLanguage\":\"fr-FR\",\"@id\":\"https:\/\/www.ladiagonale.net\/#\/schema\/person\/image\/\",\"url\":\"https:\/\/secure.gravatar.com\/avatar\/c7850e06d3ff63cdbaee88b7fc16e2f0?s=96&d=mm&r=g\",\"contentUrl\":\"https:\/\/secure.gravatar.com\/avatar\/c7850e06d3ff63cdbaee88b7fc16e2f0?s=96&d=mm&r=g\",\"caption\":\"Damien Dellerba\"},\"url\":\"https:\/\/www.ladiagonale.net\/index.php\/author\/damien\/\"}]}<\/script>\n<!-- \/ Yoast SEO plugin. -->","yoast_head_json":{"title":"Fulham explique le rejet de l'offre mon\u00e9gasque pour Adarabioyo - La Diagonale","robots":{"index":"index","follow":"follow","max-snippet":"max-snippet:-1","max-image-preview":"max-image-preview:large","max-video-preview":"max-video-preview:-1"},"canonical":"https:\/\/www.ladiagonale.net\/index.php\/2023\/08\/20\/fulham-explique-le-rejet-de-loffre-monegasque-pour-adarabioyo\/","og_locale":"fr_FR","og_type":"article","og_title":"Fulham explique le rejet de l'offre mon\u00e9gasque pour Adarabioyo - La Diagonale","og_description":"L&rsquo;AS Monaco a soumis deux offres \u00e0 Fulham pour tenter d&rsquo;acqu\u00e9rir le d\u00e9fenseur central Tosin Adarabioyo, mais s&rsquo;est fait \u00e0 chaque fois recal\u00e9 par le pensionnaire de Premier League. Marco Silva, l&rsquo;entra\u00eeneur de Fulham, en a expliqu\u00e9 la raison : \u00ab C&rsquo;est simple : nous avons rejet\u00e9 l&rsquo;offre que nous avons re\u00e7ue parce qu&rsquo;elle n&rsquo;est [...]","og_url":"https:\/\/www.ladiagonale.net\/index.php\/2023\/08\/20\/fulham-explique-le-rejet-de-loffre-monegasque-pour-adarabioyo\/","og_site_name":"La Diagonale","article_published_time":"2023-08-20T14:54:01+00:00","article_modified_time":"2023-08-20T14:54:04+00:00","og_image":[{"width":1160,"height":650,"url":"https:\/\/www.ladiagonale.net\/wp-content\/uploads\/2023\/01\/adarabioyo.png","type":"image\/png"}],"author":"Damien Dellerba","twitter_card":"summary_large_image","twitter_image":"https:\/\/www.ladiagonale.net\/wp-content\/uploads\/2023\/01\/adarabioyo.png","twitter_misc":{"\u00c9crit par":"Damien Dellerba","Dur\u00e9e de lecture estim\u00e9e":"1 minute"},"schema":{"@context":"https:\/\/schema.org","@graph":[{"@type":"WebPage","@id":"https:\/\/www.ladiagonale.net\/index.php\/2023\/08\/20\/fulham-explique-le-rejet-de-loffre-monegasque-pour-adarabioyo\/","url":"https:\/\/www.ladiagonale.net\/index.php\/2023\/08\/20\/fulham-explique-le-rejet-de-loffre-monegasque-pour-adarabioyo\/","name":"Fulham explique le rejet de l'offre mon\u00e9gasque pour Adarabioyo - La Diagonale","isPartOf":{"@id":"https:\/\/www.ladiagonale.net\/#website"},"datePublished":"2023-08-20T14:54:01+00:00","dateModified":"2023-08-20T14:54:04+00:00","author":{"@id":"https:\/\/www.ladiagonale.net\/#\/schema\/person\/79ff1e7b0853ed01b2aa26e64ad300bf"},"breadcrumb":{"@id":"https:\/\/www.ladiagonale.net\/index.php\/2023\/08\/20\/fulham-explique-le-rejet-de-loffre-monegasque-pour-adarabioyo\/#breadcrumb"},"inLanguage":"fr-FR","potentialAction":[{"@type":"ReadAction","target":["https:\/\/www.ladiagonale.net\/index.php\/2023\/08\/20\/fulham-explique-le-rejet-de-loffre-monegasque-pour-adarabioyo\/"]}]},{"@type":"BreadcrumbList","@id":"https:\/\/www.ladiagonale.net\/index.php\/2023\/08\/20\/fulham-explique-le-rejet-de-loffre-monegasque-pour-adarabioyo\/#breadcrumb","itemListElement":[{"@type":"ListItem","position":1,"name":"Accueil","item":"https:\/\/www.ladiagonale.net\/"},{"@type":"ListItem","position":2,"name":"Fulham explique le rejet de l&rsquo;offre mon\u00e9gasque pour Adarabioyo"}]},{"@type":"WebSite","@id":"https:\/\/www.ladiagonale.net\/#website","url":"https:\/\/www.ladiagonale.net\/","name":"La Diagonale","description":"Le site des supporters de l&#039;AS Monaco FC","potentialAction":[{"@type":"SearchAction","target":{"@type":"EntryPoint","urlTemplate":"https:\/\/www.ladiagonale.net\/?s={search_term_string}"},"query-input":"required name=search_term_string"}],"inLanguage":"fr-FR"},{"@type":"Person","@id":"https:\/\/www.ladiagonale.net\/#\/schema\/person\/79ff1e7b0853ed01b2aa26e64ad300bf","name":"Damien Dellerba","image":{"@type":"ImageObject","inLanguage":"fr-FR","@id":"https:\/\/www.ladiagonale.net\/#\/schema\/person\/image\/","url":"https:\/\/secure.gravatar.com\/avatar\/c7850e06d3ff63cdbaee88b7fc16e2f0?s=96&d=mm&r=g","contentUrl":"https:\/\/secure.gravatar.com\/avatar\/c7850e06d3ff63cdbaee88b7fc16e2f0?s=96&d=mm&r=g","caption":"Damien Dellerba"},"url":"https:\/\/www.ladiagonale.net\/index.php\/author\/damien\/"}]}},"_links":{"self":[{"href":"https:\/\/www.ladiagonale.net\/index.php\/wp-json\/wp\/v2\/posts\/15321"}],"collection":[{"href":"https:\/\/www.ladiagonale.net\/index.php\/wp-json\/wp\/v2\/posts"}],"about":[{"href":"https:\/\/www.ladiagonale.net\/index.php\/wp-json\/wp\/v2\/types\/post"}],"author":[{"embeddable":true,"href":"https:\/\/www.ladiagonale.net\/index.php\/wp-json\/wp\/v2\/users\/2"}],"replies":[{"embeddable":true,"href":"https:\/\/www.ladiagonale.net\/index.php\/wp-json\/wp\/v2\/comments?post=15321"}],"version-history":[{"count":1,"href":"https:\/\/www.ladiagonale.net\/index.php\/wp-json\/wp\/v2\/posts\/15321\/revisions"}],"predecessor-version":[{"id":15322,"href":"https:\/\/www.ladiagonale.net\/index.php\/wp-json\/wp\/v2\/posts\/15321\/revisions\/15322"}],"wp:attachment":[{"href":"https:\/\/www.ladiagonale.net\/index.php\/wp-json\/wp\/v2\/media?parent=15321"}],"wp:term":[{"taxonomy":"category","embeddable":true,"href":"https:\/\/www.ladiagonale.net\/index.php\/wp-json\/wp\/v2\/categories?post=15321"},{"taxonomy":"post_tag","embeddable":true,"href":"https:\/\/www.ladiagonale.net\/index.php\/wp-json\/wp\/v2\/tags?post=15321"}],"curies":[{"name":"wp","href":"https:\/\/api.w.org\/{rel}","templated":true}]}}