{"id":15323,"date":"2023-08-20T17:45:49","date_gmt":"2023-08-20T15:45:49","guid":{"rendered":"https:\/\/www.ladiagonale.net\/?p=15323"},"modified":"2023-08-20T18:11:32","modified_gmt":"2023-08-20T16:11:32","slug":"les-compositions-zakaria-et-singo-titulaires-en-defense","status":"publish","type":"post","link":"https:\/\/www.ladiagonale.net\/index.php\/2023\/08\/20\/les-compositions-zakaria-et-singo-titulaires-en-defense\/","title":{"rendered":"Les compositions : Zakaria et Singo titulaires en d\u00e9fense"},"content":{"rendered":"\n\n\n<p>Adi H\u00fctter vient de cr\u00e9er une petite surprise avec la titularisation de Denis Zakaria en d\u00e9fense centrale. Le Suisse remplace Guillermo Maripan, qui n\u2019est finalement pas sur la feuille de match. Wilfried Singo est lui aussi titulaire mais sa pr\u00e9sence avait d\u00e9j\u00e0 \u00e9t\u00e9 annonc\u00e9e dans la presse du jour. Chrislain Matsima est sur le banc.<\/p>\n\n\n\n<p>Pour le reste, la composition est identique \u00e0 celle de Clermont, avec Takumi Minamino et Aleksandr Golovin en soutien de Wissam Ben Yedder. Fofana et Camara seront au milieu tandis que Vanderson et Caio Henrique \u00e9volueront comme pistons.<\/p>\n\n\n\n<p><strong>AS Monaco (3-4-2-1) :<\/strong> K\u00f6hn &#8211; Singo, Zakaria, Magassa &#8211; Vanderson, Fofana, Camara, C. Henrique &#8211; Minamino, Golovin &#8211; Ben Yedder (cap.).<\/p>\n\n\n\n<p><em>Rempla\u00e7ants :<\/em> Majecki (g.), Aguilar, Matsima, Jakobs, Matazo, Diatta, Akliouche, Ben Seghir, Boadu.<\/p>\n\n\n\n<p><strong>RC Strasbourg Alsace (5-3-2) :<\/strong> Sels (cap.) &#8211; Guilbert, Doukour\u00e9, Nyamsi, Sylla, Delaine &#8211; Diarra, Bellegarde, Deminguet &#8211; Gameiro, Mothiba.<\/p>\n\n\n\n<p><em>Rempla\u00e7ants :<\/em> Bellaarouch (g.), Senaya, Mwanga, Perrin, Prcic, Sissoko, Bakwa, Angelo.<\/p>\n","protected":false},"excerpt":{"rendered":"<p>Adi H\u00fctter vient de cr\u00e9er une petite surprise avec la titularisation de Denis Zakaria en d\u00e9fense centrale. Le Suisse remplace Guillermo Maripan, qui n\u2019est finalement pas sur la feuille de match. Wilfried Singo est lui aussi titulaire mais sa pr\u00e9sence avait d\u00e9j\u00e0 \u00e9t\u00e9 annonc\u00e9e dans la presse du jour. Chrislain Matsima est sur le banc. [&#8230;]\n","protected":false},"author":2,"featured_media":0,"comment_status":"open","ping_status":"open","sticky":false,"template":"","format":"standard","meta":[],"categories":[4,6],"tags":[86,213,432],"yoast_head":"<!-- This site is optimized with the Yoast SEO plugin v19.8 - https:\/\/yoast.com\/wordpress\/plugins\/seo\/ -->\n<title>Les compositions : Zakaria et Singo titulaires en d\u00e9fense - La Diagonale<\/title>\n<meta name=\"robots\" content=\"index, follow, max-snippet:-1, max-image-preview:large, max-video-preview:-1\" \/>\n<link rel=\"canonical\" href=\"https:\/\/www.ladiagonale.net\/index.php\/2023\/08\/20\/les-compositions-zakaria-et-singo-titulaires-en-defense\/\" \/>\n<meta property=\"og:locale\" content=\"fr_FR\" \/>\n<meta property=\"og:type\" content=\"article\" \/>\n<meta property=\"og:title\" content=\"Les compositions : Zakaria et Singo titulaires en d\u00e9fense - La Diagonale\" \/>\n<meta property=\"og:description\" content=\"Adi H\u00fctter vient de cr\u00e9er une petite surprise avec la titularisation de Denis Zakaria en d\u00e9fense centrale. Le Suisse remplace Guillermo Maripan, qui n\u2019est finalement pas sur la feuille de match. Wilfried Singo est lui aussi titulaire mais sa pr\u00e9sence avait d\u00e9j\u00e0 \u00e9t\u00e9 annonc\u00e9e dans la presse du jour. Chrislain Matsima est sur le banc. [...]\" \/>\n<meta property=\"og:url\" content=\"https:\/\/www.ladiagonale.net\/index.php\/2023\/08\/20\/les-compositions-zakaria-et-singo-titulaires-en-defense\/\" \/>\n<meta property=\"og:site_name\" content=\"La Diagonale\" \/>\n<meta property=\"article:published_time\" content=\"2023-08-20T15:45:49+00:00\" \/>\n<meta property=\"article:modified_time\" content=\"2023-08-20T16:11:32+00:00\" \/>\n<meta property=\"og:image\" content=\"https:\/\/www.ladiagonale.net\/wp-content\/uploads\/2023\/08\/zakaria.png\" \/>\n\t<meta property=\"og:image:width\" content=\"1160\" \/>\n\t<meta property=\"og:image:height\" content=\"650\" \/>\n\t<meta property=\"og:image:type\" content=\"image\/png\" \/>\n<meta name=\"author\" content=\"Damien Dellerba\" \/>\n<meta name=\"twitter:card\" content=\"summary_large_image\" \/>\n<meta name=\"twitter:image\" content=\"https:\/\/www.ladiagonale.net\/wp-content\/uploads\/2023\/08\/zakaria.png\" \/>\n<meta name=\"twitter:label1\" content=\"\u00c9crit par\" \/>\n\t<meta name=\"twitter:data1\" content=\"Damien Dellerba\" \/>\n\t<meta name=\"twitter:label2\" content=\"Dur\u00e9e de lecture estim\u00e9e\" \/>\n\t<meta name=\"twitter:data2\" content=\"1 minute\" \/>\n<script type=\"application\/ld+json\" class=\"yoast-schema-graph\">{\"@context\":\"https:\/\/schema.org\",\"@graph\":[{\"@type\":\"WebPage\",\"@id\":\"https:\/\/www.ladiagonale.net\/index.php\/2023\/08\/20\/les-compositions-zakaria-et-singo-titulaires-en-defense\/\",\"url\":\"https:\/\/www.ladiagonale.net\/index.php\/2023\/08\/20\/les-compositions-zakaria-et-singo-titulaires-en-defense\/\",\"name\":\"Les compositions : Zakaria et Singo titulaires en d\u00e9fense - La Diagonale\",\"isPartOf\":{\"@id\":\"https:\/\/www.ladiagonale.net\/#website\"},\"datePublished\":\"2023-08-20T15:45:49+00:00\",\"dateModified\":\"2023-08-20T16:11:32+00:00\",\"author\":{\"@id\":\"https:\/\/www.ladiagonale.net\/#\/schema\/person\/79ff1e7b0853ed01b2aa26e64ad300bf\"},\"breadcrumb\":{\"@id\":\"https:\/\/www.ladiagonale.net\/index.php\/2023\/08\/20\/les-compositions-zakaria-et-singo-titulaires-en-defense\/#breadcrumb\"},\"inLanguage\":\"fr-FR\",\"potentialAction\":[{\"@type\":\"ReadAction\",\"target\":[\"https:\/\/www.ladiagonale.net\/index.php\/2023\/08\/20\/les-compositions-zakaria-et-singo-titulaires-en-defense\/\"]}]},{\"@type\":\"BreadcrumbList\",\"@id\":\"https:\/\/www.ladiagonale.net\/index.php\/2023\/08\/20\/les-compositions-zakaria-et-singo-titulaires-en-defense\/#breadcrumb\",\"itemListElement\":[{\"@type\":\"ListItem\",\"position\":1,\"name\":\"Accueil\",\"item\":\"https:\/\/www.ladiagonale.net\/\"},{\"@type\":\"ListItem\",\"position\":2,\"name\":\"Les compositions : Zakaria et Singo titulaires en d\u00e9fense\"}]},{\"@type\":\"WebSite\",\"@id\":\"https:\/\/www.ladiagonale.net\/#website\",\"url\":\"https:\/\/www.ladiagonale.net\/\",\"name\":\"La Diagonale\",\"description\":\"Le site des supporters de l&#039;AS Monaco FC\",\"potentialAction\":[{\"@type\":\"SearchAction\",\"target\":{\"@type\":\"EntryPoint\",\"urlTemplate\":\"https:\/\/www.ladiagonale.net\/?s={search_term_string}\"},\"query-input\":\"required name=search_term_string\"}],\"inLanguage\":\"fr-FR\"},{\"@type\":\"Person\",\"@id\":\"https:\/\/www.ladiagonale.net\/#\/schema\/person\/79ff1e7b0853ed01b2aa26e64ad300bf\",\"name\":\"Damien Dellerba\",\"image\":{\"@type\":\"ImageObject\",\"inLanguage\":\"fr-FR\",\"@id\":\"https:\/\/www.ladiagonale.net\/#\/schema\/person\/image\/\",\"url\":\"https:\/\/secure.gravatar.com\/avatar\/c7850e06d3ff63cdbaee88b7fc16e2f0?s=96&d=mm&r=g\",\"contentUrl\":\"https:\/\/secure.gravatar.com\/avatar\/c7850e06d3ff63cdbaee88b7fc16e2f0?s=96&d=mm&r=g\",\"caption\":\"Damien Dellerba\"},\"url\":\"https:\/\/www.ladiagonale.net\/index.php\/author\/damien\/\"}]}<\/script>\n<!-- \/ Yoast SEO plugin. -->","yoast_head_json":{"title":"Les compositions : Zakaria et Singo titulaires en d\u00e9fense - La Diagonale","robots":{"index":"index","follow":"follow","max-snippet":"max-snippet:-1","max-image-preview":"max-image-preview:large","max-video-preview":"max-video-preview:-1"},"canonical":"https:\/\/www.ladiagonale.net\/index.php\/2023\/08\/20\/les-compositions-zakaria-et-singo-titulaires-en-defense\/","og_locale":"fr_FR","og_type":"article","og_title":"Les compositions : Zakaria et Singo titulaires en d\u00e9fense - La Diagonale","og_description":"Adi H\u00fctter vient de cr\u00e9er une petite surprise avec la titularisation de Denis Zakaria en d\u00e9fense centrale. Le Suisse remplace Guillermo Maripan, qui n\u2019est finalement pas sur la feuille de match. Wilfried Singo est lui aussi titulaire mais sa pr\u00e9sence avait d\u00e9j\u00e0 \u00e9t\u00e9 annonc\u00e9e dans la presse du jour. Chrislain Matsima est sur le banc. [...]","og_url":"https:\/\/www.ladiagonale.net\/index.php\/2023\/08\/20\/les-compositions-zakaria-et-singo-titulaires-en-defense\/","og_site_name":"La Diagonale","article_published_time":"2023-08-20T15:45:49+00:00","article_modified_time":"2023-08-20T16:11:32+00:00","og_image":[{"width":1160,"height":650,"url":"https:\/\/www.ladiagonale.net\/wp-content\/uploads\/2023\/08\/zakaria.png","type":"image\/png"}],"author":"Damien Dellerba","twitter_card":"summary_large_image","twitter_image":"https:\/\/www.ladiagonale.net\/wp-content\/uploads\/2023\/08\/zakaria.png","twitter_misc":{"\u00c9crit par":"Damien Dellerba","Dur\u00e9e de lecture estim\u00e9e":"1 minute"},"schema":{"@context":"https:\/\/schema.org","@graph":[{"@type":"WebPage","@id":"https:\/\/www.ladiagonale.net\/index.php\/2023\/08\/20\/les-compositions-zakaria-et-singo-titulaires-en-defense\/","url":"https:\/\/www.ladiagonale.net\/index.php\/2023\/08\/20\/les-compositions-zakaria-et-singo-titulaires-en-defense\/","name":"Les compositions : Zakaria et Singo titulaires en d\u00e9fense - La Diagonale","isPartOf":{"@id":"https:\/\/www.ladiagonale.net\/#website"},"datePublished":"2023-08-20T15:45:49+00:00","dateModified":"2023-08-20T16:11:32+00:00","author":{"@id":"https:\/\/www.ladiagonale.net\/#\/schema\/person\/79ff1e7b0853ed01b2aa26e64ad300bf"},"breadcrumb":{"@id":"https:\/\/www.ladiagonale.net\/index.php\/2023\/08\/20\/les-compositions-zakaria-et-singo-titulaires-en-defense\/#breadcrumb"},"inLanguage":"fr-FR","potentialAction":[{"@type":"ReadAction","target":["https:\/\/www.ladiagonale.net\/index.php\/2023\/08\/20\/les-compositions-zakaria-et-singo-titulaires-en-defense\/"]}]},{"@type":"BreadcrumbList","@id":"https:\/\/www.ladiagonale.net\/index.php\/2023\/08\/20\/les-compositions-zakaria-et-singo-titulaires-en-defense\/#breadcrumb","itemListElement":[{"@type":"ListItem","position":1,"name":"Accueil","item":"https:\/\/www.ladiagonale.net\/"},{"@type":"ListItem","position":2,"name":"Les compositions : Zakaria et Singo titulaires en d\u00e9fense"}]},{"@type":"WebSite","@id":"https:\/\/www.ladiagonale.net\/#website","url":"https:\/\/www.ladiagonale.net\/","name":"La Diagonale","description":"Le site des supporters de l&#039;AS Monaco FC","potentialAction":[{"@type":"SearchAction","target":{"@type":"EntryPoint","urlTemplate":"https:\/\/www.ladiagonale.net\/?s={search_term_string}"},"query-input":"required name=search_term_string"}],"inLanguage":"fr-FR"},{"@type":"Person","@id":"https:\/\/www.ladiagonale.net\/#\/schema\/person\/79ff1e7b0853ed01b2aa26e64ad300bf","name":"Damien Dellerba","image":{"@type":"ImageObject","inLanguage":"fr-FR","@id":"https:\/\/www.ladiagonale.net\/#\/schema\/person\/image\/","url":"https:\/\/secure.gravatar.com\/avatar\/c7850e06d3ff63cdbaee88b7fc16e2f0?s=96&d=mm&r=g","contentUrl":"https:\/\/secure.gravatar.com\/avatar\/c7850e06d3ff63cdbaee88b7fc16e2f0?s=96&d=mm&r=g","caption":"Damien Dellerba"},"url":"https:\/\/www.ladiagonale.net\/index.php\/author\/damien\/"}]}},"_links":{"self":[{"href":"https:\/\/www.ladiagonale.net\/index.php\/wp-json\/wp\/v2\/posts\/15323"}],"collection":[{"href":"https:\/\/www.ladiagonale.net\/index.php\/wp-json\/wp\/v2\/posts"}],"about":[{"href":"https:\/\/www.ladiagonale.net\/index.php\/wp-json\/wp\/v2\/types\/post"}],"author":[{"embeddable":true,"href":"https:\/\/www.ladiagonale.net\/index.php\/wp-json\/wp\/v2\/users\/2"}],"replies":[{"embeddable":true,"href":"https:\/\/www.ladiagonale.net\/index.php\/wp-json\/wp\/v2\/comments?post=15323"}],"version-history":[{"count":3,"href":"https:\/\/www.ladiagonale.net\/index.php\/wp-json\/wp\/v2\/posts\/15323\/revisions"}],"predecessor-version":[{"id":15326,"href":"https:\/\/www.ladiagonale.net\/index.php\/wp-json\/wp\/v2\/posts\/15323\/revisions\/15326"}],"wp:attachment":[{"href":"https:\/\/www.ladiagonale.net\/index.php\/wp-json\/wp\/v2\/media?parent=15323"}],"wp:term":[{"taxonomy":"category","embeddable":true,"href":"https:\/\/www.ladiagonale.net\/index.php\/wp-json\/wp\/v2\/categories?post=15323"},{"taxonomy":"post_tag","embeddable":true,"href":"https:\/\/www.ladiagonale.net\/index.php\/wp-json\/wp\/v2\/tags?post=15323"}],"curies":[{"name":"wp","href":"https:\/\/api.w.org\/{rel}","templated":true}]}}