{"id":15337,"date":"2023-08-20T21:10:00","date_gmt":"2023-08-20T19:10:00","guid":{"rendered":"https:\/\/www.ladiagonale.net\/?p=15337"},"modified":"2023-08-20T21:18:51","modified_gmt":"2023-08-20T19:18:51","slug":"monaco-trop-fort-pour-strasbourg-3-0","status":"publish","type":"post","link":"https:\/\/www.ladiagonale.net\/index.php\/2023\/08\/20\/monaco-trop-fort-pour-strasbourg-3-0\/","title":{"rendered":"Monaco trop fort pour Strasbourg (3-0)"},"content":{"rendered":"\n\n\n<p>Pour ses retrouvailles avec le stade Louis-II, l\u2019AS Monaco s\u2019est impos\u00e9e largement contre Strasbourg (3-0), port\u00e9e par un Minamino particuli\u00e8rement inspir\u00e9. Le milieu offensif japonais a inscrit un doubl\u00e9 et d\u00e9livr\u00e9 une passe d\u00e9cisive en faveur de Ben Yedder pour mener Monaco vers le succ\u00e8s, dans une rencontre finalement \u00e0 sens unique. Car si les Rouge et Blanc ont globalement \u00e9t\u00e9 efficaces face au but, ils ont vu aussi Philippe K\u00f6hn passer une soir\u00e9e des plus tranquilles.<\/p>\n\n\n\n<p class=\"has-white-color has-text-color has-background\" style=\"background-color:#303030\"><a href=\"https:\/\/www.ladiagonale.net\/index.php\/event\/monaco-strasbourg-2\/\">Voir la feuille de match<\/a><\/p>\n\n\n\n<p>La premi\u00e8re p\u00e9riode a notamment \u00e9t\u00e9 cl\u00e9 pour permettre \u00e0 Monaco de construire son succ\u00e8s. Sous une chaleur de plomb et sur une pelouse ex\u00e9crable, l\u2019ASM ne s\u2019est pas laiss\u00e9e distraire et a tr\u00e8s rapidement \u00e9touff\u00e9 la formation alsacienne. Avec un pressing intenable, les hommes d\u2019Adi H\u00fctter se sont mis deux fois en position favorable pour prendre l\u2019avantage et faire le break. Ils ont l\u00e9g\u00e8rement rel\u00e2ch\u00e9 l\u2019\u00e9treinte en seconde p\u00e9riode, mais cela ne les a pas emp\u00each\u00e9s de mettre un troisi\u00e8me but sur un mod\u00e8le de contre. Monaco prend provisoirement la t\u00eate du classement.<\/p>\n","protected":false},"excerpt":{"rendered":"<p>Pour ses retrouvailles avec le stade Louis-II, l\u2019AS Monaco s\u2019est impos\u00e9e largement contre Strasbourg (3-0), port\u00e9e par un Minamino particuli\u00e8rement inspir\u00e9. Le milieu offensif japonais a inscrit un doubl\u00e9 et d\u00e9livr\u00e9 une passe d\u00e9cisive en faveur de Ben Yedder pour mener Monaco vers le succ\u00e8s, dans une rencontre finalement \u00e0 sens unique. Car si les [&#8230;]\n","protected":false},"author":2,"featured_media":0,"comment_status":"open","ping_status":"open","sticky":false,"template":"","format":"standard","meta":[],"categories":[4,6],"tags":[86,94,432],"yoast_head":"<!-- This site is optimized with the Yoast SEO plugin v19.8 - https:\/\/yoast.com\/wordpress\/plugins\/seo\/ -->\n<title>Monaco trop fort pour Strasbourg (3-0) - La Diagonale<\/title>\n<meta name=\"robots\" content=\"index, follow, max-snippet:-1, max-image-preview:large, max-video-preview:-1\" \/>\n<link rel=\"canonical\" href=\"https:\/\/www.ladiagonale.net\/index.php\/2023\/08\/20\/monaco-trop-fort-pour-strasbourg-3-0\/\" \/>\n<meta property=\"og:locale\" content=\"fr_FR\" \/>\n<meta property=\"og:type\" content=\"article\" \/>\n<meta property=\"og:title\" content=\"Monaco trop fort pour Strasbourg (3-0) - La Diagonale\" \/>\n<meta property=\"og:description\" content=\"Pour ses retrouvailles avec le stade Louis-II, l\u2019AS Monaco s\u2019est impos\u00e9e largement contre Strasbourg (3-0), port\u00e9e par un Minamino particuli\u00e8rement inspir\u00e9. Le milieu offensif japonais a inscrit un doubl\u00e9 et d\u00e9livr\u00e9 une passe d\u00e9cisive en faveur de Ben Yedder pour mener Monaco vers le succ\u00e8s, dans une rencontre finalement \u00e0 sens unique. Car si les [...]\" \/>\n<meta property=\"og:url\" content=\"https:\/\/www.ladiagonale.net\/index.php\/2023\/08\/20\/monaco-trop-fort-pour-strasbourg-3-0\/\" \/>\n<meta property=\"og:site_name\" content=\"La Diagonale\" \/>\n<meta property=\"article:published_time\" content=\"2023-08-20T19:10:00+00:00\" \/>\n<meta property=\"article:modified_time\" content=\"2023-08-20T19:18:51+00:00\" \/>\n<meta property=\"og:image\" content=\"https:\/\/www.ladiagonale.net\/wp-content\/uploads\/2023\/08\/minamino.png\" \/>\n\t<meta property=\"og:image:width\" content=\"1160\" \/>\n\t<meta property=\"og:image:height\" content=\"650\" \/>\n\t<meta property=\"og:image:type\" content=\"image\/png\" \/>\n<meta name=\"author\" content=\"Damien Dellerba\" \/>\n<meta name=\"twitter:card\" content=\"summary_large_image\" \/>\n<meta name=\"twitter:image\" content=\"https:\/\/www.ladiagonale.net\/wp-content\/uploads\/2023\/08\/minamino.png\" \/>\n<meta name=\"twitter:label1\" content=\"\u00c9crit par\" \/>\n\t<meta name=\"twitter:data1\" content=\"Damien Dellerba\" \/>\n\t<meta name=\"twitter:label2\" content=\"Dur\u00e9e de lecture estim\u00e9e\" \/>\n\t<meta name=\"twitter:data2\" content=\"1 minute\" \/>\n<script type=\"application\/ld+json\" class=\"yoast-schema-graph\">{\"@context\":\"https:\/\/schema.org\",\"@graph\":[{\"@type\":\"WebPage\",\"@id\":\"https:\/\/www.ladiagonale.net\/index.php\/2023\/08\/20\/monaco-trop-fort-pour-strasbourg-3-0\/\",\"url\":\"https:\/\/www.ladiagonale.net\/index.php\/2023\/08\/20\/monaco-trop-fort-pour-strasbourg-3-0\/\",\"name\":\"Monaco trop fort pour Strasbourg (3-0) - La Diagonale\",\"isPartOf\":{\"@id\":\"https:\/\/www.ladiagonale.net\/#website\"},\"datePublished\":\"2023-08-20T19:10:00+00:00\",\"dateModified\":\"2023-08-20T19:18:51+00:00\",\"author\":{\"@id\":\"https:\/\/www.ladiagonale.net\/#\/schema\/person\/79ff1e7b0853ed01b2aa26e64ad300bf\"},\"breadcrumb\":{\"@id\":\"https:\/\/www.ladiagonale.net\/index.php\/2023\/08\/20\/monaco-trop-fort-pour-strasbourg-3-0\/#breadcrumb\"},\"inLanguage\":\"fr-FR\",\"potentialAction\":[{\"@type\":\"ReadAction\",\"target\":[\"https:\/\/www.ladiagonale.net\/index.php\/2023\/08\/20\/monaco-trop-fort-pour-strasbourg-3-0\/\"]}]},{\"@type\":\"BreadcrumbList\",\"@id\":\"https:\/\/www.ladiagonale.net\/index.php\/2023\/08\/20\/monaco-trop-fort-pour-strasbourg-3-0\/#breadcrumb\",\"itemListElement\":[{\"@type\":\"ListItem\",\"position\":1,\"name\":\"Accueil\",\"item\":\"https:\/\/www.ladiagonale.net\/\"},{\"@type\":\"ListItem\",\"position\":2,\"name\":\"Monaco trop fort pour Strasbourg (3-0)\"}]},{\"@type\":\"WebSite\",\"@id\":\"https:\/\/www.ladiagonale.net\/#website\",\"url\":\"https:\/\/www.ladiagonale.net\/\",\"name\":\"La Diagonale\",\"description\":\"Le site des supporters de l&#039;AS Monaco FC\",\"potentialAction\":[{\"@type\":\"SearchAction\",\"target\":{\"@type\":\"EntryPoint\",\"urlTemplate\":\"https:\/\/www.ladiagonale.net\/?s={search_term_string}\"},\"query-input\":\"required name=search_term_string\"}],\"inLanguage\":\"fr-FR\"},{\"@type\":\"Person\",\"@id\":\"https:\/\/www.ladiagonale.net\/#\/schema\/person\/79ff1e7b0853ed01b2aa26e64ad300bf\",\"name\":\"Damien Dellerba\",\"image\":{\"@type\":\"ImageObject\",\"inLanguage\":\"fr-FR\",\"@id\":\"https:\/\/www.ladiagonale.net\/#\/schema\/person\/image\/\",\"url\":\"https:\/\/secure.gravatar.com\/avatar\/c7850e06d3ff63cdbaee88b7fc16e2f0?s=96&d=mm&r=g\",\"contentUrl\":\"https:\/\/secure.gravatar.com\/avatar\/c7850e06d3ff63cdbaee88b7fc16e2f0?s=96&d=mm&r=g\",\"caption\":\"Damien Dellerba\"},\"url\":\"https:\/\/www.ladiagonale.net\/index.php\/author\/damien\/\"}]}<\/script>\n<!-- \/ Yoast SEO plugin. -->","yoast_head_json":{"title":"Monaco trop fort pour Strasbourg (3-0) - La Diagonale","robots":{"index":"index","follow":"follow","max-snippet":"max-snippet:-1","max-image-preview":"max-image-preview:large","max-video-preview":"max-video-preview:-1"},"canonical":"https:\/\/www.ladiagonale.net\/index.php\/2023\/08\/20\/monaco-trop-fort-pour-strasbourg-3-0\/","og_locale":"fr_FR","og_type":"article","og_title":"Monaco trop fort pour Strasbourg (3-0) - La Diagonale","og_description":"Pour ses retrouvailles avec le stade Louis-II, l\u2019AS Monaco s\u2019est impos\u00e9e largement contre Strasbourg (3-0), port\u00e9e par un Minamino particuli\u00e8rement inspir\u00e9. Le milieu offensif japonais a inscrit un doubl\u00e9 et d\u00e9livr\u00e9 une passe d\u00e9cisive en faveur de Ben Yedder pour mener Monaco vers le succ\u00e8s, dans une rencontre finalement \u00e0 sens unique. Car si les [...]","og_url":"https:\/\/www.ladiagonale.net\/index.php\/2023\/08\/20\/monaco-trop-fort-pour-strasbourg-3-0\/","og_site_name":"La Diagonale","article_published_time":"2023-08-20T19:10:00+00:00","article_modified_time":"2023-08-20T19:18:51+00:00","og_image":[{"width":1160,"height":650,"url":"https:\/\/www.ladiagonale.net\/wp-content\/uploads\/2023\/08\/minamino.png","type":"image\/png"}],"author":"Damien Dellerba","twitter_card":"summary_large_image","twitter_image":"https:\/\/www.ladiagonale.net\/wp-content\/uploads\/2023\/08\/minamino.png","twitter_misc":{"\u00c9crit par":"Damien Dellerba","Dur\u00e9e de lecture estim\u00e9e":"1 minute"},"schema":{"@context":"https:\/\/schema.org","@graph":[{"@type":"WebPage","@id":"https:\/\/www.ladiagonale.net\/index.php\/2023\/08\/20\/monaco-trop-fort-pour-strasbourg-3-0\/","url":"https:\/\/www.ladiagonale.net\/index.php\/2023\/08\/20\/monaco-trop-fort-pour-strasbourg-3-0\/","name":"Monaco trop fort pour Strasbourg (3-0) - La Diagonale","isPartOf":{"@id":"https:\/\/www.ladiagonale.net\/#website"},"datePublished":"2023-08-20T19:10:00+00:00","dateModified":"2023-08-20T19:18:51+00:00","author":{"@id":"https:\/\/www.ladiagonale.net\/#\/schema\/person\/79ff1e7b0853ed01b2aa26e64ad300bf"},"breadcrumb":{"@id":"https:\/\/www.ladiagonale.net\/index.php\/2023\/08\/20\/monaco-trop-fort-pour-strasbourg-3-0\/#breadcrumb"},"inLanguage":"fr-FR","potentialAction":[{"@type":"ReadAction","target":["https:\/\/www.ladiagonale.net\/index.php\/2023\/08\/20\/monaco-trop-fort-pour-strasbourg-3-0\/"]}]},{"@type":"BreadcrumbList","@id":"https:\/\/www.ladiagonale.net\/index.php\/2023\/08\/20\/monaco-trop-fort-pour-strasbourg-3-0\/#breadcrumb","itemListElement":[{"@type":"ListItem","position":1,"name":"Accueil","item":"https:\/\/www.ladiagonale.net\/"},{"@type":"ListItem","position":2,"name":"Monaco trop fort pour Strasbourg (3-0)"}]},{"@type":"WebSite","@id":"https:\/\/www.ladiagonale.net\/#website","url":"https:\/\/www.ladiagonale.net\/","name":"La Diagonale","description":"Le site des supporters de l&#039;AS Monaco FC","potentialAction":[{"@type":"SearchAction","target":{"@type":"EntryPoint","urlTemplate":"https:\/\/www.ladiagonale.net\/?s={search_term_string}"},"query-input":"required name=search_term_string"}],"inLanguage":"fr-FR"},{"@type":"Person","@id":"https:\/\/www.ladiagonale.net\/#\/schema\/person\/79ff1e7b0853ed01b2aa26e64ad300bf","name":"Damien Dellerba","image":{"@type":"ImageObject","inLanguage":"fr-FR","@id":"https:\/\/www.ladiagonale.net\/#\/schema\/person\/image\/","url":"https:\/\/secure.gravatar.com\/avatar\/c7850e06d3ff63cdbaee88b7fc16e2f0?s=96&d=mm&r=g","contentUrl":"https:\/\/secure.gravatar.com\/avatar\/c7850e06d3ff63cdbaee88b7fc16e2f0?s=96&d=mm&r=g","caption":"Damien Dellerba"},"url":"https:\/\/www.ladiagonale.net\/index.php\/author\/damien\/"}]}},"_links":{"self":[{"href":"https:\/\/www.ladiagonale.net\/index.php\/wp-json\/wp\/v2\/posts\/15337"}],"collection":[{"href":"https:\/\/www.ladiagonale.net\/index.php\/wp-json\/wp\/v2\/posts"}],"about":[{"href":"https:\/\/www.ladiagonale.net\/index.php\/wp-json\/wp\/v2\/types\/post"}],"author":[{"embeddable":true,"href":"https:\/\/www.ladiagonale.net\/index.php\/wp-json\/wp\/v2\/users\/2"}],"replies":[{"embeddable":true,"href":"https:\/\/www.ladiagonale.net\/index.php\/wp-json\/wp\/v2\/comments?post=15337"}],"version-history":[{"count":2,"href":"https:\/\/www.ladiagonale.net\/index.php\/wp-json\/wp\/v2\/posts\/15337\/revisions"}],"predecessor-version":[{"id":15340,"href":"https:\/\/www.ladiagonale.net\/index.php\/wp-json\/wp\/v2\/posts\/15337\/revisions\/15340"}],"wp:attachment":[{"href":"https:\/\/www.ladiagonale.net\/index.php\/wp-json\/wp\/v2\/media?parent=15337"}],"wp:term":[{"taxonomy":"category","embeddable":true,"href":"https:\/\/www.ladiagonale.net\/index.php\/wp-json\/wp\/v2\/categories?post=15337"},{"taxonomy":"post_tag","embeddable":true,"href":"https:\/\/www.ladiagonale.net\/index.php\/wp-json\/wp\/v2\/tags?post=15337"}],"curies":[{"name":"wp","href":"https:\/\/api.w.org\/{rel}","templated":true}]}}