{"id":15396,"date":"2023-08-21T16:58:45","date_gmt":"2023-08-21T14:58:45","guid":{"rendered":"https:\/\/www.ladiagonale.net\/?p=15396"},"modified":"2023-08-21T16:58:48","modified_gmt":"2023-08-21T14:58:48","slug":"six-ans-apres-monaco-retrouve-les-renes-de-la-ligue-1","status":"publish","type":"post","link":"https:\/\/www.ladiagonale.net\/index.php\/2023\/08\/21\/six-ans-apres-monaco-retrouve-les-renes-de-la-ligue-1\/","title":{"rendered":"Six ans apr\u00e8s, Monaco retrouve les r\u00eanes de la Ligue 1"},"content":{"rendered":"\n\n\n<p>\u00c0 l&rsquo;issue de la 2<sup>e<\/sup> journ\u00e9e de Ligue 1, l&rsquo;AS Monaco occupe la premi\u00e8re place du championnat. Les Rouge et Blanc ont r\u00e9alis\u00e9 un sans-faute lors de leurs deux premiers matches, contre Clermont (4-2) et contre Strasbourg (3-0). Monaco totalise six points mais n&rsquo;est pas le seul club dans ce cas, puisque Brest est la seule autre \u00e9quipe \u00e0 avoir remport\u00e9 ses deux premi\u00e8res rencontres de la saison. L&rsquo;ASM occupe toutefois la t\u00eate du classement gr\u00e2ce \u00e0 une meilleure diff\u00e9rence de buts par rapport la formation bretonne (<em>+5 contre +2<\/em>). <\/p>\n\n\n\n<p>Il y a bien longtemps que les Mon\u00e9gasques ne s&rsquo;\u00e9taient pas retrouv\u00e9s en t\u00eate de la Ligue 1. La derni\u00e8re fois, c&rsquo;\u00e9tait lors de la saison 2016-2017, quand la bande \u00e0 Leonardo Jardim avait conquis le huiti\u00e8me titre de l&rsquo;histoire du club de la Principaut\u00e9 et avait termin\u00e9 son championnat par une rencontre \u00e0 Rennes en 38<sup>e<\/sup> journ\u00e9e, le 20 mai 2017. Entre cette date et le dimanche 20 ao\u00fbt 2023, il s&rsquo;est \u00e9coul\u00e9 tr\u00e8s exactement 2283 jours, soit 6 ans et 3 mois.<\/p>\n\n\n\n<p class=\"has-white-color has-text-color has-background\" style=\"background-color:#303030\"><a href=\"https:\/\/www.ladiagonale.net\/index.php\/classements\/\">Voir le classement complet de la Ligue 1<\/a><\/p>\n\n\n\n<p>\u00c0 la suite du sacre de 2017, les As\u00e9mistes avaient d\u00e9marr\u00e9 la saison suivante tambour battant, en signant quatre succ\u00e8s de rang, dont deux cartons contre Dijon (4-1 en J2) et surtout contre Marseille (6-1 en J4). Mais ce festival offensif s&rsquo;\u00e9tait r\u00e9v\u00e9l\u00e9 insuffisant face au PSG, encore un ton au-dessus, et qui avait pris la t\u00eate cela gr\u00e2ce \u00e0 une meilleure diff\u00e9rence de buts (+12 contre +10).<\/p>\n\n\n\n<p>Si cela ne pr\u00e9sume rien pour la suite de la comp\u00e9tition, l&rsquo;ASM peut d\u00e9j\u00e0 profiter de cette dynamique positive apr\u00e8s une fin de saison pr\u00e9c\u00e9dente contrariante, alors que Paris et Lens n&rsquo;ont pas encore pris leurs marques dans ce championnat. Monaco poss\u00e8de deux points d&rsquo;avance sur Rennes, Lille et l&rsquo;OM, quatre sur le PSG et cinq sur Lens. Mais Adi H\u00fctter a voulu parer \u00e0 tout exc\u00e8s de confiance et rappel\u00e9 qu&rsquo;il faut \u00ab<em> y aller doucement et rester mesur\u00e9s <\/em>\u00bb.<\/p>\n","protected":false},"excerpt":{"rendered":"<p>\u00c0 l&rsquo;issue de la 2e journ\u00e9e de Ligue 1, l&rsquo;AS Monaco occupe la premi\u00e8re place du championnat. Les Rouge et Blanc ont r\u00e9alis\u00e9 un sans-faute lors de leurs deux premiers matches, contre Clermont (4-2) et contre Strasbourg (3-0). Monaco totalise six points mais n&rsquo;est pas le seul club dans ce cas, puisque Brest est la [&#8230;]\n","protected":false},"author":2,"featured_media":0,"comment_status":"open","ping_status":"open","sticky":false,"template":"","format":"standard","meta":[],"categories":[6],"tags":[86,94],"yoast_head":"<!-- This site is optimized with the Yoast SEO plugin v19.8 - https:\/\/yoast.com\/wordpress\/plugins\/seo\/ -->\n<title>Six ans apr\u00e8s, Monaco retrouve les r\u00eanes de la Ligue 1 - La Diagonale<\/title>\n<meta name=\"robots\" content=\"index, follow, max-snippet:-1, max-image-preview:large, max-video-preview:-1\" \/>\n<link rel=\"canonical\" href=\"https:\/\/www.ladiagonale.net\/index.php\/2023\/08\/21\/six-ans-apres-monaco-retrouve-les-renes-de-la-ligue-1\/\" \/>\n<meta property=\"og:locale\" content=\"fr_FR\" \/>\n<meta property=\"og:type\" content=\"article\" \/>\n<meta property=\"og:title\" content=\"Six ans apr\u00e8s, Monaco retrouve les r\u00eanes de la Ligue 1 - La Diagonale\" \/>\n<meta property=\"og:description\" content=\"\u00c0 l&rsquo;issue de la 2e journ\u00e9e de Ligue 1, l&rsquo;AS Monaco occupe la premi\u00e8re place du championnat. Les Rouge et Blanc ont r\u00e9alis\u00e9 un sans-faute lors de leurs deux premiers matches, contre Clermont (4-2) et contre Strasbourg (3-0). Monaco totalise six points mais n&rsquo;est pas le seul club dans ce cas, puisque Brest est la [...]\" \/>\n<meta property=\"og:url\" content=\"https:\/\/www.ladiagonale.net\/index.php\/2023\/08\/21\/six-ans-apres-monaco-retrouve-les-renes-de-la-ligue-1\/\" \/>\n<meta property=\"og:site_name\" content=\"La Diagonale\" \/>\n<meta property=\"article:published_time\" content=\"2023-08-21T14:58:45+00:00\" \/>\n<meta property=\"article:modified_time\" content=\"2023-08-21T14:58:48+00:00\" \/>\n<meta property=\"og:image\" content=\"https:\/\/www.ladiagonale.net\/wp-content\/uploads\/2023\/08\/tour-dhonneur.png\" \/>\n\t<meta property=\"og:image:width\" content=\"1160\" \/>\n\t<meta property=\"og:image:height\" content=\"650\" \/>\n\t<meta property=\"og:image:type\" content=\"image\/png\" \/>\n<meta name=\"author\" content=\"Damien Dellerba\" \/>\n<meta name=\"twitter:card\" content=\"summary_large_image\" \/>\n<meta name=\"twitter:image\" content=\"https:\/\/www.ladiagonale.net\/wp-content\/uploads\/2023\/08\/tour-dhonneur.png\" \/>\n<meta name=\"twitter:label1\" content=\"\u00c9crit par\" \/>\n\t<meta name=\"twitter:data1\" content=\"Damien Dellerba\" \/>\n\t<meta name=\"twitter:label2\" content=\"Dur\u00e9e de lecture estim\u00e9e\" \/>\n\t<meta name=\"twitter:data2\" content=\"2 minutes\" \/>\n<script type=\"application\/ld+json\" class=\"yoast-schema-graph\">{\"@context\":\"https:\/\/schema.org\",\"@graph\":[{\"@type\":\"WebPage\",\"@id\":\"https:\/\/www.ladiagonale.net\/index.php\/2023\/08\/21\/six-ans-apres-monaco-retrouve-les-renes-de-la-ligue-1\/\",\"url\":\"https:\/\/www.ladiagonale.net\/index.php\/2023\/08\/21\/six-ans-apres-monaco-retrouve-les-renes-de-la-ligue-1\/\",\"name\":\"Six ans apr\u00e8s, Monaco retrouve les r\u00eanes de la Ligue 1 - La Diagonale\",\"isPartOf\":{\"@id\":\"https:\/\/www.ladiagonale.net\/#website\"},\"datePublished\":\"2023-08-21T14:58:45+00:00\",\"dateModified\":\"2023-08-21T14:58:48+00:00\",\"author\":{\"@id\":\"https:\/\/www.ladiagonale.net\/#\/schema\/person\/79ff1e7b0853ed01b2aa26e64ad300bf\"},\"breadcrumb\":{\"@id\":\"https:\/\/www.ladiagonale.net\/index.php\/2023\/08\/21\/six-ans-apres-monaco-retrouve-les-renes-de-la-ligue-1\/#breadcrumb\"},\"inLanguage\":\"fr-FR\",\"potentialAction\":[{\"@type\":\"ReadAction\",\"target\":[\"https:\/\/www.ladiagonale.net\/index.php\/2023\/08\/21\/six-ans-apres-monaco-retrouve-les-renes-de-la-ligue-1\/\"]}]},{\"@type\":\"BreadcrumbList\",\"@id\":\"https:\/\/www.ladiagonale.net\/index.php\/2023\/08\/21\/six-ans-apres-monaco-retrouve-les-renes-de-la-ligue-1\/#breadcrumb\",\"itemListElement\":[{\"@type\":\"ListItem\",\"position\":1,\"name\":\"Accueil\",\"item\":\"https:\/\/www.ladiagonale.net\/\"},{\"@type\":\"ListItem\",\"position\":2,\"name\":\"Six ans apr\u00e8s, Monaco retrouve les r\u00eanes de la Ligue 1\"}]},{\"@type\":\"WebSite\",\"@id\":\"https:\/\/www.ladiagonale.net\/#website\",\"url\":\"https:\/\/www.ladiagonale.net\/\",\"name\":\"La Diagonale\",\"description\":\"Le site des supporters de l&#039;AS Monaco FC\",\"potentialAction\":[{\"@type\":\"SearchAction\",\"target\":{\"@type\":\"EntryPoint\",\"urlTemplate\":\"https:\/\/www.ladiagonale.net\/?s={search_term_string}\"},\"query-input\":\"required name=search_term_string\"}],\"inLanguage\":\"fr-FR\"},{\"@type\":\"Person\",\"@id\":\"https:\/\/www.ladiagonale.net\/#\/schema\/person\/79ff1e7b0853ed01b2aa26e64ad300bf\",\"name\":\"Damien Dellerba\",\"image\":{\"@type\":\"ImageObject\",\"inLanguage\":\"fr-FR\",\"@id\":\"https:\/\/www.ladiagonale.net\/#\/schema\/person\/image\/\",\"url\":\"https:\/\/secure.gravatar.com\/avatar\/c7850e06d3ff63cdbaee88b7fc16e2f0?s=96&d=mm&r=g\",\"contentUrl\":\"https:\/\/secure.gravatar.com\/avatar\/c7850e06d3ff63cdbaee88b7fc16e2f0?s=96&d=mm&r=g\",\"caption\":\"Damien Dellerba\"},\"url\":\"https:\/\/www.ladiagonale.net\/index.php\/author\/damien\/\"}]}<\/script>\n<!-- \/ Yoast SEO plugin. -->","yoast_head_json":{"title":"Six ans apr\u00e8s, Monaco retrouve les r\u00eanes de la Ligue 1 - La Diagonale","robots":{"index":"index","follow":"follow","max-snippet":"max-snippet:-1","max-image-preview":"max-image-preview:large","max-video-preview":"max-video-preview:-1"},"canonical":"https:\/\/www.ladiagonale.net\/index.php\/2023\/08\/21\/six-ans-apres-monaco-retrouve-les-renes-de-la-ligue-1\/","og_locale":"fr_FR","og_type":"article","og_title":"Six ans apr\u00e8s, Monaco retrouve les r\u00eanes de la Ligue 1 - La Diagonale","og_description":"\u00c0 l&rsquo;issue de la 2e journ\u00e9e de Ligue 1, l&rsquo;AS Monaco occupe la premi\u00e8re place du championnat. Les Rouge et Blanc ont r\u00e9alis\u00e9 un sans-faute lors de leurs deux premiers matches, contre Clermont (4-2) et contre Strasbourg (3-0). Monaco totalise six points mais n&rsquo;est pas le seul club dans ce cas, puisque Brest est la [...]","og_url":"https:\/\/www.ladiagonale.net\/index.php\/2023\/08\/21\/six-ans-apres-monaco-retrouve-les-renes-de-la-ligue-1\/","og_site_name":"La Diagonale","article_published_time":"2023-08-21T14:58:45+00:00","article_modified_time":"2023-08-21T14:58:48+00:00","og_image":[{"width":1160,"height":650,"url":"https:\/\/www.ladiagonale.net\/wp-content\/uploads\/2023\/08\/tour-dhonneur.png","type":"image\/png"}],"author":"Damien Dellerba","twitter_card":"summary_large_image","twitter_image":"https:\/\/www.ladiagonale.net\/wp-content\/uploads\/2023\/08\/tour-dhonneur.png","twitter_misc":{"\u00c9crit par":"Damien Dellerba","Dur\u00e9e de lecture estim\u00e9e":"2 minutes"},"schema":{"@context":"https:\/\/schema.org","@graph":[{"@type":"WebPage","@id":"https:\/\/www.ladiagonale.net\/index.php\/2023\/08\/21\/six-ans-apres-monaco-retrouve-les-renes-de-la-ligue-1\/","url":"https:\/\/www.ladiagonale.net\/index.php\/2023\/08\/21\/six-ans-apres-monaco-retrouve-les-renes-de-la-ligue-1\/","name":"Six ans apr\u00e8s, Monaco retrouve les r\u00eanes de la Ligue 1 - La Diagonale","isPartOf":{"@id":"https:\/\/www.ladiagonale.net\/#website"},"datePublished":"2023-08-21T14:58:45+00:00","dateModified":"2023-08-21T14:58:48+00:00","author":{"@id":"https:\/\/www.ladiagonale.net\/#\/schema\/person\/79ff1e7b0853ed01b2aa26e64ad300bf"},"breadcrumb":{"@id":"https:\/\/www.ladiagonale.net\/index.php\/2023\/08\/21\/six-ans-apres-monaco-retrouve-les-renes-de-la-ligue-1\/#breadcrumb"},"inLanguage":"fr-FR","potentialAction":[{"@type":"ReadAction","target":["https:\/\/www.ladiagonale.net\/index.php\/2023\/08\/21\/six-ans-apres-monaco-retrouve-les-renes-de-la-ligue-1\/"]}]},{"@type":"BreadcrumbList","@id":"https:\/\/www.ladiagonale.net\/index.php\/2023\/08\/21\/six-ans-apres-monaco-retrouve-les-renes-de-la-ligue-1\/#breadcrumb","itemListElement":[{"@type":"ListItem","position":1,"name":"Accueil","item":"https:\/\/www.ladiagonale.net\/"},{"@type":"ListItem","position":2,"name":"Six ans apr\u00e8s, Monaco retrouve les r\u00eanes de la Ligue 1"}]},{"@type":"WebSite","@id":"https:\/\/www.ladiagonale.net\/#website","url":"https:\/\/www.ladiagonale.net\/","name":"La Diagonale","description":"Le site des supporters de l&#039;AS Monaco FC","potentialAction":[{"@type":"SearchAction","target":{"@type":"EntryPoint","urlTemplate":"https:\/\/www.ladiagonale.net\/?s={search_term_string}"},"query-input":"required name=search_term_string"}],"inLanguage":"fr-FR"},{"@type":"Person","@id":"https:\/\/www.ladiagonale.net\/#\/schema\/person\/79ff1e7b0853ed01b2aa26e64ad300bf","name":"Damien Dellerba","image":{"@type":"ImageObject","inLanguage":"fr-FR","@id":"https:\/\/www.ladiagonale.net\/#\/schema\/person\/image\/","url":"https:\/\/secure.gravatar.com\/avatar\/c7850e06d3ff63cdbaee88b7fc16e2f0?s=96&d=mm&r=g","contentUrl":"https:\/\/secure.gravatar.com\/avatar\/c7850e06d3ff63cdbaee88b7fc16e2f0?s=96&d=mm&r=g","caption":"Damien Dellerba"},"url":"https:\/\/www.ladiagonale.net\/index.php\/author\/damien\/"}]}},"_links":{"self":[{"href":"https:\/\/www.ladiagonale.net\/index.php\/wp-json\/wp\/v2\/posts\/15396"}],"collection":[{"href":"https:\/\/www.ladiagonale.net\/index.php\/wp-json\/wp\/v2\/posts"}],"about":[{"href":"https:\/\/www.ladiagonale.net\/index.php\/wp-json\/wp\/v2\/types\/post"}],"author":[{"embeddable":true,"href":"https:\/\/www.ladiagonale.net\/index.php\/wp-json\/wp\/v2\/users\/2"}],"replies":[{"embeddable":true,"href":"https:\/\/www.ladiagonale.net\/index.php\/wp-json\/wp\/v2\/comments?post=15396"}],"version-history":[{"count":2,"href":"https:\/\/www.ladiagonale.net\/index.php\/wp-json\/wp\/v2\/posts\/15396\/revisions"}],"predecessor-version":[{"id":15400,"href":"https:\/\/www.ladiagonale.net\/index.php\/wp-json\/wp\/v2\/posts\/15396\/revisions\/15400"}],"wp:attachment":[{"href":"https:\/\/www.ladiagonale.net\/index.php\/wp-json\/wp\/v2\/media?parent=15396"}],"wp:term":[{"taxonomy":"category","embeddable":true,"href":"https:\/\/www.ladiagonale.net\/index.php\/wp-json\/wp\/v2\/categories?post=15396"},{"taxonomy":"post_tag","embeddable":true,"href":"https:\/\/www.ladiagonale.net\/index.php\/wp-json\/wp\/v2\/tags?post=15396"}],"curies":[{"name":"wp","href":"https:\/\/api.w.org\/{rel}","templated":true}]}}