{"id":15434,"date":"2023-08-22T16:54:11","date_gmt":"2023-08-22T14:54:11","guid":{"rendered":"https:\/\/www.ladiagonale.net\/?p=15434"},"modified":"2023-08-22T16:54:14","modified_gmt":"2023-08-22T14:54:14","slug":"pignard-va-arbitrer-nantes-monaco","status":"publish","type":"post","link":"https:\/\/www.ladiagonale.net\/index.php\/2023\/08\/22\/pignard-va-arbitrer-nantes-monaco\/","title":{"rendered":"Pignard va arbitrer Nantes-Monaco"},"content":{"rendered":"\n\n\n<p>Vendredi (21h), l&rsquo;AS Monaco se d\u00e9place \u00e0 Nantes pour la 3<sup>e<\/sup> journ\u00e9e de Ligue 1. C&rsquo;est J\u00e9r\u00e9mie Pignard qui a \u00e9t\u00e9 d\u00e9sign\u00e9 pour arbitrer cette rencontre. Nicolas Danos et Julien Pacelli seront ses deux assistants sur la ligne de touche tandis que Romain Lissorgue et St\u00e9phane Br\u00e9 seront associ\u00e9s dans le <em>Replay Center<\/em> pour l&rsquo;assistance \u00e0 la vid\u00e9o.<\/p>\n\n\n\n<p>La saison derni\u00e8re, J\u00e9r\u00e9mie Pignard a arbitr\u00e9 Monaco \u00e0 deux reprises et c&rsquo;est peu de dire que les Rouge et Blanc n&rsquo;en gardent pas un grand souvenir. Contre Rennes (<em>1-1 le 13 ao\u00fbt<\/em>), il avait expuls\u00e9 tr\u00e8s s\u00e9v\u00e8rement Youssouf Fofana pour une semelle sur un pied rennais. Et m\u00eame s&rsquo;il avait siffl\u00e9 un p\u00e9nalty en faveur de l&rsquo;ASM, le poing de Manadanda sur le visage d&rsquo;Embolo apr\u00e8s une sortie non ma\u00eetris\u00e9e n&rsquo;avait valu qu&rsquo;un jaune au gardien rennais. <\/p>\n\n\n\n<p>La performance de Pignard avait d&rsquo;ailleurs \u00e9t\u00e9 jug\u00e9e erratique par <em>L&rsquo;\u00c9quipe<\/em>, qui l&rsquo;avait sanctionn\u00e9e d&rsquo;un 2\/10. Le second match contre Marseille (1-1, le 28 janvier) avait \u00e9t\u00e9 l\u00e9g\u00e8rement meilleur, mais insuffisant pour atteindre la moyenne aux yeux des reporters du quotidien sportif, qui avaient \u00e9valu\u00e9 son match \u00e0 4\/10, ce qui donne une moyenne faiblarde de 3\/10 sur les deux rencontres arbitr\u00e9es par Pignard.<\/p>\n","protected":false},"excerpt":{"rendered":"<p>Vendredi (21h), l&rsquo;AS Monaco se d\u00e9place \u00e0 Nantes pour la 3e journ\u00e9e de Ligue 1. C&rsquo;est J\u00e9r\u00e9mie Pignard qui a \u00e9t\u00e9 d\u00e9sign\u00e9 pour arbitrer cette rencontre. Nicolas Danos et Julien Pacelli seront ses deux assistants sur la ligne de touche tandis que Romain Lissorgue et St\u00e9phane Br\u00e9 seront associ\u00e9s dans le Replay Center pour l&rsquo;assistance [&#8230;]\n","protected":false},"author":2,"featured_media":0,"comment_status":"open","ping_status":"open","sticky":false,"template":"","format":"standard","meta":[],"categories":[6],"tags":[156,86,652,677,94,438],"yoast_head":"<!-- This site is optimized with the Yoast SEO plugin v19.8 - https:\/\/yoast.com\/wordpress\/plugins\/seo\/ -->\n<title>Pignard va arbitrer Nantes-Monaco - La Diagonale<\/title>\n<meta name=\"robots\" content=\"index, follow, max-snippet:-1, max-image-preview:large, max-video-preview:-1\" \/>\n<link rel=\"canonical\" href=\"https:\/\/www.ladiagonale.net\/index.php\/2023\/08\/22\/pignard-va-arbitrer-nantes-monaco\/\" \/>\n<meta property=\"og:locale\" content=\"fr_FR\" \/>\n<meta property=\"og:type\" content=\"article\" \/>\n<meta property=\"og:title\" content=\"Pignard va arbitrer Nantes-Monaco - La Diagonale\" \/>\n<meta property=\"og:description\" content=\"Vendredi (21h), l&rsquo;AS Monaco se d\u00e9place \u00e0 Nantes pour la 3e journ\u00e9e de Ligue 1. C&rsquo;est J\u00e9r\u00e9mie Pignard qui a \u00e9t\u00e9 d\u00e9sign\u00e9 pour arbitrer cette rencontre. Nicolas Danos et Julien Pacelli seront ses deux assistants sur la ligne de touche tandis que Romain Lissorgue et St\u00e9phane Br\u00e9 seront associ\u00e9s dans le Replay Center pour l&rsquo;assistance [...]\" \/>\n<meta property=\"og:url\" content=\"https:\/\/www.ladiagonale.net\/index.php\/2023\/08\/22\/pignard-va-arbitrer-nantes-monaco\/\" \/>\n<meta property=\"og:site_name\" content=\"La Diagonale\" \/>\n<meta property=\"article:published_time\" content=\"2023-08-22T14:54:11+00:00\" \/>\n<meta property=\"article:modified_time\" content=\"2023-08-22T14:54:14+00:00\" \/>\n<meta property=\"og:image\" content=\"https:\/\/www.ladiagonale.net\/wp-content\/uploads\/2023\/08\/pignard.png\" \/>\n\t<meta property=\"og:image:width\" content=\"1160\" \/>\n\t<meta property=\"og:image:height\" content=\"650\" \/>\n\t<meta property=\"og:image:type\" content=\"image\/png\" \/>\n<meta name=\"author\" content=\"Damien Dellerba\" \/>\n<meta name=\"twitter:card\" content=\"summary_large_image\" \/>\n<meta name=\"twitter:image\" content=\"https:\/\/www.ladiagonale.net\/wp-content\/uploads\/2023\/08\/pignard.png\" \/>\n<meta name=\"twitter:label1\" content=\"\u00c9crit par\" \/>\n\t<meta name=\"twitter:data1\" content=\"Damien Dellerba\" \/>\n\t<meta name=\"twitter:label2\" content=\"Dur\u00e9e de lecture estim\u00e9e\" \/>\n\t<meta name=\"twitter:data2\" content=\"2 minutes\" \/>\n<script type=\"application\/ld+json\" class=\"yoast-schema-graph\">{\"@context\":\"https:\/\/schema.org\",\"@graph\":[{\"@type\":\"WebPage\",\"@id\":\"https:\/\/www.ladiagonale.net\/index.php\/2023\/08\/22\/pignard-va-arbitrer-nantes-monaco\/\",\"url\":\"https:\/\/www.ladiagonale.net\/index.php\/2023\/08\/22\/pignard-va-arbitrer-nantes-monaco\/\",\"name\":\"Pignard va arbitrer Nantes-Monaco - La Diagonale\",\"isPartOf\":{\"@id\":\"https:\/\/www.ladiagonale.net\/#website\"},\"datePublished\":\"2023-08-22T14:54:11+00:00\",\"dateModified\":\"2023-08-22T14:54:14+00:00\",\"author\":{\"@id\":\"https:\/\/www.ladiagonale.net\/#\/schema\/person\/79ff1e7b0853ed01b2aa26e64ad300bf\"},\"breadcrumb\":{\"@id\":\"https:\/\/www.ladiagonale.net\/index.php\/2023\/08\/22\/pignard-va-arbitrer-nantes-monaco\/#breadcrumb\"},\"inLanguage\":\"fr-FR\",\"potentialAction\":[{\"@type\":\"ReadAction\",\"target\":[\"https:\/\/www.ladiagonale.net\/index.php\/2023\/08\/22\/pignard-va-arbitrer-nantes-monaco\/\"]}]},{\"@type\":\"BreadcrumbList\",\"@id\":\"https:\/\/www.ladiagonale.net\/index.php\/2023\/08\/22\/pignard-va-arbitrer-nantes-monaco\/#breadcrumb\",\"itemListElement\":[{\"@type\":\"ListItem\",\"position\":1,\"name\":\"Accueil\",\"item\":\"https:\/\/www.ladiagonale.net\/\"},{\"@type\":\"ListItem\",\"position\":2,\"name\":\"Pignard va arbitrer Nantes-Monaco\"}]},{\"@type\":\"WebSite\",\"@id\":\"https:\/\/www.ladiagonale.net\/#website\",\"url\":\"https:\/\/www.ladiagonale.net\/\",\"name\":\"La Diagonale\",\"description\":\"Le site des supporters de l&#039;AS Monaco FC\",\"potentialAction\":[{\"@type\":\"SearchAction\",\"target\":{\"@type\":\"EntryPoint\",\"urlTemplate\":\"https:\/\/www.ladiagonale.net\/?s={search_term_string}\"},\"query-input\":\"required name=search_term_string\"}],\"inLanguage\":\"fr-FR\"},{\"@type\":\"Person\",\"@id\":\"https:\/\/www.ladiagonale.net\/#\/schema\/person\/79ff1e7b0853ed01b2aa26e64ad300bf\",\"name\":\"Damien Dellerba\",\"image\":{\"@type\":\"ImageObject\",\"inLanguage\":\"fr-FR\",\"@id\":\"https:\/\/www.ladiagonale.net\/#\/schema\/person\/image\/\",\"url\":\"https:\/\/secure.gravatar.com\/avatar\/c7850e06d3ff63cdbaee88b7fc16e2f0?s=96&d=mm&r=g\",\"contentUrl\":\"https:\/\/secure.gravatar.com\/avatar\/c7850e06d3ff63cdbaee88b7fc16e2f0?s=96&d=mm&r=g\",\"caption\":\"Damien Dellerba\"},\"url\":\"https:\/\/www.ladiagonale.net\/index.php\/author\/damien\/\"}]}<\/script>\n<!-- \/ Yoast SEO plugin. -->","yoast_head_json":{"title":"Pignard va arbitrer Nantes-Monaco - La Diagonale","robots":{"index":"index","follow":"follow","max-snippet":"max-snippet:-1","max-image-preview":"max-image-preview:large","max-video-preview":"max-video-preview:-1"},"canonical":"https:\/\/www.ladiagonale.net\/index.php\/2023\/08\/22\/pignard-va-arbitrer-nantes-monaco\/","og_locale":"fr_FR","og_type":"article","og_title":"Pignard va arbitrer Nantes-Monaco - La Diagonale","og_description":"Vendredi (21h), l&rsquo;AS Monaco se d\u00e9place \u00e0 Nantes pour la 3e journ\u00e9e de Ligue 1. C&rsquo;est J\u00e9r\u00e9mie Pignard qui a \u00e9t\u00e9 d\u00e9sign\u00e9 pour arbitrer cette rencontre. Nicolas Danos et Julien Pacelli seront ses deux assistants sur la ligne de touche tandis que Romain Lissorgue et St\u00e9phane Br\u00e9 seront associ\u00e9s dans le Replay Center pour l&rsquo;assistance [...]","og_url":"https:\/\/www.ladiagonale.net\/index.php\/2023\/08\/22\/pignard-va-arbitrer-nantes-monaco\/","og_site_name":"La Diagonale","article_published_time":"2023-08-22T14:54:11+00:00","article_modified_time":"2023-08-22T14:54:14+00:00","og_image":[{"width":1160,"height":650,"url":"https:\/\/www.ladiagonale.net\/wp-content\/uploads\/2023\/08\/pignard.png","type":"image\/png"}],"author":"Damien Dellerba","twitter_card":"summary_large_image","twitter_image":"https:\/\/www.ladiagonale.net\/wp-content\/uploads\/2023\/08\/pignard.png","twitter_misc":{"\u00c9crit par":"Damien Dellerba","Dur\u00e9e de lecture estim\u00e9e":"2 minutes"},"schema":{"@context":"https:\/\/schema.org","@graph":[{"@type":"WebPage","@id":"https:\/\/www.ladiagonale.net\/index.php\/2023\/08\/22\/pignard-va-arbitrer-nantes-monaco\/","url":"https:\/\/www.ladiagonale.net\/index.php\/2023\/08\/22\/pignard-va-arbitrer-nantes-monaco\/","name":"Pignard va arbitrer Nantes-Monaco - La Diagonale","isPartOf":{"@id":"https:\/\/www.ladiagonale.net\/#website"},"datePublished":"2023-08-22T14:54:11+00:00","dateModified":"2023-08-22T14:54:14+00:00","author":{"@id":"https:\/\/www.ladiagonale.net\/#\/schema\/person\/79ff1e7b0853ed01b2aa26e64ad300bf"},"breadcrumb":{"@id":"https:\/\/www.ladiagonale.net\/index.php\/2023\/08\/22\/pignard-va-arbitrer-nantes-monaco\/#breadcrumb"},"inLanguage":"fr-FR","potentialAction":[{"@type":"ReadAction","target":["https:\/\/www.ladiagonale.net\/index.php\/2023\/08\/22\/pignard-va-arbitrer-nantes-monaco\/"]}]},{"@type":"BreadcrumbList","@id":"https:\/\/www.ladiagonale.net\/index.php\/2023\/08\/22\/pignard-va-arbitrer-nantes-monaco\/#breadcrumb","itemListElement":[{"@type":"ListItem","position":1,"name":"Accueil","item":"https:\/\/www.ladiagonale.net\/"},{"@type":"ListItem","position":2,"name":"Pignard va arbitrer Nantes-Monaco"}]},{"@type":"WebSite","@id":"https:\/\/www.ladiagonale.net\/#website","url":"https:\/\/www.ladiagonale.net\/","name":"La Diagonale","description":"Le site des supporters de l&#039;AS Monaco FC","potentialAction":[{"@type":"SearchAction","target":{"@type":"EntryPoint","urlTemplate":"https:\/\/www.ladiagonale.net\/?s={search_term_string}"},"query-input":"required name=search_term_string"}],"inLanguage":"fr-FR"},{"@type":"Person","@id":"https:\/\/www.ladiagonale.net\/#\/schema\/person\/79ff1e7b0853ed01b2aa26e64ad300bf","name":"Damien Dellerba","image":{"@type":"ImageObject","inLanguage":"fr-FR","@id":"https:\/\/www.ladiagonale.net\/#\/schema\/person\/image\/","url":"https:\/\/secure.gravatar.com\/avatar\/c7850e06d3ff63cdbaee88b7fc16e2f0?s=96&d=mm&r=g","contentUrl":"https:\/\/secure.gravatar.com\/avatar\/c7850e06d3ff63cdbaee88b7fc16e2f0?s=96&d=mm&r=g","caption":"Damien Dellerba"},"url":"https:\/\/www.ladiagonale.net\/index.php\/author\/damien\/"}]}},"_links":{"self":[{"href":"https:\/\/www.ladiagonale.net\/index.php\/wp-json\/wp\/v2\/posts\/15434"}],"collection":[{"href":"https:\/\/www.ladiagonale.net\/index.php\/wp-json\/wp\/v2\/posts"}],"about":[{"href":"https:\/\/www.ladiagonale.net\/index.php\/wp-json\/wp\/v2\/types\/post"}],"author":[{"embeddable":true,"href":"https:\/\/www.ladiagonale.net\/index.php\/wp-json\/wp\/v2\/users\/2"}],"replies":[{"embeddable":true,"href":"https:\/\/www.ladiagonale.net\/index.php\/wp-json\/wp\/v2\/comments?post=15434"}],"version-history":[{"count":2,"href":"https:\/\/www.ladiagonale.net\/index.php\/wp-json\/wp\/v2\/posts\/15434\/revisions"}],"predecessor-version":[{"id":15439,"href":"https:\/\/www.ladiagonale.net\/index.php\/wp-json\/wp\/v2\/posts\/15434\/revisions\/15439"}],"wp:attachment":[{"href":"https:\/\/www.ladiagonale.net\/index.php\/wp-json\/wp\/v2\/media?parent=15434"}],"wp:term":[{"taxonomy":"category","embeddable":true,"href":"https:\/\/www.ladiagonale.net\/index.php\/wp-json\/wp\/v2\/categories?post=15434"},{"taxonomy":"post_tag","embeddable":true,"href":"https:\/\/www.ladiagonale.net\/index.php\/wp-json\/wp\/v2\/tags?post=15434"}],"curies":[{"name":"wp","href":"https:\/\/api.w.org\/{rel}","templated":true}]}}