{"id":15440,"date":"2023-08-23T07:49:00","date_gmt":"2023-08-23T05:49:00","guid":{"rendered":"https:\/\/www.ladiagonale.net\/?p=15440"},"modified":"2023-08-23T03:40:26","modified_gmt":"2023-08-23T01:40:26","slug":"des-echanges-positifs-entre-monaco-et-arsenal-pour-balogun","status":"publish","type":"post","link":"https:\/\/www.ladiagonale.net\/index.php\/2023\/08\/23\/des-echanges-positifs-entre-monaco-et-arsenal-pour-balogun\/","title":{"rendered":"Des \u00e9changes positifs entre Monaco et Arsenal pour Balogun"},"content":{"rendered":"\n\n\n<p>La semaine derni\u00e8re, Monaco a boucl\u00e9 deux dossiers avec les arriv\u00e9es de Denis Zakaria au milieu de terrain et Wilfried Singo en d\u00e9fense. Pour les suivants, il faudra sans doute faire preuve d&rsquo;un peu plus de patience, m\u00eame si le mercato estival doit fermer ses portes au 1<sup>er<\/sup> septembre. Monaco cherche un attaquant, alors que son effectif ne comporte que deux vraies pointes, Ben Yedder et Boadu, et la piste menant \u00e0 Folarin Balogun (22 ans) serait toujours privil\u00e9gi\u00e9e par l&rsquo;ASM. D&rsquo;apr\u00e8s <em>L&rsquo;\u00c9quipe<\/em> et <em>Sky Sports<\/em>, les discussions entre Monaco et Arsenal avanceraient de fa\u00e7on positive.<\/p>\n\n\n\n<p>Depuis peu, Chelsea se serait positionn\u00e9 sur l&rsquo;attaquant am\u00e9ricain, qui est li\u00e9 \u00e0 Arsenal jusqu&rsquo;en 2025, mais les Gunners exigeraient 57 millions d&rsquo;euros pour vendre Balogun \u00e0 un club rival, soit un montant qui serait plus \u00e9lev\u00e9 que celui demand\u00e9 \u00e0 l&rsquo;ASM, qui tournerait autour de 50 millions d&rsquo;euros. L&rsquo;AS Monaco aurait formul\u00e9 <a href=\"https:\/\/www.ladiagonale.net\/index.php\/2023\/08\/07\/arsenal-aurait-refuse-une-offre-pour-balogun\/\">une premi\u00e8re offre l\u00e9g\u00e8rement inf\u00e9rieure \u00e0 40 millions d&rsquo;euros<\/a> d\u00e9but ao\u00fbt, rejet\u00e9e par Arsenal, mais <a href=\"https:\/\/www.ladiagonale.net\/index.php\/2023\/08\/09\/un-accord-de-principe-avec-balogun\/\">tiendrait un accord de principe avec le joueur<\/a>, qui ne verrait pas d&rsquo;un mauvais \u0153il un retour en Ligue 1.<\/p>\n","protected":false},"excerpt":{"rendered":"<p>La semaine derni\u00e8re, Monaco a boucl\u00e9 deux dossiers avec les arriv\u00e9es de Denis Zakaria au milieu de terrain et Wilfried Singo en d\u00e9fense. Pour les suivants, il faudra sans doute faire preuve d&rsquo;un peu plus de patience, m\u00eame si le mercato estival doit fermer ses portes au 1er septembre. Monaco cherche un attaquant, alors que [&#8230;]\n","protected":false},"author":2,"featured_media":0,"comment_status":"open","ping_status":"open","sticky":false,"template":"","format":"standard","meta":[],"categories":[6],"tags":[86,483,111,110],"yoast_head":"<!-- This site is optimized with the Yoast SEO plugin v19.8 - https:\/\/yoast.com\/wordpress\/plugins\/seo\/ -->\n<title>Des \u00e9changes positifs entre Monaco et Arsenal pour Balogun - La Diagonale<\/title>\n<meta name=\"robots\" content=\"index, follow, max-snippet:-1, max-image-preview:large, max-video-preview:-1\" \/>\n<link rel=\"canonical\" href=\"https:\/\/www.ladiagonale.net\/index.php\/2023\/08\/23\/des-echanges-positifs-entre-monaco-et-arsenal-pour-balogun\/\" \/>\n<meta property=\"og:locale\" content=\"fr_FR\" \/>\n<meta property=\"og:type\" content=\"article\" \/>\n<meta property=\"og:title\" content=\"Des \u00e9changes positifs entre Monaco et Arsenal pour Balogun - La Diagonale\" \/>\n<meta property=\"og:description\" content=\"La semaine derni\u00e8re, Monaco a boucl\u00e9 deux dossiers avec les arriv\u00e9es de Denis Zakaria au milieu de terrain et Wilfried Singo en d\u00e9fense. Pour les suivants, il faudra sans doute faire preuve d&rsquo;un peu plus de patience, m\u00eame si le mercato estival doit fermer ses portes au 1er septembre. Monaco cherche un attaquant, alors que [...]\" \/>\n<meta property=\"og:url\" content=\"https:\/\/www.ladiagonale.net\/index.php\/2023\/08\/23\/des-echanges-positifs-entre-monaco-et-arsenal-pour-balogun\/\" \/>\n<meta property=\"og:site_name\" content=\"La Diagonale\" \/>\n<meta property=\"article:published_time\" content=\"2023-08-23T05:49:00+00:00\" \/>\n<meta property=\"article:modified_time\" content=\"2023-08-23T01:40:26+00:00\" \/>\n<meta property=\"og:image\" content=\"https:\/\/www.ladiagonale.net\/wp-content\/uploads\/2023\/03\/balogun.png\" \/>\n\t<meta property=\"og:image:width\" content=\"1160\" \/>\n\t<meta property=\"og:image:height\" content=\"650\" \/>\n\t<meta property=\"og:image:type\" content=\"image\/png\" \/>\n<meta name=\"author\" content=\"Damien Dellerba\" \/>\n<meta name=\"twitter:card\" content=\"summary_large_image\" \/>\n<meta name=\"twitter:image\" content=\"https:\/\/www.ladiagonale.net\/wp-content\/uploads\/2023\/03\/balogun.png\" \/>\n<meta name=\"twitter:label1\" content=\"\u00c9crit par\" \/>\n\t<meta name=\"twitter:data1\" content=\"Damien Dellerba\" \/>\n\t<meta name=\"twitter:label2\" content=\"Dur\u00e9e de lecture estim\u00e9e\" \/>\n\t<meta name=\"twitter:data2\" content=\"1 minute\" \/>\n<script type=\"application\/ld+json\" class=\"yoast-schema-graph\">{\"@context\":\"https:\/\/schema.org\",\"@graph\":[{\"@type\":\"WebPage\",\"@id\":\"https:\/\/www.ladiagonale.net\/index.php\/2023\/08\/23\/des-echanges-positifs-entre-monaco-et-arsenal-pour-balogun\/\",\"url\":\"https:\/\/www.ladiagonale.net\/index.php\/2023\/08\/23\/des-echanges-positifs-entre-monaco-et-arsenal-pour-balogun\/\",\"name\":\"Des \u00e9changes positifs entre Monaco et Arsenal pour Balogun - La Diagonale\",\"isPartOf\":{\"@id\":\"https:\/\/www.ladiagonale.net\/#website\"},\"datePublished\":\"2023-08-23T05:49:00+00:00\",\"dateModified\":\"2023-08-23T01:40:26+00:00\",\"author\":{\"@id\":\"https:\/\/www.ladiagonale.net\/#\/schema\/person\/79ff1e7b0853ed01b2aa26e64ad300bf\"},\"breadcrumb\":{\"@id\":\"https:\/\/www.ladiagonale.net\/index.php\/2023\/08\/23\/des-echanges-positifs-entre-monaco-et-arsenal-pour-balogun\/#breadcrumb\"},\"inLanguage\":\"fr-FR\",\"potentialAction\":[{\"@type\":\"ReadAction\",\"target\":[\"https:\/\/www.ladiagonale.net\/index.php\/2023\/08\/23\/des-echanges-positifs-entre-monaco-et-arsenal-pour-balogun\/\"]}]},{\"@type\":\"BreadcrumbList\",\"@id\":\"https:\/\/www.ladiagonale.net\/index.php\/2023\/08\/23\/des-echanges-positifs-entre-monaco-et-arsenal-pour-balogun\/#breadcrumb\",\"itemListElement\":[{\"@type\":\"ListItem\",\"position\":1,\"name\":\"Accueil\",\"item\":\"https:\/\/www.ladiagonale.net\/\"},{\"@type\":\"ListItem\",\"position\":2,\"name\":\"Des \u00e9changes positifs entre Monaco et Arsenal pour Balogun\"}]},{\"@type\":\"WebSite\",\"@id\":\"https:\/\/www.ladiagonale.net\/#website\",\"url\":\"https:\/\/www.ladiagonale.net\/\",\"name\":\"La Diagonale\",\"description\":\"Le site des supporters de l&#039;AS Monaco FC\",\"potentialAction\":[{\"@type\":\"SearchAction\",\"target\":{\"@type\":\"EntryPoint\",\"urlTemplate\":\"https:\/\/www.ladiagonale.net\/?s={search_term_string}\"},\"query-input\":\"required name=search_term_string\"}],\"inLanguage\":\"fr-FR\"},{\"@type\":\"Person\",\"@id\":\"https:\/\/www.ladiagonale.net\/#\/schema\/person\/79ff1e7b0853ed01b2aa26e64ad300bf\",\"name\":\"Damien Dellerba\",\"image\":{\"@type\":\"ImageObject\",\"inLanguage\":\"fr-FR\",\"@id\":\"https:\/\/www.ladiagonale.net\/#\/schema\/person\/image\/\",\"url\":\"https:\/\/secure.gravatar.com\/avatar\/c7850e06d3ff63cdbaee88b7fc16e2f0?s=96&d=mm&r=g\",\"contentUrl\":\"https:\/\/secure.gravatar.com\/avatar\/c7850e06d3ff63cdbaee88b7fc16e2f0?s=96&d=mm&r=g\",\"caption\":\"Damien Dellerba\"},\"url\":\"https:\/\/www.ladiagonale.net\/index.php\/author\/damien\/\"}]}<\/script>\n<!-- \/ Yoast SEO plugin. -->","yoast_head_json":{"title":"Des \u00e9changes positifs entre Monaco et Arsenal pour Balogun - La Diagonale","robots":{"index":"index","follow":"follow","max-snippet":"max-snippet:-1","max-image-preview":"max-image-preview:large","max-video-preview":"max-video-preview:-1"},"canonical":"https:\/\/www.ladiagonale.net\/index.php\/2023\/08\/23\/des-echanges-positifs-entre-monaco-et-arsenal-pour-balogun\/","og_locale":"fr_FR","og_type":"article","og_title":"Des \u00e9changes positifs entre Monaco et Arsenal pour Balogun - La Diagonale","og_description":"La semaine derni\u00e8re, Monaco a boucl\u00e9 deux dossiers avec les arriv\u00e9es de Denis Zakaria au milieu de terrain et Wilfried Singo en d\u00e9fense. Pour les suivants, il faudra sans doute faire preuve d&rsquo;un peu plus de patience, m\u00eame si le mercato estival doit fermer ses portes au 1er septembre. Monaco cherche un attaquant, alors que [...]","og_url":"https:\/\/www.ladiagonale.net\/index.php\/2023\/08\/23\/des-echanges-positifs-entre-monaco-et-arsenal-pour-balogun\/","og_site_name":"La Diagonale","article_published_time":"2023-08-23T05:49:00+00:00","article_modified_time":"2023-08-23T01:40:26+00:00","og_image":[{"width":1160,"height":650,"url":"https:\/\/www.ladiagonale.net\/wp-content\/uploads\/2023\/03\/balogun.png","type":"image\/png"}],"author":"Damien Dellerba","twitter_card":"summary_large_image","twitter_image":"https:\/\/www.ladiagonale.net\/wp-content\/uploads\/2023\/03\/balogun.png","twitter_misc":{"\u00c9crit par":"Damien Dellerba","Dur\u00e9e de lecture estim\u00e9e":"1 minute"},"schema":{"@context":"https:\/\/schema.org","@graph":[{"@type":"WebPage","@id":"https:\/\/www.ladiagonale.net\/index.php\/2023\/08\/23\/des-echanges-positifs-entre-monaco-et-arsenal-pour-balogun\/","url":"https:\/\/www.ladiagonale.net\/index.php\/2023\/08\/23\/des-echanges-positifs-entre-monaco-et-arsenal-pour-balogun\/","name":"Des \u00e9changes positifs entre Monaco et Arsenal pour Balogun - La Diagonale","isPartOf":{"@id":"https:\/\/www.ladiagonale.net\/#website"},"datePublished":"2023-08-23T05:49:00+00:00","dateModified":"2023-08-23T01:40:26+00:00","author":{"@id":"https:\/\/www.ladiagonale.net\/#\/schema\/person\/79ff1e7b0853ed01b2aa26e64ad300bf"},"breadcrumb":{"@id":"https:\/\/www.ladiagonale.net\/index.php\/2023\/08\/23\/des-echanges-positifs-entre-monaco-et-arsenal-pour-balogun\/#breadcrumb"},"inLanguage":"fr-FR","potentialAction":[{"@type":"ReadAction","target":["https:\/\/www.ladiagonale.net\/index.php\/2023\/08\/23\/des-echanges-positifs-entre-monaco-et-arsenal-pour-balogun\/"]}]},{"@type":"BreadcrumbList","@id":"https:\/\/www.ladiagonale.net\/index.php\/2023\/08\/23\/des-echanges-positifs-entre-monaco-et-arsenal-pour-balogun\/#breadcrumb","itemListElement":[{"@type":"ListItem","position":1,"name":"Accueil","item":"https:\/\/www.ladiagonale.net\/"},{"@type":"ListItem","position":2,"name":"Des \u00e9changes positifs entre Monaco et Arsenal pour Balogun"}]},{"@type":"WebSite","@id":"https:\/\/www.ladiagonale.net\/#website","url":"https:\/\/www.ladiagonale.net\/","name":"La Diagonale","description":"Le site des supporters de l&#039;AS Monaco FC","potentialAction":[{"@type":"SearchAction","target":{"@type":"EntryPoint","urlTemplate":"https:\/\/www.ladiagonale.net\/?s={search_term_string}"},"query-input":"required name=search_term_string"}],"inLanguage":"fr-FR"},{"@type":"Person","@id":"https:\/\/www.ladiagonale.net\/#\/schema\/person\/79ff1e7b0853ed01b2aa26e64ad300bf","name":"Damien Dellerba","image":{"@type":"ImageObject","inLanguage":"fr-FR","@id":"https:\/\/www.ladiagonale.net\/#\/schema\/person\/image\/","url":"https:\/\/secure.gravatar.com\/avatar\/c7850e06d3ff63cdbaee88b7fc16e2f0?s=96&d=mm&r=g","contentUrl":"https:\/\/secure.gravatar.com\/avatar\/c7850e06d3ff63cdbaee88b7fc16e2f0?s=96&d=mm&r=g","caption":"Damien Dellerba"},"url":"https:\/\/www.ladiagonale.net\/index.php\/author\/damien\/"}]}},"_links":{"self":[{"href":"https:\/\/www.ladiagonale.net\/index.php\/wp-json\/wp\/v2\/posts\/15440"}],"collection":[{"href":"https:\/\/www.ladiagonale.net\/index.php\/wp-json\/wp\/v2\/posts"}],"about":[{"href":"https:\/\/www.ladiagonale.net\/index.php\/wp-json\/wp\/v2\/types\/post"}],"author":[{"embeddable":true,"href":"https:\/\/www.ladiagonale.net\/index.php\/wp-json\/wp\/v2\/users\/2"}],"replies":[{"embeddable":true,"href":"https:\/\/www.ladiagonale.net\/index.php\/wp-json\/wp\/v2\/comments?post=15440"}],"version-history":[{"count":3,"href":"https:\/\/www.ladiagonale.net\/index.php\/wp-json\/wp\/v2\/posts\/15440\/revisions"}],"predecessor-version":[{"id":15443,"href":"https:\/\/www.ladiagonale.net\/index.php\/wp-json\/wp\/v2\/posts\/15440\/revisions\/15443"}],"wp:attachment":[{"href":"https:\/\/www.ladiagonale.net\/index.php\/wp-json\/wp\/v2\/media?parent=15440"}],"wp:term":[{"taxonomy":"category","embeddable":true,"href":"https:\/\/www.ladiagonale.net\/index.php\/wp-json\/wp\/v2\/categories?post=15440"},{"taxonomy":"post_tag","embeddable":true,"href":"https:\/\/www.ladiagonale.net\/index.php\/wp-json\/wp\/v2\/tags?post=15440"}],"curies":[{"name":"wp","href":"https:\/\/api.w.org\/{rel}","templated":true}]}}