{"id":15456,"date":"2023-08-23T15:50:07","date_gmt":"2023-08-23T13:50:07","guid":{"rendered":"https:\/\/www.ladiagonale.net\/?p=15456"},"modified":"2023-08-23T16:27:20","modified_gmt":"2023-08-23T14:27:20","slug":"ben-seghir-enerve-et-frustre-sera-forfait-plusieurs-semaines","status":"publish","type":"post","link":"https:\/\/www.ladiagonale.net\/index.php\/2023\/08\/23\/ben-seghir-enerve-et-frustre-sera-forfait-plusieurs-semaines\/","title":{"rendered":"Ben Seghir, \u00ab\u00a0\u00e9nerv\u00e9 et frustr\u00e9\u00a0\u00bb, sera forfait plusieurs semaines"},"content":{"rendered":"\n\n\n<p>Mauvaise nouvelle pour Eliesse Ben Seghir. Le jeune milieu offensif devrait manquer les prochaines semaines de comp\u00e9tition, comme l&rsquo;a confirm\u00e9 Adi H\u00fctter lors de la conf\u00e9rence de presse avant Nantes : \u00ab <em>Il a ressenti une g\u00eane pendant l\u2019\u00e9chauffement contre Strasbourg. J\u2019avais en t\u00eate de l\u2019utiliser, mais je n&rsquo;ai pas pu car il s&rsquo;est bless\u00e9 et il est un petit peu \u00e9nerv\u00e9 et frustr\u00e9, car il veut nous aider. C\u2019est un jeune joueur et un jeune joueur veut toujours jouer. Je ne sais pas exactement combien de temps, mais il sera indisponible plusieurs semaines. <\/em>\u00bb L&rsquo;entra\u00eeneur de l&rsquo;AS Monaco n&rsquo;a pas pr\u00e9cis\u00e9 la zone touch\u00e9e, mais Ben Seghir a connu des soucis aux ischio-jambiers ces derni\u00e8res semaines.<\/p>\n\n\n\n<p>Monaco ne pourra pas encore compter sur Mohammed Salisu ce week-end, qui se remet d&rsquo;une g\u00eane aux adducteurs, mais il est sur est proche d&rsquo;un retour \u00e0 la comp\u00e9tition, selon les dires de l&rsquo;entra\u00eeneur autrichien : \u00ab <em>Mohammed est sur la bonne voie pour faire son retour. Il s\u2019est entra\u00een\u00e9 avec nous cette semaine et a franchi une \u00e9tape dans son processus de r\u00e9athl\u00e9tisation, mais il ne sera pas pr\u00eat pour Nantes.<\/em> \u00bb En revanche, Guillermo Maripan, touch\u00e9 au mollet, a de bonnes chances d&rsquo;\u00eatre pr\u00e9sent : \u00ab <em>Nous esp\u00e9rons qu\u2019il sera de retour avec l&rsquo;\u00e9quipe. Il s\u2019est entra\u00een\u00e9 avec nous aujourd&rsquo;hui et j&rsquo;esp\u00e8re qu\u2019il nous apportera une option.<\/em> \u00bb<\/p>\n\n\n\n<p>Edan Diop et Breel Embolo sont quant \u00e0 eux toujours indisponibles.<\/p>\n","protected":false},"excerpt":{"rendered":"<p>Mauvaise nouvelle pour Eliesse Ben Seghir. Le jeune milieu offensif devrait manquer les prochaines semaines de comp\u00e9tition, comme l&rsquo;a confirm\u00e9 Adi H\u00fctter lors de la conf\u00e9rence de presse avant Nantes : \u00ab Il a ressenti une g\u00eane pendant l\u2019\u00e9chauffement contre Strasbourg. J\u2019avais en t\u00eate de l\u2019utiliser, mais je n&rsquo;ai pas pu car il s&rsquo;est bless\u00e9 [&#8230;]\n","protected":false},"author":2,"featured_media":0,"comment_status":"open","ping_status":"open","sticky":false,"template":"","format":"standard","meta":[],"categories":[4,6],"tags":[86,286,196],"yoast_head":"<!-- This site is optimized with the Yoast SEO plugin v19.8 - https:\/\/yoast.com\/wordpress\/plugins\/seo\/ -->\n<title>Ben Seghir, \u00ab\u00a0\u00e9nerv\u00e9 et frustr\u00e9\u00a0\u00bb, sera forfait plusieurs semaines - La Diagonale<\/title>\n<meta name=\"robots\" content=\"index, follow, max-snippet:-1, max-image-preview:large, max-video-preview:-1\" \/>\n<link rel=\"canonical\" href=\"https:\/\/www.ladiagonale.net\/index.php\/2023\/08\/23\/ben-seghir-enerve-et-frustre-sera-forfait-plusieurs-semaines\/\" \/>\n<meta property=\"og:locale\" content=\"fr_FR\" \/>\n<meta property=\"og:type\" content=\"article\" \/>\n<meta property=\"og:title\" content=\"Ben Seghir, \u00ab\u00a0\u00e9nerv\u00e9 et frustr\u00e9\u00a0\u00bb, sera forfait plusieurs semaines - La Diagonale\" \/>\n<meta property=\"og:description\" content=\"Mauvaise nouvelle pour Eliesse Ben Seghir. Le jeune milieu offensif devrait manquer les prochaines semaines de comp\u00e9tition, comme l&rsquo;a confirm\u00e9 Adi H\u00fctter lors de la conf\u00e9rence de presse avant Nantes : \u00ab Il a ressenti une g\u00eane pendant l\u2019\u00e9chauffement contre Strasbourg. J\u2019avais en t\u00eate de l\u2019utiliser, mais je n&rsquo;ai pas pu car il s&rsquo;est bless\u00e9 [...]\" \/>\n<meta property=\"og:url\" content=\"https:\/\/www.ladiagonale.net\/index.php\/2023\/08\/23\/ben-seghir-enerve-et-frustre-sera-forfait-plusieurs-semaines\/\" \/>\n<meta property=\"og:site_name\" content=\"La Diagonale\" \/>\n<meta property=\"article:published_time\" content=\"2023-08-23T13:50:07+00:00\" \/>\n<meta property=\"article:modified_time\" content=\"2023-08-23T14:27:20+00:00\" \/>\n<meta property=\"og:image\" content=\"https:\/\/www.ladiagonale.net\/wp-content\/uploads\/2023\/02\/ben-seghir.png\" \/>\n\t<meta property=\"og:image:width\" content=\"1160\" \/>\n\t<meta property=\"og:image:height\" content=\"650\" \/>\n\t<meta property=\"og:image:type\" content=\"image\/png\" \/>\n<meta name=\"author\" content=\"Damien Dellerba\" \/>\n<meta name=\"twitter:card\" content=\"summary_large_image\" \/>\n<meta name=\"twitter:image\" content=\"https:\/\/www.ladiagonale.net\/wp-content\/uploads\/2023\/02\/ben-seghir.png\" \/>\n<meta name=\"twitter:label1\" content=\"\u00c9crit par\" \/>\n\t<meta name=\"twitter:data1\" content=\"Damien Dellerba\" \/>\n\t<meta name=\"twitter:label2\" content=\"Dur\u00e9e de lecture estim\u00e9e\" \/>\n\t<meta name=\"twitter:data2\" content=\"2 minutes\" \/>\n<script type=\"application\/ld+json\" class=\"yoast-schema-graph\">{\"@context\":\"https:\/\/schema.org\",\"@graph\":[{\"@type\":\"WebPage\",\"@id\":\"https:\/\/www.ladiagonale.net\/index.php\/2023\/08\/23\/ben-seghir-enerve-et-frustre-sera-forfait-plusieurs-semaines\/\",\"url\":\"https:\/\/www.ladiagonale.net\/index.php\/2023\/08\/23\/ben-seghir-enerve-et-frustre-sera-forfait-plusieurs-semaines\/\",\"name\":\"Ben Seghir, \u00ab\u00a0\u00e9nerv\u00e9 et frustr\u00e9\u00a0\u00bb, sera forfait plusieurs semaines - La Diagonale\",\"isPartOf\":{\"@id\":\"https:\/\/www.ladiagonale.net\/#website\"},\"datePublished\":\"2023-08-23T13:50:07+00:00\",\"dateModified\":\"2023-08-23T14:27:20+00:00\",\"author\":{\"@id\":\"https:\/\/www.ladiagonale.net\/#\/schema\/person\/79ff1e7b0853ed01b2aa26e64ad300bf\"},\"breadcrumb\":{\"@id\":\"https:\/\/www.ladiagonale.net\/index.php\/2023\/08\/23\/ben-seghir-enerve-et-frustre-sera-forfait-plusieurs-semaines\/#breadcrumb\"},\"inLanguage\":\"fr-FR\",\"potentialAction\":[{\"@type\":\"ReadAction\",\"target\":[\"https:\/\/www.ladiagonale.net\/index.php\/2023\/08\/23\/ben-seghir-enerve-et-frustre-sera-forfait-plusieurs-semaines\/\"]}]},{\"@type\":\"BreadcrumbList\",\"@id\":\"https:\/\/www.ladiagonale.net\/index.php\/2023\/08\/23\/ben-seghir-enerve-et-frustre-sera-forfait-plusieurs-semaines\/#breadcrumb\",\"itemListElement\":[{\"@type\":\"ListItem\",\"position\":1,\"name\":\"Accueil\",\"item\":\"https:\/\/www.ladiagonale.net\/\"},{\"@type\":\"ListItem\",\"position\":2,\"name\":\"Ben Seghir, \u00ab\u00a0\u00e9nerv\u00e9 et frustr\u00e9\u00a0\u00bb, sera forfait plusieurs semaines\"}]},{\"@type\":\"WebSite\",\"@id\":\"https:\/\/www.ladiagonale.net\/#website\",\"url\":\"https:\/\/www.ladiagonale.net\/\",\"name\":\"La Diagonale\",\"description\":\"Le site des supporters de l&#039;AS Monaco FC\",\"potentialAction\":[{\"@type\":\"SearchAction\",\"target\":{\"@type\":\"EntryPoint\",\"urlTemplate\":\"https:\/\/www.ladiagonale.net\/?s={search_term_string}\"},\"query-input\":\"required name=search_term_string\"}],\"inLanguage\":\"fr-FR\"},{\"@type\":\"Person\",\"@id\":\"https:\/\/www.ladiagonale.net\/#\/schema\/person\/79ff1e7b0853ed01b2aa26e64ad300bf\",\"name\":\"Damien Dellerba\",\"image\":{\"@type\":\"ImageObject\",\"inLanguage\":\"fr-FR\",\"@id\":\"https:\/\/www.ladiagonale.net\/#\/schema\/person\/image\/\",\"url\":\"https:\/\/secure.gravatar.com\/avatar\/c7850e06d3ff63cdbaee88b7fc16e2f0?s=96&d=mm&r=g\",\"contentUrl\":\"https:\/\/secure.gravatar.com\/avatar\/c7850e06d3ff63cdbaee88b7fc16e2f0?s=96&d=mm&r=g\",\"caption\":\"Damien Dellerba\"},\"url\":\"https:\/\/www.ladiagonale.net\/index.php\/author\/damien\/\"}]}<\/script>\n<!-- \/ Yoast SEO plugin. -->","yoast_head_json":{"title":"Ben Seghir, \u00ab\u00a0\u00e9nerv\u00e9 et frustr\u00e9\u00a0\u00bb, sera forfait plusieurs semaines - La Diagonale","robots":{"index":"index","follow":"follow","max-snippet":"max-snippet:-1","max-image-preview":"max-image-preview:large","max-video-preview":"max-video-preview:-1"},"canonical":"https:\/\/www.ladiagonale.net\/index.php\/2023\/08\/23\/ben-seghir-enerve-et-frustre-sera-forfait-plusieurs-semaines\/","og_locale":"fr_FR","og_type":"article","og_title":"Ben Seghir, \u00ab\u00a0\u00e9nerv\u00e9 et frustr\u00e9\u00a0\u00bb, sera forfait plusieurs semaines - La Diagonale","og_description":"Mauvaise nouvelle pour Eliesse Ben Seghir. Le jeune milieu offensif devrait manquer les prochaines semaines de comp\u00e9tition, comme l&rsquo;a confirm\u00e9 Adi H\u00fctter lors de la conf\u00e9rence de presse avant Nantes : \u00ab Il a ressenti une g\u00eane pendant l\u2019\u00e9chauffement contre Strasbourg. J\u2019avais en t\u00eate de l\u2019utiliser, mais je n&rsquo;ai pas pu car il s&rsquo;est bless\u00e9 [...]","og_url":"https:\/\/www.ladiagonale.net\/index.php\/2023\/08\/23\/ben-seghir-enerve-et-frustre-sera-forfait-plusieurs-semaines\/","og_site_name":"La Diagonale","article_published_time":"2023-08-23T13:50:07+00:00","article_modified_time":"2023-08-23T14:27:20+00:00","og_image":[{"width":1160,"height":650,"url":"https:\/\/www.ladiagonale.net\/wp-content\/uploads\/2023\/02\/ben-seghir.png","type":"image\/png"}],"author":"Damien Dellerba","twitter_card":"summary_large_image","twitter_image":"https:\/\/www.ladiagonale.net\/wp-content\/uploads\/2023\/02\/ben-seghir.png","twitter_misc":{"\u00c9crit par":"Damien Dellerba","Dur\u00e9e de lecture estim\u00e9e":"2 minutes"},"schema":{"@context":"https:\/\/schema.org","@graph":[{"@type":"WebPage","@id":"https:\/\/www.ladiagonale.net\/index.php\/2023\/08\/23\/ben-seghir-enerve-et-frustre-sera-forfait-plusieurs-semaines\/","url":"https:\/\/www.ladiagonale.net\/index.php\/2023\/08\/23\/ben-seghir-enerve-et-frustre-sera-forfait-plusieurs-semaines\/","name":"Ben Seghir, \u00ab\u00a0\u00e9nerv\u00e9 et frustr\u00e9\u00a0\u00bb, sera forfait plusieurs semaines - La Diagonale","isPartOf":{"@id":"https:\/\/www.ladiagonale.net\/#website"},"datePublished":"2023-08-23T13:50:07+00:00","dateModified":"2023-08-23T14:27:20+00:00","author":{"@id":"https:\/\/www.ladiagonale.net\/#\/schema\/person\/79ff1e7b0853ed01b2aa26e64ad300bf"},"breadcrumb":{"@id":"https:\/\/www.ladiagonale.net\/index.php\/2023\/08\/23\/ben-seghir-enerve-et-frustre-sera-forfait-plusieurs-semaines\/#breadcrumb"},"inLanguage":"fr-FR","potentialAction":[{"@type":"ReadAction","target":["https:\/\/www.ladiagonale.net\/index.php\/2023\/08\/23\/ben-seghir-enerve-et-frustre-sera-forfait-plusieurs-semaines\/"]}]},{"@type":"BreadcrumbList","@id":"https:\/\/www.ladiagonale.net\/index.php\/2023\/08\/23\/ben-seghir-enerve-et-frustre-sera-forfait-plusieurs-semaines\/#breadcrumb","itemListElement":[{"@type":"ListItem","position":1,"name":"Accueil","item":"https:\/\/www.ladiagonale.net\/"},{"@type":"ListItem","position":2,"name":"Ben Seghir, \u00ab\u00a0\u00e9nerv\u00e9 et frustr\u00e9\u00a0\u00bb, sera forfait plusieurs semaines"}]},{"@type":"WebSite","@id":"https:\/\/www.ladiagonale.net\/#website","url":"https:\/\/www.ladiagonale.net\/","name":"La Diagonale","description":"Le site des supporters de l&#039;AS Monaco FC","potentialAction":[{"@type":"SearchAction","target":{"@type":"EntryPoint","urlTemplate":"https:\/\/www.ladiagonale.net\/?s={search_term_string}"},"query-input":"required name=search_term_string"}],"inLanguage":"fr-FR"},{"@type":"Person","@id":"https:\/\/www.ladiagonale.net\/#\/schema\/person\/79ff1e7b0853ed01b2aa26e64ad300bf","name":"Damien Dellerba","image":{"@type":"ImageObject","inLanguage":"fr-FR","@id":"https:\/\/www.ladiagonale.net\/#\/schema\/person\/image\/","url":"https:\/\/secure.gravatar.com\/avatar\/c7850e06d3ff63cdbaee88b7fc16e2f0?s=96&d=mm&r=g","contentUrl":"https:\/\/secure.gravatar.com\/avatar\/c7850e06d3ff63cdbaee88b7fc16e2f0?s=96&d=mm&r=g","caption":"Damien Dellerba"},"url":"https:\/\/www.ladiagonale.net\/index.php\/author\/damien\/"}]}},"_links":{"self":[{"href":"https:\/\/www.ladiagonale.net\/index.php\/wp-json\/wp\/v2\/posts\/15456"}],"collection":[{"href":"https:\/\/www.ladiagonale.net\/index.php\/wp-json\/wp\/v2\/posts"}],"about":[{"href":"https:\/\/www.ladiagonale.net\/index.php\/wp-json\/wp\/v2\/types\/post"}],"author":[{"embeddable":true,"href":"https:\/\/www.ladiagonale.net\/index.php\/wp-json\/wp\/v2\/users\/2"}],"replies":[{"embeddable":true,"href":"https:\/\/www.ladiagonale.net\/index.php\/wp-json\/wp\/v2\/comments?post=15456"}],"version-history":[{"count":9,"href":"https:\/\/www.ladiagonale.net\/index.php\/wp-json\/wp\/v2\/posts\/15456\/revisions"}],"predecessor-version":[{"id":15467,"href":"https:\/\/www.ladiagonale.net\/index.php\/wp-json\/wp\/v2\/posts\/15456\/revisions\/15467"}],"wp:attachment":[{"href":"https:\/\/www.ladiagonale.net\/index.php\/wp-json\/wp\/v2\/media?parent=15456"}],"wp:term":[{"taxonomy":"category","embeddable":true,"href":"https:\/\/www.ladiagonale.net\/index.php\/wp-json\/wp\/v2\/categories?post=15456"},{"taxonomy":"post_tag","embeddable":true,"href":"https:\/\/www.ladiagonale.net\/index.php\/wp-json\/wp\/v2\/tags?post=15456"}],"curies":[{"name":"wp","href":"https:\/\/api.w.org\/{rel}","templated":true}]}}