{"id":15468,"date":"2023-08-23T16:52:53","date_gmt":"2023-08-23T14:52:53","guid":{"rendered":"https:\/\/www.ladiagonale.net\/?p=15468"},"modified":"2023-08-23T16:54:48","modified_gmt":"2023-08-23T14:54:48","slug":"hutter-personne-ne-nous-fera-de-cadeau-en-ligue-1","status":"publish","type":"post","link":"https:\/\/www.ladiagonale.net\/index.php\/2023\/08\/23\/hutter-personne-ne-nous-fera-de-cadeau-en-ligue-1\/","title":{"rendered":"H\u00fctter : \u00ab\u00a0Personne ne nous fera de cadeau en Ligue 1\u00a0\u00bb"},"content":{"rendered":"\n\n\n<p>\u00c0 deux jours du d\u00e9placement de l\u2019AS Monaco \u00e0 Nantes, Adi H\u00fctter s\u2019est pr\u00e9sent\u00e9 devant la presse. Il est notamment revenu sur la rencontre de dimanche contre Strasbourg, un match tr\u00e8s abouti selon lui :&nbsp;\u00ab&nbsp;<em>Nous avons marqu\u00e9 trois buts, domin\u00e9 et contr\u00f4l\u00e9 pendant 90 minutes avec un bon pressing et r\u00e9alis\u00e9 un clean sheet. C\u2019\u00e9tait une partie fantastique car j\u2019ai vu beaucoup de principes de notre style et les joueurs ont confiance sur le terrain en ce moment. C\u2019est le style que nous voulons jouer, mais nous avons encore beaucoup \u00e0 faire pour \u00eatre meilleurs. Ce que nous avons montr\u00e9 contre Strasbourg, c\u2019est le genre de prestation que nous voulons reproduire chaque semaine mais c\u2019est toujours diff\u00e9rent selon les adversaires. C\u2019\u00e9tait un tr\u00e8s bon match, bien meilleur que contre Clermont.<\/em>&nbsp;\u00bb<\/p>\n\n\n\n<p>L\u2019entra\u00eeneur autrichien a justement \u00e9voqu\u00e9 les axes de progression de son \u00e9quipe : \u00ab&nbsp;<em>Nous pouvons am\u00e9liorer le d\u00e9clenchement du pressing. Le replacement peut-\u00eatre meilleur, tout comme l\u2019utilisation du ballon. Mais contre Strasbourg nous avons fait un match de haut niveau. Apr\u00e8s, c\u2019est mon r\u00f4le de chercher \u00e0 am\u00e9liorer les d\u00e9tails. \u00c0 la fin de la rencontre, les supporters et les joueurs \u00e9taient heureux, notre Pr\u00e9sident aussi. L\u2019ambiance est bonne en ce moment. Nous le m\u00e9ritons mais au final, cela ne fait que deux matches et nous devons avoir faim et encore travailler notre style de jeu. Personne ne nous fera de cadeau en Ligue 1.<\/em>&nbsp;\u00bb<\/p>\n\n\n\n<p>Face \u00e0 une \u00e9quipe de Nantes d\u00e9j\u00e0 en difficult\u00e9 (<em>0 point en deux matches<\/em>) et qui a repris la saison comme elle avait achev\u00e9 la pr\u00e9c\u00e9dente, H\u00fctter se veut m\u00e9fiant : \u00ab&nbsp;<em>Nous avons pris six points et Nantes souffre un peu plus sur ses deux premiers matches. Ce sera un match difficile contre Nantes, dans son stade et devant ses supporters. Nous sommes en t\u00eate du classement, c\u2019est important pour nous et nous sommes concentr\u00e9s sur ce match pour rester en haut. Ils jouent de mani\u00e8re tr\u00e8s compacte et nous devrons \u00eatre attentifs aux contres et aux coups de pied arr\u00eat\u00e9s. Mais nous devons jouer notre jeu. Apr\u00e8s le classement ne signifie pas grand-chose apr\u00e8s deux journ\u00e9es. Lens est en bas de classement par exemple, mais vu nos ambitions, nous voulons gagner \u00e0 Nantes.<\/em>&nbsp;\u00bb<\/p>\n\n\n\n<blockquote class=\"wp-block-quote\"><p>\u00ab&nbsp;Le recrutement de l\u2019attaquant est un sujet de discussions&nbsp;\u00bb<\/p><\/blockquote>\n\n\n\n<p>Si Monaco pr\u00e9sente des statistiques offensives plaisantes, H\u00fctter a bien conscience que le nombre de joueurs pouvant \u00e9voluer en pointe est limit\u00e9 dans son effectif. Le mercato devrait apporter une solution suppl\u00e9mentaire \u00e0 ce poste, mais le temps passe vite : \u00ab&nbsp;<em>Je suis vraiment heureux avec cette \u00e9quipe. Tout le monde peut voir que nous n\u2019avons que deux attaquants avec Wissam (Ben Yedder) et Myron (Boadu) donc c\u2019est un sujet de discussions en ce moment car la fen\u00eatre de transfert est encore ouverte quelques jours. Mais je suis heureux l\u2019effectif \u00e0 l\u2019heure actuelle car nous avons marqu\u00e9 et r\u00e9alis\u00e9 un clean sheet. Mais nous devons faire attention, car parfois des blessures surviennent et nous devons pr\u00e9parer l\u2019\u00e9quipe et nous gardons un \u0153il ouvert sur le mercato.<\/em>&nbsp;\u00bb<\/p>\n\n\n\n<p>L\u2019homme en forme c\u00f4t\u00e9 mon\u00e9gasque, c\u2019est Takumi Minamino, auteur de deux buts et deux passes d\u00e9cisives en deux matches : \u00ab\u00a0<em>Il est en bien meilleure condition physique. C\u2019est vrai qu\u2019il a \u00e9t\u00e9 mon joueur quelques ann\u00e9es plus t\u00f4t, \u00e0 Salzbourg, mais il a beaucoup travaill\u00e9 sur sa condition physique. Il a marqu\u00e9 contre le Betis, a fait une tr\u00e8s bonne deuxi\u00e8me mi-temps contre Arsenal, une passe d\u00e9cisive au premier match, et l\u00e0 il marque deux buts. Il a plus de confiance maintenant dans son style et ses d\u00e9placements. C\u2019est un meilleur joueur que par le pass\u00e9.\u00a0(\u2026)\u00a0J\u2019imagine qu\u2019il \u00e9tait content de me voir arriver. C\u2019\u00e9tait sans doute plus facile de savoir d\u2019avance nos principes de jeu, mon \u00e9tat d\u2019esprit, ma personne. Beaucoup de choses l\u2019ont aid\u00e9 pour retrouver ce niveau. (\u2026) J\u2019aime beaucoup les joueurs japonais, qui sont des joueurs calmes et j\u2019aime Taki en tant que joueur et en tant que personne.<\/em>\u00a0\u00bb<\/p>\n","protected":false},"excerpt":{"rendered":"<p>\u00c0 deux jours du d\u00e9placement de l\u2019AS Monaco \u00e0 Nantes, Adi H\u00fctter s\u2019est pr\u00e9sent\u00e9 devant la presse. Il est notamment revenu sur la rencontre de dimanche contre Strasbourg, un match tr\u00e8s abouti selon lui :&nbsp;\u00ab&nbsp;Nous avons marqu\u00e9 trois buts, domin\u00e9 et contr\u00f4l\u00e9 pendant 90 minutes avec un bon pressing et r\u00e9alis\u00e9 un clean sheet. C\u2019\u00e9tait [&#8230;]\n","protected":false},"author":2,"featured_media":0,"comment_status":"open","ping_status":"open","sticky":false,"template":"","format":"standard","meta":[],"categories":[6],"tags":[576,86,94,438],"yoast_head":"<!-- This site is optimized with the Yoast SEO plugin v19.8 - https:\/\/yoast.com\/wordpress\/plugins\/seo\/ -->\n<title>H\u00fctter : \u00ab\u00a0Personne ne nous fera de cadeau en Ligue 1\u00a0\u00bb - La Diagonale<\/title>\n<meta name=\"robots\" content=\"index, follow, max-snippet:-1, max-image-preview:large, max-video-preview:-1\" \/>\n<link rel=\"canonical\" href=\"https:\/\/www.ladiagonale.net\/index.php\/2023\/08\/23\/hutter-personne-ne-nous-fera-de-cadeau-en-ligue-1\/\" \/>\n<meta property=\"og:locale\" content=\"fr_FR\" \/>\n<meta property=\"og:type\" content=\"article\" \/>\n<meta property=\"og:title\" content=\"H\u00fctter : \u00ab\u00a0Personne ne nous fera de cadeau en Ligue 1\u00a0\u00bb - La Diagonale\" \/>\n<meta property=\"og:description\" content=\"\u00c0 deux jours du d\u00e9placement de l\u2019AS Monaco \u00e0 Nantes, Adi H\u00fctter s\u2019est pr\u00e9sent\u00e9 devant la presse. Il est notamment revenu sur la rencontre de dimanche contre Strasbourg, un match tr\u00e8s abouti selon lui :&nbsp;\u00ab&nbsp;Nous avons marqu\u00e9 trois buts, domin\u00e9 et contr\u00f4l\u00e9 pendant 90 minutes avec un bon pressing et r\u00e9alis\u00e9 un clean sheet. C\u2019\u00e9tait [...]\" \/>\n<meta property=\"og:url\" content=\"https:\/\/www.ladiagonale.net\/index.php\/2023\/08\/23\/hutter-personne-ne-nous-fera-de-cadeau-en-ligue-1\/\" \/>\n<meta property=\"og:site_name\" content=\"La Diagonale\" \/>\n<meta property=\"article:published_time\" content=\"2023-08-23T14:52:53+00:00\" \/>\n<meta property=\"article:modified_time\" content=\"2023-08-23T14:54:48+00:00\" \/>\n<meta property=\"og:image\" content=\"https:\/\/www.ladiagonale.net\/wp-content\/uploads\/2023\/07\/hu\u0308tter.png\" \/>\n\t<meta property=\"og:image:width\" content=\"1160\" \/>\n\t<meta property=\"og:image:height\" content=\"650\" \/>\n\t<meta property=\"og:image:type\" content=\"image\/png\" \/>\n<meta name=\"author\" content=\"Damien Dellerba\" \/>\n<meta name=\"twitter:card\" content=\"summary_large_image\" \/>\n<meta name=\"twitter:image\" content=\"https:\/\/www.ladiagonale.net\/wp-content\/uploads\/2023\/07\/hu\u0308tter.png\" \/>\n<meta name=\"twitter:label1\" content=\"\u00c9crit par\" \/>\n\t<meta name=\"twitter:data1\" content=\"Damien Dellerba\" \/>\n\t<meta name=\"twitter:label2\" content=\"Dur\u00e9e de lecture estim\u00e9e\" \/>\n\t<meta name=\"twitter:data2\" content=\"4 minutes\" \/>\n<script type=\"application\/ld+json\" class=\"yoast-schema-graph\">{\"@context\":\"https:\/\/schema.org\",\"@graph\":[{\"@type\":\"WebPage\",\"@id\":\"https:\/\/www.ladiagonale.net\/index.php\/2023\/08\/23\/hutter-personne-ne-nous-fera-de-cadeau-en-ligue-1\/\",\"url\":\"https:\/\/www.ladiagonale.net\/index.php\/2023\/08\/23\/hutter-personne-ne-nous-fera-de-cadeau-en-ligue-1\/\",\"name\":\"H\u00fctter : \u00ab\u00a0Personne ne nous fera de cadeau en Ligue 1\u00a0\u00bb - La Diagonale\",\"isPartOf\":{\"@id\":\"https:\/\/www.ladiagonale.net\/#website\"},\"datePublished\":\"2023-08-23T14:52:53+00:00\",\"dateModified\":\"2023-08-23T14:54:48+00:00\",\"author\":{\"@id\":\"https:\/\/www.ladiagonale.net\/#\/schema\/person\/79ff1e7b0853ed01b2aa26e64ad300bf\"},\"breadcrumb\":{\"@id\":\"https:\/\/www.ladiagonale.net\/index.php\/2023\/08\/23\/hutter-personne-ne-nous-fera-de-cadeau-en-ligue-1\/#breadcrumb\"},\"inLanguage\":\"fr-FR\",\"potentialAction\":[{\"@type\":\"ReadAction\",\"target\":[\"https:\/\/www.ladiagonale.net\/index.php\/2023\/08\/23\/hutter-personne-ne-nous-fera-de-cadeau-en-ligue-1\/\"]}]},{\"@type\":\"BreadcrumbList\",\"@id\":\"https:\/\/www.ladiagonale.net\/index.php\/2023\/08\/23\/hutter-personne-ne-nous-fera-de-cadeau-en-ligue-1\/#breadcrumb\",\"itemListElement\":[{\"@type\":\"ListItem\",\"position\":1,\"name\":\"Accueil\",\"item\":\"https:\/\/www.ladiagonale.net\/\"},{\"@type\":\"ListItem\",\"position\":2,\"name\":\"H\u00fctter : \u00ab\u00a0Personne ne nous fera de cadeau en Ligue 1\u00a0\u00bb\"}]},{\"@type\":\"WebSite\",\"@id\":\"https:\/\/www.ladiagonale.net\/#website\",\"url\":\"https:\/\/www.ladiagonale.net\/\",\"name\":\"La Diagonale\",\"description\":\"Le site des supporters de l&#039;AS Monaco FC\",\"potentialAction\":[{\"@type\":\"SearchAction\",\"target\":{\"@type\":\"EntryPoint\",\"urlTemplate\":\"https:\/\/www.ladiagonale.net\/?s={search_term_string}\"},\"query-input\":\"required name=search_term_string\"}],\"inLanguage\":\"fr-FR\"},{\"@type\":\"Person\",\"@id\":\"https:\/\/www.ladiagonale.net\/#\/schema\/person\/79ff1e7b0853ed01b2aa26e64ad300bf\",\"name\":\"Damien Dellerba\",\"image\":{\"@type\":\"ImageObject\",\"inLanguage\":\"fr-FR\",\"@id\":\"https:\/\/www.ladiagonale.net\/#\/schema\/person\/image\/\",\"url\":\"https:\/\/secure.gravatar.com\/avatar\/c7850e06d3ff63cdbaee88b7fc16e2f0?s=96&d=mm&r=g\",\"contentUrl\":\"https:\/\/secure.gravatar.com\/avatar\/c7850e06d3ff63cdbaee88b7fc16e2f0?s=96&d=mm&r=g\",\"caption\":\"Damien Dellerba\"},\"url\":\"https:\/\/www.ladiagonale.net\/index.php\/author\/damien\/\"}]}<\/script>\n<!-- \/ Yoast SEO plugin. -->","yoast_head_json":{"title":"H\u00fctter : \u00ab\u00a0Personne ne nous fera de cadeau en Ligue 1\u00a0\u00bb - La Diagonale","robots":{"index":"index","follow":"follow","max-snippet":"max-snippet:-1","max-image-preview":"max-image-preview:large","max-video-preview":"max-video-preview:-1"},"canonical":"https:\/\/www.ladiagonale.net\/index.php\/2023\/08\/23\/hutter-personne-ne-nous-fera-de-cadeau-en-ligue-1\/","og_locale":"fr_FR","og_type":"article","og_title":"H\u00fctter : \u00ab\u00a0Personne ne nous fera de cadeau en Ligue 1\u00a0\u00bb - La Diagonale","og_description":"\u00c0 deux jours du d\u00e9placement de l\u2019AS Monaco \u00e0 Nantes, Adi H\u00fctter s\u2019est pr\u00e9sent\u00e9 devant la presse. Il est notamment revenu sur la rencontre de dimanche contre Strasbourg, un match tr\u00e8s abouti selon lui :&nbsp;\u00ab&nbsp;Nous avons marqu\u00e9 trois buts, domin\u00e9 et contr\u00f4l\u00e9 pendant 90 minutes avec un bon pressing et r\u00e9alis\u00e9 un clean sheet. C\u2019\u00e9tait [...]","og_url":"https:\/\/www.ladiagonale.net\/index.php\/2023\/08\/23\/hutter-personne-ne-nous-fera-de-cadeau-en-ligue-1\/","og_site_name":"La Diagonale","article_published_time":"2023-08-23T14:52:53+00:00","article_modified_time":"2023-08-23T14:54:48+00:00","og_image":[{"width":1160,"height":650,"url":"https:\/\/www.ladiagonale.net\/wp-content\/uploads\/2023\/07\/hu\u0308tter.png","type":"image\/png"}],"author":"Damien Dellerba","twitter_card":"summary_large_image","twitter_image":"https:\/\/www.ladiagonale.net\/wp-content\/uploads\/2023\/07\/hu\u0308tter.png","twitter_misc":{"\u00c9crit par":"Damien Dellerba","Dur\u00e9e de lecture estim\u00e9e":"4 minutes"},"schema":{"@context":"https:\/\/schema.org","@graph":[{"@type":"WebPage","@id":"https:\/\/www.ladiagonale.net\/index.php\/2023\/08\/23\/hutter-personne-ne-nous-fera-de-cadeau-en-ligue-1\/","url":"https:\/\/www.ladiagonale.net\/index.php\/2023\/08\/23\/hutter-personne-ne-nous-fera-de-cadeau-en-ligue-1\/","name":"H\u00fctter : \u00ab\u00a0Personne ne nous fera de cadeau en Ligue 1\u00a0\u00bb - La Diagonale","isPartOf":{"@id":"https:\/\/www.ladiagonale.net\/#website"},"datePublished":"2023-08-23T14:52:53+00:00","dateModified":"2023-08-23T14:54:48+00:00","author":{"@id":"https:\/\/www.ladiagonale.net\/#\/schema\/person\/79ff1e7b0853ed01b2aa26e64ad300bf"},"breadcrumb":{"@id":"https:\/\/www.ladiagonale.net\/index.php\/2023\/08\/23\/hutter-personne-ne-nous-fera-de-cadeau-en-ligue-1\/#breadcrumb"},"inLanguage":"fr-FR","potentialAction":[{"@type":"ReadAction","target":["https:\/\/www.ladiagonale.net\/index.php\/2023\/08\/23\/hutter-personne-ne-nous-fera-de-cadeau-en-ligue-1\/"]}]},{"@type":"BreadcrumbList","@id":"https:\/\/www.ladiagonale.net\/index.php\/2023\/08\/23\/hutter-personne-ne-nous-fera-de-cadeau-en-ligue-1\/#breadcrumb","itemListElement":[{"@type":"ListItem","position":1,"name":"Accueil","item":"https:\/\/www.ladiagonale.net\/"},{"@type":"ListItem","position":2,"name":"H\u00fctter : \u00ab\u00a0Personne ne nous fera de cadeau en Ligue 1\u00a0\u00bb"}]},{"@type":"WebSite","@id":"https:\/\/www.ladiagonale.net\/#website","url":"https:\/\/www.ladiagonale.net\/","name":"La Diagonale","description":"Le site des supporters de l&#039;AS Monaco FC","potentialAction":[{"@type":"SearchAction","target":{"@type":"EntryPoint","urlTemplate":"https:\/\/www.ladiagonale.net\/?s={search_term_string}"},"query-input":"required name=search_term_string"}],"inLanguage":"fr-FR"},{"@type":"Person","@id":"https:\/\/www.ladiagonale.net\/#\/schema\/person\/79ff1e7b0853ed01b2aa26e64ad300bf","name":"Damien Dellerba","image":{"@type":"ImageObject","inLanguage":"fr-FR","@id":"https:\/\/www.ladiagonale.net\/#\/schema\/person\/image\/","url":"https:\/\/secure.gravatar.com\/avatar\/c7850e06d3ff63cdbaee88b7fc16e2f0?s=96&d=mm&r=g","contentUrl":"https:\/\/secure.gravatar.com\/avatar\/c7850e06d3ff63cdbaee88b7fc16e2f0?s=96&d=mm&r=g","caption":"Damien Dellerba"},"url":"https:\/\/www.ladiagonale.net\/index.php\/author\/damien\/"}]}},"_links":{"self":[{"href":"https:\/\/www.ladiagonale.net\/index.php\/wp-json\/wp\/v2\/posts\/15468"}],"collection":[{"href":"https:\/\/www.ladiagonale.net\/index.php\/wp-json\/wp\/v2\/posts"}],"about":[{"href":"https:\/\/www.ladiagonale.net\/index.php\/wp-json\/wp\/v2\/types\/post"}],"author":[{"embeddable":true,"href":"https:\/\/www.ladiagonale.net\/index.php\/wp-json\/wp\/v2\/users\/2"}],"replies":[{"embeddable":true,"href":"https:\/\/www.ladiagonale.net\/index.php\/wp-json\/wp\/v2\/comments?post=15468"}],"version-history":[{"count":3,"href":"https:\/\/www.ladiagonale.net\/index.php\/wp-json\/wp\/v2\/posts\/15468\/revisions"}],"predecessor-version":[{"id":15471,"href":"https:\/\/www.ladiagonale.net\/index.php\/wp-json\/wp\/v2\/posts\/15468\/revisions\/15471"}],"wp:attachment":[{"href":"https:\/\/www.ladiagonale.net\/index.php\/wp-json\/wp\/v2\/media?parent=15468"}],"wp:term":[{"taxonomy":"category","embeddable":true,"href":"https:\/\/www.ladiagonale.net\/index.php\/wp-json\/wp\/v2\/categories?post=15468"},{"taxonomy":"post_tag","embeddable":true,"href":"https:\/\/www.ladiagonale.net\/index.php\/wp-json\/wp\/v2\/tags?post=15468"}],"curies":[{"name":"wp","href":"https:\/\/api.w.org\/{rel}","templated":true}]}}