{"id":15472,"date":"2023-08-23T17:28:12","date_gmt":"2023-08-23T15:28:12","guid":{"rendered":"https:\/\/www.ladiagonale.net\/?p=15472"},"modified":"2023-08-23T17:28:16","modified_gmt":"2023-08-23T15:28:16","slug":"minamino-beaucoup-de-joueurs-mont-aide","status":"publish","type":"post","link":"https:\/\/www.ladiagonale.net\/index.php\/2023\/08\/23\/minamino-beaucoup-de-joueurs-mont-aide\/","title":{"rendered":"Minamino : \u00ab\u00a0Beaucoup de joueurs m\u2019ont aid\u00e9\u00a0\u00bb"},"content":{"rendered":"\n\n\n<p>Apr\u00e8s une premi\u00e8re saison difficile, Takumi Minamino semble rena\u00eetre en ce d\u00e9but d\u2019exercice avec l\u2019AS Monaco. L\u2019international japonais a reconnu que la saison derni\u00e8re n\u2019\u00e9tait pas au niveau esp\u00e9r\u00e9 : \u00ab\u00a0<em>La saison derni\u00e8re \u00e9tait un peu difficile pour moi, car j\u2019ai d\u00fb m\u2019adapter \u00e0 un nouveau pays, un nouveau championnat, une nouvelle culture. Mais maintenant je me sens vraiment tr\u00e8s bien, pleinement \u00e9panoui, j\u2019aime la France et Monaco, qui est un endroit tr\u00e8s sp\u00e9cial.<\/em>\u00a0\u00bb<\/p>\n\n\n\n<p>Minamino a \u00e9t\u00e9 aid\u00e9 par certains joueurs dans ses moments d\u00e9licats : \u00ab\u00a0<em>Beaucoup de joueurs m\u2019ont aid\u00e9 et soutenu quand je traversais une p\u00e9riode difficile l\u2019an dernier. Nous sommes toujours tr\u00e8s soud\u00e9s entre nous dans le vestiaire, et travaillons tous dur au quotidien. Kevin Volland, qui vient de quitter le Club, a beaucoup \u00e9t\u00e9 l\u00e0 pour moi notamment, tout comme Ismail Jakobs.<\/em>\u00a0\u00bb<\/p>\n\n\n\n<p>Minamino a \u00e9t\u00e9 sujet \u00e0 de nombreuses critiques de la presse et des supporters l\u2019an dernier, mais l\u2019ancien joueur de Liverpool ne s\u2019est pas concentr\u00e9 sur lui :\u00a0\u00ab\u00a0<em>Je n\u2019ai pas pr\u00eat\u00e9 attention \u00e0 toutes ces choses-l\u00e0. C\u2019\u00e9tait une ann\u00e9e difficile, mais j\u2019ai toujours cru en moi ! Et j\u2019esp\u00e8re que cette saison je vais pouvoir montrer ce que je suis capable de faire.\u00a0\u00bb <\/em>Le Japonais pr\u00e9f\u00e8re regarder de l\u2019avant et se concentrer sur lui : <em>\u00ab\u00a0Je suis focus sur moi-m\u00eame et mes performances, et je n\u2019aime pas vraiment me plaindre.<\/em>\u00a0\u00bb<\/p>\n\n\n\n<h4>Il ne se fixe pas un nombre pr\u00e9cis de buts ou de passes d\u00e9cisives<\/h4>\n\n\n\n<p>S\u2019il a \u00e9prouv\u00e9 des difficult\u00e9s \u00e0 s\u2019int\u00e9grer la saison derni\u00e8re, Minamino a reconnu que le niveau relev\u00e9 de la Ligue 1 ne lui avait pas facilit\u00e9 la t\u00e2che :\u00a0\u00ab\u00a0<em>Le championnat de France est vraiment difficile et exigeant physiquement. Vous devez prendre des d\u00e9cisions tr\u00e8s vite sur le terrain quand vous avez le ballon car vous n\u2019avez pas beaucoup de temps. Je dois dire qu\u2019il y a aussi de tr\u00e8s bons jeunes joueurs. C\u2019est assez difficile de la comparer avec d\u2019autres championnats, mais je pense vraiment que c\u2019est une des ligues les plus comp\u00e9titives au monde.<\/em>\u00a0\u00bb<\/p>\n\n\n\n<p>Son renouveau, il le doit probablement \u00e0 son entra\u00eeneur, avec lequel il semble avoir une bonne connexion et une compr\u00e9hension imm\u00e9diate de ses attentes : \u00ab\u00a0<em>Je pr\u00e9f\u00e8re effectivement jouer derri\u00e8re l\u2019attaquant, c\u2019est vraiment ma position favorite. Avec le coach on ne parle pas beaucoup de ce poste, mais je connais son style de jeu et ses attentes. Il me demande avant tout de jouer mon football et c\u2019est pour cela que je suis \u00e0 l\u2019aise.<\/em>\u00a0\u00bb Concernant ses objectifs, Minamino esp\u00e8re surtout \u00ab\u00a0<em>jouer un maximum et \u00eatre d\u00e9cisif le plus possible<\/em>\u00a0\u00bb sans se \u00ab\u00a0<em>fixer un noimbre de buts ou de passes.<\/em>\u00a0\u00bb<\/p>\n","protected":false},"excerpt":{"rendered":"<p>Apr\u00e8s une premi\u00e8re saison difficile, Takumi Minamino semble rena\u00eetre en ce d\u00e9but d\u2019exercice avec l\u2019AS Monaco. L\u2019international japonais a reconnu que la saison derni\u00e8re n\u2019\u00e9tait pas au niveau esp\u00e9r\u00e9 : \u00ab\u00a0La saison derni\u00e8re \u00e9tait un peu difficile pour moi, car j\u2019ai d\u00fb m\u2019adapter \u00e0 un nouveau pays, un nouveau championnat, une nouvelle culture. Mais maintenant [&#8230;]\n","protected":false},"author":2,"featured_media":0,"comment_status":"open","ping_status":"open","sticky":false,"template":"","format":"standard","meta":[],"categories":[6],"tags":[86,94,438,164],"yoast_head":"<!-- This site is optimized with the Yoast SEO plugin v19.8 - https:\/\/yoast.com\/wordpress\/plugins\/seo\/ -->\n<title>Minamino : \u00ab\u00a0Beaucoup de joueurs m\u2019ont aid\u00e9\u00a0\u00bb - La Diagonale<\/title>\n<meta name=\"robots\" content=\"index, follow, max-snippet:-1, max-image-preview:large, max-video-preview:-1\" \/>\n<link rel=\"canonical\" href=\"https:\/\/www.ladiagonale.net\/index.php\/2023\/08\/23\/minamino-beaucoup-de-joueurs-mont-aide\/\" \/>\n<meta property=\"og:locale\" content=\"fr_FR\" \/>\n<meta property=\"og:type\" content=\"article\" \/>\n<meta property=\"og:title\" content=\"Minamino : \u00ab\u00a0Beaucoup de joueurs m\u2019ont aid\u00e9\u00a0\u00bb - La Diagonale\" \/>\n<meta property=\"og:description\" content=\"Apr\u00e8s une premi\u00e8re saison difficile, Takumi Minamino semble rena\u00eetre en ce d\u00e9but d\u2019exercice avec l\u2019AS Monaco. L\u2019international japonais a reconnu que la saison derni\u00e8re n\u2019\u00e9tait pas au niveau esp\u00e9r\u00e9 : \u00ab\u00a0La saison derni\u00e8re \u00e9tait un peu difficile pour moi, car j\u2019ai d\u00fb m\u2019adapter \u00e0 un nouveau pays, un nouveau championnat, une nouvelle culture. Mais maintenant [...]\" \/>\n<meta property=\"og:url\" content=\"https:\/\/www.ladiagonale.net\/index.php\/2023\/08\/23\/minamino-beaucoup-de-joueurs-mont-aide\/\" \/>\n<meta property=\"og:site_name\" content=\"La Diagonale\" \/>\n<meta property=\"article:published_time\" content=\"2023-08-23T15:28:12+00:00\" \/>\n<meta property=\"article:modified_time\" content=\"2023-08-23T15:28:16+00:00\" \/>\n<meta property=\"og:image\" content=\"https:\/\/www.ladiagonale.net\/wp-content\/uploads\/2023\/08\/minamino4.png\" \/>\n\t<meta property=\"og:image:width\" content=\"1160\" \/>\n\t<meta property=\"og:image:height\" content=\"650\" \/>\n\t<meta property=\"og:image:type\" content=\"image\/png\" \/>\n<meta name=\"author\" content=\"Damien Dellerba\" \/>\n<meta name=\"twitter:card\" content=\"summary_large_image\" \/>\n<meta name=\"twitter:image\" content=\"https:\/\/www.ladiagonale.net\/wp-content\/uploads\/2023\/08\/minamino4.png\" \/>\n<meta name=\"twitter:label1\" content=\"\u00c9crit par\" \/>\n\t<meta name=\"twitter:data1\" content=\"Damien Dellerba\" \/>\n\t<meta name=\"twitter:label2\" content=\"Dur\u00e9e de lecture estim\u00e9e\" \/>\n\t<meta name=\"twitter:data2\" content=\"3 minutes\" \/>\n<script type=\"application\/ld+json\" class=\"yoast-schema-graph\">{\"@context\":\"https:\/\/schema.org\",\"@graph\":[{\"@type\":\"WebPage\",\"@id\":\"https:\/\/www.ladiagonale.net\/index.php\/2023\/08\/23\/minamino-beaucoup-de-joueurs-mont-aide\/\",\"url\":\"https:\/\/www.ladiagonale.net\/index.php\/2023\/08\/23\/minamino-beaucoup-de-joueurs-mont-aide\/\",\"name\":\"Minamino : \u00ab\u00a0Beaucoup de joueurs m\u2019ont aid\u00e9\u00a0\u00bb - La Diagonale\",\"isPartOf\":{\"@id\":\"https:\/\/www.ladiagonale.net\/#website\"},\"datePublished\":\"2023-08-23T15:28:12+00:00\",\"dateModified\":\"2023-08-23T15:28:16+00:00\",\"author\":{\"@id\":\"https:\/\/www.ladiagonale.net\/#\/schema\/person\/79ff1e7b0853ed01b2aa26e64ad300bf\"},\"breadcrumb\":{\"@id\":\"https:\/\/www.ladiagonale.net\/index.php\/2023\/08\/23\/minamino-beaucoup-de-joueurs-mont-aide\/#breadcrumb\"},\"inLanguage\":\"fr-FR\",\"potentialAction\":[{\"@type\":\"ReadAction\",\"target\":[\"https:\/\/www.ladiagonale.net\/index.php\/2023\/08\/23\/minamino-beaucoup-de-joueurs-mont-aide\/\"]}]},{\"@type\":\"BreadcrumbList\",\"@id\":\"https:\/\/www.ladiagonale.net\/index.php\/2023\/08\/23\/minamino-beaucoup-de-joueurs-mont-aide\/#breadcrumb\",\"itemListElement\":[{\"@type\":\"ListItem\",\"position\":1,\"name\":\"Accueil\",\"item\":\"https:\/\/www.ladiagonale.net\/\"},{\"@type\":\"ListItem\",\"position\":2,\"name\":\"Minamino : \u00ab\u00a0Beaucoup de joueurs m\u2019ont aid\u00e9\u00a0\u00bb\"}]},{\"@type\":\"WebSite\",\"@id\":\"https:\/\/www.ladiagonale.net\/#website\",\"url\":\"https:\/\/www.ladiagonale.net\/\",\"name\":\"La Diagonale\",\"description\":\"Le site des supporters de l&#039;AS Monaco FC\",\"potentialAction\":[{\"@type\":\"SearchAction\",\"target\":{\"@type\":\"EntryPoint\",\"urlTemplate\":\"https:\/\/www.ladiagonale.net\/?s={search_term_string}\"},\"query-input\":\"required name=search_term_string\"}],\"inLanguage\":\"fr-FR\"},{\"@type\":\"Person\",\"@id\":\"https:\/\/www.ladiagonale.net\/#\/schema\/person\/79ff1e7b0853ed01b2aa26e64ad300bf\",\"name\":\"Damien Dellerba\",\"image\":{\"@type\":\"ImageObject\",\"inLanguage\":\"fr-FR\",\"@id\":\"https:\/\/www.ladiagonale.net\/#\/schema\/person\/image\/\",\"url\":\"https:\/\/secure.gravatar.com\/avatar\/c7850e06d3ff63cdbaee88b7fc16e2f0?s=96&d=mm&r=g\",\"contentUrl\":\"https:\/\/secure.gravatar.com\/avatar\/c7850e06d3ff63cdbaee88b7fc16e2f0?s=96&d=mm&r=g\",\"caption\":\"Damien Dellerba\"},\"url\":\"https:\/\/www.ladiagonale.net\/index.php\/author\/damien\/\"}]}<\/script>\n<!-- \/ Yoast SEO plugin. -->","yoast_head_json":{"title":"Minamino : \u00ab\u00a0Beaucoup de joueurs m\u2019ont aid\u00e9\u00a0\u00bb - La Diagonale","robots":{"index":"index","follow":"follow","max-snippet":"max-snippet:-1","max-image-preview":"max-image-preview:large","max-video-preview":"max-video-preview:-1"},"canonical":"https:\/\/www.ladiagonale.net\/index.php\/2023\/08\/23\/minamino-beaucoup-de-joueurs-mont-aide\/","og_locale":"fr_FR","og_type":"article","og_title":"Minamino : \u00ab\u00a0Beaucoup de joueurs m\u2019ont aid\u00e9\u00a0\u00bb - La Diagonale","og_description":"Apr\u00e8s une premi\u00e8re saison difficile, Takumi Minamino semble rena\u00eetre en ce d\u00e9but d\u2019exercice avec l\u2019AS Monaco. L\u2019international japonais a reconnu que la saison derni\u00e8re n\u2019\u00e9tait pas au niveau esp\u00e9r\u00e9 : \u00ab\u00a0La saison derni\u00e8re \u00e9tait un peu difficile pour moi, car j\u2019ai d\u00fb m\u2019adapter \u00e0 un nouveau pays, un nouveau championnat, une nouvelle culture. Mais maintenant [...]","og_url":"https:\/\/www.ladiagonale.net\/index.php\/2023\/08\/23\/minamino-beaucoup-de-joueurs-mont-aide\/","og_site_name":"La Diagonale","article_published_time":"2023-08-23T15:28:12+00:00","article_modified_time":"2023-08-23T15:28:16+00:00","og_image":[{"width":1160,"height":650,"url":"https:\/\/www.ladiagonale.net\/wp-content\/uploads\/2023\/08\/minamino4.png","type":"image\/png"}],"author":"Damien Dellerba","twitter_card":"summary_large_image","twitter_image":"https:\/\/www.ladiagonale.net\/wp-content\/uploads\/2023\/08\/minamino4.png","twitter_misc":{"\u00c9crit par":"Damien Dellerba","Dur\u00e9e de lecture estim\u00e9e":"3 minutes"},"schema":{"@context":"https:\/\/schema.org","@graph":[{"@type":"WebPage","@id":"https:\/\/www.ladiagonale.net\/index.php\/2023\/08\/23\/minamino-beaucoup-de-joueurs-mont-aide\/","url":"https:\/\/www.ladiagonale.net\/index.php\/2023\/08\/23\/minamino-beaucoup-de-joueurs-mont-aide\/","name":"Minamino : \u00ab\u00a0Beaucoup de joueurs m\u2019ont aid\u00e9\u00a0\u00bb - La Diagonale","isPartOf":{"@id":"https:\/\/www.ladiagonale.net\/#website"},"datePublished":"2023-08-23T15:28:12+00:00","dateModified":"2023-08-23T15:28:16+00:00","author":{"@id":"https:\/\/www.ladiagonale.net\/#\/schema\/person\/79ff1e7b0853ed01b2aa26e64ad300bf"},"breadcrumb":{"@id":"https:\/\/www.ladiagonale.net\/index.php\/2023\/08\/23\/minamino-beaucoup-de-joueurs-mont-aide\/#breadcrumb"},"inLanguage":"fr-FR","potentialAction":[{"@type":"ReadAction","target":["https:\/\/www.ladiagonale.net\/index.php\/2023\/08\/23\/minamino-beaucoup-de-joueurs-mont-aide\/"]}]},{"@type":"BreadcrumbList","@id":"https:\/\/www.ladiagonale.net\/index.php\/2023\/08\/23\/minamino-beaucoup-de-joueurs-mont-aide\/#breadcrumb","itemListElement":[{"@type":"ListItem","position":1,"name":"Accueil","item":"https:\/\/www.ladiagonale.net\/"},{"@type":"ListItem","position":2,"name":"Minamino : \u00ab\u00a0Beaucoup de joueurs m\u2019ont aid\u00e9\u00a0\u00bb"}]},{"@type":"WebSite","@id":"https:\/\/www.ladiagonale.net\/#website","url":"https:\/\/www.ladiagonale.net\/","name":"La Diagonale","description":"Le site des supporters de l&#039;AS Monaco FC","potentialAction":[{"@type":"SearchAction","target":{"@type":"EntryPoint","urlTemplate":"https:\/\/www.ladiagonale.net\/?s={search_term_string}"},"query-input":"required name=search_term_string"}],"inLanguage":"fr-FR"},{"@type":"Person","@id":"https:\/\/www.ladiagonale.net\/#\/schema\/person\/79ff1e7b0853ed01b2aa26e64ad300bf","name":"Damien Dellerba","image":{"@type":"ImageObject","inLanguage":"fr-FR","@id":"https:\/\/www.ladiagonale.net\/#\/schema\/person\/image\/","url":"https:\/\/secure.gravatar.com\/avatar\/c7850e06d3ff63cdbaee88b7fc16e2f0?s=96&d=mm&r=g","contentUrl":"https:\/\/secure.gravatar.com\/avatar\/c7850e06d3ff63cdbaee88b7fc16e2f0?s=96&d=mm&r=g","caption":"Damien Dellerba"},"url":"https:\/\/www.ladiagonale.net\/index.php\/author\/damien\/"}]}},"_links":{"self":[{"href":"https:\/\/www.ladiagonale.net\/index.php\/wp-json\/wp\/v2\/posts\/15472"}],"collection":[{"href":"https:\/\/www.ladiagonale.net\/index.php\/wp-json\/wp\/v2\/posts"}],"about":[{"href":"https:\/\/www.ladiagonale.net\/index.php\/wp-json\/wp\/v2\/types\/post"}],"author":[{"embeddable":true,"href":"https:\/\/www.ladiagonale.net\/index.php\/wp-json\/wp\/v2\/users\/2"}],"replies":[{"embeddable":true,"href":"https:\/\/www.ladiagonale.net\/index.php\/wp-json\/wp\/v2\/comments?post=15472"}],"version-history":[{"count":1,"href":"https:\/\/www.ladiagonale.net\/index.php\/wp-json\/wp\/v2\/posts\/15472\/revisions"}],"predecessor-version":[{"id":15473,"href":"https:\/\/www.ladiagonale.net\/index.php\/wp-json\/wp\/v2\/posts\/15472\/revisions\/15473"}],"wp:attachment":[{"href":"https:\/\/www.ladiagonale.net\/index.php\/wp-json\/wp\/v2\/media?parent=15472"}],"wp:term":[{"taxonomy":"category","embeddable":true,"href":"https:\/\/www.ladiagonale.net\/index.php\/wp-json\/wp\/v2\/categories?post=15472"},{"taxonomy":"post_tag","embeddable":true,"href":"https:\/\/www.ladiagonale.net\/index.php\/wp-json\/wp\/v2\/tags?post=15472"}],"curies":[{"name":"wp","href":"https:\/\/api.w.org\/{rel}","templated":true}]}}