{"id":15474,"date":"2023-08-23T18:12:41","date_gmt":"2023-08-23T16:12:41","guid":{"rendered":"https:\/\/www.ladiagonale.net\/?p=15474"},"modified":"2023-08-23T19:35:19","modified_gmt":"2023-08-23T17:35:19","slug":"ben-yedder-conteste-fermement-les-accusations-dont-il-fait-lobjet","status":"publish","type":"post","link":"https:\/\/www.ladiagonale.net\/index.php\/2023\/08\/23\/ben-yedder-conteste-fermement-les-accusations-dont-il-fait-lobjet\/","title":{"rendered":"Ben Yedder \u00ab\u00a0conteste fermement\u00a0\u00bb les accusations dont il fait l\u2019objet"},"content":{"rendered":"\n\n\n<p>Il y a deux semaines, Wissam Ben Yedder a \u00e9t\u00e9 mis en examen en compagnie de son fr\u00e8re pour \u00ab&nbsp;<em><a href=\"https:\/\/www.ladiagonale.net\/index.php\/2023\/08\/11\/ben-yedder-mis-en-examen-pour-viol-tentative-de-viol-et-agression-sexuelle\/\">viol, tentative de viol et agression sexuelle<\/a><\/em>&nbsp;\u00bb, \u00e0 la suite de deux plaintes \u00e9manant de deux femmes de 19 et 20 ans, apr\u00e8s une soir\u00e9e qui s\u2019est d\u00e9roul\u00e9e le 10 juillet \u00e0 Beausoleil. Si le joueur est d\u00e9sormais sous contr\u00f4le judiciaire, il continue de b\u00e9n\u00e9ficier de la pr\u00e9somption d&rsquo;innocence et conteste les faits, comme cela a \u00e9t\u00e9 le cas lors de sa garde \u00e0 vue de 48 heures entre le 8 et le 10 ao\u00fbt.<\/p>\n\n\n\n<p>Ben Yedder ne s&rsquo;est jamais exprim\u00e9 directement sur cette affaire, mais pour la premi\u00e8re fois, son avocate, Me Hasna Louz\u00e9, a pris la parole : \u00ab\u00a0<em>Mon client conteste fermement les infractions qui lui sont reproch\u00e9es<\/em> \u00bb, a-t-elle fait savoir \u00e0 <em>Nice-Matin<\/em>, ajoutant qu\u2019il fallait d\u00e9sormais \u00ab <em>que la justice puisse poursuivre son travail dans la s\u00e9r\u00e9nit\u00e9 sans pression d\u2019aucune sorte<\/em>\u00a0\u00bb. \u00c0 l\u2019heure actuelle, <a href=\"https:\/\/www.ladiagonale.net\/index.php\/2023\/08\/19\/scuro-et-hutter-evoquent-le-cas-ben-yedder\/\">Wissam Ben Yedder b\u00e9n\u00e9ficie de l\u2019appui<\/a> de son entra\u00eeneur Adi H\u00fctter, qui compte sur le joueur, tout comme le directeur du football de l\u2019ASM, Thiago Scuro.<\/p>\n","protected":false},"excerpt":{"rendered":"<p>Il y a deux semaines, Wissam Ben Yedder a \u00e9t\u00e9 mis en examen en compagnie de son fr\u00e8re pour \u00ab&nbsp;viol, tentative de viol et agression sexuelle&nbsp;\u00bb, \u00e0 la suite de deux plaintes \u00e9manant de deux femmes de 19 et 20 ans, apr\u00e8s une soir\u00e9e qui s\u2019est d\u00e9roul\u00e9e le 10 juillet \u00e0 Beausoleil. Si le joueur [&#8230;]\n","protected":false},"author":2,"featured_media":0,"comment_status":"open","ping_status":"open","sticky":false,"template":"","format":"standard","meta":[],"categories":[6],"tags":[86,401,175],"yoast_head":"<!-- This site is optimized with the Yoast SEO plugin v19.8 - https:\/\/yoast.com\/wordpress\/plugins\/seo\/ -->\n<title>Ben Yedder \u00ab\u00a0conteste fermement\u00a0\u00bb les accusations dont il fait l\u2019objet - La Diagonale<\/title>\n<meta name=\"robots\" content=\"index, follow, max-snippet:-1, max-image-preview:large, max-video-preview:-1\" \/>\n<link rel=\"canonical\" href=\"https:\/\/www.ladiagonale.net\/index.php\/2023\/08\/23\/ben-yedder-conteste-fermement-les-accusations-dont-il-fait-lobjet\/\" \/>\n<meta property=\"og:locale\" content=\"fr_FR\" \/>\n<meta property=\"og:type\" content=\"article\" \/>\n<meta property=\"og:title\" content=\"Ben Yedder \u00ab\u00a0conteste fermement\u00a0\u00bb les accusations dont il fait l\u2019objet - La Diagonale\" \/>\n<meta property=\"og:description\" content=\"Il y a deux semaines, Wissam Ben Yedder a \u00e9t\u00e9 mis en examen en compagnie de son fr\u00e8re pour \u00ab&nbsp;viol, tentative de viol et agression sexuelle&nbsp;\u00bb, \u00e0 la suite de deux plaintes \u00e9manant de deux femmes de 19 et 20 ans, apr\u00e8s une soir\u00e9e qui s\u2019est d\u00e9roul\u00e9e le 10 juillet \u00e0 Beausoleil. Si le joueur [...]\" \/>\n<meta property=\"og:url\" content=\"https:\/\/www.ladiagonale.net\/index.php\/2023\/08\/23\/ben-yedder-conteste-fermement-les-accusations-dont-il-fait-lobjet\/\" \/>\n<meta property=\"og:site_name\" content=\"La Diagonale\" \/>\n<meta property=\"article:published_time\" content=\"2023-08-23T16:12:41+00:00\" \/>\n<meta property=\"article:modified_time\" content=\"2023-08-23T17:35:19+00:00\" \/>\n<meta property=\"og:image\" content=\"https:\/\/www.ladiagonale.net\/wp-content\/uploads\/2023\/04\/ben-yedder5.png\" \/>\n\t<meta property=\"og:image:width\" content=\"1160\" \/>\n\t<meta property=\"og:image:height\" content=\"650\" \/>\n\t<meta property=\"og:image:type\" content=\"image\/png\" \/>\n<meta name=\"author\" content=\"Damien Dellerba\" \/>\n<meta name=\"twitter:card\" content=\"summary_large_image\" \/>\n<meta name=\"twitter:image\" content=\"https:\/\/www.ladiagonale.net\/wp-content\/uploads\/2023\/04\/ben-yedder5.png\" \/>\n<meta name=\"twitter:label1\" content=\"\u00c9crit par\" \/>\n\t<meta name=\"twitter:data1\" content=\"Damien Dellerba\" \/>\n\t<meta name=\"twitter:label2\" content=\"Dur\u00e9e de lecture estim\u00e9e\" \/>\n\t<meta name=\"twitter:data2\" content=\"1 minute\" \/>\n<script type=\"application\/ld+json\" class=\"yoast-schema-graph\">{\"@context\":\"https:\/\/schema.org\",\"@graph\":[{\"@type\":\"WebPage\",\"@id\":\"https:\/\/www.ladiagonale.net\/index.php\/2023\/08\/23\/ben-yedder-conteste-fermement-les-accusations-dont-il-fait-lobjet\/\",\"url\":\"https:\/\/www.ladiagonale.net\/index.php\/2023\/08\/23\/ben-yedder-conteste-fermement-les-accusations-dont-il-fait-lobjet\/\",\"name\":\"Ben Yedder \u00ab\u00a0conteste fermement\u00a0\u00bb les accusations dont il fait l\u2019objet - La Diagonale\",\"isPartOf\":{\"@id\":\"https:\/\/www.ladiagonale.net\/#website\"},\"datePublished\":\"2023-08-23T16:12:41+00:00\",\"dateModified\":\"2023-08-23T17:35:19+00:00\",\"author\":{\"@id\":\"https:\/\/www.ladiagonale.net\/#\/schema\/person\/79ff1e7b0853ed01b2aa26e64ad300bf\"},\"breadcrumb\":{\"@id\":\"https:\/\/www.ladiagonale.net\/index.php\/2023\/08\/23\/ben-yedder-conteste-fermement-les-accusations-dont-il-fait-lobjet\/#breadcrumb\"},\"inLanguage\":\"fr-FR\",\"potentialAction\":[{\"@type\":\"ReadAction\",\"target\":[\"https:\/\/www.ladiagonale.net\/index.php\/2023\/08\/23\/ben-yedder-conteste-fermement-les-accusations-dont-il-fait-lobjet\/\"]}]},{\"@type\":\"BreadcrumbList\",\"@id\":\"https:\/\/www.ladiagonale.net\/index.php\/2023\/08\/23\/ben-yedder-conteste-fermement-les-accusations-dont-il-fait-lobjet\/#breadcrumb\",\"itemListElement\":[{\"@type\":\"ListItem\",\"position\":1,\"name\":\"Accueil\",\"item\":\"https:\/\/www.ladiagonale.net\/\"},{\"@type\":\"ListItem\",\"position\":2,\"name\":\"Ben Yedder \u00ab\u00a0conteste fermement\u00a0\u00bb les accusations dont il fait l\u2019objet\"}]},{\"@type\":\"WebSite\",\"@id\":\"https:\/\/www.ladiagonale.net\/#website\",\"url\":\"https:\/\/www.ladiagonale.net\/\",\"name\":\"La Diagonale\",\"description\":\"Le site des supporters de l&#039;AS Monaco FC\",\"potentialAction\":[{\"@type\":\"SearchAction\",\"target\":{\"@type\":\"EntryPoint\",\"urlTemplate\":\"https:\/\/www.ladiagonale.net\/?s={search_term_string}\"},\"query-input\":\"required name=search_term_string\"}],\"inLanguage\":\"fr-FR\"},{\"@type\":\"Person\",\"@id\":\"https:\/\/www.ladiagonale.net\/#\/schema\/person\/79ff1e7b0853ed01b2aa26e64ad300bf\",\"name\":\"Damien Dellerba\",\"image\":{\"@type\":\"ImageObject\",\"inLanguage\":\"fr-FR\",\"@id\":\"https:\/\/www.ladiagonale.net\/#\/schema\/person\/image\/\",\"url\":\"https:\/\/secure.gravatar.com\/avatar\/c7850e06d3ff63cdbaee88b7fc16e2f0?s=96&d=mm&r=g\",\"contentUrl\":\"https:\/\/secure.gravatar.com\/avatar\/c7850e06d3ff63cdbaee88b7fc16e2f0?s=96&d=mm&r=g\",\"caption\":\"Damien Dellerba\"},\"url\":\"https:\/\/www.ladiagonale.net\/index.php\/author\/damien\/\"}]}<\/script>\n<!-- \/ Yoast SEO plugin. -->","yoast_head_json":{"title":"Ben Yedder \u00ab\u00a0conteste fermement\u00a0\u00bb les accusations dont il fait l\u2019objet - La Diagonale","robots":{"index":"index","follow":"follow","max-snippet":"max-snippet:-1","max-image-preview":"max-image-preview:large","max-video-preview":"max-video-preview:-1"},"canonical":"https:\/\/www.ladiagonale.net\/index.php\/2023\/08\/23\/ben-yedder-conteste-fermement-les-accusations-dont-il-fait-lobjet\/","og_locale":"fr_FR","og_type":"article","og_title":"Ben Yedder \u00ab\u00a0conteste fermement\u00a0\u00bb les accusations dont il fait l\u2019objet - La Diagonale","og_description":"Il y a deux semaines, Wissam Ben Yedder a \u00e9t\u00e9 mis en examen en compagnie de son fr\u00e8re pour \u00ab&nbsp;viol, tentative de viol et agression sexuelle&nbsp;\u00bb, \u00e0 la suite de deux plaintes \u00e9manant de deux femmes de 19 et 20 ans, apr\u00e8s une soir\u00e9e qui s\u2019est d\u00e9roul\u00e9e le 10 juillet \u00e0 Beausoleil. Si le joueur [...]","og_url":"https:\/\/www.ladiagonale.net\/index.php\/2023\/08\/23\/ben-yedder-conteste-fermement-les-accusations-dont-il-fait-lobjet\/","og_site_name":"La Diagonale","article_published_time":"2023-08-23T16:12:41+00:00","article_modified_time":"2023-08-23T17:35:19+00:00","og_image":[{"width":1160,"height":650,"url":"https:\/\/www.ladiagonale.net\/wp-content\/uploads\/2023\/04\/ben-yedder5.png","type":"image\/png"}],"author":"Damien Dellerba","twitter_card":"summary_large_image","twitter_image":"https:\/\/www.ladiagonale.net\/wp-content\/uploads\/2023\/04\/ben-yedder5.png","twitter_misc":{"\u00c9crit par":"Damien Dellerba","Dur\u00e9e de lecture estim\u00e9e":"1 minute"},"schema":{"@context":"https:\/\/schema.org","@graph":[{"@type":"WebPage","@id":"https:\/\/www.ladiagonale.net\/index.php\/2023\/08\/23\/ben-yedder-conteste-fermement-les-accusations-dont-il-fait-lobjet\/","url":"https:\/\/www.ladiagonale.net\/index.php\/2023\/08\/23\/ben-yedder-conteste-fermement-les-accusations-dont-il-fait-lobjet\/","name":"Ben Yedder \u00ab\u00a0conteste fermement\u00a0\u00bb les accusations dont il fait l\u2019objet - La Diagonale","isPartOf":{"@id":"https:\/\/www.ladiagonale.net\/#website"},"datePublished":"2023-08-23T16:12:41+00:00","dateModified":"2023-08-23T17:35:19+00:00","author":{"@id":"https:\/\/www.ladiagonale.net\/#\/schema\/person\/79ff1e7b0853ed01b2aa26e64ad300bf"},"breadcrumb":{"@id":"https:\/\/www.ladiagonale.net\/index.php\/2023\/08\/23\/ben-yedder-conteste-fermement-les-accusations-dont-il-fait-lobjet\/#breadcrumb"},"inLanguage":"fr-FR","potentialAction":[{"@type":"ReadAction","target":["https:\/\/www.ladiagonale.net\/index.php\/2023\/08\/23\/ben-yedder-conteste-fermement-les-accusations-dont-il-fait-lobjet\/"]}]},{"@type":"BreadcrumbList","@id":"https:\/\/www.ladiagonale.net\/index.php\/2023\/08\/23\/ben-yedder-conteste-fermement-les-accusations-dont-il-fait-lobjet\/#breadcrumb","itemListElement":[{"@type":"ListItem","position":1,"name":"Accueil","item":"https:\/\/www.ladiagonale.net\/"},{"@type":"ListItem","position":2,"name":"Ben Yedder \u00ab\u00a0conteste fermement\u00a0\u00bb les accusations dont il fait l\u2019objet"}]},{"@type":"WebSite","@id":"https:\/\/www.ladiagonale.net\/#website","url":"https:\/\/www.ladiagonale.net\/","name":"La Diagonale","description":"Le site des supporters de l&#039;AS Monaco FC","potentialAction":[{"@type":"SearchAction","target":{"@type":"EntryPoint","urlTemplate":"https:\/\/www.ladiagonale.net\/?s={search_term_string}"},"query-input":"required name=search_term_string"}],"inLanguage":"fr-FR"},{"@type":"Person","@id":"https:\/\/www.ladiagonale.net\/#\/schema\/person\/79ff1e7b0853ed01b2aa26e64ad300bf","name":"Damien Dellerba","image":{"@type":"ImageObject","inLanguage":"fr-FR","@id":"https:\/\/www.ladiagonale.net\/#\/schema\/person\/image\/","url":"https:\/\/secure.gravatar.com\/avatar\/c7850e06d3ff63cdbaee88b7fc16e2f0?s=96&d=mm&r=g","contentUrl":"https:\/\/secure.gravatar.com\/avatar\/c7850e06d3ff63cdbaee88b7fc16e2f0?s=96&d=mm&r=g","caption":"Damien Dellerba"},"url":"https:\/\/www.ladiagonale.net\/index.php\/author\/damien\/"}]}},"_links":{"self":[{"href":"https:\/\/www.ladiagonale.net\/index.php\/wp-json\/wp\/v2\/posts\/15474"}],"collection":[{"href":"https:\/\/www.ladiagonale.net\/index.php\/wp-json\/wp\/v2\/posts"}],"about":[{"href":"https:\/\/www.ladiagonale.net\/index.php\/wp-json\/wp\/v2\/types\/post"}],"author":[{"embeddable":true,"href":"https:\/\/www.ladiagonale.net\/index.php\/wp-json\/wp\/v2\/users\/2"}],"replies":[{"embeddable":true,"href":"https:\/\/www.ladiagonale.net\/index.php\/wp-json\/wp\/v2\/comments?post=15474"}],"version-history":[{"count":5,"href":"https:\/\/www.ladiagonale.net\/index.php\/wp-json\/wp\/v2\/posts\/15474\/revisions"}],"predecessor-version":[{"id":15479,"href":"https:\/\/www.ladiagonale.net\/index.php\/wp-json\/wp\/v2\/posts\/15474\/revisions\/15479"}],"wp:attachment":[{"href":"https:\/\/www.ladiagonale.net\/index.php\/wp-json\/wp\/v2\/media?parent=15474"}],"wp:term":[{"taxonomy":"category","embeddable":true,"href":"https:\/\/www.ladiagonale.net\/index.php\/wp-json\/wp\/v2\/categories?post=15474"},{"taxonomy":"post_tag","embeddable":true,"href":"https:\/\/www.ladiagonale.net\/index.php\/wp-json\/wp\/v2\/tags?post=15474"}],"curies":[{"name":"wp","href":"https:\/\/api.w.org\/{rel}","templated":true}]}}