{"id":15480,"date":"2023-08-23T23:18:00","date_gmt":"2023-08-23T21:18:00","guid":{"rendered":"https:\/\/www.ladiagonale.net\/?p=15480"},"modified":"2023-08-23T23:18:03","modified_gmt":"2023-08-23T21:18:03","slug":"le-groupe-elite-corrige-par-le-psv","status":"publish","type":"post","link":"https:\/\/www.ladiagonale.net\/index.php\/2023\/08\/23\/le-groupe-elite-corrige-par-le-psv\/","title":{"rendered":"Le Groupe \u00c9lite corrig\u00e9 par le PSV"},"content":{"rendered":"\n\n\n<p>Ce mercredi, le Groupe \u00c9lite de l&rsquo;AS Monaco passait un test face aux U21 du PSV Eindhoven, vainqueur de la derni\u00e8re \u00e9dition de la <em>Premier League International Cup<\/em>, mais les As\u00e9mistes ont subi un revers important (1-4), lors de leur d\u00e9placement aux Pays-Bas. Mamadou Coulibaly est le buteur c\u00f4t\u00e9 mon\u00e9gasque. <\/p>\n\n\n\n<p>Les N\u00e9erlandais ont rapidement men\u00e9 de trois buts avant la demi-heure de jeu et Coulibaly a r\u00e9duit l&rsquo;\u00e9cart en seconde p\u00e9riode (1-3, 54<sup>e<\/sup>), mais les Bataves ont fait trembler les filets pour la quatri\u00e8me fois seulement quelques minutes apr\u00e8s. <\/p>\n\n\n\n<p>Il s&rsquo;agit de la deuxi\u00e8me d\u00e9faite cons\u00e9cutive pour les hommes de Damien Perrinelle, <a href=\"https:\/\/www.ladiagonale.net\/index.php\/2023\/08\/20\/le-groupe-elite-chute-face-a-marseille\/\">apr\u00e8s celle contre l&rsquo;OM<\/a>. Les Rouge et Blanc affronteront Nordsjaelland le 1er septembre (16h) au Centre de Performance pour leur prochain match.<\/p>\n","protected":false},"excerpt":{"rendered":"<p>Ce mercredi, le Groupe \u00c9lite de l&rsquo;AS Monaco passait un test face aux U21 du PSV Eindhoven, vainqueur de la derni\u00e8re \u00e9dition de la Premier League International Cup, mais les As\u00e9mistes ont subi un revers important (1-4), lors de leur d\u00e9placement aux Pays-Bas. Mamadou Coulibaly est le buteur c\u00f4t\u00e9 mon\u00e9gasque. Les N\u00e9erlandais ont rapidement men\u00e9 [&#8230;]\n","protected":false},"author":2,"featured_media":0,"comment_status":"open","ping_status":"open","sticky":false,"template":"","format":"standard","meta":[],"categories":[6],"tags":[76,86,228],"yoast_head":"<!-- This site is optimized with the Yoast SEO plugin v19.8 - https:\/\/yoast.com\/wordpress\/plugins\/seo\/ -->\n<title>Le Groupe \u00c9lite corrig\u00e9 par le PSV - La Diagonale<\/title>\n<meta name=\"robots\" content=\"index, follow, max-snippet:-1, max-image-preview:large, max-video-preview:-1\" \/>\n<link rel=\"canonical\" href=\"https:\/\/www.ladiagonale.net\/index.php\/2023\/08\/23\/le-groupe-elite-corrige-par-le-psv\/\" \/>\n<meta property=\"og:locale\" content=\"fr_FR\" \/>\n<meta property=\"og:type\" content=\"article\" \/>\n<meta property=\"og:title\" content=\"Le Groupe \u00c9lite corrig\u00e9 par le PSV - La Diagonale\" \/>\n<meta property=\"og:description\" content=\"Ce mercredi, le Groupe \u00c9lite de l&rsquo;AS Monaco passait un test face aux U21 du PSV Eindhoven, vainqueur de la derni\u00e8re \u00e9dition de la Premier League International Cup, mais les As\u00e9mistes ont subi un revers important (1-4), lors de leur d\u00e9placement aux Pays-Bas. Mamadou Coulibaly est le buteur c\u00f4t\u00e9 mon\u00e9gasque. Les N\u00e9erlandais ont rapidement men\u00e9 [...]\" \/>\n<meta property=\"og:url\" content=\"https:\/\/www.ladiagonale.net\/index.php\/2023\/08\/23\/le-groupe-elite-corrige-par-le-psv\/\" \/>\n<meta property=\"og:site_name\" content=\"La Diagonale\" \/>\n<meta property=\"article:published_time\" content=\"2023-08-23T21:18:00+00:00\" \/>\n<meta property=\"article:modified_time\" content=\"2023-08-23T21:18:03+00:00\" \/>\n<meta property=\"og:image\" content=\"https:\/\/www.ladiagonale.net\/wp-content\/uploads\/2023\/03\/coulibaly.png\" \/>\n\t<meta property=\"og:image:width\" content=\"1160\" \/>\n\t<meta property=\"og:image:height\" content=\"650\" \/>\n\t<meta property=\"og:image:type\" content=\"image\/png\" \/>\n<meta name=\"author\" content=\"Damien Dellerba\" \/>\n<meta name=\"twitter:card\" content=\"summary_large_image\" \/>\n<meta name=\"twitter:image\" content=\"https:\/\/www.ladiagonale.net\/wp-content\/uploads\/2023\/03\/coulibaly.png\" \/>\n<meta name=\"twitter:label1\" content=\"\u00c9crit par\" \/>\n\t<meta name=\"twitter:data1\" content=\"Damien Dellerba\" \/>\n\t<meta name=\"twitter:label2\" content=\"Dur\u00e9e de lecture estim\u00e9e\" \/>\n\t<meta name=\"twitter:data2\" content=\"1 minute\" \/>\n<script type=\"application\/ld+json\" class=\"yoast-schema-graph\">{\"@context\":\"https:\/\/schema.org\",\"@graph\":[{\"@type\":\"WebPage\",\"@id\":\"https:\/\/www.ladiagonale.net\/index.php\/2023\/08\/23\/le-groupe-elite-corrige-par-le-psv\/\",\"url\":\"https:\/\/www.ladiagonale.net\/index.php\/2023\/08\/23\/le-groupe-elite-corrige-par-le-psv\/\",\"name\":\"Le Groupe \u00c9lite corrig\u00e9 par le PSV - La Diagonale\",\"isPartOf\":{\"@id\":\"https:\/\/www.ladiagonale.net\/#website\"},\"datePublished\":\"2023-08-23T21:18:00+00:00\",\"dateModified\":\"2023-08-23T21:18:03+00:00\",\"author\":{\"@id\":\"https:\/\/www.ladiagonale.net\/#\/schema\/person\/79ff1e7b0853ed01b2aa26e64ad300bf\"},\"breadcrumb\":{\"@id\":\"https:\/\/www.ladiagonale.net\/index.php\/2023\/08\/23\/le-groupe-elite-corrige-par-le-psv\/#breadcrumb\"},\"inLanguage\":\"fr-FR\",\"potentialAction\":[{\"@type\":\"ReadAction\",\"target\":[\"https:\/\/www.ladiagonale.net\/index.php\/2023\/08\/23\/le-groupe-elite-corrige-par-le-psv\/\"]}]},{\"@type\":\"BreadcrumbList\",\"@id\":\"https:\/\/www.ladiagonale.net\/index.php\/2023\/08\/23\/le-groupe-elite-corrige-par-le-psv\/#breadcrumb\",\"itemListElement\":[{\"@type\":\"ListItem\",\"position\":1,\"name\":\"Accueil\",\"item\":\"https:\/\/www.ladiagonale.net\/\"},{\"@type\":\"ListItem\",\"position\":2,\"name\":\"Le Groupe \u00c9lite corrig\u00e9 par le PSV\"}]},{\"@type\":\"WebSite\",\"@id\":\"https:\/\/www.ladiagonale.net\/#website\",\"url\":\"https:\/\/www.ladiagonale.net\/\",\"name\":\"La Diagonale\",\"description\":\"Le site des supporters de l&#039;AS Monaco FC\",\"potentialAction\":[{\"@type\":\"SearchAction\",\"target\":{\"@type\":\"EntryPoint\",\"urlTemplate\":\"https:\/\/www.ladiagonale.net\/?s={search_term_string}\"},\"query-input\":\"required name=search_term_string\"}],\"inLanguage\":\"fr-FR\"},{\"@type\":\"Person\",\"@id\":\"https:\/\/www.ladiagonale.net\/#\/schema\/person\/79ff1e7b0853ed01b2aa26e64ad300bf\",\"name\":\"Damien Dellerba\",\"image\":{\"@type\":\"ImageObject\",\"inLanguage\":\"fr-FR\",\"@id\":\"https:\/\/www.ladiagonale.net\/#\/schema\/person\/image\/\",\"url\":\"https:\/\/secure.gravatar.com\/avatar\/c7850e06d3ff63cdbaee88b7fc16e2f0?s=96&d=mm&r=g\",\"contentUrl\":\"https:\/\/secure.gravatar.com\/avatar\/c7850e06d3ff63cdbaee88b7fc16e2f0?s=96&d=mm&r=g\",\"caption\":\"Damien Dellerba\"},\"url\":\"https:\/\/www.ladiagonale.net\/index.php\/author\/damien\/\"}]}<\/script>\n<!-- \/ Yoast SEO plugin. -->","yoast_head_json":{"title":"Le Groupe \u00c9lite corrig\u00e9 par le PSV - La Diagonale","robots":{"index":"index","follow":"follow","max-snippet":"max-snippet:-1","max-image-preview":"max-image-preview:large","max-video-preview":"max-video-preview:-1"},"canonical":"https:\/\/www.ladiagonale.net\/index.php\/2023\/08\/23\/le-groupe-elite-corrige-par-le-psv\/","og_locale":"fr_FR","og_type":"article","og_title":"Le Groupe \u00c9lite corrig\u00e9 par le PSV - La Diagonale","og_description":"Ce mercredi, le Groupe \u00c9lite de l&rsquo;AS Monaco passait un test face aux U21 du PSV Eindhoven, vainqueur de la derni\u00e8re \u00e9dition de la Premier League International Cup, mais les As\u00e9mistes ont subi un revers important (1-4), lors de leur d\u00e9placement aux Pays-Bas. Mamadou Coulibaly est le buteur c\u00f4t\u00e9 mon\u00e9gasque. Les N\u00e9erlandais ont rapidement men\u00e9 [...]","og_url":"https:\/\/www.ladiagonale.net\/index.php\/2023\/08\/23\/le-groupe-elite-corrige-par-le-psv\/","og_site_name":"La Diagonale","article_published_time":"2023-08-23T21:18:00+00:00","article_modified_time":"2023-08-23T21:18:03+00:00","og_image":[{"width":1160,"height":650,"url":"https:\/\/www.ladiagonale.net\/wp-content\/uploads\/2023\/03\/coulibaly.png","type":"image\/png"}],"author":"Damien Dellerba","twitter_card":"summary_large_image","twitter_image":"https:\/\/www.ladiagonale.net\/wp-content\/uploads\/2023\/03\/coulibaly.png","twitter_misc":{"\u00c9crit par":"Damien Dellerba","Dur\u00e9e de lecture estim\u00e9e":"1 minute"},"schema":{"@context":"https:\/\/schema.org","@graph":[{"@type":"WebPage","@id":"https:\/\/www.ladiagonale.net\/index.php\/2023\/08\/23\/le-groupe-elite-corrige-par-le-psv\/","url":"https:\/\/www.ladiagonale.net\/index.php\/2023\/08\/23\/le-groupe-elite-corrige-par-le-psv\/","name":"Le Groupe \u00c9lite corrig\u00e9 par le PSV - La Diagonale","isPartOf":{"@id":"https:\/\/www.ladiagonale.net\/#website"},"datePublished":"2023-08-23T21:18:00+00:00","dateModified":"2023-08-23T21:18:03+00:00","author":{"@id":"https:\/\/www.ladiagonale.net\/#\/schema\/person\/79ff1e7b0853ed01b2aa26e64ad300bf"},"breadcrumb":{"@id":"https:\/\/www.ladiagonale.net\/index.php\/2023\/08\/23\/le-groupe-elite-corrige-par-le-psv\/#breadcrumb"},"inLanguage":"fr-FR","potentialAction":[{"@type":"ReadAction","target":["https:\/\/www.ladiagonale.net\/index.php\/2023\/08\/23\/le-groupe-elite-corrige-par-le-psv\/"]}]},{"@type":"BreadcrumbList","@id":"https:\/\/www.ladiagonale.net\/index.php\/2023\/08\/23\/le-groupe-elite-corrige-par-le-psv\/#breadcrumb","itemListElement":[{"@type":"ListItem","position":1,"name":"Accueil","item":"https:\/\/www.ladiagonale.net\/"},{"@type":"ListItem","position":2,"name":"Le Groupe \u00c9lite corrig\u00e9 par le PSV"}]},{"@type":"WebSite","@id":"https:\/\/www.ladiagonale.net\/#website","url":"https:\/\/www.ladiagonale.net\/","name":"La Diagonale","description":"Le site des supporters de l&#039;AS Monaco FC","potentialAction":[{"@type":"SearchAction","target":{"@type":"EntryPoint","urlTemplate":"https:\/\/www.ladiagonale.net\/?s={search_term_string}"},"query-input":"required name=search_term_string"}],"inLanguage":"fr-FR"},{"@type":"Person","@id":"https:\/\/www.ladiagonale.net\/#\/schema\/person\/79ff1e7b0853ed01b2aa26e64ad300bf","name":"Damien Dellerba","image":{"@type":"ImageObject","inLanguage":"fr-FR","@id":"https:\/\/www.ladiagonale.net\/#\/schema\/person\/image\/","url":"https:\/\/secure.gravatar.com\/avatar\/c7850e06d3ff63cdbaee88b7fc16e2f0?s=96&d=mm&r=g","contentUrl":"https:\/\/secure.gravatar.com\/avatar\/c7850e06d3ff63cdbaee88b7fc16e2f0?s=96&d=mm&r=g","caption":"Damien Dellerba"},"url":"https:\/\/www.ladiagonale.net\/index.php\/author\/damien\/"}]}},"_links":{"self":[{"href":"https:\/\/www.ladiagonale.net\/index.php\/wp-json\/wp\/v2\/posts\/15480"}],"collection":[{"href":"https:\/\/www.ladiagonale.net\/index.php\/wp-json\/wp\/v2\/posts"}],"about":[{"href":"https:\/\/www.ladiagonale.net\/index.php\/wp-json\/wp\/v2\/types\/post"}],"author":[{"embeddable":true,"href":"https:\/\/www.ladiagonale.net\/index.php\/wp-json\/wp\/v2\/users\/2"}],"replies":[{"embeddable":true,"href":"https:\/\/www.ladiagonale.net\/index.php\/wp-json\/wp\/v2\/comments?post=15480"}],"version-history":[{"count":2,"href":"https:\/\/www.ladiagonale.net\/index.php\/wp-json\/wp\/v2\/posts\/15480\/revisions"}],"predecessor-version":[{"id":15485,"href":"https:\/\/www.ladiagonale.net\/index.php\/wp-json\/wp\/v2\/posts\/15480\/revisions\/15485"}],"wp:attachment":[{"href":"https:\/\/www.ladiagonale.net\/index.php\/wp-json\/wp\/v2\/media?parent=15480"}],"wp:term":[{"taxonomy":"category","embeddable":true,"href":"https:\/\/www.ladiagonale.net\/index.php\/wp-json\/wp\/v2\/categories?post=15480"},{"taxonomy":"post_tag","embeddable":true,"href":"https:\/\/www.ladiagonale.net\/index.php\/wp-json\/wp\/v2\/tags?post=15480"}],"curies":[{"name":"wp","href":"https:\/\/api.w.org\/{rel}","templated":true}]}}