{"id":15482,"date":"2023-08-24T00:02:33","date_gmt":"2023-08-23T22:02:33","guid":{"rendered":"https:\/\/www.ladiagonale.net\/?p=15482"},"modified":"2023-08-24T00:02:36","modified_gmt":"2023-08-23T22:02:36","slug":"la-pelouse-du-louis-ii-en-train-detre-changee","status":"publish","type":"post","link":"https:\/\/www.ladiagonale.net\/index.php\/2023\/08\/24\/la-pelouse-du-louis-ii-en-train-detre-changee\/","title":{"rendered":"La pelouse du Louis-II en train d&rsquo;\u00eatre chang\u00e9e"},"content":{"rendered":"\n\n\n<p>Dimanche, contre Strasbourg, la pelouse du stade Louis-II n&rsquo;\u00e9tait pas franchement au niveau de ce qu&rsquo;on peut attendre d&rsquo;une pelouse de Ligue 1. M\u00eame si cela n&rsquo;a pas emp\u00each\u00e9 les hommes d&rsquo;Adi H\u00fctter de donner une v\u00e9ritable le\u00e7on \u00e0 leur adversaire, leurs conditions de jeu devraient sensiblement s&rsquo;am\u00e9liorer d&rsquo;ici la prochaine rencontre, pr\u00e9vue le 2 septembre (21h) contre Lens, puisque le gazon est en train d&rsquo;\u00eatre chang\u00e9.<\/p>\n\n\n\n<p>Il faut dire que celui-ci n&rsquo;a pas \u00e9t\u00e9 particuli\u00e8rement \u00e9pargn\u00e9 ces derni\u00e8res semaines, avec la pr\u00e9sence du XV de France du 2 au 14 juillet, venu en Principaut\u00e9 pour un stage de pr\u00e9paration avant la Coupe du monde de Rugby 2023, sans oublier le Meeting Herculis qui a eu lieu le 21 juillet. \u00c0 cela, il faut ajouter des restrictions d&rsquo;eau en raison de la canicule qui n&rsquo;ont pas permis un arrosage optimal du billard mon\u00e9gasque qui commen\u00e7ait \u00e0 partir en lambeaux.<\/p>\n\n\n\n<iframe loading=\"lazy\" src=\"https:\/\/www.facebook.com\/plugins\/post.php?href=https%3A%2F%2Fwww.facebook.com%2FStadeLouis2Monaco%2Fposts%2Fpfbid02m9JwpHhyorXmZQhTf48vept2Nrvxsa6WhmtviMGhqhuV3p1RFRTUYwmTEBWh3xYNl&amp;show_text=true&amp;width=500\" width=\"500\" height=\"684\" style=\"border:none;overflow:hidden\" scrolling=\"no\" frameborder=\"0\" allowfullscreen=\"true\" allow=\"autoplay; clipboard-write; encrypted-media; picture-in-picture; web-share\"><\/iframe>\n","protected":false},"excerpt":{"rendered":"<p>Dimanche, contre Strasbourg, la pelouse du stade Louis-II n&rsquo;\u00e9tait pas franchement au niveau de ce qu&rsquo;on peut attendre d&rsquo;une pelouse de Ligue 1. M\u00eame si cela n&rsquo;a pas emp\u00each\u00e9 les hommes d&rsquo;Adi H\u00fctter de donner une v\u00e9ritable le\u00e7on \u00e0 leur adversaire, leurs conditions de jeu devraient sensiblement s&rsquo;am\u00e9liorer d&rsquo;ici la prochaine rencontre, pr\u00e9vue le 2 [&#8230;]\n","protected":false},"author":2,"featured_media":0,"comment_status":"open","ping_status":"open","sticky":false,"template":"","format":"standard","meta":[],"categories":[6],"tags":[86,512,152],"yoast_head":"<!-- This site is optimized with the Yoast SEO plugin v19.8 - https:\/\/yoast.com\/wordpress\/plugins\/seo\/ -->\n<title>La pelouse du Louis-II en train d&#039;\u00eatre chang\u00e9e - La Diagonale<\/title>\n<meta name=\"robots\" content=\"index, follow, max-snippet:-1, max-image-preview:large, max-video-preview:-1\" \/>\n<link rel=\"canonical\" href=\"https:\/\/www.ladiagonale.net\/index.php\/2023\/08\/24\/la-pelouse-du-louis-ii-en-train-detre-changee\/\" \/>\n<meta property=\"og:locale\" content=\"fr_FR\" \/>\n<meta property=\"og:type\" content=\"article\" \/>\n<meta property=\"og:title\" content=\"La pelouse du Louis-II en train d&#039;\u00eatre chang\u00e9e - La Diagonale\" \/>\n<meta property=\"og:description\" content=\"Dimanche, contre Strasbourg, la pelouse du stade Louis-II n&rsquo;\u00e9tait pas franchement au niveau de ce qu&rsquo;on peut attendre d&rsquo;une pelouse de Ligue 1. M\u00eame si cela n&rsquo;a pas emp\u00each\u00e9 les hommes d&rsquo;Adi H\u00fctter de donner une v\u00e9ritable le\u00e7on \u00e0 leur adversaire, leurs conditions de jeu devraient sensiblement s&rsquo;am\u00e9liorer d&rsquo;ici la prochaine rencontre, pr\u00e9vue le 2 [...]\" \/>\n<meta property=\"og:url\" content=\"https:\/\/www.ladiagonale.net\/index.php\/2023\/08\/24\/la-pelouse-du-louis-ii-en-train-detre-changee\/\" \/>\n<meta property=\"og:site_name\" content=\"La Diagonale\" \/>\n<meta property=\"article:published_time\" content=\"2023-08-23T22:02:33+00:00\" \/>\n<meta property=\"article:modified_time\" content=\"2023-08-23T22:02:36+00:00\" \/>\n<meta property=\"og:image\" content=\"https:\/\/www.ladiagonale.net\/wp-content\/uploads\/2022\/10\/ligue1.png\" \/>\n\t<meta property=\"og:image:width\" content=\"1160\" \/>\n\t<meta property=\"og:image:height\" content=\"650\" \/>\n\t<meta property=\"og:image:type\" content=\"image\/png\" \/>\n<meta name=\"author\" content=\"Damien Dellerba\" \/>\n<meta name=\"twitter:card\" content=\"summary_large_image\" \/>\n<meta name=\"twitter:image\" content=\"https:\/\/www.ladiagonale.net\/wp-content\/uploads\/2022\/10\/ligue1.png\" \/>\n<meta name=\"twitter:label1\" content=\"\u00c9crit par\" \/>\n\t<meta name=\"twitter:data1\" content=\"Damien Dellerba\" \/>\n\t<meta name=\"twitter:label2\" content=\"Dur\u00e9e de lecture estim\u00e9e\" \/>\n\t<meta name=\"twitter:data2\" content=\"1 minute\" \/>\n<script type=\"application\/ld+json\" class=\"yoast-schema-graph\">{\"@context\":\"https:\/\/schema.org\",\"@graph\":[{\"@type\":\"WebPage\",\"@id\":\"https:\/\/www.ladiagonale.net\/index.php\/2023\/08\/24\/la-pelouse-du-louis-ii-en-train-detre-changee\/\",\"url\":\"https:\/\/www.ladiagonale.net\/index.php\/2023\/08\/24\/la-pelouse-du-louis-ii-en-train-detre-changee\/\",\"name\":\"La pelouse du Louis-II en train d'\u00eatre chang\u00e9e - La Diagonale\",\"isPartOf\":{\"@id\":\"https:\/\/www.ladiagonale.net\/#website\"},\"datePublished\":\"2023-08-23T22:02:33+00:00\",\"dateModified\":\"2023-08-23T22:02:36+00:00\",\"author\":{\"@id\":\"https:\/\/www.ladiagonale.net\/#\/schema\/person\/79ff1e7b0853ed01b2aa26e64ad300bf\"},\"breadcrumb\":{\"@id\":\"https:\/\/www.ladiagonale.net\/index.php\/2023\/08\/24\/la-pelouse-du-louis-ii-en-train-detre-changee\/#breadcrumb\"},\"inLanguage\":\"fr-FR\",\"potentialAction\":[{\"@type\":\"ReadAction\",\"target\":[\"https:\/\/www.ladiagonale.net\/index.php\/2023\/08\/24\/la-pelouse-du-louis-ii-en-train-detre-changee\/\"]}]},{\"@type\":\"BreadcrumbList\",\"@id\":\"https:\/\/www.ladiagonale.net\/index.php\/2023\/08\/24\/la-pelouse-du-louis-ii-en-train-detre-changee\/#breadcrumb\",\"itemListElement\":[{\"@type\":\"ListItem\",\"position\":1,\"name\":\"Accueil\",\"item\":\"https:\/\/www.ladiagonale.net\/\"},{\"@type\":\"ListItem\",\"position\":2,\"name\":\"La pelouse du Louis-II en train d&rsquo;\u00eatre chang\u00e9e\"}]},{\"@type\":\"WebSite\",\"@id\":\"https:\/\/www.ladiagonale.net\/#website\",\"url\":\"https:\/\/www.ladiagonale.net\/\",\"name\":\"La Diagonale\",\"description\":\"Le site des supporters de l&#039;AS Monaco FC\",\"potentialAction\":[{\"@type\":\"SearchAction\",\"target\":{\"@type\":\"EntryPoint\",\"urlTemplate\":\"https:\/\/www.ladiagonale.net\/?s={search_term_string}\"},\"query-input\":\"required name=search_term_string\"}],\"inLanguage\":\"fr-FR\"},{\"@type\":\"Person\",\"@id\":\"https:\/\/www.ladiagonale.net\/#\/schema\/person\/79ff1e7b0853ed01b2aa26e64ad300bf\",\"name\":\"Damien Dellerba\",\"image\":{\"@type\":\"ImageObject\",\"inLanguage\":\"fr-FR\",\"@id\":\"https:\/\/www.ladiagonale.net\/#\/schema\/person\/image\/\",\"url\":\"https:\/\/secure.gravatar.com\/avatar\/c7850e06d3ff63cdbaee88b7fc16e2f0?s=96&d=mm&r=g\",\"contentUrl\":\"https:\/\/secure.gravatar.com\/avatar\/c7850e06d3ff63cdbaee88b7fc16e2f0?s=96&d=mm&r=g\",\"caption\":\"Damien Dellerba\"},\"url\":\"https:\/\/www.ladiagonale.net\/index.php\/author\/damien\/\"}]}<\/script>\n<!-- \/ Yoast SEO plugin. -->","yoast_head_json":{"title":"La pelouse du Louis-II en train d'\u00eatre chang\u00e9e - La Diagonale","robots":{"index":"index","follow":"follow","max-snippet":"max-snippet:-1","max-image-preview":"max-image-preview:large","max-video-preview":"max-video-preview:-1"},"canonical":"https:\/\/www.ladiagonale.net\/index.php\/2023\/08\/24\/la-pelouse-du-louis-ii-en-train-detre-changee\/","og_locale":"fr_FR","og_type":"article","og_title":"La pelouse du Louis-II en train d'\u00eatre chang\u00e9e - La Diagonale","og_description":"Dimanche, contre Strasbourg, la pelouse du stade Louis-II n&rsquo;\u00e9tait pas franchement au niveau de ce qu&rsquo;on peut attendre d&rsquo;une pelouse de Ligue 1. M\u00eame si cela n&rsquo;a pas emp\u00each\u00e9 les hommes d&rsquo;Adi H\u00fctter de donner une v\u00e9ritable le\u00e7on \u00e0 leur adversaire, leurs conditions de jeu devraient sensiblement s&rsquo;am\u00e9liorer d&rsquo;ici la prochaine rencontre, pr\u00e9vue le 2 [...]","og_url":"https:\/\/www.ladiagonale.net\/index.php\/2023\/08\/24\/la-pelouse-du-louis-ii-en-train-detre-changee\/","og_site_name":"La Diagonale","article_published_time":"2023-08-23T22:02:33+00:00","article_modified_time":"2023-08-23T22:02:36+00:00","og_image":[{"width":1160,"height":650,"url":"https:\/\/www.ladiagonale.net\/wp-content\/uploads\/2022\/10\/ligue1.png","type":"image\/png"}],"author":"Damien Dellerba","twitter_card":"summary_large_image","twitter_image":"https:\/\/www.ladiagonale.net\/wp-content\/uploads\/2022\/10\/ligue1.png","twitter_misc":{"\u00c9crit par":"Damien Dellerba","Dur\u00e9e de lecture estim\u00e9e":"1 minute"},"schema":{"@context":"https:\/\/schema.org","@graph":[{"@type":"WebPage","@id":"https:\/\/www.ladiagonale.net\/index.php\/2023\/08\/24\/la-pelouse-du-louis-ii-en-train-detre-changee\/","url":"https:\/\/www.ladiagonale.net\/index.php\/2023\/08\/24\/la-pelouse-du-louis-ii-en-train-detre-changee\/","name":"La pelouse du Louis-II en train d'\u00eatre chang\u00e9e - La Diagonale","isPartOf":{"@id":"https:\/\/www.ladiagonale.net\/#website"},"datePublished":"2023-08-23T22:02:33+00:00","dateModified":"2023-08-23T22:02:36+00:00","author":{"@id":"https:\/\/www.ladiagonale.net\/#\/schema\/person\/79ff1e7b0853ed01b2aa26e64ad300bf"},"breadcrumb":{"@id":"https:\/\/www.ladiagonale.net\/index.php\/2023\/08\/24\/la-pelouse-du-louis-ii-en-train-detre-changee\/#breadcrumb"},"inLanguage":"fr-FR","potentialAction":[{"@type":"ReadAction","target":["https:\/\/www.ladiagonale.net\/index.php\/2023\/08\/24\/la-pelouse-du-louis-ii-en-train-detre-changee\/"]}]},{"@type":"BreadcrumbList","@id":"https:\/\/www.ladiagonale.net\/index.php\/2023\/08\/24\/la-pelouse-du-louis-ii-en-train-detre-changee\/#breadcrumb","itemListElement":[{"@type":"ListItem","position":1,"name":"Accueil","item":"https:\/\/www.ladiagonale.net\/"},{"@type":"ListItem","position":2,"name":"La pelouse du Louis-II en train d&rsquo;\u00eatre chang\u00e9e"}]},{"@type":"WebSite","@id":"https:\/\/www.ladiagonale.net\/#website","url":"https:\/\/www.ladiagonale.net\/","name":"La Diagonale","description":"Le site des supporters de l&#039;AS Monaco FC","potentialAction":[{"@type":"SearchAction","target":{"@type":"EntryPoint","urlTemplate":"https:\/\/www.ladiagonale.net\/?s={search_term_string}"},"query-input":"required name=search_term_string"}],"inLanguage":"fr-FR"},{"@type":"Person","@id":"https:\/\/www.ladiagonale.net\/#\/schema\/person\/79ff1e7b0853ed01b2aa26e64ad300bf","name":"Damien Dellerba","image":{"@type":"ImageObject","inLanguage":"fr-FR","@id":"https:\/\/www.ladiagonale.net\/#\/schema\/person\/image\/","url":"https:\/\/secure.gravatar.com\/avatar\/c7850e06d3ff63cdbaee88b7fc16e2f0?s=96&d=mm&r=g","contentUrl":"https:\/\/secure.gravatar.com\/avatar\/c7850e06d3ff63cdbaee88b7fc16e2f0?s=96&d=mm&r=g","caption":"Damien Dellerba"},"url":"https:\/\/www.ladiagonale.net\/index.php\/author\/damien\/"}]}},"_links":{"self":[{"href":"https:\/\/www.ladiagonale.net\/index.php\/wp-json\/wp\/v2\/posts\/15482"}],"collection":[{"href":"https:\/\/www.ladiagonale.net\/index.php\/wp-json\/wp\/v2\/posts"}],"about":[{"href":"https:\/\/www.ladiagonale.net\/index.php\/wp-json\/wp\/v2\/types\/post"}],"author":[{"embeddable":true,"href":"https:\/\/www.ladiagonale.net\/index.php\/wp-json\/wp\/v2\/users\/2"}],"replies":[{"embeddable":true,"href":"https:\/\/www.ladiagonale.net\/index.php\/wp-json\/wp\/v2\/comments?post=15482"}],"version-history":[{"count":2,"href":"https:\/\/www.ladiagonale.net\/index.php\/wp-json\/wp\/v2\/posts\/15482\/revisions"}],"predecessor-version":[{"id":15486,"href":"https:\/\/www.ladiagonale.net\/index.php\/wp-json\/wp\/v2\/posts\/15482\/revisions\/15486"}],"wp:attachment":[{"href":"https:\/\/www.ladiagonale.net\/index.php\/wp-json\/wp\/v2\/media?parent=15482"}],"wp:term":[{"taxonomy":"category","embeddable":true,"href":"https:\/\/www.ladiagonale.net\/index.php\/wp-json\/wp\/v2\/categories?post=15482"},{"taxonomy":"post_tag","embeddable":true,"href":"https:\/\/www.ladiagonale.net\/index.php\/wp-json\/wp\/v2\/tags?post=15482"}],"curies":[{"name":"wp","href":"https:\/\/api.w.org\/{rel}","templated":true}]}}