{"id":15498,"date":"2023-08-24T14:01:08","date_gmt":"2023-08-24T12:01:08","guid":{"rendered":"https:\/\/www.ladiagonale.net\/?p=15498"},"modified":"2023-08-24T16:33:49","modified_gmt":"2023-08-24T14:33:49","slug":"trois-nouvelles-pistes-devant-limpasse-adarabioyo","status":"publish","type":"post","link":"https:\/\/www.ladiagonale.net\/index.php\/2023\/08\/24\/trois-nouvelles-pistes-devant-limpasse-adarabioyo\/","title":{"rendered":"Trois nouvelles pistes devant l&rsquo;impasse Adarabioyo ?"},"content":{"rendered":"\n\n\n<p>Les Mon\u00e9gasques semblent s&rsquo;\u00eatre faits une raison dans le dossier Tosin Adarabioyo. D&rsquo;apr\u00e8s <em>Foot Mercato<\/em>, le club de Fulham, \u00e0 qui appartient le joueur pour encore un an, ne donnerait plus signe de vie \u00e0 l&rsquo;AS Monaco depuis plusieurs jours et n&rsquo;aurait visiblement pas r\u00e9pondu \u00e0 la derni\u00e8re offre de l&rsquo;ASM pour le d\u00e9fenseur de 25 ans. Malgr\u00e9 <a href=\"https:\/\/www.ladiagonale.net\/index.php\/2023\/08\/18\/adarabioyo-insisterait-pour-rejoindre-monaco\/\">l&rsquo;envie du joueur de rejoindre la Principaut\u00e9<\/a>, \u00e9voqu\u00e9e avec insistance dans la presse, les dirigeants anglais resteraient sourds aux sollicitations de leurs homologues mon\u00e9gasques, qui se r\u00e9signeraient \u00e0 classer le dossier. <\/p>\n\n\n\n<p>Dans l&rsquo;impasse, le club de la Principaut\u00e9 serait donc en train de prospecter au Portugal pour trouver son prochain d\u00e9fenseur central. Deux pistes semblent se d\u00e9tacher, comme \u00e9voqu\u00e9 par <em>Foot Mercato<\/em>. La premi\u00e8re m\u00e8nerait \u00e0 Ousmane Diomand\u00e9, qui \u00e9volue au Sporting Portugal depuis le mois de janvier et dont le contrat porte jusqu&rsquo;en 2027. L&rsquo;Ivoirien d&rsquo;\u00e0 peine 19 ans s&rsquo;est d\u00e9j\u00e0 impos\u00e9 dans la d\u00e9fense lisbo\u00e8te, mais un transfert appara\u00eetrait comme difficile, alors que sa clause lib\u00e9ratoire s&rsquo;\u00e9l\u00e8verait \u00e0 80 millions d&rsquo;euros.<\/p>\n\n\n\n<p>Une autre solution explor\u00e9e par Monaco serait celle de Filipe Relvas, gaucher de 23 ans jouant pour Portimonense. Plusieurs clubs parmi lesquels Chelsea, Wolfsburg, Benfica et Besiktas se sont int\u00e9ress\u00e9s \u00e0 lui ces derniers mois, et cette piste pourrait \u00eatre une alternative moins on\u00e9reuse pour l&rsquo;ASM. D&rsquo;apr\u00e8s le site sp\u00e9cialis\u00e9 dans les transferts, Relvas serait \u00e9valu\u00e9 \u00e0 moins de dix millions d&rsquo;euros, alors que son contrat \u00e9choit en 2026. Enfin, une troisi\u00e8me piste a \u00e9t\u00e9 \u00e9voqu\u00e9e par <em>Foot Mercato<\/em>, mais son nom n&rsquo;a pas \u00e9t\u00e9 r\u00e9v\u00e9l\u00e9. <\/p>\n","protected":false},"excerpt":{"rendered":"<p>Les Mon\u00e9gasques semblent s&rsquo;\u00eatre faits une raison dans le dossier Tosin Adarabioyo. D&rsquo;apr\u00e8s Foot Mercato, le club de Fulham, \u00e0 qui appartient le joueur pour encore un an, ne donnerait plus signe de vie \u00e0 l&rsquo;AS Monaco depuis plusieurs jours et n&rsquo;aurait visiblement pas r\u00e9pondu \u00e0 la derni\u00e8re offre de l&rsquo;ASM pour le d\u00e9fenseur de [&#8230;]\n","protected":false},"author":2,"featured_media":0,"comment_status":"open","ping_status":"open","sticky":false,"template":"","format":"standard","meta":[],"categories":[6],"tags":[86,680,111,679,381,110],"yoast_head":"<!-- This site is optimized with the Yoast SEO plugin v19.8 - https:\/\/yoast.com\/wordpress\/plugins\/seo\/ -->\n<title>Trois nouvelles pistes devant l&#039;impasse Adarabioyo ? - La Diagonale<\/title>\n<meta name=\"robots\" content=\"index, follow, max-snippet:-1, max-image-preview:large, max-video-preview:-1\" \/>\n<link rel=\"canonical\" href=\"https:\/\/www.ladiagonale.net\/index.php\/2023\/08\/24\/trois-nouvelles-pistes-devant-limpasse-adarabioyo\/\" \/>\n<meta property=\"og:locale\" content=\"fr_FR\" \/>\n<meta property=\"og:type\" content=\"article\" \/>\n<meta property=\"og:title\" content=\"Trois nouvelles pistes devant l&#039;impasse Adarabioyo ? - La Diagonale\" \/>\n<meta property=\"og:description\" content=\"Les Mon\u00e9gasques semblent s&rsquo;\u00eatre faits une raison dans le dossier Tosin Adarabioyo. D&rsquo;apr\u00e8s Foot Mercato, le club de Fulham, \u00e0 qui appartient le joueur pour encore un an, ne donnerait plus signe de vie \u00e0 l&rsquo;AS Monaco depuis plusieurs jours et n&rsquo;aurait visiblement pas r\u00e9pondu \u00e0 la derni\u00e8re offre de l&rsquo;ASM pour le d\u00e9fenseur de [...]\" \/>\n<meta property=\"og:url\" content=\"https:\/\/www.ladiagonale.net\/index.php\/2023\/08\/24\/trois-nouvelles-pistes-devant-limpasse-adarabioyo\/\" \/>\n<meta property=\"og:site_name\" content=\"La Diagonale\" \/>\n<meta property=\"article:published_time\" content=\"2023-08-24T12:01:08+00:00\" \/>\n<meta property=\"article:modified_time\" content=\"2023-08-24T14:33:49+00:00\" \/>\n<meta property=\"og:image\" content=\"https:\/\/www.ladiagonale.net\/wp-content\/uploads\/2023\/08\/diomande.png\" \/>\n\t<meta property=\"og:image:width\" content=\"1160\" \/>\n\t<meta property=\"og:image:height\" content=\"650\" \/>\n\t<meta property=\"og:image:type\" content=\"image\/png\" \/>\n<meta name=\"author\" content=\"Damien Dellerba\" \/>\n<meta name=\"twitter:card\" content=\"summary_large_image\" \/>\n<meta name=\"twitter:image\" content=\"https:\/\/www.ladiagonale.net\/wp-content\/uploads\/2023\/08\/diomande.png\" \/>\n<meta name=\"twitter:label1\" content=\"\u00c9crit par\" \/>\n\t<meta name=\"twitter:data1\" content=\"Damien Dellerba\" \/>\n\t<meta name=\"twitter:label2\" content=\"Dur\u00e9e de lecture estim\u00e9e\" \/>\n\t<meta name=\"twitter:data2\" content=\"2 minutes\" \/>\n<script type=\"application\/ld+json\" class=\"yoast-schema-graph\">{\"@context\":\"https:\/\/schema.org\",\"@graph\":[{\"@type\":\"WebPage\",\"@id\":\"https:\/\/www.ladiagonale.net\/index.php\/2023\/08\/24\/trois-nouvelles-pistes-devant-limpasse-adarabioyo\/\",\"url\":\"https:\/\/www.ladiagonale.net\/index.php\/2023\/08\/24\/trois-nouvelles-pistes-devant-limpasse-adarabioyo\/\",\"name\":\"Trois nouvelles pistes devant l'impasse Adarabioyo ? - La Diagonale\",\"isPartOf\":{\"@id\":\"https:\/\/www.ladiagonale.net\/#website\"},\"datePublished\":\"2023-08-24T12:01:08+00:00\",\"dateModified\":\"2023-08-24T14:33:49+00:00\",\"author\":{\"@id\":\"https:\/\/www.ladiagonale.net\/#\/schema\/person\/79ff1e7b0853ed01b2aa26e64ad300bf\"},\"breadcrumb\":{\"@id\":\"https:\/\/www.ladiagonale.net\/index.php\/2023\/08\/24\/trois-nouvelles-pistes-devant-limpasse-adarabioyo\/#breadcrumb\"},\"inLanguage\":\"fr-FR\",\"potentialAction\":[{\"@type\":\"ReadAction\",\"target\":[\"https:\/\/www.ladiagonale.net\/index.php\/2023\/08\/24\/trois-nouvelles-pistes-devant-limpasse-adarabioyo\/\"]}]},{\"@type\":\"BreadcrumbList\",\"@id\":\"https:\/\/www.ladiagonale.net\/index.php\/2023\/08\/24\/trois-nouvelles-pistes-devant-limpasse-adarabioyo\/#breadcrumb\",\"itemListElement\":[{\"@type\":\"ListItem\",\"position\":1,\"name\":\"Accueil\",\"item\":\"https:\/\/www.ladiagonale.net\/\"},{\"@type\":\"ListItem\",\"position\":2,\"name\":\"Trois nouvelles pistes devant l&rsquo;impasse Adarabioyo ?\"}]},{\"@type\":\"WebSite\",\"@id\":\"https:\/\/www.ladiagonale.net\/#website\",\"url\":\"https:\/\/www.ladiagonale.net\/\",\"name\":\"La Diagonale\",\"description\":\"Le site des supporters de l&#039;AS Monaco FC\",\"potentialAction\":[{\"@type\":\"SearchAction\",\"target\":{\"@type\":\"EntryPoint\",\"urlTemplate\":\"https:\/\/www.ladiagonale.net\/?s={search_term_string}\"},\"query-input\":\"required name=search_term_string\"}],\"inLanguage\":\"fr-FR\"},{\"@type\":\"Person\",\"@id\":\"https:\/\/www.ladiagonale.net\/#\/schema\/person\/79ff1e7b0853ed01b2aa26e64ad300bf\",\"name\":\"Damien Dellerba\",\"image\":{\"@type\":\"ImageObject\",\"inLanguage\":\"fr-FR\",\"@id\":\"https:\/\/www.ladiagonale.net\/#\/schema\/person\/image\/\",\"url\":\"https:\/\/secure.gravatar.com\/avatar\/c7850e06d3ff63cdbaee88b7fc16e2f0?s=96&d=mm&r=g\",\"contentUrl\":\"https:\/\/secure.gravatar.com\/avatar\/c7850e06d3ff63cdbaee88b7fc16e2f0?s=96&d=mm&r=g\",\"caption\":\"Damien Dellerba\"},\"url\":\"https:\/\/www.ladiagonale.net\/index.php\/author\/damien\/\"}]}<\/script>\n<!-- \/ Yoast SEO plugin. -->","yoast_head_json":{"title":"Trois nouvelles pistes devant l'impasse Adarabioyo ? - La Diagonale","robots":{"index":"index","follow":"follow","max-snippet":"max-snippet:-1","max-image-preview":"max-image-preview:large","max-video-preview":"max-video-preview:-1"},"canonical":"https:\/\/www.ladiagonale.net\/index.php\/2023\/08\/24\/trois-nouvelles-pistes-devant-limpasse-adarabioyo\/","og_locale":"fr_FR","og_type":"article","og_title":"Trois nouvelles pistes devant l'impasse Adarabioyo ? - La Diagonale","og_description":"Les Mon\u00e9gasques semblent s&rsquo;\u00eatre faits une raison dans le dossier Tosin Adarabioyo. D&rsquo;apr\u00e8s Foot Mercato, le club de Fulham, \u00e0 qui appartient le joueur pour encore un an, ne donnerait plus signe de vie \u00e0 l&rsquo;AS Monaco depuis plusieurs jours et n&rsquo;aurait visiblement pas r\u00e9pondu \u00e0 la derni\u00e8re offre de l&rsquo;ASM pour le d\u00e9fenseur de [...]","og_url":"https:\/\/www.ladiagonale.net\/index.php\/2023\/08\/24\/trois-nouvelles-pistes-devant-limpasse-adarabioyo\/","og_site_name":"La Diagonale","article_published_time":"2023-08-24T12:01:08+00:00","article_modified_time":"2023-08-24T14:33:49+00:00","og_image":[{"width":1160,"height":650,"url":"https:\/\/www.ladiagonale.net\/wp-content\/uploads\/2023\/08\/diomande.png","type":"image\/png"}],"author":"Damien Dellerba","twitter_card":"summary_large_image","twitter_image":"https:\/\/www.ladiagonale.net\/wp-content\/uploads\/2023\/08\/diomande.png","twitter_misc":{"\u00c9crit par":"Damien Dellerba","Dur\u00e9e de lecture estim\u00e9e":"2 minutes"},"schema":{"@context":"https:\/\/schema.org","@graph":[{"@type":"WebPage","@id":"https:\/\/www.ladiagonale.net\/index.php\/2023\/08\/24\/trois-nouvelles-pistes-devant-limpasse-adarabioyo\/","url":"https:\/\/www.ladiagonale.net\/index.php\/2023\/08\/24\/trois-nouvelles-pistes-devant-limpasse-adarabioyo\/","name":"Trois nouvelles pistes devant l'impasse Adarabioyo ? - La Diagonale","isPartOf":{"@id":"https:\/\/www.ladiagonale.net\/#website"},"datePublished":"2023-08-24T12:01:08+00:00","dateModified":"2023-08-24T14:33:49+00:00","author":{"@id":"https:\/\/www.ladiagonale.net\/#\/schema\/person\/79ff1e7b0853ed01b2aa26e64ad300bf"},"breadcrumb":{"@id":"https:\/\/www.ladiagonale.net\/index.php\/2023\/08\/24\/trois-nouvelles-pistes-devant-limpasse-adarabioyo\/#breadcrumb"},"inLanguage":"fr-FR","potentialAction":[{"@type":"ReadAction","target":["https:\/\/www.ladiagonale.net\/index.php\/2023\/08\/24\/trois-nouvelles-pistes-devant-limpasse-adarabioyo\/"]}]},{"@type":"BreadcrumbList","@id":"https:\/\/www.ladiagonale.net\/index.php\/2023\/08\/24\/trois-nouvelles-pistes-devant-limpasse-adarabioyo\/#breadcrumb","itemListElement":[{"@type":"ListItem","position":1,"name":"Accueil","item":"https:\/\/www.ladiagonale.net\/"},{"@type":"ListItem","position":2,"name":"Trois nouvelles pistes devant l&rsquo;impasse Adarabioyo ?"}]},{"@type":"WebSite","@id":"https:\/\/www.ladiagonale.net\/#website","url":"https:\/\/www.ladiagonale.net\/","name":"La Diagonale","description":"Le site des supporters de l&#039;AS Monaco FC","potentialAction":[{"@type":"SearchAction","target":{"@type":"EntryPoint","urlTemplate":"https:\/\/www.ladiagonale.net\/?s={search_term_string}"},"query-input":"required name=search_term_string"}],"inLanguage":"fr-FR"},{"@type":"Person","@id":"https:\/\/www.ladiagonale.net\/#\/schema\/person\/79ff1e7b0853ed01b2aa26e64ad300bf","name":"Damien Dellerba","image":{"@type":"ImageObject","inLanguage":"fr-FR","@id":"https:\/\/www.ladiagonale.net\/#\/schema\/person\/image\/","url":"https:\/\/secure.gravatar.com\/avatar\/c7850e06d3ff63cdbaee88b7fc16e2f0?s=96&d=mm&r=g","contentUrl":"https:\/\/secure.gravatar.com\/avatar\/c7850e06d3ff63cdbaee88b7fc16e2f0?s=96&d=mm&r=g","caption":"Damien Dellerba"},"url":"https:\/\/www.ladiagonale.net\/index.php\/author\/damien\/"}]}},"_links":{"self":[{"href":"https:\/\/www.ladiagonale.net\/index.php\/wp-json\/wp\/v2\/posts\/15498"}],"collection":[{"href":"https:\/\/www.ladiagonale.net\/index.php\/wp-json\/wp\/v2\/posts"}],"about":[{"href":"https:\/\/www.ladiagonale.net\/index.php\/wp-json\/wp\/v2\/types\/post"}],"author":[{"embeddable":true,"href":"https:\/\/www.ladiagonale.net\/index.php\/wp-json\/wp\/v2\/users\/2"}],"replies":[{"embeddable":true,"href":"https:\/\/www.ladiagonale.net\/index.php\/wp-json\/wp\/v2\/comments?post=15498"}],"version-history":[{"count":9,"href":"https:\/\/www.ladiagonale.net\/index.php\/wp-json\/wp\/v2\/posts\/15498\/revisions"}],"predecessor-version":[{"id":15532,"href":"https:\/\/www.ladiagonale.net\/index.php\/wp-json\/wp\/v2\/posts\/15498\/revisions\/15532"}],"wp:attachment":[{"href":"https:\/\/www.ladiagonale.net\/index.php\/wp-json\/wp\/v2\/media?parent=15498"}],"wp:term":[{"taxonomy":"category","embeddable":true,"href":"https:\/\/www.ladiagonale.net\/index.php\/wp-json\/wp\/v2\/categories?post=15498"},{"taxonomy":"post_tag","embeddable":true,"href":"https:\/\/www.ladiagonale.net\/index.php\/wp-json\/wp\/v2\/tags?post=15498"}],"curies":[{"name":"wp","href":"https:\/\/api.w.org\/{rel}","templated":true}]}}