{"id":15509,"date":"2023-08-24T15:55:58","date_gmt":"2023-08-24T13:55:58","guid":{"rendered":"https:\/\/www.ladiagonale.net\/?p=15509"},"modified":"2023-08-24T15:56:01","modified_gmt":"2023-08-24T13:56:01","slug":"aristouy-monaco-arrive-avec-des-certitudes","status":"publish","type":"post","link":"https:\/\/www.ladiagonale.net\/index.php\/2023\/08\/24\/aristouy-monaco-arrive-avec-des-certitudes\/","title":{"rendered":"Aristouy : \u00ab\u00a0Monaco arrive avec des certitudes\u00a0\u00bb"},"content":{"rendered":"\n\n\n<p>Ce jeudi, l\u2019entra\u00eeneur du FC Nantes Pierre Aristouy a r\u00e9pondu aux questions de la presse avant la rencontre de vendredi qui l\u2019opposera \u00e0 Monaco. Apr\u00e8s une mauvaise entame de championnat (<em>deux d\u00e9faites en deux matchs<\/em>), Nantes esp\u00e8re marquer ses premiers points de la saison face au leader du championnat : \u00ab\u00a0<em>On s\u2019attend \u00e0 une \u00e9quipe de Monaco qui va arriver avec des certitudes et une \u00e9quipe nantaise qui va avoir envie de lancer sa saison. Il n\u2019y a pas de c\u00f4t\u00e9 \u00e9liminatoire ou capital dans ce match, mais il est important de pouvoir r\u00e9cup\u00e9rer quelque chose pour lancer notre saison.<\/em>\u00a0\u00bb<\/p>\n\n\n\n<p>L\u2019entra\u00eeneur des Canaris a donn\u00e9 rapidement son avis sur l\u2019\u00e9quipe as\u00e9miste : \u00ab\u00a0<em>Ils ont jou\u00e9 les deux premiers matchs de championnat et des matchs de pr\u00e9paration de tr\u00e8s haut niveau, contre des \u00e9quipes de tr\u00e8s haut niveau, et on a pu observer pas mal de choses. Apr\u00e8s, l\u2019observation c&rsquo;est une chose, les solutions pour pouvoir les contrer en sont une autre. Il y a beaucoup de qualit\u00e9s, on le sait, avec un trio offensif, qui se trouve tr\u00e8s bien, qui s\u2019anime tr\u00e8s bien. Et puis l\u2019apport des deux pistons et de Fofana au milieu, \u00e7a fait un pouvoir offensif de qualit\u00e9.<\/em>\u00a0\u00bb<\/p>\n","protected":false},"excerpt":{"rendered":"<p>Ce jeudi, l\u2019entra\u00eeneur du FC Nantes Pierre Aristouy a r\u00e9pondu aux questions de la presse avant la rencontre de vendredi qui l\u2019opposera \u00e0 Monaco. Apr\u00e8s une mauvaise entame de championnat (deux d\u00e9faites en deux matchs), Nantes esp\u00e8re marquer ses premiers points de la saison face au leader du championnat : \u00ab\u00a0On s\u2019attend \u00e0 une \u00e9quipe [&#8230;]\n","protected":false},"author":2,"featured_media":0,"comment_status":"open","ping_status":"open","sticky":false,"template":"","format":"standard","meta":[],"categories":[6],"tags":[86,94,438,681],"yoast_head":"<!-- This site is optimized with the Yoast SEO plugin v19.8 - https:\/\/yoast.com\/wordpress\/plugins\/seo\/ -->\n<title>Aristouy : \u00ab\u00a0Monaco arrive avec des certitudes\u00a0\u00bb - La Diagonale<\/title>\n<meta name=\"robots\" content=\"index, follow, max-snippet:-1, max-image-preview:large, max-video-preview:-1\" \/>\n<link rel=\"canonical\" href=\"https:\/\/www.ladiagonale.net\/index.php\/2023\/08\/24\/aristouy-monaco-arrive-avec-des-certitudes\/\" \/>\n<meta property=\"og:locale\" content=\"fr_FR\" \/>\n<meta property=\"og:type\" content=\"article\" \/>\n<meta property=\"og:title\" content=\"Aristouy : \u00ab\u00a0Monaco arrive avec des certitudes\u00a0\u00bb - La Diagonale\" \/>\n<meta property=\"og:description\" content=\"Ce jeudi, l\u2019entra\u00eeneur du FC Nantes Pierre Aristouy a r\u00e9pondu aux questions de la presse avant la rencontre de vendredi qui l\u2019opposera \u00e0 Monaco. Apr\u00e8s une mauvaise entame de championnat (deux d\u00e9faites en deux matchs), Nantes esp\u00e8re marquer ses premiers points de la saison face au leader du championnat : \u00ab\u00a0On s\u2019attend \u00e0 une \u00e9quipe [...]\" \/>\n<meta property=\"og:url\" content=\"https:\/\/www.ladiagonale.net\/index.php\/2023\/08\/24\/aristouy-monaco-arrive-avec-des-certitudes\/\" \/>\n<meta property=\"og:site_name\" content=\"La Diagonale\" \/>\n<meta property=\"article:published_time\" content=\"2023-08-24T13:55:58+00:00\" \/>\n<meta property=\"article:modified_time\" content=\"2023-08-24T13:56:01+00:00\" \/>\n<meta property=\"og:image\" content=\"https:\/\/www.ladiagonale.net\/wp-content\/uploads\/2023\/08\/Aristouy.png\" \/>\n\t<meta property=\"og:image:width\" content=\"1160\" \/>\n\t<meta property=\"og:image:height\" content=\"650\" \/>\n\t<meta property=\"og:image:type\" content=\"image\/png\" \/>\n<meta name=\"author\" content=\"Damien Dellerba\" \/>\n<meta name=\"twitter:card\" content=\"summary_large_image\" \/>\n<meta name=\"twitter:image\" content=\"https:\/\/www.ladiagonale.net\/wp-content\/uploads\/2023\/08\/Aristouy.png\" \/>\n<meta name=\"twitter:label1\" content=\"\u00c9crit par\" \/>\n\t<meta name=\"twitter:data1\" content=\"Damien Dellerba\" \/>\n\t<meta name=\"twitter:label2\" content=\"Dur\u00e9e de lecture estim\u00e9e\" \/>\n\t<meta name=\"twitter:data2\" content=\"2 minutes\" \/>\n<script type=\"application\/ld+json\" class=\"yoast-schema-graph\">{\"@context\":\"https:\/\/schema.org\",\"@graph\":[{\"@type\":\"WebPage\",\"@id\":\"https:\/\/www.ladiagonale.net\/index.php\/2023\/08\/24\/aristouy-monaco-arrive-avec-des-certitudes\/\",\"url\":\"https:\/\/www.ladiagonale.net\/index.php\/2023\/08\/24\/aristouy-monaco-arrive-avec-des-certitudes\/\",\"name\":\"Aristouy : \u00ab\u00a0Monaco arrive avec des certitudes\u00a0\u00bb - La Diagonale\",\"isPartOf\":{\"@id\":\"https:\/\/www.ladiagonale.net\/#website\"},\"datePublished\":\"2023-08-24T13:55:58+00:00\",\"dateModified\":\"2023-08-24T13:56:01+00:00\",\"author\":{\"@id\":\"https:\/\/www.ladiagonale.net\/#\/schema\/person\/79ff1e7b0853ed01b2aa26e64ad300bf\"},\"breadcrumb\":{\"@id\":\"https:\/\/www.ladiagonale.net\/index.php\/2023\/08\/24\/aristouy-monaco-arrive-avec-des-certitudes\/#breadcrumb\"},\"inLanguage\":\"fr-FR\",\"potentialAction\":[{\"@type\":\"ReadAction\",\"target\":[\"https:\/\/www.ladiagonale.net\/index.php\/2023\/08\/24\/aristouy-monaco-arrive-avec-des-certitudes\/\"]}]},{\"@type\":\"BreadcrumbList\",\"@id\":\"https:\/\/www.ladiagonale.net\/index.php\/2023\/08\/24\/aristouy-monaco-arrive-avec-des-certitudes\/#breadcrumb\",\"itemListElement\":[{\"@type\":\"ListItem\",\"position\":1,\"name\":\"Accueil\",\"item\":\"https:\/\/www.ladiagonale.net\/\"},{\"@type\":\"ListItem\",\"position\":2,\"name\":\"Aristouy : \u00ab\u00a0Monaco arrive avec des certitudes\u00a0\u00bb\"}]},{\"@type\":\"WebSite\",\"@id\":\"https:\/\/www.ladiagonale.net\/#website\",\"url\":\"https:\/\/www.ladiagonale.net\/\",\"name\":\"La Diagonale\",\"description\":\"Le site des supporters de l&#039;AS Monaco FC\",\"potentialAction\":[{\"@type\":\"SearchAction\",\"target\":{\"@type\":\"EntryPoint\",\"urlTemplate\":\"https:\/\/www.ladiagonale.net\/?s={search_term_string}\"},\"query-input\":\"required name=search_term_string\"}],\"inLanguage\":\"fr-FR\"},{\"@type\":\"Person\",\"@id\":\"https:\/\/www.ladiagonale.net\/#\/schema\/person\/79ff1e7b0853ed01b2aa26e64ad300bf\",\"name\":\"Damien Dellerba\",\"image\":{\"@type\":\"ImageObject\",\"inLanguage\":\"fr-FR\",\"@id\":\"https:\/\/www.ladiagonale.net\/#\/schema\/person\/image\/\",\"url\":\"https:\/\/secure.gravatar.com\/avatar\/c7850e06d3ff63cdbaee88b7fc16e2f0?s=96&d=mm&r=g\",\"contentUrl\":\"https:\/\/secure.gravatar.com\/avatar\/c7850e06d3ff63cdbaee88b7fc16e2f0?s=96&d=mm&r=g\",\"caption\":\"Damien Dellerba\"},\"url\":\"https:\/\/www.ladiagonale.net\/index.php\/author\/damien\/\"}]}<\/script>\n<!-- \/ Yoast SEO plugin. -->","yoast_head_json":{"title":"Aristouy : \u00ab\u00a0Monaco arrive avec des certitudes\u00a0\u00bb - La Diagonale","robots":{"index":"index","follow":"follow","max-snippet":"max-snippet:-1","max-image-preview":"max-image-preview:large","max-video-preview":"max-video-preview:-1"},"canonical":"https:\/\/www.ladiagonale.net\/index.php\/2023\/08\/24\/aristouy-monaco-arrive-avec-des-certitudes\/","og_locale":"fr_FR","og_type":"article","og_title":"Aristouy : \u00ab\u00a0Monaco arrive avec des certitudes\u00a0\u00bb - La Diagonale","og_description":"Ce jeudi, l\u2019entra\u00eeneur du FC Nantes Pierre Aristouy a r\u00e9pondu aux questions de la presse avant la rencontre de vendredi qui l\u2019opposera \u00e0 Monaco. Apr\u00e8s une mauvaise entame de championnat (deux d\u00e9faites en deux matchs), Nantes esp\u00e8re marquer ses premiers points de la saison face au leader du championnat : \u00ab\u00a0On s\u2019attend \u00e0 une \u00e9quipe [...]","og_url":"https:\/\/www.ladiagonale.net\/index.php\/2023\/08\/24\/aristouy-monaco-arrive-avec-des-certitudes\/","og_site_name":"La Diagonale","article_published_time":"2023-08-24T13:55:58+00:00","article_modified_time":"2023-08-24T13:56:01+00:00","og_image":[{"width":1160,"height":650,"url":"https:\/\/www.ladiagonale.net\/wp-content\/uploads\/2023\/08\/Aristouy.png","type":"image\/png"}],"author":"Damien Dellerba","twitter_card":"summary_large_image","twitter_image":"https:\/\/www.ladiagonale.net\/wp-content\/uploads\/2023\/08\/Aristouy.png","twitter_misc":{"\u00c9crit par":"Damien Dellerba","Dur\u00e9e de lecture estim\u00e9e":"2 minutes"},"schema":{"@context":"https:\/\/schema.org","@graph":[{"@type":"WebPage","@id":"https:\/\/www.ladiagonale.net\/index.php\/2023\/08\/24\/aristouy-monaco-arrive-avec-des-certitudes\/","url":"https:\/\/www.ladiagonale.net\/index.php\/2023\/08\/24\/aristouy-monaco-arrive-avec-des-certitudes\/","name":"Aristouy : \u00ab\u00a0Monaco arrive avec des certitudes\u00a0\u00bb - La Diagonale","isPartOf":{"@id":"https:\/\/www.ladiagonale.net\/#website"},"datePublished":"2023-08-24T13:55:58+00:00","dateModified":"2023-08-24T13:56:01+00:00","author":{"@id":"https:\/\/www.ladiagonale.net\/#\/schema\/person\/79ff1e7b0853ed01b2aa26e64ad300bf"},"breadcrumb":{"@id":"https:\/\/www.ladiagonale.net\/index.php\/2023\/08\/24\/aristouy-monaco-arrive-avec-des-certitudes\/#breadcrumb"},"inLanguage":"fr-FR","potentialAction":[{"@type":"ReadAction","target":["https:\/\/www.ladiagonale.net\/index.php\/2023\/08\/24\/aristouy-monaco-arrive-avec-des-certitudes\/"]}]},{"@type":"BreadcrumbList","@id":"https:\/\/www.ladiagonale.net\/index.php\/2023\/08\/24\/aristouy-monaco-arrive-avec-des-certitudes\/#breadcrumb","itemListElement":[{"@type":"ListItem","position":1,"name":"Accueil","item":"https:\/\/www.ladiagonale.net\/"},{"@type":"ListItem","position":2,"name":"Aristouy : \u00ab\u00a0Monaco arrive avec des certitudes\u00a0\u00bb"}]},{"@type":"WebSite","@id":"https:\/\/www.ladiagonale.net\/#website","url":"https:\/\/www.ladiagonale.net\/","name":"La Diagonale","description":"Le site des supporters de l&#039;AS Monaco FC","potentialAction":[{"@type":"SearchAction","target":{"@type":"EntryPoint","urlTemplate":"https:\/\/www.ladiagonale.net\/?s={search_term_string}"},"query-input":"required name=search_term_string"}],"inLanguage":"fr-FR"},{"@type":"Person","@id":"https:\/\/www.ladiagonale.net\/#\/schema\/person\/79ff1e7b0853ed01b2aa26e64ad300bf","name":"Damien Dellerba","image":{"@type":"ImageObject","inLanguage":"fr-FR","@id":"https:\/\/www.ladiagonale.net\/#\/schema\/person\/image\/","url":"https:\/\/secure.gravatar.com\/avatar\/c7850e06d3ff63cdbaee88b7fc16e2f0?s=96&d=mm&r=g","contentUrl":"https:\/\/secure.gravatar.com\/avatar\/c7850e06d3ff63cdbaee88b7fc16e2f0?s=96&d=mm&r=g","caption":"Damien Dellerba"},"url":"https:\/\/www.ladiagonale.net\/index.php\/author\/damien\/"}]}},"_links":{"self":[{"href":"https:\/\/www.ladiagonale.net\/index.php\/wp-json\/wp\/v2\/posts\/15509"}],"collection":[{"href":"https:\/\/www.ladiagonale.net\/index.php\/wp-json\/wp\/v2\/posts"}],"about":[{"href":"https:\/\/www.ladiagonale.net\/index.php\/wp-json\/wp\/v2\/types\/post"}],"author":[{"embeddable":true,"href":"https:\/\/www.ladiagonale.net\/index.php\/wp-json\/wp\/v2\/users\/2"}],"replies":[{"embeddable":true,"href":"https:\/\/www.ladiagonale.net\/index.php\/wp-json\/wp\/v2\/comments?post=15509"}],"version-history":[{"count":1,"href":"https:\/\/www.ladiagonale.net\/index.php\/wp-json\/wp\/v2\/posts\/15509\/revisions"}],"predecessor-version":[{"id":15511,"href":"https:\/\/www.ladiagonale.net\/index.php\/wp-json\/wp\/v2\/posts\/15509\/revisions\/15511"}],"wp:attachment":[{"href":"https:\/\/www.ladiagonale.net\/index.php\/wp-json\/wp\/v2\/media?parent=15509"}],"wp:term":[{"taxonomy":"category","embeddable":true,"href":"https:\/\/www.ladiagonale.net\/index.php\/wp-json\/wp\/v2\/categories?post=15509"},{"taxonomy":"post_tag","embeddable":true,"href":"https:\/\/www.ladiagonale.net\/index.php\/wp-json\/wp\/v2\/tags?post=15509"}],"curies":[{"name":"wp","href":"https:\/\/api.w.org\/{rel}","templated":true}]}}