{"id":15669,"date":"2023-08-30T19:02:35","date_gmt":"2023-08-30T17:02:35","guid":{"rendered":"https:\/\/www.ladiagonale.net\/?p=15669"},"modified":"2023-08-30T21:37:54","modified_gmt":"2023-08-30T19:37:54","slug":"officiel-balogun-est-monegasque","status":"publish","type":"post","link":"https:\/\/www.ladiagonale.net\/index.php\/2023\/08\/30\/officiel-balogun-est-monegasque\/","title":{"rendered":"Officiel : Balogun est mon\u00e9gasque"},"content":{"rendered":"\n<p>L\u2019AS Monaco vient de frapper fort sur le march\u00e9 des transferts, en annon\u00e7ant ce mercredi la signature de Folarin Balogun pour cinq ans, jusqu\u2019en juin 2028. Les dirigeants mon\u00e9gasques auraient d\u00e9bours\u00e9 40 millions d&rsquo;euros dont 10 de bonus pour s&rsquo;attacher les services de l&rsquo;attaquant d&rsquo;Arsenal. L\u2019international am\u00e9ricain (2 s\u00e9lections, 1 but) de 22 ans, anglais de naissance, \u00e9tait pr\u00eat\u00e9 \u00e0 Reims la saison derni\u00e8re o\u00f9 il a inscrit la bagatelle de 22 buts en 39 rencontres.<\/p>\n\n\n\n<p>Balogun a \u00e9t\u00e9 form\u00e9 \u00e0 Arsenal, o\u00f9 il est arriv\u00e9 \u00e0 l&rsquo;\u00e2ge de huit ans avant de signer son premier contrat professionnel \u00e0 17 ans. Sous le maillot des Gunners, il a disput\u00e9 10 rencontres et n&rsquo;est jamais parvenu \u00e0 s&rsquo;y imposer. Apr\u00e8s un pr\u00eat peu convaincant en <em>Championship<\/em> et \u00e0 Middlesbrough (21 matches, 3 buts), Balogun a explos\u00e9 en Ligue 1 et \u00e0 Reims et vient renforcer l&rsquo;attaque as\u00e9miste amoindrie avec le d\u00e9part de Volland et la blessure d&rsquo;Embolo.<\/p>\n\n\n\n<figure class=\"wp-block-embed is-type-rich is-provider-twitter wp-block-embed-twitter\"><div class=\"wp-block-embed__wrapper\">\n<blockquote class=\"twitter-tweet\" data-width=\"550\" data-dnt=\"true\"><p lang=\"en\" dir=\"ltr\">\ud83d\udd0a\ud83d\udd1d<br><br>\ud835\ude49\ud835\ude5a\ud835\ude6c \ud835\ude68\ud835\ude69\ud835\ude67\ud835\ude5e\ud835\ude60\ud835\ude5a\ud835\ude67 \ud835\ude5e\ud835\ude63 \ud835\ude48\ud835\ude64\ud835\ude63\ud835\ude56\ud835\ude58\ud835\ude64 \ud83d\udd34\u26aa\ufe0f<a href=\"https:\/\/twitter.com\/hashtag\/WelcomeBalogun?src=hash&amp;ref_src=twsrc%5Etfw\">#WelcomeBalogun<\/a> \ud83c\uddfa\ud83c\uddf8 <a href=\"https:\/\/t.co\/QdAIKcwWd8\">pic.twitter.com\/QdAIKcwWd8<\/a><\/p>&mdash; AS Monaco \ud83c\uddf2\ud83c\udde8 (@AS_Monaco) <a href=\"https:\/\/twitter.com\/AS_Monaco\/status\/1696930812980244966?ref_src=twsrc%5Etfw\">August 30, 2023<\/a><\/blockquote><script async src=\"https:\/\/platform.twitter.com\/widgets.js\" charset=\"utf-8\"><\/script>\n<\/div><\/figure>\n","protected":false},"excerpt":{"rendered":"<p>L\u2019AS Monaco vient de frapper fort sur le march\u00e9 des transferts, en annon\u00e7ant ce mercredi la signature de Folarin Balogun pour cinq ans, jusqu\u2019en juin 2028. Les dirigeants mon\u00e9gasques auraient d\u00e9bours\u00e9 40 millions d&rsquo;euros dont 10 de bonus pour s&rsquo;attacher les services de l&rsquo;attaquant d&rsquo;Arsenal. L\u2019international am\u00e9ricain (2 s\u00e9lections, 1 but) de 22 ans, anglais [&#8230;]\n","protected":false},"author":2,"featured_media":15731,"comment_status":"open","ping_status":"open","sticky":false,"template":"","format":"standard","meta":[],"categories":[5,6],"tags":[558,86,483,111,110],"yoast_head":"<!-- This site is optimized with the Yoast SEO plugin v19.8 - https:\/\/yoast.com\/wordpress\/plugins\/seo\/ -->\n<title>Officiel : Balogun est mon\u00e9gasque - La Diagonale<\/title>\n<meta name=\"robots\" content=\"index, follow, max-snippet:-1, max-image-preview:large, max-video-preview:-1\" \/>\n<link rel=\"canonical\" href=\"https:\/\/www.ladiagonale.net\/index.php\/2023\/08\/30\/officiel-balogun-est-monegasque\/\" \/>\n<meta property=\"og:locale\" content=\"fr_FR\" \/>\n<meta property=\"og:type\" content=\"article\" \/>\n<meta property=\"og:title\" content=\"Officiel : Balogun est mon\u00e9gasque - La Diagonale\" \/>\n<meta property=\"og:description\" content=\"L\u2019AS Monaco vient de frapper fort sur le march\u00e9 des transferts, en annon\u00e7ant ce mercredi la signature de Folarin Balogun pour cinq ans, jusqu\u2019en juin 2028. Les dirigeants mon\u00e9gasques auraient d\u00e9bours\u00e9 40 millions d&rsquo;euros dont 10 de bonus pour s&rsquo;attacher les services de l&rsquo;attaquant d&rsquo;Arsenal. L\u2019international am\u00e9ricain (2 s\u00e9lections, 1 but) de 22 ans, anglais [...]\" \/>\n<meta property=\"og:url\" content=\"https:\/\/www.ladiagonale.net\/index.php\/2023\/08\/30\/officiel-balogun-est-monegasque\/\" \/>\n<meta property=\"og:site_name\" content=\"La Diagonale\" \/>\n<meta property=\"article:published_time\" content=\"2023-08-30T17:02:35+00:00\" \/>\n<meta property=\"article:modified_time\" content=\"2023-08-30T19:37:54+00:00\" \/>\n<meta property=\"og:image\" content=\"https:\/\/www.ladiagonale.net\/wp-content\/uploads\/2023\/08\/Folarin_BALOGUN_03-scaled.jpg\" \/>\n\t<meta property=\"og:image:width\" content=\"2560\" \/>\n\t<meta property=\"og:image:height\" content=\"1707\" \/>\n\t<meta property=\"og:image:type\" content=\"image\/jpeg\" \/>\n<meta name=\"author\" content=\"Damien Dellerba\" \/>\n<meta name=\"twitter:card\" content=\"summary_large_image\" \/>\n<meta name=\"twitter:image\" content=\"https:\/\/www.ladiagonale.net\/wp-content\/uploads\/2023\/08\/Folarin_BALOGUN_03-scaled.jpg\" \/>\n<meta name=\"twitter:label1\" content=\"\u00c9crit par\" \/>\n\t<meta name=\"twitter:data1\" content=\"Damien Dellerba\" \/>\n\t<meta name=\"twitter:label2\" content=\"Dur\u00e9e de lecture estim\u00e9e\" \/>\n\t<meta name=\"twitter:data2\" content=\"1 minute\" \/>\n<script type=\"application\/ld+json\" class=\"yoast-schema-graph\">{\"@context\":\"https:\/\/schema.org\",\"@graph\":[{\"@type\":\"WebPage\",\"@id\":\"https:\/\/www.ladiagonale.net\/index.php\/2023\/08\/30\/officiel-balogun-est-monegasque\/\",\"url\":\"https:\/\/www.ladiagonale.net\/index.php\/2023\/08\/30\/officiel-balogun-est-monegasque\/\",\"name\":\"Officiel : Balogun est mon\u00e9gasque - La Diagonale\",\"isPartOf\":{\"@id\":\"https:\/\/www.ladiagonale.net\/#website\"},\"datePublished\":\"2023-08-30T17:02:35+00:00\",\"dateModified\":\"2023-08-30T19:37:54+00:00\",\"author\":{\"@id\":\"https:\/\/www.ladiagonale.net\/#\/schema\/person\/79ff1e7b0853ed01b2aa26e64ad300bf\"},\"breadcrumb\":{\"@id\":\"https:\/\/www.ladiagonale.net\/index.php\/2023\/08\/30\/officiel-balogun-est-monegasque\/#breadcrumb\"},\"inLanguage\":\"fr-FR\",\"potentialAction\":[{\"@type\":\"ReadAction\",\"target\":[\"https:\/\/www.ladiagonale.net\/index.php\/2023\/08\/30\/officiel-balogun-est-monegasque\/\"]}]},{\"@type\":\"BreadcrumbList\",\"@id\":\"https:\/\/www.ladiagonale.net\/index.php\/2023\/08\/30\/officiel-balogun-est-monegasque\/#breadcrumb\",\"itemListElement\":[{\"@type\":\"ListItem\",\"position\":1,\"name\":\"Accueil\",\"item\":\"https:\/\/www.ladiagonale.net\/\"},{\"@type\":\"ListItem\",\"position\":2,\"name\":\"Officiel : Balogun est mon\u00e9gasque\"}]},{\"@type\":\"WebSite\",\"@id\":\"https:\/\/www.ladiagonale.net\/#website\",\"url\":\"https:\/\/www.ladiagonale.net\/\",\"name\":\"La Diagonale\",\"description\":\"Le site des supporters de l&#039;AS Monaco FC\",\"potentialAction\":[{\"@type\":\"SearchAction\",\"target\":{\"@type\":\"EntryPoint\",\"urlTemplate\":\"https:\/\/www.ladiagonale.net\/?s={search_term_string}\"},\"query-input\":\"required name=search_term_string\"}],\"inLanguage\":\"fr-FR\"},{\"@type\":\"Person\",\"@id\":\"https:\/\/www.ladiagonale.net\/#\/schema\/person\/79ff1e7b0853ed01b2aa26e64ad300bf\",\"name\":\"Damien Dellerba\",\"image\":{\"@type\":\"ImageObject\",\"inLanguage\":\"fr-FR\",\"@id\":\"https:\/\/www.ladiagonale.net\/#\/schema\/person\/image\/\",\"url\":\"https:\/\/secure.gravatar.com\/avatar\/c7850e06d3ff63cdbaee88b7fc16e2f0?s=96&d=mm&r=g\",\"contentUrl\":\"https:\/\/secure.gravatar.com\/avatar\/c7850e06d3ff63cdbaee88b7fc16e2f0?s=96&d=mm&r=g\",\"caption\":\"Damien Dellerba\"},\"url\":\"https:\/\/www.ladiagonale.net\/index.php\/author\/damien\/\"}]}<\/script>\n<!-- \/ Yoast SEO plugin. -->","yoast_head_json":{"title":"Officiel : Balogun est mon\u00e9gasque - La Diagonale","robots":{"index":"index","follow":"follow","max-snippet":"max-snippet:-1","max-image-preview":"max-image-preview:large","max-video-preview":"max-video-preview:-1"},"canonical":"https:\/\/www.ladiagonale.net\/index.php\/2023\/08\/30\/officiel-balogun-est-monegasque\/","og_locale":"fr_FR","og_type":"article","og_title":"Officiel : Balogun est mon\u00e9gasque - La Diagonale","og_description":"L\u2019AS Monaco vient de frapper fort sur le march\u00e9 des transferts, en annon\u00e7ant ce mercredi la signature de Folarin Balogun pour cinq ans, jusqu\u2019en juin 2028. Les dirigeants mon\u00e9gasques auraient d\u00e9bours\u00e9 40 millions d&rsquo;euros dont 10 de bonus pour s&rsquo;attacher les services de l&rsquo;attaquant d&rsquo;Arsenal. L\u2019international am\u00e9ricain (2 s\u00e9lections, 1 but) de 22 ans, anglais [...]","og_url":"https:\/\/www.ladiagonale.net\/index.php\/2023\/08\/30\/officiel-balogun-est-monegasque\/","og_site_name":"La Diagonale","article_published_time":"2023-08-30T17:02:35+00:00","article_modified_time":"2023-08-30T19:37:54+00:00","og_image":[{"width":2560,"height":1707,"url":"https:\/\/www.ladiagonale.net\/wp-content\/uploads\/2023\/08\/Folarin_BALOGUN_03-scaled.jpg","type":"image\/jpeg"}],"author":"Damien Dellerba","twitter_card":"summary_large_image","twitter_image":"https:\/\/www.ladiagonale.net\/wp-content\/uploads\/2023\/08\/Folarin_BALOGUN_03-scaled.jpg","twitter_misc":{"\u00c9crit par":"Damien Dellerba","Dur\u00e9e de lecture estim\u00e9e":"1 minute"},"schema":{"@context":"https:\/\/schema.org","@graph":[{"@type":"WebPage","@id":"https:\/\/www.ladiagonale.net\/index.php\/2023\/08\/30\/officiel-balogun-est-monegasque\/","url":"https:\/\/www.ladiagonale.net\/index.php\/2023\/08\/30\/officiel-balogun-est-monegasque\/","name":"Officiel : Balogun est mon\u00e9gasque - La Diagonale","isPartOf":{"@id":"https:\/\/www.ladiagonale.net\/#website"},"datePublished":"2023-08-30T17:02:35+00:00","dateModified":"2023-08-30T19:37:54+00:00","author":{"@id":"https:\/\/www.ladiagonale.net\/#\/schema\/person\/79ff1e7b0853ed01b2aa26e64ad300bf"},"breadcrumb":{"@id":"https:\/\/www.ladiagonale.net\/index.php\/2023\/08\/30\/officiel-balogun-est-monegasque\/#breadcrumb"},"inLanguage":"fr-FR","potentialAction":[{"@type":"ReadAction","target":["https:\/\/www.ladiagonale.net\/index.php\/2023\/08\/30\/officiel-balogun-est-monegasque\/"]}]},{"@type":"BreadcrumbList","@id":"https:\/\/www.ladiagonale.net\/index.php\/2023\/08\/30\/officiel-balogun-est-monegasque\/#breadcrumb","itemListElement":[{"@type":"ListItem","position":1,"name":"Accueil","item":"https:\/\/www.ladiagonale.net\/"},{"@type":"ListItem","position":2,"name":"Officiel : Balogun est mon\u00e9gasque"}]},{"@type":"WebSite","@id":"https:\/\/www.ladiagonale.net\/#website","url":"https:\/\/www.ladiagonale.net\/","name":"La Diagonale","description":"Le site des supporters de l&#039;AS Monaco FC","potentialAction":[{"@type":"SearchAction","target":{"@type":"EntryPoint","urlTemplate":"https:\/\/www.ladiagonale.net\/?s={search_term_string}"},"query-input":"required name=search_term_string"}],"inLanguage":"fr-FR"},{"@type":"Person","@id":"https:\/\/www.ladiagonale.net\/#\/schema\/person\/79ff1e7b0853ed01b2aa26e64ad300bf","name":"Damien Dellerba","image":{"@type":"ImageObject","inLanguage":"fr-FR","@id":"https:\/\/www.ladiagonale.net\/#\/schema\/person\/image\/","url":"https:\/\/secure.gravatar.com\/avatar\/c7850e06d3ff63cdbaee88b7fc16e2f0?s=96&d=mm&r=g","contentUrl":"https:\/\/secure.gravatar.com\/avatar\/c7850e06d3ff63cdbaee88b7fc16e2f0?s=96&d=mm&r=g","caption":"Damien Dellerba"},"url":"https:\/\/www.ladiagonale.net\/index.php\/author\/damien\/"}]}},"_links":{"self":[{"href":"https:\/\/www.ladiagonale.net\/index.php\/wp-json\/wp\/v2\/posts\/15669"}],"collection":[{"href":"https:\/\/www.ladiagonale.net\/index.php\/wp-json\/wp\/v2\/posts"}],"about":[{"href":"https:\/\/www.ladiagonale.net\/index.php\/wp-json\/wp\/v2\/types\/post"}],"author":[{"embeddable":true,"href":"https:\/\/www.ladiagonale.net\/index.php\/wp-json\/wp\/v2\/users\/2"}],"replies":[{"embeddable":true,"href":"https:\/\/www.ladiagonale.net\/index.php\/wp-json\/wp\/v2\/comments?post=15669"}],"version-history":[{"count":8,"href":"https:\/\/www.ladiagonale.net\/index.php\/wp-json\/wp\/v2\/posts\/15669\/revisions"}],"predecessor-version":[{"id":15746,"href":"https:\/\/www.ladiagonale.net\/index.php\/wp-json\/wp\/v2\/posts\/15669\/revisions\/15746"}],"wp:featuredmedia":[{"embeddable":true,"href":"https:\/\/www.ladiagonale.net\/index.php\/wp-json\/wp\/v2\/media\/15731"}],"wp:attachment":[{"href":"https:\/\/www.ladiagonale.net\/index.php\/wp-json\/wp\/v2\/media?parent=15669"}],"wp:term":[{"taxonomy":"category","embeddable":true,"href":"https:\/\/www.ladiagonale.net\/index.php\/wp-json\/wp\/v2\/categories?post=15669"},{"taxonomy":"post_tag","embeddable":true,"href":"https:\/\/www.ladiagonale.net\/index.php\/wp-json\/wp\/v2\/tags?post=15669"}],"curies":[{"name":"wp","href":"https:\/\/api.w.org\/{rel}","templated":true}]}}