{"id":15671,"date":"2023-08-27T22:18:56","date_gmt":"2023-08-27T20:18:56","guid":{"rendered":"https:\/\/www.ladiagonale.net\/?p=15671"},"modified":"2023-08-27T22:18:59","modified_gmt":"2023-08-27T20:18:59","slug":"les-u17-corriges-dentree-par-le-cavigal","status":"publish","type":"post","link":"https:\/\/www.ladiagonale.net\/index.php\/2023\/08\/27\/les-u17-corriges-dentree-par-le-cavigal\/","title":{"rendered":"Les U17 corrig\u00e9s d&rsquo;entr\u00e9e par le Cavigal"},"content":{"rendered":"\n<p>C&rsquo;est une rude premi\u00e8re pour les U17 de l&rsquo;AS Monaco. Pour la reprise du championnat, les hommes de Manu Dos Santos se sont fait \u00e9craser par le Cavigal (2-5). Ce sont les Ni\u00e7ois qui ont ouvert le score, par Mokhtari (0-1, 20e), mais les Mon\u00e9gasques ont rapidement r\u00e9agi. Yannick Dodo a remis les deux \u00e9quipes \u00e0 \u00e9galit\u00e9 (1-1, 23e) et Ilies Belmokhtar a donn\u00e9 l&rsquo;avantage \u00e0 l&rsquo;ASM (2-1, 36e).<\/p>\n\n\n\n<p>Mais avant la pause, le Cavigal est revenu \u00e0 hauteur (2-2, 39e) avant de prendre un avantage d\u00e9finitif en deuxi\u00e8me p\u00e9riode, avec trois buts inscrits. C&rsquo;est une lourde d\u00e9faite pour les jeunes pousses as\u00e9mistes qui pointent ce dimanche soir \u00e0 la derni\u00e8re place de leur poule. Une r\u00e9action sera attendue contre N\u00eemes dimanche prochain (15h), pour la deuxi\u00e8me journ\u00e9e.<\/p>\n","protected":false},"excerpt":{"rendered":"<p>C&rsquo;est une rude premi\u00e8re pour les U17 de l&rsquo;AS Monaco. Pour la reprise du championnat, les hommes de Manu Dos Santos se sont fait \u00e9craser par le Cavigal (2-5). Ce sont les Ni\u00e7ois qui ont ouvert le score, par Mokhtari (0-1, 20e), mais les Mon\u00e9gasques ont rapidement r\u00e9agi. Yannick Dodo a remis les deux \u00e9quipes [&#8230;]\n","protected":false},"author":2,"featured_media":0,"comment_status":"open","ping_status":"open","sticky":false,"template":"","format":"standard","meta":[],"categories":[6],"tags":[76,86,130],"yoast_head":"<!-- This site is optimized with the Yoast SEO plugin v19.8 - https:\/\/yoast.com\/wordpress\/plugins\/seo\/ -->\n<title>Les U17 corrig\u00e9s d&#039;entr\u00e9e par le Cavigal - La Diagonale<\/title>\n<meta name=\"robots\" content=\"index, follow, max-snippet:-1, max-image-preview:large, max-video-preview:-1\" \/>\n<link rel=\"canonical\" href=\"https:\/\/www.ladiagonale.net\/index.php\/2023\/08\/27\/les-u17-corriges-dentree-par-le-cavigal\/\" \/>\n<meta property=\"og:locale\" content=\"fr_FR\" \/>\n<meta property=\"og:type\" content=\"article\" \/>\n<meta property=\"og:title\" content=\"Les U17 corrig\u00e9s d&#039;entr\u00e9e par le Cavigal - La Diagonale\" \/>\n<meta property=\"og:description\" content=\"C&rsquo;est une rude premi\u00e8re pour les U17 de l&rsquo;AS Monaco. Pour la reprise du championnat, les hommes de Manu Dos Santos se sont fait \u00e9craser par le Cavigal (2-5). Ce sont les Ni\u00e7ois qui ont ouvert le score, par Mokhtari (0-1, 20e), mais les Mon\u00e9gasques ont rapidement r\u00e9agi. Yannick Dodo a remis les deux \u00e9quipes [...]\" \/>\n<meta property=\"og:url\" content=\"https:\/\/www.ladiagonale.net\/index.php\/2023\/08\/27\/les-u17-corriges-dentree-par-le-cavigal\/\" \/>\n<meta property=\"og:site_name\" content=\"La Diagonale\" \/>\n<meta property=\"article:published_time\" content=\"2023-08-27T20:18:56+00:00\" \/>\n<meta property=\"article:modified_time\" content=\"2023-08-27T20:18:59+00:00\" \/>\n<meta property=\"og:image\" content=\"https:\/\/www.ladiagonale.net\/wp-content\/uploads\/2023\/08\/U19J1.jpg\" \/>\n\t<meta property=\"og:image:width\" content=\"1160\" \/>\n\t<meta property=\"og:image:height\" content=\"650\" \/>\n\t<meta property=\"og:image:type\" content=\"image\/jpeg\" \/>\n<meta name=\"author\" content=\"Damien Dellerba\" \/>\n<meta name=\"twitter:card\" content=\"summary_large_image\" \/>\n<meta name=\"twitter:image\" content=\"https:\/\/www.ladiagonale.net\/wp-content\/uploads\/2023\/08\/U19J1.jpg\" \/>\n<meta name=\"twitter:label1\" content=\"\u00c9crit par\" \/>\n\t<meta name=\"twitter:data1\" content=\"Damien Dellerba\" \/>\n\t<meta name=\"twitter:label2\" content=\"Dur\u00e9e de lecture estim\u00e9e\" \/>\n\t<meta name=\"twitter:data2\" content=\"1 minute\" \/>\n<script type=\"application\/ld+json\" class=\"yoast-schema-graph\">{\"@context\":\"https:\/\/schema.org\",\"@graph\":[{\"@type\":\"WebPage\",\"@id\":\"https:\/\/www.ladiagonale.net\/index.php\/2023\/08\/27\/les-u17-corriges-dentree-par-le-cavigal\/\",\"url\":\"https:\/\/www.ladiagonale.net\/index.php\/2023\/08\/27\/les-u17-corriges-dentree-par-le-cavigal\/\",\"name\":\"Les U17 corrig\u00e9s d'entr\u00e9e par le Cavigal - La Diagonale\",\"isPartOf\":{\"@id\":\"https:\/\/www.ladiagonale.net\/#website\"},\"datePublished\":\"2023-08-27T20:18:56+00:00\",\"dateModified\":\"2023-08-27T20:18:59+00:00\",\"author\":{\"@id\":\"https:\/\/www.ladiagonale.net\/#\/schema\/person\/79ff1e7b0853ed01b2aa26e64ad300bf\"},\"breadcrumb\":{\"@id\":\"https:\/\/www.ladiagonale.net\/index.php\/2023\/08\/27\/les-u17-corriges-dentree-par-le-cavigal\/#breadcrumb\"},\"inLanguage\":\"fr-FR\",\"potentialAction\":[{\"@type\":\"ReadAction\",\"target\":[\"https:\/\/www.ladiagonale.net\/index.php\/2023\/08\/27\/les-u17-corriges-dentree-par-le-cavigal\/\"]}]},{\"@type\":\"BreadcrumbList\",\"@id\":\"https:\/\/www.ladiagonale.net\/index.php\/2023\/08\/27\/les-u17-corriges-dentree-par-le-cavigal\/#breadcrumb\",\"itemListElement\":[{\"@type\":\"ListItem\",\"position\":1,\"name\":\"Accueil\",\"item\":\"https:\/\/www.ladiagonale.net\/\"},{\"@type\":\"ListItem\",\"position\":2,\"name\":\"Les U17 corrig\u00e9s d&rsquo;entr\u00e9e par le Cavigal\"}]},{\"@type\":\"WebSite\",\"@id\":\"https:\/\/www.ladiagonale.net\/#website\",\"url\":\"https:\/\/www.ladiagonale.net\/\",\"name\":\"La Diagonale\",\"description\":\"Le site des supporters de l&#039;AS Monaco FC\",\"potentialAction\":[{\"@type\":\"SearchAction\",\"target\":{\"@type\":\"EntryPoint\",\"urlTemplate\":\"https:\/\/www.ladiagonale.net\/?s={search_term_string}\"},\"query-input\":\"required name=search_term_string\"}],\"inLanguage\":\"fr-FR\"},{\"@type\":\"Person\",\"@id\":\"https:\/\/www.ladiagonale.net\/#\/schema\/person\/79ff1e7b0853ed01b2aa26e64ad300bf\",\"name\":\"Damien Dellerba\",\"image\":{\"@type\":\"ImageObject\",\"inLanguage\":\"fr-FR\",\"@id\":\"https:\/\/www.ladiagonale.net\/#\/schema\/person\/image\/\",\"url\":\"https:\/\/secure.gravatar.com\/avatar\/c7850e06d3ff63cdbaee88b7fc16e2f0?s=96&d=mm&r=g\",\"contentUrl\":\"https:\/\/secure.gravatar.com\/avatar\/c7850e06d3ff63cdbaee88b7fc16e2f0?s=96&d=mm&r=g\",\"caption\":\"Damien Dellerba\"},\"url\":\"https:\/\/www.ladiagonale.net\/index.php\/author\/damien\/\"}]}<\/script>\n<!-- \/ Yoast SEO plugin. -->","yoast_head_json":{"title":"Les U17 corrig\u00e9s d'entr\u00e9e par le Cavigal - La Diagonale","robots":{"index":"index","follow":"follow","max-snippet":"max-snippet:-1","max-image-preview":"max-image-preview:large","max-video-preview":"max-video-preview:-1"},"canonical":"https:\/\/www.ladiagonale.net\/index.php\/2023\/08\/27\/les-u17-corriges-dentree-par-le-cavigal\/","og_locale":"fr_FR","og_type":"article","og_title":"Les U17 corrig\u00e9s d'entr\u00e9e par le Cavigal - La Diagonale","og_description":"C&rsquo;est une rude premi\u00e8re pour les U17 de l&rsquo;AS Monaco. Pour la reprise du championnat, les hommes de Manu Dos Santos se sont fait \u00e9craser par le Cavigal (2-5). Ce sont les Ni\u00e7ois qui ont ouvert le score, par Mokhtari (0-1, 20e), mais les Mon\u00e9gasques ont rapidement r\u00e9agi. Yannick Dodo a remis les deux \u00e9quipes [...]","og_url":"https:\/\/www.ladiagonale.net\/index.php\/2023\/08\/27\/les-u17-corriges-dentree-par-le-cavigal\/","og_site_name":"La Diagonale","article_published_time":"2023-08-27T20:18:56+00:00","article_modified_time":"2023-08-27T20:18:59+00:00","og_image":[{"width":1160,"height":650,"url":"https:\/\/www.ladiagonale.net\/wp-content\/uploads\/2023\/08\/U19J1.jpg","type":"image\/jpeg"}],"author":"Damien Dellerba","twitter_card":"summary_large_image","twitter_image":"https:\/\/www.ladiagonale.net\/wp-content\/uploads\/2023\/08\/U19J1.jpg","twitter_misc":{"\u00c9crit par":"Damien Dellerba","Dur\u00e9e de lecture estim\u00e9e":"1 minute"},"schema":{"@context":"https:\/\/schema.org","@graph":[{"@type":"WebPage","@id":"https:\/\/www.ladiagonale.net\/index.php\/2023\/08\/27\/les-u17-corriges-dentree-par-le-cavigal\/","url":"https:\/\/www.ladiagonale.net\/index.php\/2023\/08\/27\/les-u17-corriges-dentree-par-le-cavigal\/","name":"Les U17 corrig\u00e9s d'entr\u00e9e par le Cavigal - La Diagonale","isPartOf":{"@id":"https:\/\/www.ladiagonale.net\/#website"},"datePublished":"2023-08-27T20:18:56+00:00","dateModified":"2023-08-27T20:18:59+00:00","author":{"@id":"https:\/\/www.ladiagonale.net\/#\/schema\/person\/79ff1e7b0853ed01b2aa26e64ad300bf"},"breadcrumb":{"@id":"https:\/\/www.ladiagonale.net\/index.php\/2023\/08\/27\/les-u17-corriges-dentree-par-le-cavigal\/#breadcrumb"},"inLanguage":"fr-FR","potentialAction":[{"@type":"ReadAction","target":["https:\/\/www.ladiagonale.net\/index.php\/2023\/08\/27\/les-u17-corriges-dentree-par-le-cavigal\/"]}]},{"@type":"BreadcrumbList","@id":"https:\/\/www.ladiagonale.net\/index.php\/2023\/08\/27\/les-u17-corriges-dentree-par-le-cavigal\/#breadcrumb","itemListElement":[{"@type":"ListItem","position":1,"name":"Accueil","item":"https:\/\/www.ladiagonale.net\/"},{"@type":"ListItem","position":2,"name":"Les U17 corrig\u00e9s d&rsquo;entr\u00e9e par le Cavigal"}]},{"@type":"WebSite","@id":"https:\/\/www.ladiagonale.net\/#website","url":"https:\/\/www.ladiagonale.net\/","name":"La Diagonale","description":"Le site des supporters de l&#039;AS Monaco FC","potentialAction":[{"@type":"SearchAction","target":{"@type":"EntryPoint","urlTemplate":"https:\/\/www.ladiagonale.net\/?s={search_term_string}"},"query-input":"required name=search_term_string"}],"inLanguage":"fr-FR"},{"@type":"Person","@id":"https:\/\/www.ladiagonale.net\/#\/schema\/person\/79ff1e7b0853ed01b2aa26e64ad300bf","name":"Damien Dellerba","image":{"@type":"ImageObject","inLanguage":"fr-FR","@id":"https:\/\/www.ladiagonale.net\/#\/schema\/person\/image\/","url":"https:\/\/secure.gravatar.com\/avatar\/c7850e06d3ff63cdbaee88b7fc16e2f0?s=96&d=mm&r=g","contentUrl":"https:\/\/secure.gravatar.com\/avatar\/c7850e06d3ff63cdbaee88b7fc16e2f0?s=96&d=mm&r=g","caption":"Damien Dellerba"},"url":"https:\/\/www.ladiagonale.net\/index.php\/author\/damien\/"}]}},"_links":{"self":[{"href":"https:\/\/www.ladiagonale.net\/index.php\/wp-json\/wp\/v2\/posts\/15671"}],"collection":[{"href":"https:\/\/www.ladiagonale.net\/index.php\/wp-json\/wp\/v2\/posts"}],"about":[{"href":"https:\/\/www.ladiagonale.net\/index.php\/wp-json\/wp\/v2\/types\/post"}],"author":[{"embeddable":true,"href":"https:\/\/www.ladiagonale.net\/index.php\/wp-json\/wp\/v2\/users\/2"}],"replies":[{"embeddable":true,"href":"https:\/\/www.ladiagonale.net\/index.php\/wp-json\/wp\/v2\/comments?post=15671"}],"version-history":[{"count":1,"href":"https:\/\/www.ladiagonale.net\/index.php\/wp-json\/wp\/v2\/posts\/15671\/revisions"}],"predecessor-version":[{"id":15672,"href":"https:\/\/www.ladiagonale.net\/index.php\/wp-json\/wp\/v2\/posts\/15671\/revisions\/15672"}],"wp:attachment":[{"href":"https:\/\/www.ladiagonale.net\/index.php\/wp-json\/wp\/v2\/media?parent=15671"}],"wp:term":[{"taxonomy":"category","embeddable":true,"href":"https:\/\/www.ladiagonale.net\/index.php\/wp-json\/wp\/v2\/categories?post=15671"},{"taxonomy":"post_tag","embeddable":true,"href":"https:\/\/www.ladiagonale.net\/index.php\/wp-json\/wp\/v2\/tags?post=15671"}],"curies":[{"name":"wp","href":"https:\/\/api.w.org\/{rel}","templated":true}]}}