{"id":15673,"date":"2023-08-28T00:01:59","date_gmt":"2023-08-27T22:01:59","guid":{"rendered":"https:\/\/www.ladiagonale.net\/?p=15673"},"modified":"2023-08-28T00:03:06","modified_gmt":"2023-08-27T22:03:06","slug":"les-negociations-auraient-repris-pour-adarabioyo","status":"publish","type":"post","link":"https:\/\/www.ladiagonale.net\/index.php\/2023\/08\/28\/les-negociations-auraient-repris-pour-adarabioyo\/","title":{"rendered":"Les n\u00e9gociations auraient repris pour Adarabioyo"},"content":{"rendered":"\n<p>Il y a quelques jours, le contact entre l\u2019AS Monaco et Fulham semblait rompu concernant Tosin Adarabioyo, ce qui aurait pouss\u00e9 les dirigeants as\u00e9mistes <a href=\"https:\/\/www.ladiagonale.net\/index.php\/2023\/08\/24\/trois-nouvelles-pistes-devant-limpasse-adarabioyo\/\">\u00e0 explorer d&rsquo;autres pistes en d\u00e9fense centrale<\/a>. Cependant, plusieurs m\u00e9dias ont indiqu\u00e9 ce dimanche que les discussions auraient repris au sujet de l&rsquo;Anglais de 25 ans. Selon <em>L&rsquo;\u00c9quipe<\/em>, Fulham aurait ouvert la porte \u00e0 un transfert du joueur form\u00e9 \u00e0 Manchester City et \u00e0 qui il ne reste plus qu&rsquo;un an de contrat, tandis que <em>Foot Mercato<\/em> a r\u00e9v\u00e9l\u00e9 qu&rsquo;une r\u00e9union se serait tenue entre les dirigeants des deux clubs. <\/p>\n\n\n\n<p>Tottenham serait encore sur le coup, mais d&rsquo;apr\u00e8s <em>Foot Mercato<\/em>, Nice serait \u00e9galement pr\u00eat \u00e0 entrer dans la danse en cas de d\u00e9part de Jean-Clair Todibo. Ce week-end, Adarabioyo a disput\u00e9 ses premi\u00e8res minutes avec Fulham contre Arsenal, apr\u00e8s de longues semaines sans jouer, y compris durant la pr\u00e9saison. Le joueur voudrait toujours rejoindre l&rsquo;ASM et a m\u00eame post\u00e9 samedi une <em>story<\/em> \u00e9nigmatique sur <em>Instagram<\/em>, o\u00f9 il semblait \u00e9voquer ses v\u00e9lleit\u00e9s de d\u00e9part \u00e0 travers une chanson du rappeur Drake.<\/p>\n\n\n\n<figure class=\"wp-block-embed is-type-rich is-provider-twitter wp-block-embed-twitter\"><div class=\"wp-block-embed__wrapper\">\n<blockquote class=\"twitter-tweet\" data-width=\"550\" data-dnt=\"true\"><p lang=\"fr\" dir=\"ltr\">\ud83d\udcf1 La derni\u00e8re story de Tosin Adarabioyo \ud83c\udff4\udb40\udc67\udb40\udc62\udb40\udc65\udb40\udc6e\udb40\udc67\udb40\udc7f sur Instagram<br><br>On le sent heureux que son transfert soit bloqu\u00e9 par Fulham&#8230; \ud83d\ude2c\u26d3\ufe0f <a href=\"https:\/\/t.co\/5aPiUldDr7\">pic.twitter.com\/5aPiUldDr7<\/a><\/p>&mdash; Lig&#39;ASM \ud83c\uddf2\ud83c\udde8 (@LigASM_) <a href=\"https:\/\/twitter.com\/LigASM_\/status\/1695569633158242564?ref_src=twsrc%5Etfw\">August 26, 2023<\/a><\/blockquote><script async src=\"https:\/\/platform.twitter.com\/widgets.js\" charset=\"utf-8\"><\/script>\n<\/div><\/figure>\n","protected":false},"excerpt":{"rendered":"<p>Il y a quelques jours, le contact entre l\u2019AS Monaco et Fulham semblait rompu concernant Tosin Adarabioyo, ce qui aurait pouss\u00e9 les dirigeants as\u00e9mistes \u00e0 explorer d&rsquo;autres pistes en d\u00e9fense centrale. Cependant, plusieurs m\u00e9dias ont indiqu\u00e9 ce dimanche que les discussions auraient repris au sujet de l&rsquo;Anglais de 25 ans. Selon L&rsquo;\u00c9quipe, Fulham aurait ouvert [&#8230;]\n","protected":false},"author":2,"featured_media":0,"comment_status":"open","ping_status":"open","sticky":false,"template":"","format":"standard","meta":[],"categories":[6],"tags":[86,638,111,381,110],"yoast_head":"<!-- This site is optimized with the Yoast SEO plugin v19.8 - https:\/\/yoast.com\/wordpress\/plugins\/seo\/ -->\n<title>Les n\u00e9gociations auraient repris pour Adarabioyo - La Diagonale<\/title>\n<meta name=\"robots\" content=\"index, follow, max-snippet:-1, max-image-preview:large, max-video-preview:-1\" \/>\n<link rel=\"canonical\" href=\"https:\/\/www.ladiagonale.net\/index.php\/2023\/08\/28\/les-negociations-auraient-repris-pour-adarabioyo\/\" \/>\n<meta property=\"og:locale\" content=\"fr_FR\" \/>\n<meta property=\"og:type\" content=\"article\" \/>\n<meta property=\"og:title\" content=\"Les n\u00e9gociations auraient repris pour Adarabioyo - La Diagonale\" \/>\n<meta property=\"og:description\" content=\"Il y a quelques jours, le contact entre l\u2019AS Monaco et Fulham semblait rompu concernant Tosin Adarabioyo, ce qui aurait pouss\u00e9 les dirigeants as\u00e9mistes \u00e0 explorer d&rsquo;autres pistes en d\u00e9fense centrale. Cependant, plusieurs m\u00e9dias ont indiqu\u00e9 ce dimanche que les discussions auraient repris au sujet de l&rsquo;Anglais de 25 ans. Selon L&rsquo;\u00c9quipe, Fulham aurait ouvert [...]\" \/>\n<meta property=\"og:url\" content=\"https:\/\/www.ladiagonale.net\/index.php\/2023\/08\/28\/les-negociations-auraient-repris-pour-adarabioyo\/\" \/>\n<meta property=\"og:site_name\" content=\"La Diagonale\" \/>\n<meta property=\"article:published_time\" content=\"2023-08-27T22:01:59+00:00\" \/>\n<meta property=\"article:modified_time\" content=\"2023-08-27T22:03:06+00:00\" \/>\n<meta property=\"og:image\" content=\"https:\/\/www.ladiagonale.net\/wp-content\/uploads\/2023\/01\/adarabioyo.png\" \/>\n\t<meta property=\"og:image:width\" content=\"1160\" \/>\n\t<meta property=\"og:image:height\" content=\"650\" \/>\n\t<meta property=\"og:image:type\" content=\"image\/png\" \/>\n<meta name=\"author\" content=\"Damien Dellerba\" \/>\n<meta name=\"twitter:card\" content=\"summary_large_image\" \/>\n<meta name=\"twitter:image\" content=\"https:\/\/www.ladiagonale.net\/wp-content\/uploads\/2023\/01\/adarabioyo.png\" \/>\n<meta name=\"twitter:label1\" content=\"\u00c9crit par\" \/>\n\t<meta name=\"twitter:data1\" content=\"Damien Dellerba\" \/>\n\t<meta name=\"twitter:label2\" content=\"Dur\u00e9e de lecture estim\u00e9e\" \/>\n\t<meta name=\"twitter:data2\" content=\"1 minute\" \/>\n<script type=\"application\/ld+json\" class=\"yoast-schema-graph\">{\"@context\":\"https:\/\/schema.org\",\"@graph\":[{\"@type\":\"WebPage\",\"@id\":\"https:\/\/www.ladiagonale.net\/index.php\/2023\/08\/28\/les-negociations-auraient-repris-pour-adarabioyo\/\",\"url\":\"https:\/\/www.ladiagonale.net\/index.php\/2023\/08\/28\/les-negociations-auraient-repris-pour-adarabioyo\/\",\"name\":\"Les n\u00e9gociations auraient repris pour Adarabioyo - La Diagonale\",\"isPartOf\":{\"@id\":\"https:\/\/www.ladiagonale.net\/#website\"},\"datePublished\":\"2023-08-27T22:01:59+00:00\",\"dateModified\":\"2023-08-27T22:03:06+00:00\",\"author\":{\"@id\":\"https:\/\/www.ladiagonale.net\/#\/schema\/person\/79ff1e7b0853ed01b2aa26e64ad300bf\"},\"breadcrumb\":{\"@id\":\"https:\/\/www.ladiagonale.net\/index.php\/2023\/08\/28\/les-negociations-auraient-repris-pour-adarabioyo\/#breadcrumb\"},\"inLanguage\":\"fr-FR\",\"potentialAction\":[{\"@type\":\"ReadAction\",\"target\":[\"https:\/\/www.ladiagonale.net\/index.php\/2023\/08\/28\/les-negociations-auraient-repris-pour-adarabioyo\/\"]}]},{\"@type\":\"BreadcrumbList\",\"@id\":\"https:\/\/www.ladiagonale.net\/index.php\/2023\/08\/28\/les-negociations-auraient-repris-pour-adarabioyo\/#breadcrumb\",\"itemListElement\":[{\"@type\":\"ListItem\",\"position\":1,\"name\":\"Accueil\",\"item\":\"https:\/\/www.ladiagonale.net\/\"},{\"@type\":\"ListItem\",\"position\":2,\"name\":\"Les n\u00e9gociations auraient repris pour Adarabioyo\"}]},{\"@type\":\"WebSite\",\"@id\":\"https:\/\/www.ladiagonale.net\/#website\",\"url\":\"https:\/\/www.ladiagonale.net\/\",\"name\":\"La Diagonale\",\"description\":\"Le site des supporters de l&#039;AS Monaco FC\",\"potentialAction\":[{\"@type\":\"SearchAction\",\"target\":{\"@type\":\"EntryPoint\",\"urlTemplate\":\"https:\/\/www.ladiagonale.net\/?s={search_term_string}\"},\"query-input\":\"required name=search_term_string\"}],\"inLanguage\":\"fr-FR\"},{\"@type\":\"Person\",\"@id\":\"https:\/\/www.ladiagonale.net\/#\/schema\/person\/79ff1e7b0853ed01b2aa26e64ad300bf\",\"name\":\"Damien Dellerba\",\"image\":{\"@type\":\"ImageObject\",\"inLanguage\":\"fr-FR\",\"@id\":\"https:\/\/www.ladiagonale.net\/#\/schema\/person\/image\/\",\"url\":\"https:\/\/secure.gravatar.com\/avatar\/c7850e06d3ff63cdbaee88b7fc16e2f0?s=96&d=mm&r=g\",\"contentUrl\":\"https:\/\/secure.gravatar.com\/avatar\/c7850e06d3ff63cdbaee88b7fc16e2f0?s=96&d=mm&r=g\",\"caption\":\"Damien Dellerba\"},\"url\":\"https:\/\/www.ladiagonale.net\/index.php\/author\/damien\/\"}]}<\/script>\n<!-- \/ Yoast SEO plugin. -->","yoast_head_json":{"title":"Les n\u00e9gociations auraient repris pour Adarabioyo - La Diagonale","robots":{"index":"index","follow":"follow","max-snippet":"max-snippet:-1","max-image-preview":"max-image-preview:large","max-video-preview":"max-video-preview:-1"},"canonical":"https:\/\/www.ladiagonale.net\/index.php\/2023\/08\/28\/les-negociations-auraient-repris-pour-adarabioyo\/","og_locale":"fr_FR","og_type":"article","og_title":"Les n\u00e9gociations auraient repris pour Adarabioyo - La Diagonale","og_description":"Il y a quelques jours, le contact entre l\u2019AS Monaco et Fulham semblait rompu concernant Tosin Adarabioyo, ce qui aurait pouss\u00e9 les dirigeants as\u00e9mistes \u00e0 explorer d&rsquo;autres pistes en d\u00e9fense centrale. Cependant, plusieurs m\u00e9dias ont indiqu\u00e9 ce dimanche que les discussions auraient repris au sujet de l&rsquo;Anglais de 25 ans. Selon L&rsquo;\u00c9quipe, Fulham aurait ouvert [...]","og_url":"https:\/\/www.ladiagonale.net\/index.php\/2023\/08\/28\/les-negociations-auraient-repris-pour-adarabioyo\/","og_site_name":"La Diagonale","article_published_time":"2023-08-27T22:01:59+00:00","article_modified_time":"2023-08-27T22:03:06+00:00","og_image":[{"width":1160,"height":650,"url":"https:\/\/www.ladiagonale.net\/wp-content\/uploads\/2023\/01\/adarabioyo.png","type":"image\/png"}],"author":"Damien Dellerba","twitter_card":"summary_large_image","twitter_image":"https:\/\/www.ladiagonale.net\/wp-content\/uploads\/2023\/01\/adarabioyo.png","twitter_misc":{"\u00c9crit par":"Damien Dellerba","Dur\u00e9e de lecture estim\u00e9e":"1 minute"},"schema":{"@context":"https:\/\/schema.org","@graph":[{"@type":"WebPage","@id":"https:\/\/www.ladiagonale.net\/index.php\/2023\/08\/28\/les-negociations-auraient-repris-pour-adarabioyo\/","url":"https:\/\/www.ladiagonale.net\/index.php\/2023\/08\/28\/les-negociations-auraient-repris-pour-adarabioyo\/","name":"Les n\u00e9gociations auraient repris pour Adarabioyo - La Diagonale","isPartOf":{"@id":"https:\/\/www.ladiagonale.net\/#website"},"datePublished":"2023-08-27T22:01:59+00:00","dateModified":"2023-08-27T22:03:06+00:00","author":{"@id":"https:\/\/www.ladiagonale.net\/#\/schema\/person\/79ff1e7b0853ed01b2aa26e64ad300bf"},"breadcrumb":{"@id":"https:\/\/www.ladiagonale.net\/index.php\/2023\/08\/28\/les-negociations-auraient-repris-pour-adarabioyo\/#breadcrumb"},"inLanguage":"fr-FR","potentialAction":[{"@type":"ReadAction","target":["https:\/\/www.ladiagonale.net\/index.php\/2023\/08\/28\/les-negociations-auraient-repris-pour-adarabioyo\/"]}]},{"@type":"BreadcrumbList","@id":"https:\/\/www.ladiagonale.net\/index.php\/2023\/08\/28\/les-negociations-auraient-repris-pour-adarabioyo\/#breadcrumb","itemListElement":[{"@type":"ListItem","position":1,"name":"Accueil","item":"https:\/\/www.ladiagonale.net\/"},{"@type":"ListItem","position":2,"name":"Les n\u00e9gociations auraient repris pour Adarabioyo"}]},{"@type":"WebSite","@id":"https:\/\/www.ladiagonale.net\/#website","url":"https:\/\/www.ladiagonale.net\/","name":"La Diagonale","description":"Le site des supporters de l&#039;AS Monaco FC","potentialAction":[{"@type":"SearchAction","target":{"@type":"EntryPoint","urlTemplate":"https:\/\/www.ladiagonale.net\/?s={search_term_string}"},"query-input":"required name=search_term_string"}],"inLanguage":"fr-FR"},{"@type":"Person","@id":"https:\/\/www.ladiagonale.net\/#\/schema\/person\/79ff1e7b0853ed01b2aa26e64ad300bf","name":"Damien Dellerba","image":{"@type":"ImageObject","inLanguage":"fr-FR","@id":"https:\/\/www.ladiagonale.net\/#\/schema\/person\/image\/","url":"https:\/\/secure.gravatar.com\/avatar\/c7850e06d3ff63cdbaee88b7fc16e2f0?s=96&d=mm&r=g","contentUrl":"https:\/\/secure.gravatar.com\/avatar\/c7850e06d3ff63cdbaee88b7fc16e2f0?s=96&d=mm&r=g","caption":"Damien Dellerba"},"url":"https:\/\/www.ladiagonale.net\/index.php\/author\/damien\/"}]}},"_links":{"self":[{"href":"https:\/\/www.ladiagonale.net\/index.php\/wp-json\/wp\/v2\/posts\/15673"}],"collection":[{"href":"https:\/\/www.ladiagonale.net\/index.php\/wp-json\/wp\/v2\/posts"}],"about":[{"href":"https:\/\/www.ladiagonale.net\/index.php\/wp-json\/wp\/v2\/types\/post"}],"author":[{"embeddable":true,"href":"https:\/\/www.ladiagonale.net\/index.php\/wp-json\/wp\/v2\/users\/2"}],"replies":[{"embeddable":true,"href":"https:\/\/www.ladiagonale.net\/index.php\/wp-json\/wp\/v2\/comments?post=15673"}],"version-history":[{"count":3,"href":"https:\/\/www.ladiagonale.net\/index.php\/wp-json\/wp\/v2\/posts\/15673\/revisions"}],"predecessor-version":[{"id":15677,"href":"https:\/\/www.ladiagonale.net\/index.php\/wp-json\/wp\/v2\/posts\/15673\/revisions\/15677"}],"wp:attachment":[{"href":"https:\/\/www.ladiagonale.net\/index.php\/wp-json\/wp\/v2\/media?parent=15673"}],"wp:term":[{"taxonomy":"category","embeddable":true,"href":"https:\/\/www.ladiagonale.net\/index.php\/wp-json\/wp\/v2\/categories?post=15673"},{"taxonomy":"post_tag","embeddable":true,"href":"https:\/\/www.ladiagonale.net\/index.php\/wp-json\/wp\/v2\/tags?post=15673"}],"curies":[{"name":"wp","href":"https:\/\/api.w.org\/{rel}","templated":true}]}}