{"id":15680,"date":"2023-08-28T15:10:42","date_gmt":"2023-08-28T13:10:42","guid":{"rendered":"https:\/\/www.ladiagonale.net\/?p=15680"},"modified":"2023-08-29T12:51:08","modified_gmt":"2023-08-29T10:51:08","slug":"lens-se-serait-positionne-sur-aguilar","status":"publish","type":"post","link":"https:\/\/www.ladiagonale.net\/index.php\/2023\/08\/28\/lens-se-serait-positionne-sur-aguilar\/","title":{"rendered":"Lens se serait positionn\u00e9 sur Aguilar"},"content":{"rendered":"\n\n\n<p>Il ne reste plus que quelques jours d&rsquo;ici la fin du mercato et Ruben Aguilar semble toujours proche de la sortie. Le lat\u00e9ral droit de l&rsquo;AS Monaco, qui n&rsquo;\u00e9tait pas dans le groupe pour le match contre Nantes vendredi en raison d&rsquo;une g\u00eane aux adducteurs, int\u00e9resserait d\u00e9sormais Lens, comme r\u00e9v\u00e9l\u00e9 par <em>Le Parisien.<\/em> Le dauphin du PSG la saison derni\u00e8re, qui affrontera l&rsquo;ASM samedi (21h) et qui r\u00e9alise un d\u00e9but de saison difficile (<em>1 point en trois matches<\/em>), chercherait \u00e0 se renforcer au poste de lat\u00e9ral droit.<\/p>\n\n\n\n<p>Pour l&rsquo;heure, la piste la plus chaude pour accueillir Aguilar serait toujours Montpellier, m\u00eame si le club h\u00e9raultais doit d&rsquo;abord faire vendre un des deux joueurs de l&rsquo;effectif pouvant \u00e9voluer au poste de lat\u00e9ral droit. Barr\u00e9 par Vanderson en ce d\u00e9but de saison, Aguilar n&rsquo;a particip\u00e9 \u00e0 aucun des trois premiers matches de la saison. L&rsquo;international fran\u00e7ais de 30 ans est sous contrat avec le club mon\u00e9gasque jusqu&rsquo;en juin 2025.<\/p>\n","protected":false},"excerpt":{"rendered":"<p>Il ne reste plus que quelques jours d&rsquo;ici la fin du mercato et Ruben Aguilar semble toujours proche de la sortie. Le lat\u00e9ral droit de l&rsquo;AS Monaco, qui n&rsquo;\u00e9tait pas dans le groupe pour le match contre Nantes vendredi en raison d&rsquo;une g\u00eane aux adducteurs, int\u00e9resserait d\u00e9sormais Lens, comme r\u00e9v\u00e9l\u00e9 par Le Parisien. Le dauphin [&#8230;]\n","protected":false},"author":2,"featured_media":0,"comment_status":"open","ping_status":"open","sticky":false,"template":"","format":"standard","meta":[],"categories":[6],"tags":[86,683,111,180,110],"yoast_head":"<!-- This site is optimized with the Yoast SEO plugin v19.8 - https:\/\/yoast.com\/wordpress\/plugins\/seo\/ -->\n<title>Lens se serait positionn\u00e9 sur Aguilar - La Diagonale<\/title>\n<meta name=\"robots\" content=\"index, follow, max-snippet:-1, max-image-preview:large, max-video-preview:-1\" \/>\n<link rel=\"canonical\" href=\"https:\/\/www.ladiagonale.net\/index.php\/2023\/08\/28\/lens-se-serait-positionne-sur-aguilar\/\" \/>\n<meta property=\"og:locale\" content=\"fr_FR\" \/>\n<meta property=\"og:type\" content=\"article\" \/>\n<meta property=\"og:title\" content=\"Lens se serait positionn\u00e9 sur Aguilar - La Diagonale\" \/>\n<meta property=\"og:description\" content=\"Il ne reste plus que quelques jours d&rsquo;ici la fin du mercato et Ruben Aguilar semble toujours proche de la sortie. Le lat\u00e9ral droit de l&rsquo;AS Monaco, qui n&rsquo;\u00e9tait pas dans le groupe pour le match contre Nantes vendredi en raison d&rsquo;une g\u00eane aux adducteurs, int\u00e9resserait d\u00e9sormais Lens, comme r\u00e9v\u00e9l\u00e9 par Le Parisien. Le dauphin [...]\" \/>\n<meta property=\"og:url\" content=\"https:\/\/www.ladiagonale.net\/index.php\/2023\/08\/28\/lens-se-serait-positionne-sur-aguilar\/\" \/>\n<meta property=\"og:site_name\" content=\"La Diagonale\" \/>\n<meta property=\"article:published_time\" content=\"2023-08-28T13:10:42+00:00\" \/>\n<meta property=\"article:modified_time\" content=\"2023-08-29T10:51:08+00:00\" \/>\n<meta property=\"og:image\" content=\"https:\/\/www.ladiagonale.net\/wp-content\/uploads\/2022\/11\/aguilar.png\" \/>\n\t<meta property=\"og:image:width\" content=\"1160\" \/>\n\t<meta property=\"og:image:height\" content=\"650\" \/>\n\t<meta property=\"og:image:type\" content=\"image\/png\" \/>\n<meta name=\"author\" content=\"Damien Dellerba\" \/>\n<meta name=\"twitter:card\" content=\"summary_large_image\" \/>\n<meta name=\"twitter:image\" content=\"https:\/\/www.ladiagonale.net\/wp-content\/uploads\/2022\/11\/aguilar.png\" \/>\n<meta name=\"twitter:label1\" content=\"\u00c9crit par\" \/>\n\t<meta name=\"twitter:data1\" content=\"Damien Dellerba\" \/>\n\t<meta name=\"twitter:label2\" content=\"Dur\u00e9e de lecture estim\u00e9e\" \/>\n\t<meta name=\"twitter:data2\" content=\"1 minute\" \/>\n<script type=\"application\/ld+json\" class=\"yoast-schema-graph\">{\"@context\":\"https:\/\/schema.org\",\"@graph\":[{\"@type\":\"WebPage\",\"@id\":\"https:\/\/www.ladiagonale.net\/index.php\/2023\/08\/28\/lens-se-serait-positionne-sur-aguilar\/\",\"url\":\"https:\/\/www.ladiagonale.net\/index.php\/2023\/08\/28\/lens-se-serait-positionne-sur-aguilar\/\",\"name\":\"Lens se serait positionn\u00e9 sur Aguilar - La Diagonale\",\"isPartOf\":{\"@id\":\"https:\/\/www.ladiagonale.net\/#website\"},\"datePublished\":\"2023-08-28T13:10:42+00:00\",\"dateModified\":\"2023-08-29T10:51:08+00:00\",\"author\":{\"@id\":\"https:\/\/www.ladiagonale.net\/#\/schema\/person\/79ff1e7b0853ed01b2aa26e64ad300bf\"},\"breadcrumb\":{\"@id\":\"https:\/\/www.ladiagonale.net\/index.php\/2023\/08\/28\/lens-se-serait-positionne-sur-aguilar\/#breadcrumb\"},\"inLanguage\":\"fr-FR\",\"potentialAction\":[{\"@type\":\"ReadAction\",\"target\":[\"https:\/\/www.ladiagonale.net\/index.php\/2023\/08\/28\/lens-se-serait-positionne-sur-aguilar\/\"]}]},{\"@type\":\"BreadcrumbList\",\"@id\":\"https:\/\/www.ladiagonale.net\/index.php\/2023\/08\/28\/lens-se-serait-positionne-sur-aguilar\/#breadcrumb\",\"itemListElement\":[{\"@type\":\"ListItem\",\"position\":1,\"name\":\"Accueil\",\"item\":\"https:\/\/www.ladiagonale.net\/\"},{\"@type\":\"ListItem\",\"position\":2,\"name\":\"Lens se serait positionn\u00e9 sur Aguilar\"}]},{\"@type\":\"WebSite\",\"@id\":\"https:\/\/www.ladiagonale.net\/#website\",\"url\":\"https:\/\/www.ladiagonale.net\/\",\"name\":\"La Diagonale\",\"description\":\"Le site des supporters de l&#039;AS Monaco FC\",\"potentialAction\":[{\"@type\":\"SearchAction\",\"target\":{\"@type\":\"EntryPoint\",\"urlTemplate\":\"https:\/\/www.ladiagonale.net\/?s={search_term_string}\"},\"query-input\":\"required name=search_term_string\"}],\"inLanguage\":\"fr-FR\"},{\"@type\":\"Person\",\"@id\":\"https:\/\/www.ladiagonale.net\/#\/schema\/person\/79ff1e7b0853ed01b2aa26e64ad300bf\",\"name\":\"Damien Dellerba\",\"image\":{\"@type\":\"ImageObject\",\"inLanguage\":\"fr-FR\",\"@id\":\"https:\/\/www.ladiagonale.net\/#\/schema\/person\/image\/\",\"url\":\"https:\/\/secure.gravatar.com\/avatar\/c7850e06d3ff63cdbaee88b7fc16e2f0?s=96&d=mm&r=g\",\"contentUrl\":\"https:\/\/secure.gravatar.com\/avatar\/c7850e06d3ff63cdbaee88b7fc16e2f0?s=96&d=mm&r=g\",\"caption\":\"Damien Dellerba\"},\"url\":\"https:\/\/www.ladiagonale.net\/index.php\/author\/damien\/\"}]}<\/script>\n<!-- \/ Yoast SEO plugin. -->","yoast_head_json":{"title":"Lens se serait positionn\u00e9 sur Aguilar - La Diagonale","robots":{"index":"index","follow":"follow","max-snippet":"max-snippet:-1","max-image-preview":"max-image-preview:large","max-video-preview":"max-video-preview:-1"},"canonical":"https:\/\/www.ladiagonale.net\/index.php\/2023\/08\/28\/lens-se-serait-positionne-sur-aguilar\/","og_locale":"fr_FR","og_type":"article","og_title":"Lens se serait positionn\u00e9 sur Aguilar - La Diagonale","og_description":"Il ne reste plus que quelques jours d&rsquo;ici la fin du mercato et Ruben Aguilar semble toujours proche de la sortie. Le lat\u00e9ral droit de l&rsquo;AS Monaco, qui n&rsquo;\u00e9tait pas dans le groupe pour le match contre Nantes vendredi en raison d&rsquo;une g\u00eane aux adducteurs, int\u00e9resserait d\u00e9sormais Lens, comme r\u00e9v\u00e9l\u00e9 par Le Parisien. Le dauphin [...]","og_url":"https:\/\/www.ladiagonale.net\/index.php\/2023\/08\/28\/lens-se-serait-positionne-sur-aguilar\/","og_site_name":"La Diagonale","article_published_time":"2023-08-28T13:10:42+00:00","article_modified_time":"2023-08-29T10:51:08+00:00","og_image":[{"width":1160,"height":650,"url":"https:\/\/www.ladiagonale.net\/wp-content\/uploads\/2022\/11\/aguilar.png","type":"image\/png"}],"author":"Damien Dellerba","twitter_card":"summary_large_image","twitter_image":"https:\/\/www.ladiagonale.net\/wp-content\/uploads\/2022\/11\/aguilar.png","twitter_misc":{"\u00c9crit par":"Damien Dellerba","Dur\u00e9e de lecture estim\u00e9e":"1 minute"},"schema":{"@context":"https:\/\/schema.org","@graph":[{"@type":"WebPage","@id":"https:\/\/www.ladiagonale.net\/index.php\/2023\/08\/28\/lens-se-serait-positionne-sur-aguilar\/","url":"https:\/\/www.ladiagonale.net\/index.php\/2023\/08\/28\/lens-se-serait-positionne-sur-aguilar\/","name":"Lens se serait positionn\u00e9 sur Aguilar - La Diagonale","isPartOf":{"@id":"https:\/\/www.ladiagonale.net\/#website"},"datePublished":"2023-08-28T13:10:42+00:00","dateModified":"2023-08-29T10:51:08+00:00","author":{"@id":"https:\/\/www.ladiagonale.net\/#\/schema\/person\/79ff1e7b0853ed01b2aa26e64ad300bf"},"breadcrumb":{"@id":"https:\/\/www.ladiagonale.net\/index.php\/2023\/08\/28\/lens-se-serait-positionne-sur-aguilar\/#breadcrumb"},"inLanguage":"fr-FR","potentialAction":[{"@type":"ReadAction","target":["https:\/\/www.ladiagonale.net\/index.php\/2023\/08\/28\/lens-se-serait-positionne-sur-aguilar\/"]}]},{"@type":"BreadcrumbList","@id":"https:\/\/www.ladiagonale.net\/index.php\/2023\/08\/28\/lens-se-serait-positionne-sur-aguilar\/#breadcrumb","itemListElement":[{"@type":"ListItem","position":1,"name":"Accueil","item":"https:\/\/www.ladiagonale.net\/"},{"@type":"ListItem","position":2,"name":"Lens se serait positionn\u00e9 sur Aguilar"}]},{"@type":"WebSite","@id":"https:\/\/www.ladiagonale.net\/#website","url":"https:\/\/www.ladiagonale.net\/","name":"La Diagonale","description":"Le site des supporters de l&#039;AS Monaco FC","potentialAction":[{"@type":"SearchAction","target":{"@type":"EntryPoint","urlTemplate":"https:\/\/www.ladiagonale.net\/?s={search_term_string}"},"query-input":"required name=search_term_string"}],"inLanguage":"fr-FR"},{"@type":"Person","@id":"https:\/\/www.ladiagonale.net\/#\/schema\/person\/79ff1e7b0853ed01b2aa26e64ad300bf","name":"Damien Dellerba","image":{"@type":"ImageObject","inLanguage":"fr-FR","@id":"https:\/\/www.ladiagonale.net\/#\/schema\/person\/image\/","url":"https:\/\/secure.gravatar.com\/avatar\/c7850e06d3ff63cdbaee88b7fc16e2f0?s=96&d=mm&r=g","contentUrl":"https:\/\/secure.gravatar.com\/avatar\/c7850e06d3ff63cdbaee88b7fc16e2f0?s=96&d=mm&r=g","caption":"Damien Dellerba"},"url":"https:\/\/www.ladiagonale.net\/index.php\/author\/damien\/"}]}},"_links":{"self":[{"href":"https:\/\/www.ladiagonale.net\/index.php\/wp-json\/wp\/v2\/posts\/15680"}],"collection":[{"href":"https:\/\/www.ladiagonale.net\/index.php\/wp-json\/wp\/v2\/posts"}],"about":[{"href":"https:\/\/www.ladiagonale.net\/index.php\/wp-json\/wp\/v2\/types\/post"}],"author":[{"embeddable":true,"href":"https:\/\/www.ladiagonale.net\/index.php\/wp-json\/wp\/v2\/users\/2"}],"replies":[{"embeddable":true,"href":"https:\/\/www.ladiagonale.net\/index.php\/wp-json\/wp\/v2\/comments?post=15680"}],"version-history":[{"count":3,"href":"https:\/\/www.ladiagonale.net\/index.php\/wp-json\/wp\/v2\/posts\/15680\/revisions"}],"predecessor-version":[{"id":15700,"href":"https:\/\/www.ladiagonale.net\/index.php\/wp-json\/wp\/v2\/posts\/15680\/revisions\/15700"}],"wp:attachment":[{"href":"https:\/\/www.ladiagonale.net\/index.php\/wp-json\/wp\/v2\/media?parent=15680"}],"wp:term":[{"taxonomy":"category","embeddable":true,"href":"https:\/\/www.ladiagonale.net\/index.php\/wp-json\/wp\/v2\/categories?post=15680"},{"taxonomy":"post_tag","embeddable":true,"href":"https:\/\/www.ladiagonale.net\/index.php\/wp-json\/wp\/v2\/tags?post=15680"}],"curies":[{"name":"wp","href":"https:\/\/api.w.org\/{rel}","templated":true}]}}