{"id":15692,"date":"2023-08-29T01:40:45","date_gmt":"2023-08-28T23:40:45","guid":{"rendered":"https:\/\/www.ladiagonale.net\/?p=15692"},"modified":"2023-08-29T01:40:49","modified_gmt":"2023-08-28T23:40:49","slug":"nicollin-evoque-un-accord-avec-aguilar-mais-pas-avec-monaco","status":"publish","type":"post","link":"https:\/\/www.ladiagonale.net\/index.php\/2023\/08\/29\/nicollin-evoque-un-accord-avec-aguilar-mais-pas-avec-monaco\/","title":{"rendered":"Nicollin \u00e9voque un accord avec Aguilar mais pas avec Monaco"},"content":{"rendered":"\n\n\n<p>L&rsquo;avenir de Ruben Aguilar en Principaut\u00e9 est plus qu&rsquo;incertain. Le lat\u00e9ral droit (30 ans) suscite la convoitise de Montpellier, et son pr\u00e9sident Laurent Nicollin a transmis une offre \u00e0 l&rsquo;AS Monaco ce lundi, comme il l&rsquo;a confi\u00e9 sur les ondes de <em>France Bleu H\u00e9rault <\/em>: <em>\u00ab<\/em> <em>J\u2019ai fait la proposition que je pouvais faire et j\u2019esp\u00e8re que cela suffira pour le faire revenir. Je ne sais pas faire plus, les dirigeants de Monaco ont chang\u00e9 et je ne les connais pas sp\u00e9cialement. La proposition a \u00e9t\u00e9 faite mais je n\u2019ai pas eu de retour depuis ce matin.\u00a0\u00bb<\/em><\/p>\n\n\n\n<p>Si Nicollin attend encore une r\u00e9ponse de l&rsquo;ASM, il a d\u00e9j\u00e0 eu le feu vert de la part du joueur, <a href=\"https:\/\/www.ladiagonale.net\/index.php\/2023\/08\/13\/der-zakarian-a-appele-aguilar-qui-voudrait-revenir-a-montpellier\/\">qui souhaiterait revenir<\/a> dans le club pailladin : <em>\u00ab\u00a0Ruben Aguilar est un joueur qui veut revenir \u00e0 Montpellier depuis deux saisons, m\u00eame s\u2019il avait prolong\u00e9 avec Monaco (jusqu&rsquo;en juin 2025, NDLR). Nous sommes d\u2019accord sur un certain salaire, sur le contrat, mais on doit se mettre d\u2019accord avec Monaco. Nous avons transmis une offre ce (lundi) matin. \u00bb<\/em><\/p>\n\n\n\n<p>Rien n&rsquo;indique toutefois que l&rsquo;ASM acc\u00e9dera \u00e0 la volont\u00e9 du joueur et acceptera l&rsquo;offre de Montpellier. Selon <em>France Bleu<\/em>, celle-ci ne serait <em>\u00ab<\/em> <em>pas folle<\/em> <em>\u00bb<\/em> et pourrait ne pas satisfaire les dirigeants mon\u00e9gasques. D&rsquo;autre part, Falaye Sacko et Enzo Tchato peuvent \u00e9voluer sur le flanc droit de la d\u00e9fense, et il faudrait le d\u00e9part d&rsquo;un de ces deux joueurs pour concr\u00e9tiser l&rsquo;arriv\u00e9e d&rsquo;Aguilar. Dans le m\u00eame temps, <a href=\"https:\/\/www.ladiagonale.net\/index.php\/2023\/08\/28\/lens-se-serait-positionne-sur-aguilar\/\">Lens se serait positionn\u00e9 \u00e0 son tour sur le joueur<\/a> et pourrait en profiter.<\/p>\n\n\n\n<p><em>Propos retranscrits par <a href=\"https:\/\/www.allezpaillade.com\/transferts\/coup-de-froid-pour-la-piste-ruben-aguilar\/\">AllezPaillade.com<\/a><\/em><\/p>\n","protected":false},"excerpt":{"rendered":"<p>L&rsquo;avenir de Ruben Aguilar en Principaut\u00e9 est plus qu&rsquo;incertain. Le lat\u00e9ral droit (30 ans) suscite la convoitise de Montpellier, et son pr\u00e9sident Laurent Nicollin a transmis une offre \u00e0 l&rsquo;AS Monaco ce lundi, comme il l&rsquo;a confi\u00e9 sur les ondes de France Bleu H\u00e9rault : \u00ab J\u2019ai fait la proposition que je pouvais faire et [&#8230;]\n","protected":false},"author":2,"featured_media":0,"comment_status":"open","ping_status":"open","sticky":false,"template":"","format":"standard","meta":[],"categories":[6],"tags":[86,683,94,111,663,180,110],"yoast_head":"<!-- This site is optimized with the Yoast SEO plugin v19.8 - https:\/\/yoast.com\/wordpress\/plugins\/seo\/ -->\n<title>Nicollin \u00e9voque un accord avec Aguilar mais pas avec Monaco - La Diagonale<\/title>\n<meta name=\"robots\" content=\"index, follow, max-snippet:-1, max-image-preview:large, max-video-preview:-1\" \/>\n<link rel=\"canonical\" href=\"https:\/\/www.ladiagonale.net\/index.php\/2023\/08\/29\/nicollin-evoque-un-accord-avec-aguilar-mais-pas-avec-monaco\/\" \/>\n<meta property=\"og:locale\" content=\"fr_FR\" \/>\n<meta property=\"og:type\" content=\"article\" \/>\n<meta property=\"og:title\" content=\"Nicollin \u00e9voque un accord avec Aguilar mais pas avec Monaco - La Diagonale\" \/>\n<meta property=\"og:description\" content=\"L&rsquo;avenir de Ruben Aguilar en Principaut\u00e9 est plus qu&rsquo;incertain. Le lat\u00e9ral droit (30 ans) suscite la convoitise de Montpellier, et son pr\u00e9sident Laurent Nicollin a transmis une offre \u00e0 l&rsquo;AS Monaco ce lundi, comme il l&rsquo;a confi\u00e9 sur les ondes de France Bleu H\u00e9rault : \u00ab J\u2019ai fait la proposition que je pouvais faire et [...]\" \/>\n<meta property=\"og:url\" content=\"https:\/\/www.ladiagonale.net\/index.php\/2023\/08\/29\/nicollin-evoque-un-accord-avec-aguilar-mais-pas-avec-monaco\/\" \/>\n<meta property=\"og:site_name\" content=\"La Diagonale\" \/>\n<meta property=\"article:published_time\" content=\"2023-08-28T23:40:45+00:00\" \/>\n<meta property=\"article:modified_time\" content=\"2023-08-28T23:40:49+00:00\" \/>\n<meta property=\"og:image\" content=\"https:\/\/www.ladiagonale.net\/wp-content\/uploads\/2022\/11\/aguilar.png\" \/>\n\t<meta property=\"og:image:width\" content=\"1160\" \/>\n\t<meta property=\"og:image:height\" content=\"650\" \/>\n\t<meta property=\"og:image:type\" content=\"image\/png\" \/>\n<meta name=\"author\" content=\"Damien Dellerba\" \/>\n<meta name=\"twitter:card\" content=\"summary_large_image\" \/>\n<meta name=\"twitter:image\" content=\"https:\/\/www.ladiagonale.net\/wp-content\/uploads\/2022\/11\/aguilar.png\" \/>\n<meta name=\"twitter:label1\" content=\"\u00c9crit par\" \/>\n\t<meta name=\"twitter:data1\" content=\"Damien Dellerba\" \/>\n\t<meta name=\"twitter:label2\" content=\"Dur\u00e9e de lecture estim\u00e9e\" \/>\n\t<meta name=\"twitter:data2\" content=\"2 minutes\" \/>\n<script type=\"application\/ld+json\" class=\"yoast-schema-graph\">{\"@context\":\"https:\/\/schema.org\",\"@graph\":[{\"@type\":\"WebPage\",\"@id\":\"https:\/\/www.ladiagonale.net\/index.php\/2023\/08\/29\/nicollin-evoque-un-accord-avec-aguilar-mais-pas-avec-monaco\/\",\"url\":\"https:\/\/www.ladiagonale.net\/index.php\/2023\/08\/29\/nicollin-evoque-un-accord-avec-aguilar-mais-pas-avec-monaco\/\",\"name\":\"Nicollin \u00e9voque un accord avec Aguilar mais pas avec Monaco - La Diagonale\",\"isPartOf\":{\"@id\":\"https:\/\/www.ladiagonale.net\/#website\"},\"datePublished\":\"2023-08-28T23:40:45+00:00\",\"dateModified\":\"2023-08-28T23:40:49+00:00\",\"author\":{\"@id\":\"https:\/\/www.ladiagonale.net\/#\/schema\/person\/79ff1e7b0853ed01b2aa26e64ad300bf\"},\"breadcrumb\":{\"@id\":\"https:\/\/www.ladiagonale.net\/index.php\/2023\/08\/29\/nicollin-evoque-un-accord-avec-aguilar-mais-pas-avec-monaco\/#breadcrumb\"},\"inLanguage\":\"fr-FR\",\"potentialAction\":[{\"@type\":\"ReadAction\",\"target\":[\"https:\/\/www.ladiagonale.net\/index.php\/2023\/08\/29\/nicollin-evoque-un-accord-avec-aguilar-mais-pas-avec-monaco\/\"]}]},{\"@type\":\"BreadcrumbList\",\"@id\":\"https:\/\/www.ladiagonale.net\/index.php\/2023\/08\/29\/nicollin-evoque-un-accord-avec-aguilar-mais-pas-avec-monaco\/#breadcrumb\",\"itemListElement\":[{\"@type\":\"ListItem\",\"position\":1,\"name\":\"Accueil\",\"item\":\"https:\/\/www.ladiagonale.net\/\"},{\"@type\":\"ListItem\",\"position\":2,\"name\":\"Nicollin \u00e9voque un accord avec Aguilar mais pas avec Monaco\"}]},{\"@type\":\"WebSite\",\"@id\":\"https:\/\/www.ladiagonale.net\/#website\",\"url\":\"https:\/\/www.ladiagonale.net\/\",\"name\":\"La Diagonale\",\"description\":\"Le site des supporters de l&#039;AS Monaco FC\",\"potentialAction\":[{\"@type\":\"SearchAction\",\"target\":{\"@type\":\"EntryPoint\",\"urlTemplate\":\"https:\/\/www.ladiagonale.net\/?s={search_term_string}\"},\"query-input\":\"required name=search_term_string\"}],\"inLanguage\":\"fr-FR\"},{\"@type\":\"Person\",\"@id\":\"https:\/\/www.ladiagonale.net\/#\/schema\/person\/79ff1e7b0853ed01b2aa26e64ad300bf\",\"name\":\"Damien Dellerba\",\"image\":{\"@type\":\"ImageObject\",\"inLanguage\":\"fr-FR\",\"@id\":\"https:\/\/www.ladiagonale.net\/#\/schema\/person\/image\/\",\"url\":\"https:\/\/secure.gravatar.com\/avatar\/c7850e06d3ff63cdbaee88b7fc16e2f0?s=96&d=mm&r=g\",\"contentUrl\":\"https:\/\/secure.gravatar.com\/avatar\/c7850e06d3ff63cdbaee88b7fc16e2f0?s=96&d=mm&r=g\",\"caption\":\"Damien Dellerba\"},\"url\":\"https:\/\/www.ladiagonale.net\/index.php\/author\/damien\/\"}]}<\/script>\n<!-- \/ Yoast SEO plugin. -->","yoast_head_json":{"title":"Nicollin \u00e9voque un accord avec Aguilar mais pas avec Monaco - La Diagonale","robots":{"index":"index","follow":"follow","max-snippet":"max-snippet:-1","max-image-preview":"max-image-preview:large","max-video-preview":"max-video-preview:-1"},"canonical":"https:\/\/www.ladiagonale.net\/index.php\/2023\/08\/29\/nicollin-evoque-un-accord-avec-aguilar-mais-pas-avec-monaco\/","og_locale":"fr_FR","og_type":"article","og_title":"Nicollin \u00e9voque un accord avec Aguilar mais pas avec Monaco - La Diagonale","og_description":"L&rsquo;avenir de Ruben Aguilar en Principaut\u00e9 est plus qu&rsquo;incertain. Le lat\u00e9ral droit (30 ans) suscite la convoitise de Montpellier, et son pr\u00e9sident Laurent Nicollin a transmis une offre \u00e0 l&rsquo;AS Monaco ce lundi, comme il l&rsquo;a confi\u00e9 sur les ondes de France Bleu H\u00e9rault : \u00ab J\u2019ai fait la proposition que je pouvais faire et [...]","og_url":"https:\/\/www.ladiagonale.net\/index.php\/2023\/08\/29\/nicollin-evoque-un-accord-avec-aguilar-mais-pas-avec-monaco\/","og_site_name":"La Diagonale","article_published_time":"2023-08-28T23:40:45+00:00","article_modified_time":"2023-08-28T23:40:49+00:00","og_image":[{"width":1160,"height":650,"url":"https:\/\/www.ladiagonale.net\/wp-content\/uploads\/2022\/11\/aguilar.png","type":"image\/png"}],"author":"Damien Dellerba","twitter_card":"summary_large_image","twitter_image":"https:\/\/www.ladiagonale.net\/wp-content\/uploads\/2022\/11\/aguilar.png","twitter_misc":{"\u00c9crit par":"Damien Dellerba","Dur\u00e9e de lecture estim\u00e9e":"2 minutes"},"schema":{"@context":"https:\/\/schema.org","@graph":[{"@type":"WebPage","@id":"https:\/\/www.ladiagonale.net\/index.php\/2023\/08\/29\/nicollin-evoque-un-accord-avec-aguilar-mais-pas-avec-monaco\/","url":"https:\/\/www.ladiagonale.net\/index.php\/2023\/08\/29\/nicollin-evoque-un-accord-avec-aguilar-mais-pas-avec-monaco\/","name":"Nicollin \u00e9voque un accord avec Aguilar mais pas avec Monaco - La Diagonale","isPartOf":{"@id":"https:\/\/www.ladiagonale.net\/#website"},"datePublished":"2023-08-28T23:40:45+00:00","dateModified":"2023-08-28T23:40:49+00:00","author":{"@id":"https:\/\/www.ladiagonale.net\/#\/schema\/person\/79ff1e7b0853ed01b2aa26e64ad300bf"},"breadcrumb":{"@id":"https:\/\/www.ladiagonale.net\/index.php\/2023\/08\/29\/nicollin-evoque-un-accord-avec-aguilar-mais-pas-avec-monaco\/#breadcrumb"},"inLanguage":"fr-FR","potentialAction":[{"@type":"ReadAction","target":["https:\/\/www.ladiagonale.net\/index.php\/2023\/08\/29\/nicollin-evoque-un-accord-avec-aguilar-mais-pas-avec-monaco\/"]}]},{"@type":"BreadcrumbList","@id":"https:\/\/www.ladiagonale.net\/index.php\/2023\/08\/29\/nicollin-evoque-un-accord-avec-aguilar-mais-pas-avec-monaco\/#breadcrumb","itemListElement":[{"@type":"ListItem","position":1,"name":"Accueil","item":"https:\/\/www.ladiagonale.net\/"},{"@type":"ListItem","position":2,"name":"Nicollin \u00e9voque un accord avec Aguilar mais pas avec Monaco"}]},{"@type":"WebSite","@id":"https:\/\/www.ladiagonale.net\/#website","url":"https:\/\/www.ladiagonale.net\/","name":"La Diagonale","description":"Le site des supporters de l&#039;AS Monaco FC","potentialAction":[{"@type":"SearchAction","target":{"@type":"EntryPoint","urlTemplate":"https:\/\/www.ladiagonale.net\/?s={search_term_string}"},"query-input":"required name=search_term_string"}],"inLanguage":"fr-FR"},{"@type":"Person","@id":"https:\/\/www.ladiagonale.net\/#\/schema\/person\/79ff1e7b0853ed01b2aa26e64ad300bf","name":"Damien Dellerba","image":{"@type":"ImageObject","inLanguage":"fr-FR","@id":"https:\/\/www.ladiagonale.net\/#\/schema\/person\/image\/","url":"https:\/\/secure.gravatar.com\/avatar\/c7850e06d3ff63cdbaee88b7fc16e2f0?s=96&d=mm&r=g","contentUrl":"https:\/\/secure.gravatar.com\/avatar\/c7850e06d3ff63cdbaee88b7fc16e2f0?s=96&d=mm&r=g","caption":"Damien Dellerba"},"url":"https:\/\/www.ladiagonale.net\/index.php\/author\/damien\/"}]}},"_links":{"self":[{"href":"https:\/\/www.ladiagonale.net\/index.php\/wp-json\/wp\/v2\/posts\/15692"}],"collection":[{"href":"https:\/\/www.ladiagonale.net\/index.php\/wp-json\/wp\/v2\/posts"}],"about":[{"href":"https:\/\/www.ladiagonale.net\/index.php\/wp-json\/wp\/v2\/types\/post"}],"author":[{"embeddable":true,"href":"https:\/\/www.ladiagonale.net\/index.php\/wp-json\/wp\/v2\/users\/2"}],"replies":[{"embeddable":true,"href":"https:\/\/www.ladiagonale.net\/index.php\/wp-json\/wp\/v2\/comments?post=15692"}],"version-history":[{"count":1,"href":"https:\/\/www.ladiagonale.net\/index.php\/wp-json\/wp\/v2\/posts\/15692\/revisions"}],"predecessor-version":[{"id":15693,"href":"https:\/\/www.ladiagonale.net\/index.php\/wp-json\/wp\/v2\/posts\/15692\/revisions\/15693"}],"wp:attachment":[{"href":"https:\/\/www.ladiagonale.net\/index.php\/wp-json\/wp\/v2\/media?parent=15692"}],"wp:term":[{"taxonomy":"category","embeddable":true,"href":"https:\/\/www.ladiagonale.net\/index.php\/wp-json\/wp\/v2\/categories?post=15692"},{"taxonomy":"post_tag","embeddable":true,"href":"https:\/\/www.ladiagonale.net\/index.php\/wp-json\/wp\/v2\/tags?post=15692"}],"curies":[{"name":"wp","href":"https:\/\/api.w.org\/{rel}","templated":true}]}}