{"id":15710,"date":"2023-08-29T19:22:06","date_gmt":"2023-08-29T17:22:06","guid":{"rendered":"https:\/\/www.ladiagonale.net\/?p=15710"},"modified":"2023-08-29T19:22:09","modified_gmt":"2023-08-29T17:22:09","slug":"comme-lan-passe-delajod-va-arbitrer-le-choc-face-a-lens","status":"publish","type":"post","link":"https:\/\/www.ladiagonale.net\/index.php\/2023\/08\/29\/comme-lan-passe-delajod-va-arbitrer-le-choc-face-a-lens\/","title":{"rendered":"Comme l&rsquo;an pass\u00e9, Delajod va arbitrer le choc face \u00e0 Lens"},"content":{"rendered":"\n\n\n<p>En ao\u00fbt 2022, l&rsquo;AS Monaco avait re\u00e7u le RC Lens au stade Louis-II et s&rsquo;\u00e9tait fait cartonner (1-4). Une rencontre difficile pour les Mon\u00e9gasques, qui avaient conc\u00e9d\u00e9 un p\u00e9nalty et avaient termin\u00e9 \u00e0 dix apr\u00e8s l&rsquo;expulsion de Vanderson. \u00c0 l&rsquo;\u00e9poque, c&rsquo;\u00e9tait Willy Delajod qui avait dirig\u00e9 la rencontre et ses d\u00e9cisions n&rsquo;avaient pas \u00e9t\u00e9 tr\u00e8s populaires, puisqu&rsquo;il avait re\u00e7u la note de 3\/10 dans <em>L&rsquo;\u00c9quipe<\/em> pour sa prestation. Samedi (21h), c&rsquo;est de nouveau lui qui arbitrera le match entre les deux \u00e9quipes. <\/p>\n\n\n\n<p>Il sera assist\u00e9 de Philippe Jeanne et Erwan Finjean sur la touche tandis que les arbitres assistants vid\u00e9os seront Alexandre Castro et Mehdi Rahmouni. Si la rencontre contre Lens s&rsquo;\u00e9tait mal pass\u00e9e pour l&rsquo;ASM, celles qui ont suivi avec Delajod ont \u00e9t\u00e9 aussi mitig\u00e9es. Monaco s&rsquo;\u00e9tait inclin\u00e9 contre Lille (3-4, le 23 octobre 2022) et avait battu Strasbourg (4-3, le 2 avril 2023) en finissant une nouvelle fois en inf\u00e9riorit\u00e9 num\u00e9rique apr\u00e8s le carton rouge re\u00e7u par Fofana. <\/p>\n","protected":false},"excerpt":{"rendered":"<p>En ao\u00fbt 2022, l&rsquo;AS Monaco avait re\u00e7u le RC Lens au stade Louis-II et s&rsquo;\u00e9tait fait cartonner (1-4). Une rencontre difficile pour les Mon\u00e9gasques, qui avaient conc\u00e9d\u00e9 un p\u00e9nalty et avaient termin\u00e9 \u00e0 dix apr\u00e8s l&rsquo;expulsion de Vanderson. \u00c0 l&rsquo;\u00e9poque, c&rsquo;\u00e9tait Willy Delajod qui avait dirig\u00e9 la rencontre et ses d\u00e9cisions n&rsquo;avaient pas \u00e9t\u00e9 tr\u00e8s [&#8230;]\n","protected":false},"author":2,"featured_media":0,"comment_status":"open","ping_status":"open","sticky":false,"template":"","format":"standard","meta":[],"categories":[6],"tags":[156,86,94,647,252],"yoast_head":"<!-- This site is optimized with the Yoast SEO plugin v19.8 - https:\/\/yoast.com\/wordpress\/plugins\/seo\/ -->\n<title>Comme l&#039;an pass\u00e9, Delajod va arbitrer le choc face \u00e0 Lens - La Diagonale<\/title>\n<meta name=\"robots\" content=\"index, follow, max-snippet:-1, max-image-preview:large, max-video-preview:-1\" \/>\n<link rel=\"canonical\" href=\"https:\/\/www.ladiagonale.net\/index.php\/2023\/08\/29\/comme-lan-passe-delajod-va-arbitrer-le-choc-face-a-lens\/\" \/>\n<meta property=\"og:locale\" content=\"fr_FR\" \/>\n<meta property=\"og:type\" content=\"article\" \/>\n<meta property=\"og:title\" content=\"Comme l&#039;an pass\u00e9, Delajod va arbitrer le choc face \u00e0 Lens - La Diagonale\" \/>\n<meta property=\"og:description\" content=\"En ao\u00fbt 2022, l&rsquo;AS Monaco avait re\u00e7u le RC Lens au stade Louis-II et s&rsquo;\u00e9tait fait cartonner (1-4). Une rencontre difficile pour les Mon\u00e9gasques, qui avaient conc\u00e9d\u00e9 un p\u00e9nalty et avaient termin\u00e9 \u00e0 dix apr\u00e8s l&rsquo;expulsion de Vanderson. \u00c0 l&rsquo;\u00e9poque, c&rsquo;\u00e9tait Willy Delajod qui avait dirig\u00e9 la rencontre et ses d\u00e9cisions n&rsquo;avaient pas \u00e9t\u00e9 tr\u00e8s [...]\" \/>\n<meta property=\"og:url\" content=\"https:\/\/www.ladiagonale.net\/index.php\/2023\/08\/29\/comme-lan-passe-delajod-va-arbitrer-le-choc-face-a-lens\/\" \/>\n<meta property=\"og:site_name\" content=\"La Diagonale\" \/>\n<meta property=\"article:published_time\" content=\"2023-08-29T17:22:06+00:00\" \/>\n<meta property=\"article:modified_time\" content=\"2023-08-29T17:22:09+00:00\" \/>\n<meta property=\"og:image\" content=\"https:\/\/www.ladiagonale.net\/wp-content\/uploads\/2023\/03\/delajod.png\" \/>\n\t<meta property=\"og:image:width\" content=\"1160\" \/>\n\t<meta property=\"og:image:height\" content=\"650\" \/>\n\t<meta property=\"og:image:type\" content=\"image\/png\" \/>\n<meta name=\"author\" content=\"Damien Dellerba\" \/>\n<meta name=\"twitter:card\" content=\"summary_large_image\" \/>\n<meta name=\"twitter:image\" content=\"https:\/\/www.ladiagonale.net\/wp-content\/uploads\/2023\/03\/delajod.png\" \/>\n<meta name=\"twitter:label1\" content=\"\u00c9crit par\" \/>\n\t<meta name=\"twitter:data1\" content=\"Damien Dellerba\" \/>\n\t<meta name=\"twitter:label2\" content=\"Dur\u00e9e de lecture estim\u00e9e\" \/>\n\t<meta name=\"twitter:data2\" content=\"1 minute\" \/>\n<script type=\"application\/ld+json\" class=\"yoast-schema-graph\">{\"@context\":\"https:\/\/schema.org\",\"@graph\":[{\"@type\":\"WebPage\",\"@id\":\"https:\/\/www.ladiagonale.net\/index.php\/2023\/08\/29\/comme-lan-passe-delajod-va-arbitrer-le-choc-face-a-lens\/\",\"url\":\"https:\/\/www.ladiagonale.net\/index.php\/2023\/08\/29\/comme-lan-passe-delajod-va-arbitrer-le-choc-face-a-lens\/\",\"name\":\"Comme l'an pass\u00e9, Delajod va arbitrer le choc face \u00e0 Lens - La Diagonale\",\"isPartOf\":{\"@id\":\"https:\/\/www.ladiagonale.net\/#website\"},\"datePublished\":\"2023-08-29T17:22:06+00:00\",\"dateModified\":\"2023-08-29T17:22:09+00:00\",\"author\":{\"@id\":\"https:\/\/www.ladiagonale.net\/#\/schema\/person\/79ff1e7b0853ed01b2aa26e64ad300bf\"},\"breadcrumb\":{\"@id\":\"https:\/\/www.ladiagonale.net\/index.php\/2023\/08\/29\/comme-lan-passe-delajod-va-arbitrer-le-choc-face-a-lens\/#breadcrumb\"},\"inLanguage\":\"fr-FR\",\"potentialAction\":[{\"@type\":\"ReadAction\",\"target\":[\"https:\/\/www.ladiagonale.net\/index.php\/2023\/08\/29\/comme-lan-passe-delajod-va-arbitrer-le-choc-face-a-lens\/\"]}]},{\"@type\":\"BreadcrumbList\",\"@id\":\"https:\/\/www.ladiagonale.net\/index.php\/2023\/08\/29\/comme-lan-passe-delajod-va-arbitrer-le-choc-face-a-lens\/#breadcrumb\",\"itemListElement\":[{\"@type\":\"ListItem\",\"position\":1,\"name\":\"Accueil\",\"item\":\"https:\/\/www.ladiagonale.net\/\"},{\"@type\":\"ListItem\",\"position\":2,\"name\":\"Comme l&rsquo;an pass\u00e9, Delajod va arbitrer le choc face \u00e0 Lens\"}]},{\"@type\":\"WebSite\",\"@id\":\"https:\/\/www.ladiagonale.net\/#website\",\"url\":\"https:\/\/www.ladiagonale.net\/\",\"name\":\"La Diagonale\",\"description\":\"Le site des supporters de l&#039;AS Monaco FC\",\"potentialAction\":[{\"@type\":\"SearchAction\",\"target\":{\"@type\":\"EntryPoint\",\"urlTemplate\":\"https:\/\/www.ladiagonale.net\/?s={search_term_string}\"},\"query-input\":\"required name=search_term_string\"}],\"inLanguage\":\"fr-FR\"},{\"@type\":\"Person\",\"@id\":\"https:\/\/www.ladiagonale.net\/#\/schema\/person\/79ff1e7b0853ed01b2aa26e64ad300bf\",\"name\":\"Damien Dellerba\",\"image\":{\"@type\":\"ImageObject\",\"inLanguage\":\"fr-FR\",\"@id\":\"https:\/\/www.ladiagonale.net\/#\/schema\/person\/image\/\",\"url\":\"https:\/\/secure.gravatar.com\/avatar\/c7850e06d3ff63cdbaee88b7fc16e2f0?s=96&d=mm&r=g\",\"contentUrl\":\"https:\/\/secure.gravatar.com\/avatar\/c7850e06d3ff63cdbaee88b7fc16e2f0?s=96&d=mm&r=g\",\"caption\":\"Damien Dellerba\"},\"url\":\"https:\/\/www.ladiagonale.net\/index.php\/author\/damien\/\"}]}<\/script>\n<!-- \/ Yoast SEO plugin. -->","yoast_head_json":{"title":"Comme l'an pass\u00e9, Delajod va arbitrer le choc face \u00e0 Lens - La Diagonale","robots":{"index":"index","follow":"follow","max-snippet":"max-snippet:-1","max-image-preview":"max-image-preview:large","max-video-preview":"max-video-preview:-1"},"canonical":"https:\/\/www.ladiagonale.net\/index.php\/2023\/08\/29\/comme-lan-passe-delajod-va-arbitrer-le-choc-face-a-lens\/","og_locale":"fr_FR","og_type":"article","og_title":"Comme l'an pass\u00e9, Delajod va arbitrer le choc face \u00e0 Lens - La Diagonale","og_description":"En ao\u00fbt 2022, l&rsquo;AS Monaco avait re\u00e7u le RC Lens au stade Louis-II et s&rsquo;\u00e9tait fait cartonner (1-4). Une rencontre difficile pour les Mon\u00e9gasques, qui avaient conc\u00e9d\u00e9 un p\u00e9nalty et avaient termin\u00e9 \u00e0 dix apr\u00e8s l&rsquo;expulsion de Vanderson. \u00c0 l&rsquo;\u00e9poque, c&rsquo;\u00e9tait Willy Delajod qui avait dirig\u00e9 la rencontre et ses d\u00e9cisions n&rsquo;avaient pas \u00e9t\u00e9 tr\u00e8s [...]","og_url":"https:\/\/www.ladiagonale.net\/index.php\/2023\/08\/29\/comme-lan-passe-delajod-va-arbitrer-le-choc-face-a-lens\/","og_site_name":"La Diagonale","article_published_time":"2023-08-29T17:22:06+00:00","article_modified_time":"2023-08-29T17:22:09+00:00","og_image":[{"width":1160,"height":650,"url":"https:\/\/www.ladiagonale.net\/wp-content\/uploads\/2023\/03\/delajod.png","type":"image\/png"}],"author":"Damien Dellerba","twitter_card":"summary_large_image","twitter_image":"https:\/\/www.ladiagonale.net\/wp-content\/uploads\/2023\/03\/delajod.png","twitter_misc":{"\u00c9crit par":"Damien Dellerba","Dur\u00e9e de lecture estim\u00e9e":"1 minute"},"schema":{"@context":"https:\/\/schema.org","@graph":[{"@type":"WebPage","@id":"https:\/\/www.ladiagonale.net\/index.php\/2023\/08\/29\/comme-lan-passe-delajod-va-arbitrer-le-choc-face-a-lens\/","url":"https:\/\/www.ladiagonale.net\/index.php\/2023\/08\/29\/comme-lan-passe-delajod-va-arbitrer-le-choc-face-a-lens\/","name":"Comme l'an pass\u00e9, Delajod va arbitrer le choc face \u00e0 Lens - La Diagonale","isPartOf":{"@id":"https:\/\/www.ladiagonale.net\/#website"},"datePublished":"2023-08-29T17:22:06+00:00","dateModified":"2023-08-29T17:22:09+00:00","author":{"@id":"https:\/\/www.ladiagonale.net\/#\/schema\/person\/79ff1e7b0853ed01b2aa26e64ad300bf"},"breadcrumb":{"@id":"https:\/\/www.ladiagonale.net\/index.php\/2023\/08\/29\/comme-lan-passe-delajod-va-arbitrer-le-choc-face-a-lens\/#breadcrumb"},"inLanguage":"fr-FR","potentialAction":[{"@type":"ReadAction","target":["https:\/\/www.ladiagonale.net\/index.php\/2023\/08\/29\/comme-lan-passe-delajod-va-arbitrer-le-choc-face-a-lens\/"]}]},{"@type":"BreadcrumbList","@id":"https:\/\/www.ladiagonale.net\/index.php\/2023\/08\/29\/comme-lan-passe-delajod-va-arbitrer-le-choc-face-a-lens\/#breadcrumb","itemListElement":[{"@type":"ListItem","position":1,"name":"Accueil","item":"https:\/\/www.ladiagonale.net\/"},{"@type":"ListItem","position":2,"name":"Comme l&rsquo;an pass\u00e9, Delajod va arbitrer le choc face \u00e0 Lens"}]},{"@type":"WebSite","@id":"https:\/\/www.ladiagonale.net\/#website","url":"https:\/\/www.ladiagonale.net\/","name":"La Diagonale","description":"Le site des supporters de l&#039;AS Monaco FC","potentialAction":[{"@type":"SearchAction","target":{"@type":"EntryPoint","urlTemplate":"https:\/\/www.ladiagonale.net\/?s={search_term_string}"},"query-input":"required name=search_term_string"}],"inLanguage":"fr-FR"},{"@type":"Person","@id":"https:\/\/www.ladiagonale.net\/#\/schema\/person\/79ff1e7b0853ed01b2aa26e64ad300bf","name":"Damien Dellerba","image":{"@type":"ImageObject","inLanguage":"fr-FR","@id":"https:\/\/www.ladiagonale.net\/#\/schema\/person\/image\/","url":"https:\/\/secure.gravatar.com\/avatar\/c7850e06d3ff63cdbaee88b7fc16e2f0?s=96&d=mm&r=g","contentUrl":"https:\/\/secure.gravatar.com\/avatar\/c7850e06d3ff63cdbaee88b7fc16e2f0?s=96&d=mm&r=g","caption":"Damien Dellerba"},"url":"https:\/\/www.ladiagonale.net\/index.php\/author\/damien\/"}]}},"_links":{"self":[{"href":"https:\/\/www.ladiagonale.net\/index.php\/wp-json\/wp\/v2\/posts\/15710"}],"collection":[{"href":"https:\/\/www.ladiagonale.net\/index.php\/wp-json\/wp\/v2\/posts"}],"about":[{"href":"https:\/\/www.ladiagonale.net\/index.php\/wp-json\/wp\/v2\/types\/post"}],"author":[{"embeddable":true,"href":"https:\/\/www.ladiagonale.net\/index.php\/wp-json\/wp\/v2\/users\/2"}],"replies":[{"embeddable":true,"href":"https:\/\/www.ladiagonale.net\/index.php\/wp-json\/wp\/v2\/comments?post=15710"}],"version-history":[{"count":1,"href":"https:\/\/www.ladiagonale.net\/index.php\/wp-json\/wp\/v2\/posts\/15710\/revisions"}],"predecessor-version":[{"id":15712,"href":"https:\/\/www.ladiagonale.net\/index.php\/wp-json\/wp\/v2\/posts\/15710\/revisions\/15712"}],"wp:attachment":[{"href":"https:\/\/www.ladiagonale.net\/index.php\/wp-json\/wp\/v2\/media?parent=15710"}],"wp:term":[{"taxonomy":"category","embeddable":true,"href":"https:\/\/www.ladiagonale.net\/index.php\/wp-json\/wp\/v2\/categories?post=15710"},{"taxonomy":"post_tag","embeddable":true,"href":"https:\/\/www.ladiagonale.net\/index.php\/wp-json\/wp\/v2\/tags?post=15710"}],"curies":[{"name":"wp","href":"https:\/\/api.w.org\/{rel}","templated":true}]}}