{"id":15713,"date":"2023-08-29T19:31:36","date_gmt":"2023-08-29T17:31:36","guid":{"rendered":"https:\/\/www.ladiagonale.net\/?p=15713"},"modified":"2023-08-29T19:31:40","modified_gmt":"2023-08-29T17:31:40","slug":"loffre-de-lens-pour-aguilar-depasserait-celle-de-montpellier","status":"publish","type":"post","link":"https:\/\/www.ladiagonale.net\/index.php\/2023\/08\/29\/loffre-de-lens-pour-aguilar-depasserait-celle-de-montpellier\/","title":{"rendered":"L&rsquo;offre de Lens pour Aguilar d\u00e9passerait celle de Montpellier"},"content":{"rendered":"\n\n\n<p>Ruben Aguilar souhaiterait revenir \u00e0 Montpellier, <a href=\"https:\/\/www.ladiagonale.net\/index.php\/2023\/08\/29\/nicollin-evoque-un-accord-avec-aguilar-mais-pas-avec-monaco\/\">comme l&rsquo;a indiqu\u00e9 son pr\u00e9sident Laurent Nicollin<\/a>, mais il n&rsquo;est pas dit que l&rsquo;AS Monaco acc\u00e8de \u00e0 ses envies. Si le club h\u00e9raultais a formul\u00e9 une offre lundi matin \u00e0 l&rsquo;attention des dirigeants as\u00e9mistes, Lens serait \u00e9galement pass\u00e9 \u00e0 la vitesse sup\u00e9rieure et aurait transmis une offre plus importante. D&rsquo;apr\u00e8s<em> Foot Mercato<\/em>, les <em>Sang et Or<\/em>, qui disputeront la Ligue des champions cette ann\u00e9e, auraient propos\u00e9 3,5 millions d&rsquo;euros bonus compris pour racheter les deux derni\u00e8res ann\u00e9es de contrat d&rsquo;Aguilar. <\/p>\n\n\n\n<p>Alors qu&rsquo;il ne reste plus que deux jours dans ce mercato estival, les deux clubs de Ligue 1 sont d\u00e9sormais \u00e0 la lutte pour le lat\u00e9ral droit de 30 ans, arriv\u00e9 en Principaut\u00e9 \u00e0 l&rsquo;\u00e9t\u00e9 2019. Cette saison, Aguilar n&rsquo;a pas encore \u00e9t\u00e9 utilis\u00e9 par Adi H\u00fctter en comp\u00e9tition. Lors du d\u00e9placement \u00e0 Nantes vendredi dernier, il \u00e9tait absent en raison d&rsquo;une g\u00eane aux adducteurs.<\/p>\n","protected":false},"excerpt":{"rendered":"<p>Ruben Aguilar souhaiterait revenir \u00e0 Montpellier, comme l&rsquo;a indiqu\u00e9 son pr\u00e9sident Laurent Nicollin, mais il n&rsquo;est pas dit que l&rsquo;AS Monaco acc\u00e8de \u00e0 ses envies. Si le club h\u00e9raultais a formul\u00e9 une offre lundi matin \u00e0 l&rsquo;attention des dirigeants as\u00e9mistes, Lens serait \u00e9galement pass\u00e9 \u00e0 la vitesse sup\u00e9rieure et aurait transmis une offre plus importante. [&#8230;]\n","protected":false},"author":2,"featured_media":0,"comment_status":"open","ping_status":"open","sticky":false,"template":"","format":"standard","meta":[],"categories":[6],"tags":[86,683,111,663,180,110],"yoast_head":"<!-- This site is optimized with the Yoast SEO plugin v19.8 - https:\/\/yoast.com\/wordpress\/plugins\/seo\/ -->\n<title>L&#039;offre de Lens pour Aguilar d\u00e9passerait celle de Montpellier - La Diagonale<\/title>\n<meta name=\"robots\" content=\"index, follow, max-snippet:-1, max-image-preview:large, max-video-preview:-1\" \/>\n<link rel=\"canonical\" href=\"https:\/\/www.ladiagonale.net\/index.php\/2023\/08\/29\/loffre-de-lens-pour-aguilar-depasserait-celle-de-montpellier\/\" \/>\n<meta property=\"og:locale\" content=\"fr_FR\" \/>\n<meta property=\"og:type\" content=\"article\" \/>\n<meta property=\"og:title\" content=\"L&#039;offre de Lens pour Aguilar d\u00e9passerait celle de Montpellier - La Diagonale\" \/>\n<meta property=\"og:description\" content=\"Ruben Aguilar souhaiterait revenir \u00e0 Montpellier, comme l&rsquo;a indiqu\u00e9 son pr\u00e9sident Laurent Nicollin, mais il n&rsquo;est pas dit que l&rsquo;AS Monaco acc\u00e8de \u00e0 ses envies. Si le club h\u00e9raultais a formul\u00e9 une offre lundi matin \u00e0 l&rsquo;attention des dirigeants as\u00e9mistes, Lens serait \u00e9galement pass\u00e9 \u00e0 la vitesse sup\u00e9rieure et aurait transmis une offre plus importante. [...]\" \/>\n<meta property=\"og:url\" content=\"https:\/\/www.ladiagonale.net\/index.php\/2023\/08\/29\/loffre-de-lens-pour-aguilar-depasserait-celle-de-montpellier\/\" \/>\n<meta property=\"og:site_name\" content=\"La Diagonale\" \/>\n<meta property=\"article:published_time\" content=\"2023-08-29T17:31:36+00:00\" \/>\n<meta property=\"article:modified_time\" content=\"2023-08-29T17:31:40+00:00\" \/>\n<meta property=\"og:image\" content=\"https:\/\/www.ladiagonale.net\/wp-content\/uploads\/2022\/11\/aguilar.png\" \/>\n\t<meta property=\"og:image:width\" content=\"1160\" \/>\n\t<meta property=\"og:image:height\" content=\"650\" \/>\n\t<meta property=\"og:image:type\" content=\"image\/png\" \/>\n<meta name=\"author\" content=\"Damien Dellerba\" \/>\n<meta name=\"twitter:card\" content=\"summary_large_image\" \/>\n<meta name=\"twitter:image\" content=\"https:\/\/www.ladiagonale.net\/wp-content\/uploads\/2022\/11\/aguilar.png\" \/>\n<meta name=\"twitter:label1\" content=\"\u00c9crit par\" \/>\n\t<meta name=\"twitter:data1\" content=\"Damien Dellerba\" \/>\n\t<meta name=\"twitter:label2\" content=\"Dur\u00e9e de lecture estim\u00e9e\" \/>\n\t<meta name=\"twitter:data2\" content=\"1 minute\" \/>\n<script type=\"application\/ld+json\" class=\"yoast-schema-graph\">{\"@context\":\"https:\/\/schema.org\",\"@graph\":[{\"@type\":\"WebPage\",\"@id\":\"https:\/\/www.ladiagonale.net\/index.php\/2023\/08\/29\/loffre-de-lens-pour-aguilar-depasserait-celle-de-montpellier\/\",\"url\":\"https:\/\/www.ladiagonale.net\/index.php\/2023\/08\/29\/loffre-de-lens-pour-aguilar-depasserait-celle-de-montpellier\/\",\"name\":\"L'offre de Lens pour Aguilar d\u00e9passerait celle de Montpellier - La Diagonale\",\"isPartOf\":{\"@id\":\"https:\/\/www.ladiagonale.net\/#website\"},\"datePublished\":\"2023-08-29T17:31:36+00:00\",\"dateModified\":\"2023-08-29T17:31:40+00:00\",\"author\":{\"@id\":\"https:\/\/www.ladiagonale.net\/#\/schema\/person\/79ff1e7b0853ed01b2aa26e64ad300bf\"},\"breadcrumb\":{\"@id\":\"https:\/\/www.ladiagonale.net\/index.php\/2023\/08\/29\/loffre-de-lens-pour-aguilar-depasserait-celle-de-montpellier\/#breadcrumb\"},\"inLanguage\":\"fr-FR\",\"potentialAction\":[{\"@type\":\"ReadAction\",\"target\":[\"https:\/\/www.ladiagonale.net\/index.php\/2023\/08\/29\/loffre-de-lens-pour-aguilar-depasserait-celle-de-montpellier\/\"]}]},{\"@type\":\"BreadcrumbList\",\"@id\":\"https:\/\/www.ladiagonale.net\/index.php\/2023\/08\/29\/loffre-de-lens-pour-aguilar-depasserait-celle-de-montpellier\/#breadcrumb\",\"itemListElement\":[{\"@type\":\"ListItem\",\"position\":1,\"name\":\"Accueil\",\"item\":\"https:\/\/www.ladiagonale.net\/\"},{\"@type\":\"ListItem\",\"position\":2,\"name\":\"L&rsquo;offre de Lens pour Aguilar d\u00e9passerait celle de Montpellier\"}]},{\"@type\":\"WebSite\",\"@id\":\"https:\/\/www.ladiagonale.net\/#website\",\"url\":\"https:\/\/www.ladiagonale.net\/\",\"name\":\"La Diagonale\",\"description\":\"Le site des supporters de l&#039;AS Monaco FC\",\"potentialAction\":[{\"@type\":\"SearchAction\",\"target\":{\"@type\":\"EntryPoint\",\"urlTemplate\":\"https:\/\/www.ladiagonale.net\/?s={search_term_string}\"},\"query-input\":\"required name=search_term_string\"}],\"inLanguage\":\"fr-FR\"},{\"@type\":\"Person\",\"@id\":\"https:\/\/www.ladiagonale.net\/#\/schema\/person\/79ff1e7b0853ed01b2aa26e64ad300bf\",\"name\":\"Damien Dellerba\",\"image\":{\"@type\":\"ImageObject\",\"inLanguage\":\"fr-FR\",\"@id\":\"https:\/\/www.ladiagonale.net\/#\/schema\/person\/image\/\",\"url\":\"https:\/\/secure.gravatar.com\/avatar\/c7850e06d3ff63cdbaee88b7fc16e2f0?s=96&d=mm&r=g\",\"contentUrl\":\"https:\/\/secure.gravatar.com\/avatar\/c7850e06d3ff63cdbaee88b7fc16e2f0?s=96&d=mm&r=g\",\"caption\":\"Damien Dellerba\"},\"url\":\"https:\/\/www.ladiagonale.net\/index.php\/author\/damien\/\"}]}<\/script>\n<!-- \/ Yoast SEO plugin. -->","yoast_head_json":{"title":"L'offre de Lens pour Aguilar d\u00e9passerait celle de Montpellier - La Diagonale","robots":{"index":"index","follow":"follow","max-snippet":"max-snippet:-1","max-image-preview":"max-image-preview:large","max-video-preview":"max-video-preview:-1"},"canonical":"https:\/\/www.ladiagonale.net\/index.php\/2023\/08\/29\/loffre-de-lens-pour-aguilar-depasserait-celle-de-montpellier\/","og_locale":"fr_FR","og_type":"article","og_title":"L'offre de Lens pour Aguilar d\u00e9passerait celle de Montpellier - La Diagonale","og_description":"Ruben Aguilar souhaiterait revenir \u00e0 Montpellier, comme l&rsquo;a indiqu\u00e9 son pr\u00e9sident Laurent Nicollin, mais il n&rsquo;est pas dit que l&rsquo;AS Monaco acc\u00e8de \u00e0 ses envies. Si le club h\u00e9raultais a formul\u00e9 une offre lundi matin \u00e0 l&rsquo;attention des dirigeants as\u00e9mistes, Lens serait \u00e9galement pass\u00e9 \u00e0 la vitesse sup\u00e9rieure et aurait transmis une offre plus importante. [...]","og_url":"https:\/\/www.ladiagonale.net\/index.php\/2023\/08\/29\/loffre-de-lens-pour-aguilar-depasserait-celle-de-montpellier\/","og_site_name":"La Diagonale","article_published_time":"2023-08-29T17:31:36+00:00","article_modified_time":"2023-08-29T17:31:40+00:00","og_image":[{"width":1160,"height":650,"url":"https:\/\/www.ladiagonale.net\/wp-content\/uploads\/2022\/11\/aguilar.png","type":"image\/png"}],"author":"Damien Dellerba","twitter_card":"summary_large_image","twitter_image":"https:\/\/www.ladiagonale.net\/wp-content\/uploads\/2022\/11\/aguilar.png","twitter_misc":{"\u00c9crit par":"Damien Dellerba","Dur\u00e9e de lecture estim\u00e9e":"1 minute"},"schema":{"@context":"https:\/\/schema.org","@graph":[{"@type":"WebPage","@id":"https:\/\/www.ladiagonale.net\/index.php\/2023\/08\/29\/loffre-de-lens-pour-aguilar-depasserait-celle-de-montpellier\/","url":"https:\/\/www.ladiagonale.net\/index.php\/2023\/08\/29\/loffre-de-lens-pour-aguilar-depasserait-celle-de-montpellier\/","name":"L'offre de Lens pour Aguilar d\u00e9passerait celle de Montpellier - La Diagonale","isPartOf":{"@id":"https:\/\/www.ladiagonale.net\/#website"},"datePublished":"2023-08-29T17:31:36+00:00","dateModified":"2023-08-29T17:31:40+00:00","author":{"@id":"https:\/\/www.ladiagonale.net\/#\/schema\/person\/79ff1e7b0853ed01b2aa26e64ad300bf"},"breadcrumb":{"@id":"https:\/\/www.ladiagonale.net\/index.php\/2023\/08\/29\/loffre-de-lens-pour-aguilar-depasserait-celle-de-montpellier\/#breadcrumb"},"inLanguage":"fr-FR","potentialAction":[{"@type":"ReadAction","target":["https:\/\/www.ladiagonale.net\/index.php\/2023\/08\/29\/loffre-de-lens-pour-aguilar-depasserait-celle-de-montpellier\/"]}]},{"@type":"BreadcrumbList","@id":"https:\/\/www.ladiagonale.net\/index.php\/2023\/08\/29\/loffre-de-lens-pour-aguilar-depasserait-celle-de-montpellier\/#breadcrumb","itemListElement":[{"@type":"ListItem","position":1,"name":"Accueil","item":"https:\/\/www.ladiagonale.net\/"},{"@type":"ListItem","position":2,"name":"L&rsquo;offre de Lens pour Aguilar d\u00e9passerait celle de Montpellier"}]},{"@type":"WebSite","@id":"https:\/\/www.ladiagonale.net\/#website","url":"https:\/\/www.ladiagonale.net\/","name":"La Diagonale","description":"Le site des supporters de l&#039;AS Monaco FC","potentialAction":[{"@type":"SearchAction","target":{"@type":"EntryPoint","urlTemplate":"https:\/\/www.ladiagonale.net\/?s={search_term_string}"},"query-input":"required name=search_term_string"}],"inLanguage":"fr-FR"},{"@type":"Person","@id":"https:\/\/www.ladiagonale.net\/#\/schema\/person\/79ff1e7b0853ed01b2aa26e64ad300bf","name":"Damien Dellerba","image":{"@type":"ImageObject","inLanguage":"fr-FR","@id":"https:\/\/www.ladiagonale.net\/#\/schema\/person\/image\/","url":"https:\/\/secure.gravatar.com\/avatar\/c7850e06d3ff63cdbaee88b7fc16e2f0?s=96&d=mm&r=g","contentUrl":"https:\/\/secure.gravatar.com\/avatar\/c7850e06d3ff63cdbaee88b7fc16e2f0?s=96&d=mm&r=g","caption":"Damien Dellerba"},"url":"https:\/\/www.ladiagonale.net\/index.php\/author\/damien\/"}]}},"_links":{"self":[{"href":"https:\/\/www.ladiagonale.net\/index.php\/wp-json\/wp\/v2\/posts\/15713"}],"collection":[{"href":"https:\/\/www.ladiagonale.net\/index.php\/wp-json\/wp\/v2\/posts"}],"about":[{"href":"https:\/\/www.ladiagonale.net\/index.php\/wp-json\/wp\/v2\/types\/post"}],"author":[{"embeddable":true,"href":"https:\/\/www.ladiagonale.net\/index.php\/wp-json\/wp\/v2\/users\/2"}],"replies":[{"embeddable":true,"href":"https:\/\/www.ladiagonale.net\/index.php\/wp-json\/wp\/v2\/comments?post=15713"}],"version-history":[{"count":1,"href":"https:\/\/www.ladiagonale.net\/index.php\/wp-json\/wp\/v2\/posts\/15713\/revisions"}],"predecessor-version":[{"id":15714,"href":"https:\/\/www.ladiagonale.net\/index.php\/wp-json\/wp\/v2\/posts\/15713\/revisions\/15714"}],"wp:attachment":[{"href":"https:\/\/www.ladiagonale.net\/index.php\/wp-json\/wp\/v2\/media?parent=15713"}],"wp:term":[{"taxonomy":"category","embeddable":true,"href":"https:\/\/www.ladiagonale.net\/index.php\/wp-json\/wp\/v2\/categories?post=15713"},{"taxonomy":"post_tag","embeddable":true,"href":"https:\/\/www.ladiagonale.net\/index.php\/wp-json\/wp\/v2\/tags?post=15713"}],"curies":[{"name":"wp","href":"https:\/\/api.w.org\/{rel}","templated":true}]}}