{"id":15747,"date":"2023-08-31T08:52:00","date_gmt":"2023-08-31T06:52:00","guid":{"rendered":"https:\/\/www.ladiagonale.net\/?p=15747"},"modified":"2023-08-31T03:01:32","modified_gmt":"2023-08-31T01:01:32","slug":"laction-cle-golovin-et-le-penalty-oublie","status":"publish","type":"post","link":"https:\/\/www.ladiagonale.net\/index.php\/2023\/08\/31\/laction-cle-golovin-et-le-penalty-oublie\/","title":{"rendered":"L&rsquo;action cl\u00e9 : Golovin et le p\u00e9nalty oubli\u00e9"},"content":{"rendered":"\n\n\n<p><strong>La rencontre entre Monaco et Nantes vendredi dernier a fait couler beaucoup d\u2019encre, notamment pour des d\u00e9cisions arbitrales contestables. Dans le jeu, les d\u00e9bats n\u2019ont pas vraiment eu lieu d\u2019\u00eatre tant l\u2019ASM a domin\u00e9 la rencontre. Mais dominer n\u2019est pas gagner, comme le dit si bien l\u2019adage, et les Rouge et Blanc l\u2019ont exp\u00e9riment\u00e9 \u00e0 leurs d\u00e9pens. Ce n\u2019est pas faute d\u2019avoir tout tent\u00e9 pour s\u2019imposer.<\/strong><\/p>\n\n\n\n<p>3,75 contre 0,91. Il s&rsquo;agissait des <em>expected goals<\/em> de la rencontre fournis par <em>Opta<\/em>. Pr\u00e8s de 4 buts attendus pour Monaco contre moins d\u2019un pour Nantes, avec un penalty dans le lot. Dans un sc\u00e9nario de match normal, l\u2019ASM aurait d\u00fb ramener les trois points de son d\u00e9placement \u00e0 La Beaujoire, mais c\u2019est aussi ce qui fait le charme du football. En l\u2019occurrence, Monaco a pu \u00eatre victime de certaines d\u00e9cisions arbitrales. L\u2019ouverture du score nantaise provient de ce p\u00e9nalty obtenu par Simon sur une faute de Denis Zakaria. La faute n\u2019est pas \u00e9norme, mais le geste est trop risqu\u00e9 de la part du milieu suisse de l\u2019ASM, et pas suffisamment ma\u00eetris\u00e9. J\u00e9r\u00e9mie Pignard, l\u2019arbitre de la rencontre, ne doute pas de sa d\u00e9cision lorsqu\u2019il pointe le point de p\u00e9nalty.<\/p>\n\n\n\n<p>M\u00eame si l\u2019on peut juger de la s\u00e9v\u00e9rit\u00e9 de l\u2019arbitrage \u00e0 ce moment du match, il appara\u00eet alors incompr\u00e9hensible que rien ne soit siffl\u00e9 sur Aleksandr Golovin un peu avant le quart d\u2019heure de jeu. De m\u00eame, en fin de rencontre, une faute \u00e9vidente de Singo aurait \u00e9galement d\u00fb \u00eatre sanctionn\u00e9e d\u2019un p\u00e9nalty. Les hypoth\u00e8ses sur une \u00e9ventuelle volont\u00e9 de compenser de la part de l\u2019homme en noir sont all\u00e9es ensuite bon train, toujours est-il qu\u2019il s\u2019agit de deux erreurs manifestes d\u2019arbitrages. La premi\u00e8re nous int\u00e9resse particuli\u00e8rement, parce que c\u2019est celle qui peut faire basculer la rencontre.<\/p>\n\n\n\n<p>Sur les premi\u00e8res minutes de la rencontre, les Nantais ont exerc\u00e9 un pressing intense pour contrarier les sorties de balle mon\u00e9gasques. Avec succ\u00e8s, car c\u2019est de l\u00e0 qu\u2019est arriv\u00e9 le premier p\u00e9nalty nantais, occasionnant une certaine f\u00e9brilit\u00e9, voire nervosit\u00e9 dans les rangs as\u00e9mistes. Mais apr\u00e8s l\u2019ouverture du score, le pressing nantais devient un peu moins intense et Monaco reprend la main sur certaines phases de jeu. On est alors \u00e0 la moiti\u00e9 d\u2019une p\u00e9riode o\u00f9 le rapport de force tend \u00e0 s\u2019\u00e9quilibrer avant que la domination ne bascule totalement du c\u00f4t\u00e9 de l\u2019ASM.<\/p>\n\n\n\n<figure class=\"wp-block-image size-large\"><img loading=\"lazy\" width=\"1024\" height=\"576\" src=\"https:\/\/www.ladiagonale.net\/wp-content\/uploads\/2023\/08\/1-1-1024x576.png\" alt=\"\" class=\"wp-image-15748\" srcset=\"https:\/\/www.ladiagonale.net\/wp-content\/uploads\/2023\/08\/1-1-1024x576.png 1024w, https:\/\/www.ladiagonale.net\/wp-content\/uploads\/2023\/08\/1-1-300x169.png 300w, https:\/\/www.ladiagonale.net\/wp-content\/uploads\/2023\/08\/1-1-768x432.png 768w, https:\/\/www.ladiagonale.net\/wp-content\/uploads\/2023\/08\/1-1-1536x864.png 1536w, https:\/\/www.ladiagonale.net\/wp-content\/uploads\/2023\/08\/1-1-128x72.png 128w, https:\/\/www.ladiagonale.net\/wp-content\/uploads\/2023\/08\/1-1-32x18.png 32w, https:\/\/www.ladiagonale.net\/wp-content\/uploads\/2023\/08\/1-1.png 1920w\" sizes=\"(max-width: 1024px) 100vw, 1024px\" \/><\/figure>\n\n\n\n<p>Monaco exerce un pressing tr\u00e8s haut, avec trois joueurs qui encerclent le porteur de balle Marcus Coco. Caio Henrique est devant le piston nantais qui n&rsquo;a aucune solution libre sur laquelle jouer. Douglas Augsuto est entre Golovin et Ben Yedder et ne fait pas la course qui aurait pu permettre de trouver un relais au milieu et potentiellement sortir le ballon proprement. Les solutions au loin sont prises en un contre un par Magassa et Fofana. C&rsquo;est quand m\u00eame vers l&rsquo;avant que Coco va tenter de jouer, pr\u00e9f\u00e9rant \u00e9loigner le ballon de son but. Malheureusement pour lui, Caio Henrique va contrer le ballon, qui va revenir dans les pieds de Ben Yedder.<\/p>\n\n\n\n<figure class=\"wp-block-image size-large\"><img loading=\"lazy\" width=\"1024\" height=\"576\" src=\"https:\/\/www.ladiagonale.net\/wp-content\/uploads\/2023\/08\/2-1-1024x576.png\" alt=\"\" class=\"wp-image-15754\" srcset=\"https:\/\/www.ladiagonale.net\/wp-content\/uploads\/2023\/08\/2-1-1024x576.png 1024w, https:\/\/www.ladiagonale.net\/wp-content\/uploads\/2023\/08\/2-1-300x169.png 300w, https:\/\/www.ladiagonale.net\/wp-content\/uploads\/2023\/08\/2-1-768x432.png 768w, https:\/\/www.ladiagonale.net\/wp-content\/uploads\/2023\/08\/2-1-1536x864.png 1536w, https:\/\/www.ladiagonale.net\/wp-content\/uploads\/2023\/08\/2-1-128x72.png 128w, https:\/\/www.ladiagonale.net\/wp-content\/uploads\/2023\/08\/2-1-32x18.png 32w, https:\/\/www.ladiagonale.net\/wp-content\/uploads\/2023\/08\/2-1.png 1920w\" sizes=\"(max-width: 1024px) 100vw, 1024px\" \/><\/figure>\n\n\n\n<p>La phase de possession s&rsquo;inverse dans une position bien plus favorable pour Monaco. Coco toujours isol\u00e9 au milieu des Mon\u00e9gasques, va presser seul sur Ben Yedder. Pas de prise \u00e0 deux car Douglas Augusto reste assez passif tout en essayant de rester en place.<\/p>\n\n\n\n<figure class=\"wp-block-image size-large\"><img loading=\"lazy\" width=\"1024\" height=\"576\" src=\"https:\/\/www.ladiagonale.net\/wp-content\/uploads\/2023\/08\/3-1-1024x576.png\" alt=\"\" class=\"wp-image-15755\" srcset=\"https:\/\/www.ladiagonale.net\/wp-content\/uploads\/2023\/08\/3-1-1024x576.png 1024w, https:\/\/www.ladiagonale.net\/wp-content\/uploads\/2023\/08\/3-1-300x169.png 300w, https:\/\/www.ladiagonale.net\/wp-content\/uploads\/2023\/08\/3-1-768x432.png 768w, https:\/\/www.ladiagonale.net\/wp-content\/uploads\/2023\/08\/3-1-1536x864.png 1536w, https:\/\/www.ladiagonale.net\/wp-content\/uploads\/2023\/08\/3-1-128x72.png 128w, https:\/\/www.ladiagonale.net\/wp-content\/uploads\/2023\/08\/3-1-32x18.png 32w, https:\/\/www.ladiagonale.net\/wp-content\/uploads\/2023\/08\/3-1.png 1920w\" sizes=\"(max-width: 1024px) 100vw, 1024px\" \/><\/figure>\n\n\n\n<p>C&rsquo;est comme se retrouver au milieu d&rsquo;un <em>toro<\/em> pour Coco, qui doit faire un aller-retour entre Caio Henrique et Ben Yedder, sans espoir de r\u00e9cup\u00e9rer le ballon. Caio tente imm\u00e9diatement d&rsquo;alerter Minamino dans la surface, qui voit Pallois se resserrer sur lui. Une option qui n&rsquo;est pas forc\u00e9ment \u00e9vidente, car un ballon a\u00e9rien est forc\u00e9ment plus difficile \u00e0 ma\u00eetriser et peut occasionner la perte de la possession sur le duel ou le second ballon.<\/p>\n\n\n\n<figure class=\"wp-block-image size-large\"><img loading=\"lazy\" width=\"1024\" height=\"576\" src=\"https:\/\/www.ladiagonale.net\/wp-content\/uploads\/2023\/08\/4-1024x576.png\" alt=\"\" class=\"wp-image-15756\" srcset=\"https:\/\/www.ladiagonale.net\/wp-content\/uploads\/2023\/08\/4-1024x576.png 1024w, https:\/\/www.ladiagonale.net\/wp-content\/uploads\/2023\/08\/4-300x169.png 300w, https:\/\/www.ladiagonale.net\/wp-content\/uploads\/2023\/08\/4-768x432.png 768w, https:\/\/www.ladiagonale.net\/wp-content\/uploads\/2023\/08\/4-1536x864.png 1536w, https:\/\/www.ladiagonale.net\/wp-content\/uploads\/2023\/08\/4-128x72.png 128w, https:\/\/www.ladiagonale.net\/wp-content\/uploads\/2023\/08\/4-32x18.png 32w, https:\/\/www.ladiagonale.net\/wp-content\/uploads\/2023\/08\/4.png 1920w\" sizes=\"(max-width: 1024px) 100vw, 1024px\" \/><\/figure>\n\n\n\n<p>Sur cette action, tout s&rsquo;agence de fa\u00e7on id\u00e9ale pour l&rsquo;ASM. Minamino conserve un temps d&rsquo;avance sur Pallois et peut aller n\u00e9gocier seul le ballon a\u00e9rien de Caio. Sa d\u00e9viation de la t\u00eate rebondit dans la surface et n&rsquo;a pas vraiment de destinataire pr\u00e9cis. Le bon appel de Golovin, qui a bien anticip\u00e9 le jeu, lui permet d&rsquo;arriver le premier sur le ballon. Pallois doit se retourner et est en retard, tandis que Douglas Augusto suit la course du Russe depuis le d\u00e9part et s&rsquo;ajuste en cons\u00e9quence des d\u00e9placements de celui-ci. <\/p>\n\n\n\n<figure class=\"wp-block-image size-large\"><img loading=\"lazy\" width=\"1024\" height=\"576\" src=\"https:\/\/www.ladiagonale.net\/wp-content\/uploads\/2023\/08\/5-1024x576.png\" alt=\"\" class=\"wp-image-15757\" srcset=\"https:\/\/www.ladiagonale.net\/wp-content\/uploads\/2023\/08\/5-1024x576.png 1024w, https:\/\/www.ladiagonale.net\/wp-content\/uploads\/2023\/08\/5-300x169.png 300w, https:\/\/www.ladiagonale.net\/wp-content\/uploads\/2023\/08\/5-768x432.png 768w, https:\/\/www.ladiagonale.net\/wp-content\/uploads\/2023\/08\/5-1536x864.png 1536w, https:\/\/www.ladiagonale.net\/wp-content\/uploads\/2023\/08\/5-128x72.png 128w, https:\/\/www.ladiagonale.net\/wp-content\/uploads\/2023\/08\/5-32x18.png 32w, https:\/\/www.ladiagonale.net\/wp-content\/uploads\/2023\/08\/5.png 1920w\" sizes=\"(max-width: 1024px) 100vw, 1024px\" \/><\/figure>\n\n\n\n<p>Golovin contr\u00f4le et s&rsquo;ouvre le chemin du but. C&rsquo;est \u00e0 ce moment-l\u00e0 que l&rsquo;action litigieuse survient, lorsque Douglas Augusto enroule son bras droit autour de celui de Golovin puis passe sa main gauche pas dessus son \u00e9paule. Alors que le milieu de terrain tente de reprendre le ballon pendant que Pallois se jette pour tacler, la prise de Douglas Augusto d\u00e9s\u00e9quilibre Golovin, qui tombe. Une cl\u00e9 de bras qui aurait davantage sa place sur un tatami que sur le rectangle vert. Si ce geste a \u00e9chapp\u00e9 \u00e0 J\u00e9r\u00e9mie Pignard, on se demande surtout comment il a pu \u00eatre \u00e0 ce point ignor\u00e9 de la part de ses assistants vid\u00e9o.<\/p>\n\n\n\n<p>Cela pourrait presque faire penser \u00e0 la sortie devenue mythique de Thierry Henry un soir de janvier 2019, pour son dernier match sur le banc de l&rsquo;ASM (<em>d\u00e9faite 1-5 contre Strasbourg<\/em>), se plaignant d&rsquo;un p\u00e9nalty refus\u00e9 \u00e0 cause d&rsquo;une panne de VAR. La formulation de l&rsquo;hypoth\u00e8se d&rsquo;un dysfonctionnement de l&rsquo;outil n&rsquo;aurait rien d&rsquo;invraisemblable, d\u2019autant plus que cela s&rsquo;est r\u00e9p\u00e9t\u00e9 en fin de match, \u00e0 la d\u00e9faveur des Nantais cette fois.<\/p>\n\n\n\n<p>L&rsquo;absence de p\u00e9nalty \u00e0 cet instant du match, et alors qu&rsquo;une occasion nette de but est annihil\u00e9e, pourrait faire penser \u00e0 cet autre passage de Thierry Henry lors de cette fameuse conf\u00e9rence de presse : \u00ab\u00a0<em>2-1, effort surhumain pour nous pour revenir \u00e0 2-2.<\/em>\u00a0\u00bb Les hommes d&rsquo;Adi H\u00fctter ont couru apr\u00e8s le score durant la quasi-totalit\u00e9 de la rencontre. Ils ont produit un effort consid\u00e9rable pour revenir \u00e0 hauteur des Nantais, et plut\u00f4t que de se voir accorder une chance de revenir \u00e0 1-1, ils vont dans la foul\u00e9e encaisser le but du break (2-0). Avec une \u00e9galisation sur p\u00e9nalty et la sup\u00e9riorit\u00e9 \u00e9vidente dans le jeu des Mon\u00e9gasques, il y a fort \u00e0 parier que l&rsquo;issue du match aurait probablement \u00e9t\u00e9 bien diff\u00e9rente.<\/p>\n","protected":false},"excerpt":{"rendered":"<p>La rencontre entre Monaco et Nantes vendredi dernier a fait couler beaucoup d\u2019encre, notamment pour des d\u00e9cisions arbitrales contestables. Dans le jeu, les d\u00e9bats n\u2019ont pas vraiment eu lieu d\u2019\u00eatre tant l\u2019ASM a domin\u00e9 la rencontre. Mais dominer n\u2019est pas gagner, comme le dit si bien l\u2019adage, et les Rouge et Blanc l\u2019ont exp\u00e9riment\u00e9 \u00e0 [&#8230;]\n","protected":false},"author":2,"featured_media":15758,"comment_status":"open","ping_status":"open","sticky":false,"template":"","format":"standard","meta":[],"categories":[5,6],"tags":[416,86,94,438],"yoast_head":"<!-- This site is optimized with the Yoast SEO plugin v19.8 - https:\/\/yoast.com\/wordpress\/plugins\/seo\/ -->\n<title>L&#039;action cl\u00e9 : Golovin et le p\u00e9nalty oubli\u00e9 - La Diagonale<\/title>\n<meta name=\"robots\" content=\"index, follow, max-snippet:-1, max-image-preview:large, max-video-preview:-1\" \/>\n<link rel=\"canonical\" href=\"https:\/\/www.ladiagonale.net\/index.php\/2023\/08\/31\/laction-cle-golovin-et-le-penalty-oublie\/\" \/>\n<meta property=\"og:locale\" content=\"fr_FR\" \/>\n<meta property=\"og:type\" content=\"article\" \/>\n<meta property=\"og:title\" content=\"L&#039;action cl\u00e9 : Golovin et le p\u00e9nalty oubli\u00e9 - La Diagonale\" \/>\n<meta property=\"og:description\" content=\"La rencontre entre Monaco et Nantes vendredi dernier a fait couler beaucoup d\u2019encre, notamment pour des d\u00e9cisions arbitrales contestables. Dans le jeu, les d\u00e9bats n\u2019ont pas vraiment eu lieu d\u2019\u00eatre tant l\u2019ASM a domin\u00e9 la rencontre. Mais dominer n\u2019est pas gagner, comme le dit si bien l\u2019adage, et les Rouge et Blanc l\u2019ont exp\u00e9riment\u00e9 \u00e0 [...]\" \/>\n<meta property=\"og:url\" content=\"https:\/\/www.ladiagonale.net\/index.php\/2023\/08\/31\/laction-cle-golovin-et-le-penalty-oublie\/\" \/>\n<meta property=\"og:site_name\" content=\"La Diagonale\" \/>\n<meta property=\"article:published_time\" content=\"2023-08-31T06:52:00+00:00\" \/>\n<meta property=\"article:modified_time\" content=\"2023-08-31T01:01:32+00:00\" \/>\n<meta property=\"og:image\" content=\"https:\/\/www.ladiagonale.net\/wp-content\/uploads\/2023\/08\/visuel-1.png\" \/>\n\t<meta property=\"og:image:width\" content=\"1160\" \/>\n\t<meta property=\"og:image:height\" content=\"650\" \/>\n\t<meta property=\"og:image:type\" content=\"image\/png\" \/>\n<meta name=\"author\" content=\"Damien Dellerba\" \/>\n<meta name=\"twitter:card\" content=\"summary_large_image\" \/>\n<meta name=\"twitter:image\" content=\"https:\/\/www.ladiagonale.net\/wp-content\/uploads\/2023\/08\/visuel-1.png\" \/>\n<meta name=\"twitter:label1\" content=\"\u00c9crit par\" \/>\n\t<meta name=\"twitter:data1\" content=\"Damien Dellerba\" \/>\n\t<meta name=\"twitter:label2\" content=\"Dur\u00e9e de lecture estim\u00e9e\" \/>\n\t<meta name=\"twitter:data2\" content=\"7 minutes\" \/>\n<script type=\"application\/ld+json\" class=\"yoast-schema-graph\">{\"@context\":\"https:\/\/schema.org\",\"@graph\":[{\"@type\":\"WebPage\",\"@id\":\"https:\/\/www.ladiagonale.net\/index.php\/2023\/08\/31\/laction-cle-golovin-et-le-penalty-oublie\/\",\"url\":\"https:\/\/www.ladiagonale.net\/index.php\/2023\/08\/31\/laction-cle-golovin-et-le-penalty-oublie\/\",\"name\":\"L'action cl\u00e9 : Golovin et le p\u00e9nalty oubli\u00e9 - La Diagonale\",\"isPartOf\":{\"@id\":\"https:\/\/www.ladiagonale.net\/#website\"},\"datePublished\":\"2023-08-31T06:52:00+00:00\",\"dateModified\":\"2023-08-31T01:01:32+00:00\",\"author\":{\"@id\":\"https:\/\/www.ladiagonale.net\/#\/schema\/person\/79ff1e7b0853ed01b2aa26e64ad300bf\"},\"breadcrumb\":{\"@id\":\"https:\/\/www.ladiagonale.net\/index.php\/2023\/08\/31\/laction-cle-golovin-et-le-penalty-oublie\/#breadcrumb\"},\"inLanguage\":\"fr-FR\",\"potentialAction\":[{\"@type\":\"ReadAction\",\"target\":[\"https:\/\/www.ladiagonale.net\/index.php\/2023\/08\/31\/laction-cle-golovin-et-le-penalty-oublie\/\"]}]},{\"@type\":\"BreadcrumbList\",\"@id\":\"https:\/\/www.ladiagonale.net\/index.php\/2023\/08\/31\/laction-cle-golovin-et-le-penalty-oublie\/#breadcrumb\",\"itemListElement\":[{\"@type\":\"ListItem\",\"position\":1,\"name\":\"Accueil\",\"item\":\"https:\/\/www.ladiagonale.net\/\"},{\"@type\":\"ListItem\",\"position\":2,\"name\":\"L&rsquo;action cl\u00e9 : Golovin et le p\u00e9nalty oubli\u00e9\"}]},{\"@type\":\"WebSite\",\"@id\":\"https:\/\/www.ladiagonale.net\/#website\",\"url\":\"https:\/\/www.ladiagonale.net\/\",\"name\":\"La Diagonale\",\"description\":\"Le site des supporters de l&#039;AS Monaco FC\",\"potentialAction\":[{\"@type\":\"SearchAction\",\"target\":{\"@type\":\"EntryPoint\",\"urlTemplate\":\"https:\/\/www.ladiagonale.net\/?s={search_term_string}\"},\"query-input\":\"required name=search_term_string\"}],\"inLanguage\":\"fr-FR\"},{\"@type\":\"Person\",\"@id\":\"https:\/\/www.ladiagonale.net\/#\/schema\/person\/79ff1e7b0853ed01b2aa26e64ad300bf\",\"name\":\"Damien Dellerba\",\"image\":{\"@type\":\"ImageObject\",\"inLanguage\":\"fr-FR\",\"@id\":\"https:\/\/www.ladiagonale.net\/#\/schema\/person\/image\/\",\"url\":\"https:\/\/secure.gravatar.com\/avatar\/c7850e06d3ff63cdbaee88b7fc16e2f0?s=96&d=mm&r=g\",\"contentUrl\":\"https:\/\/secure.gravatar.com\/avatar\/c7850e06d3ff63cdbaee88b7fc16e2f0?s=96&d=mm&r=g\",\"caption\":\"Damien Dellerba\"},\"url\":\"https:\/\/www.ladiagonale.net\/index.php\/author\/damien\/\"}]}<\/script>\n<!-- \/ Yoast SEO plugin. -->","yoast_head_json":{"title":"L'action cl\u00e9 : Golovin et le p\u00e9nalty oubli\u00e9 - La Diagonale","robots":{"index":"index","follow":"follow","max-snippet":"max-snippet:-1","max-image-preview":"max-image-preview:large","max-video-preview":"max-video-preview:-1"},"canonical":"https:\/\/www.ladiagonale.net\/index.php\/2023\/08\/31\/laction-cle-golovin-et-le-penalty-oublie\/","og_locale":"fr_FR","og_type":"article","og_title":"L'action cl\u00e9 : Golovin et le p\u00e9nalty oubli\u00e9 - La Diagonale","og_description":"La rencontre entre Monaco et Nantes vendredi dernier a fait couler beaucoup d\u2019encre, notamment pour des d\u00e9cisions arbitrales contestables. Dans le jeu, les d\u00e9bats n\u2019ont pas vraiment eu lieu d\u2019\u00eatre tant l\u2019ASM a domin\u00e9 la rencontre. Mais dominer n\u2019est pas gagner, comme le dit si bien l\u2019adage, et les Rouge et Blanc l\u2019ont exp\u00e9riment\u00e9 \u00e0 [...]","og_url":"https:\/\/www.ladiagonale.net\/index.php\/2023\/08\/31\/laction-cle-golovin-et-le-penalty-oublie\/","og_site_name":"La Diagonale","article_published_time":"2023-08-31T06:52:00+00:00","article_modified_time":"2023-08-31T01:01:32+00:00","og_image":[{"width":1160,"height":650,"url":"https:\/\/www.ladiagonale.net\/wp-content\/uploads\/2023\/08\/visuel-1.png","type":"image\/png"}],"author":"Damien Dellerba","twitter_card":"summary_large_image","twitter_image":"https:\/\/www.ladiagonale.net\/wp-content\/uploads\/2023\/08\/visuel-1.png","twitter_misc":{"\u00c9crit par":"Damien Dellerba","Dur\u00e9e de lecture estim\u00e9e":"7 minutes"},"schema":{"@context":"https:\/\/schema.org","@graph":[{"@type":"WebPage","@id":"https:\/\/www.ladiagonale.net\/index.php\/2023\/08\/31\/laction-cle-golovin-et-le-penalty-oublie\/","url":"https:\/\/www.ladiagonale.net\/index.php\/2023\/08\/31\/laction-cle-golovin-et-le-penalty-oublie\/","name":"L'action cl\u00e9 : Golovin et le p\u00e9nalty oubli\u00e9 - La Diagonale","isPartOf":{"@id":"https:\/\/www.ladiagonale.net\/#website"},"datePublished":"2023-08-31T06:52:00+00:00","dateModified":"2023-08-31T01:01:32+00:00","author":{"@id":"https:\/\/www.ladiagonale.net\/#\/schema\/person\/79ff1e7b0853ed01b2aa26e64ad300bf"},"breadcrumb":{"@id":"https:\/\/www.ladiagonale.net\/index.php\/2023\/08\/31\/laction-cle-golovin-et-le-penalty-oublie\/#breadcrumb"},"inLanguage":"fr-FR","potentialAction":[{"@type":"ReadAction","target":["https:\/\/www.ladiagonale.net\/index.php\/2023\/08\/31\/laction-cle-golovin-et-le-penalty-oublie\/"]}]},{"@type":"BreadcrumbList","@id":"https:\/\/www.ladiagonale.net\/index.php\/2023\/08\/31\/laction-cle-golovin-et-le-penalty-oublie\/#breadcrumb","itemListElement":[{"@type":"ListItem","position":1,"name":"Accueil","item":"https:\/\/www.ladiagonale.net\/"},{"@type":"ListItem","position":2,"name":"L&rsquo;action cl\u00e9 : Golovin et le p\u00e9nalty oubli\u00e9"}]},{"@type":"WebSite","@id":"https:\/\/www.ladiagonale.net\/#website","url":"https:\/\/www.ladiagonale.net\/","name":"La Diagonale","description":"Le site des supporters de l&#039;AS Monaco FC","potentialAction":[{"@type":"SearchAction","target":{"@type":"EntryPoint","urlTemplate":"https:\/\/www.ladiagonale.net\/?s={search_term_string}"},"query-input":"required name=search_term_string"}],"inLanguage":"fr-FR"},{"@type":"Person","@id":"https:\/\/www.ladiagonale.net\/#\/schema\/person\/79ff1e7b0853ed01b2aa26e64ad300bf","name":"Damien Dellerba","image":{"@type":"ImageObject","inLanguage":"fr-FR","@id":"https:\/\/www.ladiagonale.net\/#\/schema\/person\/image\/","url":"https:\/\/secure.gravatar.com\/avatar\/c7850e06d3ff63cdbaee88b7fc16e2f0?s=96&d=mm&r=g","contentUrl":"https:\/\/secure.gravatar.com\/avatar\/c7850e06d3ff63cdbaee88b7fc16e2f0?s=96&d=mm&r=g","caption":"Damien Dellerba"},"url":"https:\/\/www.ladiagonale.net\/index.php\/author\/damien\/"}]}},"_links":{"self":[{"href":"https:\/\/www.ladiagonale.net\/index.php\/wp-json\/wp\/v2\/posts\/15747"}],"collection":[{"href":"https:\/\/www.ladiagonale.net\/index.php\/wp-json\/wp\/v2\/posts"}],"about":[{"href":"https:\/\/www.ladiagonale.net\/index.php\/wp-json\/wp\/v2\/types\/post"}],"author":[{"embeddable":true,"href":"https:\/\/www.ladiagonale.net\/index.php\/wp-json\/wp\/v2\/users\/2"}],"replies":[{"embeddable":true,"href":"https:\/\/www.ladiagonale.net\/index.php\/wp-json\/wp\/v2\/comments?post=15747"}],"version-history":[{"count":2,"href":"https:\/\/www.ladiagonale.net\/index.php\/wp-json\/wp\/v2\/posts\/15747\/revisions"}],"predecessor-version":[{"id":15760,"href":"https:\/\/www.ladiagonale.net\/index.php\/wp-json\/wp\/v2\/posts\/15747\/revisions\/15760"}],"wp:featuredmedia":[{"embeddable":true,"href":"https:\/\/www.ladiagonale.net\/index.php\/wp-json\/wp\/v2\/media\/15758"}],"wp:attachment":[{"href":"https:\/\/www.ladiagonale.net\/index.php\/wp-json\/wp\/v2\/media?parent=15747"}],"wp:term":[{"taxonomy":"category","embeddable":true,"href":"https:\/\/www.ladiagonale.net\/index.php\/wp-json\/wp\/v2\/categories?post=15747"},{"taxonomy":"post_tag","embeddable":true,"href":"https:\/\/www.ladiagonale.net\/index.php\/wp-json\/wp\/v2\/tags?post=15747"}],"curies":[{"name":"wp","href":"https:\/\/api.w.org\/{rel}","templated":true}]}}