{"id":15773,"date":"2023-08-31T15:47:21","date_gmt":"2023-08-31T13:47:21","guid":{"rendered":"https:\/\/www.ladiagonale.net\/?p=15773"},"modified":"2023-08-31T15:51:56","modified_gmt":"2023-08-31T13:51:56","slug":"salisu-espere-apres-la-treve-zakaria-et-balogun-incertains","status":"publish","type":"post","link":"https:\/\/www.ladiagonale.net\/index.php\/2023\/08\/31\/salisu-espere-apres-la-treve-zakaria-et-balogun-incertains\/","title":{"rendered":"Salisu esp\u00e9r\u00e9 apr\u00e8s la tr\u00eave, Zakaria et Balogun incertains"},"content":{"rendered":"\n\n\n<p>Samedi (21h), l&rsquo;AS Monaco va conna\u00eetre son premier vrai test de la saison avec la r\u00e9ception de Lens au stade Louis-II. Pour cette rencontre, Monaco sera priv\u00e9 d&rsquo;Eliesse Ben Seghir et Edan Diop, toujours bless\u00e9s, mais aussi de Mohammed Salisu. Le d\u00e9fenseur ghan\u00e9en est encore trop juste, comme l&rsquo;a confi\u00e9 Adi H\u00fctter en conf\u00e9rence de presse : \u00ab\u00a0<em>Il a franchi des \u00e9tapes et s&rsquo;est entra\u00een\u00e9 avec nous aujourd&rsquo;hui. J&rsquo;\u00e9tais tr\u00e8s content de sa s\u00e9ance du jour. Pour samedi, c\u2019est encore un peu t\u00f4t, j\u2019esp\u00e8re qu\u2019il rejoindra le groupe apr\u00e8s la tr\u00eave internationale.<\/em>\u00a0\u00bb<\/p>\n\n\n\n<p>Jeudi matin, Denis Zakaria n&rsquo;a pas \u00e9t\u00e9 vu \u00e0 l&rsquo;entra\u00eenement collectif lors de la s\u00e9ance ouverte aux m\u00e9dias. H\u00fctter a expliqu\u00e9 qu&rsquo;il \u00e9tait malade et a confi\u00e9 qu&rsquo;il n&rsquo;\u00e9tait pas totalement certain de pouvoir compter sur lui samedi : \u00ab <em>Il s\u2019est entra\u00een\u00e9 individuellement parce qu\u2019il \u00e9tait malade. J\u2019esp\u00e8re qu\u2019il sera dans l\u2019\u00e9quipe demain.<\/em> \u00bb<\/p>\n\n\n\n<p>Quant \u00e0 la nouvelle recrue Folarin Balogun, sa pr\u00e9sence n&rsquo;est pas non plus assur\u00e9e, alors qu&rsquo;il n&rsquo;a pris part qu&rsquo;\u00e0 son premier entra\u00eenement ce jeudi : \u00ab <em>Il s\u2019est entra\u00een\u00e9 seulement ce jeudi matin. On veut l\u2019aider \u00e0 s\u2019int\u00e9grer le mieux possible \u00e0 l\u2019\u00e9quipe. C\u2019est un jeune joueur. Il veut jouer tous les matchs.&nbsp;Peut-\u00eatre qu\u2019il sera dans le groupe.<\/em> \u00bb<\/p>\n","protected":false},"excerpt":{"rendered":"<p>Samedi (21h), l&rsquo;AS Monaco va conna\u00eetre son premier vrai test de la saison avec la r\u00e9ception de Lens au stade Louis-II. Pour cette rencontre, Monaco sera priv\u00e9 d&rsquo;Eliesse Ben Seghir et Edan Diop, toujours bless\u00e9s, mais aussi de Mohammed Salisu. Le d\u00e9fenseur ghan\u00e9en est encore trop juste, comme l&rsquo;a confi\u00e9 Adi H\u00fctter en conf\u00e9rence de [&#8230;]\n","protected":false},"author":2,"featured_media":0,"comment_status":"open","ping_status":"open","sticky":false,"template":"","format":"standard","meta":[],"categories":[4,6],"tags":[86,631,483,196,94,618],"yoast_head":"<!-- This site is optimized with the Yoast SEO plugin v19.8 - https:\/\/yoast.com\/wordpress\/plugins\/seo\/ -->\n<title>Salisu esp\u00e9r\u00e9 apr\u00e8s la tr\u00eave, Zakaria et Balogun incertains - La Diagonale<\/title>\n<meta name=\"robots\" content=\"index, follow, max-snippet:-1, max-image-preview:large, max-video-preview:-1\" \/>\n<link rel=\"canonical\" href=\"https:\/\/www.ladiagonale.net\/index.php\/2023\/08\/31\/salisu-espere-apres-la-treve-zakaria-et-balogun-incertains\/\" \/>\n<meta property=\"og:locale\" content=\"fr_FR\" \/>\n<meta property=\"og:type\" content=\"article\" \/>\n<meta property=\"og:title\" content=\"Salisu esp\u00e9r\u00e9 apr\u00e8s la tr\u00eave, Zakaria et Balogun incertains - La Diagonale\" \/>\n<meta property=\"og:description\" content=\"Samedi (21h), l&rsquo;AS Monaco va conna\u00eetre son premier vrai test de la saison avec la r\u00e9ception de Lens au stade Louis-II. Pour cette rencontre, Monaco sera priv\u00e9 d&rsquo;Eliesse Ben Seghir et Edan Diop, toujours bless\u00e9s, mais aussi de Mohammed Salisu. Le d\u00e9fenseur ghan\u00e9en est encore trop juste, comme l&rsquo;a confi\u00e9 Adi H\u00fctter en conf\u00e9rence de [...]\" \/>\n<meta property=\"og:url\" content=\"https:\/\/www.ladiagonale.net\/index.php\/2023\/08\/31\/salisu-espere-apres-la-treve-zakaria-et-balogun-incertains\/\" \/>\n<meta property=\"og:site_name\" content=\"La Diagonale\" \/>\n<meta property=\"article:published_time\" content=\"2023-08-31T13:47:21+00:00\" \/>\n<meta property=\"article:modified_time\" content=\"2023-08-31T13:51:56+00:00\" \/>\n<meta property=\"og:image\" content=\"https:\/\/www.ladiagonale.net\/wp-content\/uploads\/2023\/08\/salisu2-1.png\" \/>\n\t<meta property=\"og:image:width\" content=\"1160\" \/>\n\t<meta property=\"og:image:height\" content=\"650\" \/>\n\t<meta property=\"og:image:type\" content=\"image\/png\" \/>\n<meta name=\"author\" content=\"Damien Dellerba\" \/>\n<meta name=\"twitter:card\" content=\"summary_large_image\" \/>\n<meta name=\"twitter:image\" content=\"https:\/\/www.ladiagonale.net\/wp-content\/uploads\/2023\/08\/salisu2-1.png\" \/>\n<meta name=\"twitter:label1\" content=\"\u00c9crit par\" \/>\n\t<meta name=\"twitter:data1\" content=\"Damien Dellerba\" \/>\n\t<meta name=\"twitter:label2\" content=\"Dur\u00e9e de lecture estim\u00e9e\" \/>\n\t<meta name=\"twitter:data2\" content=\"2 minutes\" \/>\n<script type=\"application\/ld+json\" class=\"yoast-schema-graph\">{\"@context\":\"https:\/\/schema.org\",\"@graph\":[{\"@type\":\"WebPage\",\"@id\":\"https:\/\/www.ladiagonale.net\/index.php\/2023\/08\/31\/salisu-espere-apres-la-treve-zakaria-et-balogun-incertains\/\",\"url\":\"https:\/\/www.ladiagonale.net\/index.php\/2023\/08\/31\/salisu-espere-apres-la-treve-zakaria-et-balogun-incertains\/\",\"name\":\"Salisu esp\u00e9r\u00e9 apr\u00e8s la tr\u00eave, Zakaria et Balogun incertains - La Diagonale\",\"isPartOf\":{\"@id\":\"https:\/\/www.ladiagonale.net\/#website\"},\"datePublished\":\"2023-08-31T13:47:21+00:00\",\"dateModified\":\"2023-08-31T13:51:56+00:00\",\"author\":{\"@id\":\"https:\/\/www.ladiagonale.net\/#\/schema\/person\/79ff1e7b0853ed01b2aa26e64ad300bf\"},\"breadcrumb\":{\"@id\":\"https:\/\/www.ladiagonale.net\/index.php\/2023\/08\/31\/salisu-espere-apres-la-treve-zakaria-et-balogun-incertains\/#breadcrumb\"},\"inLanguage\":\"fr-FR\",\"potentialAction\":[{\"@type\":\"ReadAction\",\"target\":[\"https:\/\/www.ladiagonale.net\/index.php\/2023\/08\/31\/salisu-espere-apres-la-treve-zakaria-et-balogun-incertains\/\"]}]},{\"@type\":\"BreadcrumbList\",\"@id\":\"https:\/\/www.ladiagonale.net\/index.php\/2023\/08\/31\/salisu-espere-apres-la-treve-zakaria-et-balogun-incertains\/#breadcrumb\",\"itemListElement\":[{\"@type\":\"ListItem\",\"position\":1,\"name\":\"Accueil\",\"item\":\"https:\/\/www.ladiagonale.net\/\"},{\"@type\":\"ListItem\",\"position\":2,\"name\":\"Salisu esp\u00e9r\u00e9 apr\u00e8s la tr\u00eave, Zakaria et Balogun incertains\"}]},{\"@type\":\"WebSite\",\"@id\":\"https:\/\/www.ladiagonale.net\/#website\",\"url\":\"https:\/\/www.ladiagonale.net\/\",\"name\":\"La Diagonale\",\"description\":\"Le site des supporters de l&#039;AS Monaco FC\",\"potentialAction\":[{\"@type\":\"SearchAction\",\"target\":{\"@type\":\"EntryPoint\",\"urlTemplate\":\"https:\/\/www.ladiagonale.net\/?s={search_term_string}\"},\"query-input\":\"required name=search_term_string\"}],\"inLanguage\":\"fr-FR\"},{\"@type\":\"Person\",\"@id\":\"https:\/\/www.ladiagonale.net\/#\/schema\/person\/79ff1e7b0853ed01b2aa26e64ad300bf\",\"name\":\"Damien Dellerba\",\"image\":{\"@type\":\"ImageObject\",\"inLanguage\":\"fr-FR\",\"@id\":\"https:\/\/www.ladiagonale.net\/#\/schema\/person\/image\/\",\"url\":\"https:\/\/secure.gravatar.com\/avatar\/c7850e06d3ff63cdbaee88b7fc16e2f0?s=96&d=mm&r=g\",\"contentUrl\":\"https:\/\/secure.gravatar.com\/avatar\/c7850e06d3ff63cdbaee88b7fc16e2f0?s=96&d=mm&r=g\",\"caption\":\"Damien Dellerba\"},\"url\":\"https:\/\/www.ladiagonale.net\/index.php\/author\/damien\/\"}]}<\/script>\n<!-- \/ Yoast SEO plugin. -->","yoast_head_json":{"title":"Salisu esp\u00e9r\u00e9 apr\u00e8s la tr\u00eave, Zakaria et Balogun incertains - La Diagonale","robots":{"index":"index","follow":"follow","max-snippet":"max-snippet:-1","max-image-preview":"max-image-preview:large","max-video-preview":"max-video-preview:-1"},"canonical":"https:\/\/www.ladiagonale.net\/index.php\/2023\/08\/31\/salisu-espere-apres-la-treve-zakaria-et-balogun-incertains\/","og_locale":"fr_FR","og_type":"article","og_title":"Salisu esp\u00e9r\u00e9 apr\u00e8s la tr\u00eave, Zakaria et Balogun incertains - La Diagonale","og_description":"Samedi (21h), l&rsquo;AS Monaco va conna\u00eetre son premier vrai test de la saison avec la r\u00e9ception de Lens au stade Louis-II. Pour cette rencontre, Monaco sera priv\u00e9 d&rsquo;Eliesse Ben Seghir et Edan Diop, toujours bless\u00e9s, mais aussi de Mohammed Salisu. Le d\u00e9fenseur ghan\u00e9en est encore trop juste, comme l&rsquo;a confi\u00e9 Adi H\u00fctter en conf\u00e9rence de [...]","og_url":"https:\/\/www.ladiagonale.net\/index.php\/2023\/08\/31\/salisu-espere-apres-la-treve-zakaria-et-balogun-incertains\/","og_site_name":"La Diagonale","article_published_time":"2023-08-31T13:47:21+00:00","article_modified_time":"2023-08-31T13:51:56+00:00","og_image":[{"width":1160,"height":650,"url":"https:\/\/www.ladiagonale.net\/wp-content\/uploads\/2023\/08\/salisu2-1.png","type":"image\/png"}],"author":"Damien Dellerba","twitter_card":"summary_large_image","twitter_image":"https:\/\/www.ladiagonale.net\/wp-content\/uploads\/2023\/08\/salisu2-1.png","twitter_misc":{"\u00c9crit par":"Damien Dellerba","Dur\u00e9e de lecture estim\u00e9e":"2 minutes"},"schema":{"@context":"https:\/\/schema.org","@graph":[{"@type":"WebPage","@id":"https:\/\/www.ladiagonale.net\/index.php\/2023\/08\/31\/salisu-espere-apres-la-treve-zakaria-et-balogun-incertains\/","url":"https:\/\/www.ladiagonale.net\/index.php\/2023\/08\/31\/salisu-espere-apres-la-treve-zakaria-et-balogun-incertains\/","name":"Salisu esp\u00e9r\u00e9 apr\u00e8s la tr\u00eave, Zakaria et Balogun incertains - La Diagonale","isPartOf":{"@id":"https:\/\/www.ladiagonale.net\/#website"},"datePublished":"2023-08-31T13:47:21+00:00","dateModified":"2023-08-31T13:51:56+00:00","author":{"@id":"https:\/\/www.ladiagonale.net\/#\/schema\/person\/79ff1e7b0853ed01b2aa26e64ad300bf"},"breadcrumb":{"@id":"https:\/\/www.ladiagonale.net\/index.php\/2023\/08\/31\/salisu-espere-apres-la-treve-zakaria-et-balogun-incertains\/#breadcrumb"},"inLanguage":"fr-FR","potentialAction":[{"@type":"ReadAction","target":["https:\/\/www.ladiagonale.net\/index.php\/2023\/08\/31\/salisu-espere-apres-la-treve-zakaria-et-balogun-incertains\/"]}]},{"@type":"BreadcrumbList","@id":"https:\/\/www.ladiagonale.net\/index.php\/2023\/08\/31\/salisu-espere-apres-la-treve-zakaria-et-balogun-incertains\/#breadcrumb","itemListElement":[{"@type":"ListItem","position":1,"name":"Accueil","item":"https:\/\/www.ladiagonale.net\/"},{"@type":"ListItem","position":2,"name":"Salisu esp\u00e9r\u00e9 apr\u00e8s la tr\u00eave, Zakaria et Balogun incertains"}]},{"@type":"WebSite","@id":"https:\/\/www.ladiagonale.net\/#website","url":"https:\/\/www.ladiagonale.net\/","name":"La Diagonale","description":"Le site des supporters de l&#039;AS Monaco FC","potentialAction":[{"@type":"SearchAction","target":{"@type":"EntryPoint","urlTemplate":"https:\/\/www.ladiagonale.net\/?s={search_term_string}"},"query-input":"required name=search_term_string"}],"inLanguage":"fr-FR"},{"@type":"Person","@id":"https:\/\/www.ladiagonale.net\/#\/schema\/person\/79ff1e7b0853ed01b2aa26e64ad300bf","name":"Damien Dellerba","image":{"@type":"ImageObject","inLanguage":"fr-FR","@id":"https:\/\/www.ladiagonale.net\/#\/schema\/person\/image\/","url":"https:\/\/secure.gravatar.com\/avatar\/c7850e06d3ff63cdbaee88b7fc16e2f0?s=96&d=mm&r=g","contentUrl":"https:\/\/secure.gravatar.com\/avatar\/c7850e06d3ff63cdbaee88b7fc16e2f0?s=96&d=mm&r=g","caption":"Damien Dellerba"},"url":"https:\/\/www.ladiagonale.net\/index.php\/author\/damien\/"}]}},"_links":{"self":[{"href":"https:\/\/www.ladiagonale.net\/index.php\/wp-json\/wp\/v2\/posts\/15773"}],"collection":[{"href":"https:\/\/www.ladiagonale.net\/index.php\/wp-json\/wp\/v2\/posts"}],"about":[{"href":"https:\/\/www.ladiagonale.net\/index.php\/wp-json\/wp\/v2\/types\/post"}],"author":[{"embeddable":true,"href":"https:\/\/www.ladiagonale.net\/index.php\/wp-json\/wp\/v2\/users\/2"}],"replies":[{"embeddable":true,"href":"https:\/\/www.ladiagonale.net\/index.php\/wp-json\/wp\/v2\/comments?post=15773"}],"version-history":[{"count":2,"href":"https:\/\/www.ladiagonale.net\/index.php\/wp-json\/wp\/v2\/posts\/15773\/revisions"}],"predecessor-version":[{"id":15775,"href":"https:\/\/www.ladiagonale.net\/index.php\/wp-json\/wp\/v2\/posts\/15773\/revisions\/15775"}],"wp:attachment":[{"href":"https:\/\/www.ladiagonale.net\/index.php\/wp-json\/wp\/v2\/media?parent=15773"}],"wp:term":[{"taxonomy":"category","embeddable":true,"href":"https:\/\/www.ladiagonale.net\/index.php\/wp-json\/wp\/v2\/categories?post=15773"},{"taxonomy":"post_tag","embeddable":true,"href":"https:\/\/www.ladiagonale.net\/index.php\/wp-json\/wp\/v2\/tags?post=15773"}],"curies":[{"name":"wp","href":"https:\/\/api.w.org\/{rel}","templated":true}]}}