{"id":15779,"date":"2023-08-31T16:37:31","date_gmt":"2023-08-31T14:37:31","guid":{"rendered":"https:\/\/www.ladiagonale.net\/?p=15779"},"modified":"2023-08-31T16:45:11","modified_gmt":"2023-08-31T14:45:11","slug":"scuro-repond-a-fofana-sur-les-objectifs-du-club","status":"publish","type":"post","link":"https:\/\/www.ladiagonale.net\/index.php\/2023\/08\/31\/scuro-repond-a-fofana-sur-les-objectifs-du-club\/","title":{"rendered":"Scuro r\u00e9pond \u00e0 Fofana sur les objectifs du club"},"content":{"rendered":"\n\n\n<p>\u00c0 l&rsquo;issue de la rencontre entre Monaco et Nantes vendredi dernier, Youssouf Fofana avait indiqu\u00e9 ne pas avoir eu de <a href=\"https:\/\/www.ladiagonale.net\/index.php\/2023\/08\/26\/fofana-on-na-pas-encore-vu-les-objectifs-de-la-saison-avec-le-directeur-sportif\/\">discussions avec la direction pour \u00e9voquer les objectifs du club<\/a> cette saison. Une sortie qui avait pu interpeller dans la mesure o\u00f9 Thiago Scuro avait insist\u00e9 sur la n\u00e9cessit\u00e9 pour l&rsquo;AS Monaco de <a href=\"https:\/\/www.ladiagonale.net\/index.php\/2023\/07\/06\/scuro-veut-que-monaco-retrouve-la-ligue-des-champions\/\">retrouver la Ligue des champions<\/a> cette ann\u00e9e. Averti sur cette sortie du milieu de terrain, Thiago Scuro a indiqu\u00e9, non sans une pointe d&rsquo;humour, que cette discussion avait bien eu lieu la semaine derni\u00e8re.<\/p>\n\n\n\n<p>\u00ab\u00a0<em>En r\u00e9alit\u00e9, nous l\u2019avons fait la semaine derni\u00e8re. Youssouf est l\u2019un de nos leaders et nous l\u2019avons fait ensemble. Tout a \u00e9t\u00e9 tr\u00e8s clair avec les joueurs \u00e0 propos des objectifs, ce que nous attendions d\u2019eux individuellement et en tant qu\u2019\u00e9quipe, <\/em>a expliqu\u00e9 Scuro<em>. C\u2019est bien que vous nous pr\u00e9veniez, car il y a peut-\u00eatre une v\u00e9rification \u00e0 faire avec lui. Peut-\u00eatre qu\u2019il y a l\u2019obstacle de la langue et je dois am\u00e9liorer mon fran\u00e7ais. Et peut-\u00eatre qu\u2019il doit am\u00e9liorer son anglais, je vais v\u00e9rifier \u00e7a (rires). Mais nous l\u2019avons fait la semaine derni\u00e8re, tout est r\u00e9gl\u00e9. J\u2019ai l\u2019habitude de faire cela avant le d\u00e9but de la saison et j\u2019ai r\u00e9p\u00e9t\u00e9 ce processus ici \u00e0 Monaco.<\/em>\u00a0\u00bb<\/p>\n","protected":false},"excerpt":{"rendered":"<p>\u00c0 l&rsquo;issue de la rencontre entre Monaco et Nantes vendredi dernier, Youssouf Fofana avait indiqu\u00e9 ne pas avoir eu de discussions avec la direction pour \u00e9voquer les objectifs du club cette saison. Une sortie qui avait pu interpeller dans la mesure o\u00f9 Thiago Scuro avait insist\u00e9 sur la n\u00e9cessit\u00e9 pour l&rsquo;AS Monaco de retrouver la [&#8230;]\n","protected":false},"author":2,"featured_media":0,"comment_status":"open","ping_status":"open","sticky":false,"template":"","format":"standard","meta":[],"categories":[6],"tags":[86,479,176],"yoast_head":"<!-- This site is optimized with the Yoast SEO plugin v19.8 - https:\/\/yoast.com\/wordpress\/plugins\/seo\/ -->\n<title>Scuro r\u00e9pond \u00e0 Fofana sur les objectifs du club - La Diagonale<\/title>\n<meta name=\"robots\" content=\"index, follow, max-snippet:-1, max-image-preview:large, max-video-preview:-1\" \/>\n<link rel=\"canonical\" href=\"https:\/\/www.ladiagonale.net\/index.php\/2023\/08\/31\/scuro-repond-a-fofana-sur-les-objectifs-du-club\/\" \/>\n<meta property=\"og:locale\" content=\"fr_FR\" \/>\n<meta property=\"og:type\" content=\"article\" \/>\n<meta property=\"og:title\" content=\"Scuro r\u00e9pond \u00e0 Fofana sur les objectifs du club - La Diagonale\" \/>\n<meta property=\"og:description\" content=\"\u00c0 l&rsquo;issue de la rencontre entre Monaco et Nantes vendredi dernier, Youssouf Fofana avait indiqu\u00e9 ne pas avoir eu de discussions avec la direction pour \u00e9voquer les objectifs du club cette saison. Une sortie qui avait pu interpeller dans la mesure o\u00f9 Thiago Scuro avait insist\u00e9 sur la n\u00e9cessit\u00e9 pour l&rsquo;AS Monaco de retrouver la [...]\" \/>\n<meta property=\"og:url\" content=\"https:\/\/www.ladiagonale.net\/index.php\/2023\/08\/31\/scuro-repond-a-fofana-sur-les-objectifs-du-club\/\" \/>\n<meta property=\"og:site_name\" content=\"La Diagonale\" \/>\n<meta property=\"article:published_time\" content=\"2023-08-31T14:37:31+00:00\" \/>\n<meta property=\"article:modified_time\" content=\"2023-08-31T14:45:11+00:00\" \/>\n<meta property=\"og:image\" content=\"https:\/\/www.ladiagonale.net\/wp-content\/uploads\/2023\/07\/scuro.png\" \/>\n\t<meta property=\"og:image:width\" content=\"1160\" \/>\n\t<meta property=\"og:image:height\" content=\"650\" \/>\n\t<meta property=\"og:image:type\" content=\"image\/png\" \/>\n<meta name=\"author\" content=\"Damien Dellerba\" \/>\n<meta name=\"twitter:card\" content=\"summary_large_image\" \/>\n<meta name=\"twitter:image\" content=\"https:\/\/www.ladiagonale.net\/wp-content\/uploads\/2023\/07\/scuro.png\" \/>\n<meta name=\"twitter:label1\" content=\"\u00c9crit par\" \/>\n\t<meta name=\"twitter:data1\" content=\"Damien Dellerba\" \/>\n\t<meta name=\"twitter:label2\" content=\"Dur\u00e9e de lecture estim\u00e9e\" \/>\n\t<meta name=\"twitter:data2\" content=\"2 minutes\" \/>\n<script type=\"application\/ld+json\" class=\"yoast-schema-graph\">{\"@context\":\"https:\/\/schema.org\",\"@graph\":[{\"@type\":\"WebPage\",\"@id\":\"https:\/\/www.ladiagonale.net\/index.php\/2023\/08\/31\/scuro-repond-a-fofana-sur-les-objectifs-du-club\/\",\"url\":\"https:\/\/www.ladiagonale.net\/index.php\/2023\/08\/31\/scuro-repond-a-fofana-sur-les-objectifs-du-club\/\",\"name\":\"Scuro r\u00e9pond \u00e0 Fofana sur les objectifs du club - La Diagonale\",\"isPartOf\":{\"@id\":\"https:\/\/www.ladiagonale.net\/#website\"},\"datePublished\":\"2023-08-31T14:37:31+00:00\",\"dateModified\":\"2023-08-31T14:45:11+00:00\",\"author\":{\"@id\":\"https:\/\/www.ladiagonale.net\/#\/schema\/person\/79ff1e7b0853ed01b2aa26e64ad300bf\"},\"breadcrumb\":{\"@id\":\"https:\/\/www.ladiagonale.net\/index.php\/2023\/08\/31\/scuro-repond-a-fofana-sur-les-objectifs-du-club\/#breadcrumb\"},\"inLanguage\":\"fr-FR\",\"potentialAction\":[{\"@type\":\"ReadAction\",\"target\":[\"https:\/\/www.ladiagonale.net\/index.php\/2023\/08\/31\/scuro-repond-a-fofana-sur-les-objectifs-du-club\/\"]}]},{\"@type\":\"BreadcrumbList\",\"@id\":\"https:\/\/www.ladiagonale.net\/index.php\/2023\/08\/31\/scuro-repond-a-fofana-sur-les-objectifs-du-club\/#breadcrumb\",\"itemListElement\":[{\"@type\":\"ListItem\",\"position\":1,\"name\":\"Accueil\",\"item\":\"https:\/\/www.ladiagonale.net\/\"},{\"@type\":\"ListItem\",\"position\":2,\"name\":\"Scuro r\u00e9pond \u00e0 Fofana sur les objectifs du club\"}]},{\"@type\":\"WebSite\",\"@id\":\"https:\/\/www.ladiagonale.net\/#website\",\"url\":\"https:\/\/www.ladiagonale.net\/\",\"name\":\"La Diagonale\",\"description\":\"Le site des supporters de l&#039;AS Monaco FC\",\"potentialAction\":[{\"@type\":\"SearchAction\",\"target\":{\"@type\":\"EntryPoint\",\"urlTemplate\":\"https:\/\/www.ladiagonale.net\/?s={search_term_string}\"},\"query-input\":\"required name=search_term_string\"}],\"inLanguage\":\"fr-FR\"},{\"@type\":\"Person\",\"@id\":\"https:\/\/www.ladiagonale.net\/#\/schema\/person\/79ff1e7b0853ed01b2aa26e64ad300bf\",\"name\":\"Damien Dellerba\",\"image\":{\"@type\":\"ImageObject\",\"inLanguage\":\"fr-FR\",\"@id\":\"https:\/\/www.ladiagonale.net\/#\/schema\/person\/image\/\",\"url\":\"https:\/\/secure.gravatar.com\/avatar\/c7850e06d3ff63cdbaee88b7fc16e2f0?s=96&d=mm&r=g\",\"contentUrl\":\"https:\/\/secure.gravatar.com\/avatar\/c7850e06d3ff63cdbaee88b7fc16e2f0?s=96&d=mm&r=g\",\"caption\":\"Damien Dellerba\"},\"url\":\"https:\/\/www.ladiagonale.net\/index.php\/author\/damien\/\"}]}<\/script>\n<!-- \/ Yoast SEO plugin. -->","yoast_head_json":{"title":"Scuro r\u00e9pond \u00e0 Fofana sur les objectifs du club - La Diagonale","robots":{"index":"index","follow":"follow","max-snippet":"max-snippet:-1","max-image-preview":"max-image-preview:large","max-video-preview":"max-video-preview:-1"},"canonical":"https:\/\/www.ladiagonale.net\/index.php\/2023\/08\/31\/scuro-repond-a-fofana-sur-les-objectifs-du-club\/","og_locale":"fr_FR","og_type":"article","og_title":"Scuro r\u00e9pond \u00e0 Fofana sur les objectifs du club - La Diagonale","og_description":"\u00c0 l&rsquo;issue de la rencontre entre Monaco et Nantes vendredi dernier, Youssouf Fofana avait indiqu\u00e9 ne pas avoir eu de discussions avec la direction pour \u00e9voquer les objectifs du club cette saison. Une sortie qui avait pu interpeller dans la mesure o\u00f9 Thiago Scuro avait insist\u00e9 sur la n\u00e9cessit\u00e9 pour l&rsquo;AS Monaco de retrouver la [...]","og_url":"https:\/\/www.ladiagonale.net\/index.php\/2023\/08\/31\/scuro-repond-a-fofana-sur-les-objectifs-du-club\/","og_site_name":"La Diagonale","article_published_time":"2023-08-31T14:37:31+00:00","article_modified_time":"2023-08-31T14:45:11+00:00","og_image":[{"width":1160,"height":650,"url":"https:\/\/www.ladiagonale.net\/wp-content\/uploads\/2023\/07\/scuro.png","type":"image\/png"}],"author":"Damien Dellerba","twitter_card":"summary_large_image","twitter_image":"https:\/\/www.ladiagonale.net\/wp-content\/uploads\/2023\/07\/scuro.png","twitter_misc":{"\u00c9crit par":"Damien Dellerba","Dur\u00e9e de lecture estim\u00e9e":"2 minutes"},"schema":{"@context":"https:\/\/schema.org","@graph":[{"@type":"WebPage","@id":"https:\/\/www.ladiagonale.net\/index.php\/2023\/08\/31\/scuro-repond-a-fofana-sur-les-objectifs-du-club\/","url":"https:\/\/www.ladiagonale.net\/index.php\/2023\/08\/31\/scuro-repond-a-fofana-sur-les-objectifs-du-club\/","name":"Scuro r\u00e9pond \u00e0 Fofana sur les objectifs du club - La Diagonale","isPartOf":{"@id":"https:\/\/www.ladiagonale.net\/#website"},"datePublished":"2023-08-31T14:37:31+00:00","dateModified":"2023-08-31T14:45:11+00:00","author":{"@id":"https:\/\/www.ladiagonale.net\/#\/schema\/person\/79ff1e7b0853ed01b2aa26e64ad300bf"},"breadcrumb":{"@id":"https:\/\/www.ladiagonale.net\/index.php\/2023\/08\/31\/scuro-repond-a-fofana-sur-les-objectifs-du-club\/#breadcrumb"},"inLanguage":"fr-FR","potentialAction":[{"@type":"ReadAction","target":["https:\/\/www.ladiagonale.net\/index.php\/2023\/08\/31\/scuro-repond-a-fofana-sur-les-objectifs-du-club\/"]}]},{"@type":"BreadcrumbList","@id":"https:\/\/www.ladiagonale.net\/index.php\/2023\/08\/31\/scuro-repond-a-fofana-sur-les-objectifs-du-club\/#breadcrumb","itemListElement":[{"@type":"ListItem","position":1,"name":"Accueil","item":"https:\/\/www.ladiagonale.net\/"},{"@type":"ListItem","position":2,"name":"Scuro r\u00e9pond \u00e0 Fofana sur les objectifs du club"}]},{"@type":"WebSite","@id":"https:\/\/www.ladiagonale.net\/#website","url":"https:\/\/www.ladiagonale.net\/","name":"La Diagonale","description":"Le site des supporters de l&#039;AS Monaco FC","potentialAction":[{"@type":"SearchAction","target":{"@type":"EntryPoint","urlTemplate":"https:\/\/www.ladiagonale.net\/?s={search_term_string}"},"query-input":"required name=search_term_string"}],"inLanguage":"fr-FR"},{"@type":"Person","@id":"https:\/\/www.ladiagonale.net\/#\/schema\/person\/79ff1e7b0853ed01b2aa26e64ad300bf","name":"Damien Dellerba","image":{"@type":"ImageObject","inLanguage":"fr-FR","@id":"https:\/\/www.ladiagonale.net\/#\/schema\/person\/image\/","url":"https:\/\/secure.gravatar.com\/avatar\/c7850e06d3ff63cdbaee88b7fc16e2f0?s=96&d=mm&r=g","contentUrl":"https:\/\/secure.gravatar.com\/avatar\/c7850e06d3ff63cdbaee88b7fc16e2f0?s=96&d=mm&r=g","caption":"Damien Dellerba"},"url":"https:\/\/www.ladiagonale.net\/index.php\/author\/damien\/"}]}},"_links":{"self":[{"href":"https:\/\/www.ladiagonale.net\/index.php\/wp-json\/wp\/v2\/posts\/15779"}],"collection":[{"href":"https:\/\/www.ladiagonale.net\/index.php\/wp-json\/wp\/v2\/posts"}],"about":[{"href":"https:\/\/www.ladiagonale.net\/index.php\/wp-json\/wp\/v2\/types\/post"}],"author":[{"embeddable":true,"href":"https:\/\/www.ladiagonale.net\/index.php\/wp-json\/wp\/v2\/users\/2"}],"replies":[{"embeddable":true,"href":"https:\/\/www.ladiagonale.net\/index.php\/wp-json\/wp\/v2\/comments?post=15779"}],"version-history":[{"count":2,"href":"https:\/\/www.ladiagonale.net\/index.php\/wp-json\/wp\/v2\/posts\/15779\/revisions"}],"predecessor-version":[{"id":15781,"href":"https:\/\/www.ladiagonale.net\/index.php\/wp-json\/wp\/v2\/posts\/15779\/revisions\/15781"}],"wp:attachment":[{"href":"https:\/\/www.ladiagonale.net\/index.php\/wp-json\/wp\/v2\/media?parent=15779"}],"wp:term":[{"taxonomy":"category","embeddable":true,"href":"https:\/\/www.ladiagonale.net\/index.php\/wp-json\/wp\/v2\/categories?post=15779"},{"taxonomy":"post_tag","embeddable":true,"href":"https:\/\/www.ladiagonale.net\/index.php\/wp-json\/wp\/v2\/tags?post=15779"}],"curies":[{"name":"wp","href":"https:\/\/api.w.org\/{rel}","templated":true}]}}