{"id":15798,"date":"2023-08-31T22:36:39","date_gmt":"2023-08-31T20:36:39","guid":{"rendered":"https:\/\/www.ladiagonale.net\/?p=15798"},"modified":"2023-08-31T23:05:48","modified_gmt":"2023-08-31T21:05:48","slug":"monaco-aurait-refuse-des-demandes-de-pret-pour-fofana","status":"publish","type":"post","link":"https:\/\/www.ladiagonale.net\/index.php\/2023\/08\/31\/monaco-aurait-refuse-des-demandes-de-pret-pour-fofana\/","title":{"rendered":"Monaco aurait refus\u00e9 des demandes de pr\u00eat pour Fofana"},"content":{"rendered":"\n\n\n<p>La cl\u00f4ture du march\u00e9 des transferts approche et les int\u00e9r\u00eats de plusieurs clubs semblent devenir plus concrets pour Youssouf Fofana. Selon le journaliste italien Fabrizio Romano, l&rsquo;Inter Milan aurait formul\u00e9 une offre de pr\u00eat avec option d&rsquo;achat, de m\u00eame que Manchester United. L&rsquo;ASM aurait refus\u00e9 les deux propositions et ne voudrait pas entendre parler d&rsquo;un pr\u00eat. Pour racheter les deux derni\u00e8res ann\u00e9es de contrat du milieu de terrain de 22 ans, il faudra donc formuler une offre de transfert ferme.<\/p>\n\n\n\n<p>Alors qu&rsquo;un d\u00e9part de Fofana semblait in\u00e9luctable au d\u00e9but du mercato, <a href=\"https:\/\/www.ladiagonale.net\/index.php\/2023\/08\/31\/fofana-convoque-avec-la-france\/\">le milieu de terrain de l&rsquo;\u00e9quipe de France<\/a> pourrait finalement rester \u00e0 l&rsquo;AS Monaco une saison de plus et il a d\u00e9j\u00e0 disput\u00e9 les trois premi\u00e8res rencontres de la saison avec le maillot mon\u00e9gasque. Les rumeurs les plus r\u00e9centes \u00e0 son sujet r\u00e9v\u00e9laient que <a href=\"https:\/\/www.ladiagonale.net\/index.php\/2023\/08\/17\/nottingham-forest-pret-a-mettre-plus-de-35-millions-pour-fofana\/\">seul Nottingham Forest semblait pr\u00eat \u00e0 formuler une proposition de transfert<\/a> pour Fofana. Un int\u00e9r\u00eat <a href=\"https:\/\/www.ladiagonale.net\/index.php\/2023\/08\/08\/fofana-aurait-refuse-nottingham-forest\/\">qui ne serait pas vraiment r\u00e9ciproque<\/a>. <\/p>\n","protected":false},"excerpt":{"rendered":"<p>La cl\u00f4ture du march\u00e9 des transferts approche et les int\u00e9r\u00eats de plusieurs clubs semblent devenir plus concrets pour Youssouf Fofana. Selon le journaliste italien Fabrizio Romano, l&rsquo;Inter Milan aurait formul\u00e9 une offre de pr\u00eat avec option d&rsquo;achat, de m\u00eame que Manchester United. L&rsquo;ASM aurait refus\u00e9 les deux propositions et ne voudrait pas entendre parler d&rsquo;un [&#8230;]\n","protected":false},"author":2,"featured_media":0,"comment_status":"open","ping_status":"open","sticky":false,"template":"","format":"standard","meta":[],"categories":[6],"tags":[86,689,624,111,110,176],"yoast_head":"<!-- This site is optimized with the Yoast SEO plugin v19.8 - https:\/\/yoast.com\/wordpress\/plugins\/seo\/ -->\n<title>Monaco aurait refus\u00e9 des demandes de pr\u00eat pour Fofana - La Diagonale<\/title>\n<meta name=\"robots\" content=\"index, follow, max-snippet:-1, max-image-preview:large, max-video-preview:-1\" \/>\n<link rel=\"canonical\" href=\"https:\/\/www.ladiagonale.net\/index.php\/2023\/08\/31\/monaco-aurait-refuse-des-demandes-de-pret-pour-fofana\/\" \/>\n<meta property=\"og:locale\" content=\"fr_FR\" \/>\n<meta property=\"og:type\" content=\"article\" \/>\n<meta property=\"og:title\" content=\"Monaco aurait refus\u00e9 des demandes de pr\u00eat pour Fofana - La Diagonale\" \/>\n<meta property=\"og:description\" content=\"La cl\u00f4ture du march\u00e9 des transferts approche et les int\u00e9r\u00eats de plusieurs clubs semblent devenir plus concrets pour Youssouf Fofana. Selon le journaliste italien Fabrizio Romano, l&rsquo;Inter Milan aurait formul\u00e9 une offre de pr\u00eat avec option d&rsquo;achat, de m\u00eame que Manchester United. L&rsquo;ASM aurait refus\u00e9 les deux propositions et ne voudrait pas entendre parler d&rsquo;un [...]\" \/>\n<meta property=\"og:url\" content=\"https:\/\/www.ladiagonale.net\/index.php\/2023\/08\/31\/monaco-aurait-refuse-des-demandes-de-pret-pour-fofana\/\" \/>\n<meta property=\"og:site_name\" content=\"La Diagonale\" \/>\n<meta property=\"article:published_time\" content=\"2023-08-31T20:36:39+00:00\" \/>\n<meta property=\"article:modified_time\" content=\"2023-08-31T21:05:48+00:00\" \/>\n<meta property=\"og:image\" content=\"https:\/\/www.ladiagonale.net\/wp-content\/uploads\/2023\/08\/fofana2.png\" \/>\n\t<meta property=\"og:image:width\" content=\"1160\" \/>\n\t<meta property=\"og:image:height\" content=\"650\" \/>\n\t<meta property=\"og:image:type\" content=\"image\/png\" \/>\n<meta name=\"author\" content=\"Damien Dellerba\" \/>\n<meta name=\"twitter:card\" content=\"summary_large_image\" \/>\n<meta name=\"twitter:image\" content=\"https:\/\/www.ladiagonale.net\/wp-content\/uploads\/2023\/08\/fofana2.png\" \/>\n<meta name=\"twitter:label1\" content=\"\u00c9crit par\" \/>\n\t<meta name=\"twitter:data1\" content=\"Damien Dellerba\" \/>\n\t<meta name=\"twitter:label2\" content=\"Dur\u00e9e de lecture estim\u00e9e\" \/>\n\t<meta name=\"twitter:data2\" content=\"1 minute\" \/>\n<script type=\"application\/ld+json\" class=\"yoast-schema-graph\">{\"@context\":\"https:\/\/schema.org\",\"@graph\":[{\"@type\":\"WebPage\",\"@id\":\"https:\/\/www.ladiagonale.net\/index.php\/2023\/08\/31\/monaco-aurait-refuse-des-demandes-de-pret-pour-fofana\/\",\"url\":\"https:\/\/www.ladiagonale.net\/index.php\/2023\/08\/31\/monaco-aurait-refuse-des-demandes-de-pret-pour-fofana\/\",\"name\":\"Monaco aurait refus\u00e9 des demandes de pr\u00eat pour Fofana - La Diagonale\",\"isPartOf\":{\"@id\":\"https:\/\/www.ladiagonale.net\/#website\"},\"datePublished\":\"2023-08-31T20:36:39+00:00\",\"dateModified\":\"2023-08-31T21:05:48+00:00\",\"author\":{\"@id\":\"https:\/\/www.ladiagonale.net\/#\/schema\/person\/79ff1e7b0853ed01b2aa26e64ad300bf\"},\"breadcrumb\":{\"@id\":\"https:\/\/www.ladiagonale.net\/index.php\/2023\/08\/31\/monaco-aurait-refuse-des-demandes-de-pret-pour-fofana\/#breadcrumb\"},\"inLanguage\":\"fr-FR\",\"potentialAction\":[{\"@type\":\"ReadAction\",\"target\":[\"https:\/\/www.ladiagonale.net\/index.php\/2023\/08\/31\/monaco-aurait-refuse-des-demandes-de-pret-pour-fofana\/\"]}]},{\"@type\":\"BreadcrumbList\",\"@id\":\"https:\/\/www.ladiagonale.net\/index.php\/2023\/08\/31\/monaco-aurait-refuse-des-demandes-de-pret-pour-fofana\/#breadcrumb\",\"itemListElement\":[{\"@type\":\"ListItem\",\"position\":1,\"name\":\"Accueil\",\"item\":\"https:\/\/www.ladiagonale.net\/\"},{\"@type\":\"ListItem\",\"position\":2,\"name\":\"Monaco aurait refus\u00e9 des demandes de pr\u00eat pour Fofana\"}]},{\"@type\":\"WebSite\",\"@id\":\"https:\/\/www.ladiagonale.net\/#website\",\"url\":\"https:\/\/www.ladiagonale.net\/\",\"name\":\"La Diagonale\",\"description\":\"Le site des supporters de l&#039;AS Monaco FC\",\"potentialAction\":[{\"@type\":\"SearchAction\",\"target\":{\"@type\":\"EntryPoint\",\"urlTemplate\":\"https:\/\/www.ladiagonale.net\/?s={search_term_string}\"},\"query-input\":\"required name=search_term_string\"}],\"inLanguage\":\"fr-FR\"},{\"@type\":\"Person\",\"@id\":\"https:\/\/www.ladiagonale.net\/#\/schema\/person\/79ff1e7b0853ed01b2aa26e64ad300bf\",\"name\":\"Damien Dellerba\",\"image\":{\"@type\":\"ImageObject\",\"inLanguage\":\"fr-FR\",\"@id\":\"https:\/\/www.ladiagonale.net\/#\/schema\/person\/image\/\",\"url\":\"https:\/\/secure.gravatar.com\/avatar\/c7850e06d3ff63cdbaee88b7fc16e2f0?s=96&d=mm&r=g\",\"contentUrl\":\"https:\/\/secure.gravatar.com\/avatar\/c7850e06d3ff63cdbaee88b7fc16e2f0?s=96&d=mm&r=g\",\"caption\":\"Damien Dellerba\"},\"url\":\"https:\/\/www.ladiagonale.net\/index.php\/author\/damien\/\"}]}<\/script>\n<!-- \/ Yoast SEO plugin. -->","yoast_head_json":{"title":"Monaco aurait refus\u00e9 des demandes de pr\u00eat pour Fofana - La Diagonale","robots":{"index":"index","follow":"follow","max-snippet":"max-snippet:-1","max-image-preview":"max-image-preview:large","max-video-preview":"max-video-preview:-1"},"canonical":"https:\/\/www.ladiagonale.net\/index.php\/2023\/08\/31\/monaco-aurait-refuse-des-demandes-de-pret-pour-fofana\/","og_locale":"fr_FR","og_type":"article","og_title":"Monaco aurait refus\u00e9 des demandes de pr\u00eat pour Fofana - La Diagonale","og_description":"La cl\u00f4ture du march\u00e9 des transferts approche et les int\u00e9r\u00eats de plusieurs clubs semblent devenir plus concrets pour Youssouf Fofana. Selon le journaliste italien Fabrizio Romano, l&rsquo;Inter Milan aurait formul\u00e9 une offre de pr\u00eat avec option d&rsquo;achat, de m\u00eame que Manchester United. L&rsquo;ASM aurait refus\u00e9 les deux propositions et ne voudrait pas entendre parler d&rsquo;un [...]","og_url":"https:\/\/www.ladiagonale.net\/index.php\/2023\/08\/31\/monaco-aurait-refuse-des-demandes-de-pret-pour-fofana\/","og_site_name":"La Diagonale","article_published_time":"2023-08-31T20:36:39+00:00","article_modified_time":"2023-08-31T21:05:48+00:00","og_image":[{"width":1160,"height":650,"url":"https:\/\/www.ladiagonale.net\/wp-content\/uploads\/2023\/08\/fofana2.png","type":"image\/png"}],"author":"Damien Dellerba","twitter_card":"summary_large_image","twitter_image":"https:\/\/www.ladiagonale.net\/wp-content\/uploads\/2023\/08\/fofana2.png","twitter_misc":{"\u00c9crit par":"Damien Dellerba","Dur\u00e9e de lecture estim\u00e9e":"1 minute"},"schema":{"@context":"https:\/\/schema.org","@graph":[{"@type":"WebPage","@id":"https:\/\/www.ladiagonale.net\/index.php\/2023\/08\/31\/monaco-aurait-refuse-des-demandes-de-pret-pour-fofana\/","url":"https:\/\/www.ladiagonale.net\/index.php\/2023\/08\/31\/monaco-aurait-refuse-des-demandes-de-pret-pour-fofana\/","name":"Monaco aurait refus\u00e9 des demandes de pr\u00eat pour Fofana - La Diagonale","isPartOf":{"@id":"https:\/\/www.ladiagonale.net\/#website"},"datePublished":"2023-08-31T20:36:39+00:00","dateModified":"2023-08-31T21:05:48+00:00","author":{"@id":"https:\/\/www.ladiagonale.net\/#\/schema\/person\/79ff1e7b0853ed01b2aa26e64ad300bf"},"breadcrumb":{"@id":"https:\/\/www.ladiagonale.net\/index.php\/2023\/08\/31\/monaco-aurait-refuse-des-demandes-de-pret-pour-fofana\/#breadcrumb"},"inLanguage":"fr-FR","potentialAction":[{"@type":"ReadAction","target":["https:\/\/www.ladiagonale.net\/index.php\/2023\/08\/31\/monaco-aurait-refuse-des-demandes-de-pret-pour-fofana\/"]}]},{"@type":"BreadcrumbList","@id":"https:\/\/www.ladiagonale.net\/index.php\/2023\/08\/31\/monaco-aurait-refuse-des-demandes-de-pret-pour-fofana\/#breadcrumb","itemListElement":[{"@type":"ListItem","position":1,"name":"Accueil","item":"https:\/\/www.ladiagonale.net\/"},{"@type":"ListItem","position":2,"name":"Monaco aurait refus\u00e9 des demandes de pr\u00eat pour Fofana"}]},{"@type":"WebSite","@id":"https:\/\/www.ladiagonale.net\/#website","url":"https:\/\/www.ladiagonale.net\/","name":"La Diagonale","description":"Le site des supporters de l&#039;AS Monaco FC","potentialAction":[{"@type":"SearchAction","target":{"@type":"EntryPoint","urlTemplate":"https:\/\/www.ladiagonale.net\/?s={search_term_string}"},"query-input":"required name=search_term_string"}],"inLanguage":"fr-FR"},{"@type":"Person","@id":"https:\/\/www.ladiagonale.net\/#\/schema\/person\/79ff1e7b0853ed01b2aa26e64ad300bf","name":"Damien Dellerba","image":{"@type":"ImageObject","inLanguage":"fr-FR","@id":"https:\/\/www.ladiagonale.net\/#\/schema\/person\/image\/","url":"https:\/\/secure.gravatar.com\/avatar\/c7850e06d3ff63cdbaee88b7fc16e2f0?s=96&d=mm&r=g","contentUrl":"https:\/\/secure.gravatar.com\/avatar\/c7850e06d3ff63cdbaee88b7fc16e2f0?s=96&d=mm&r=g","caption":"Damien Dellerba"},"url":"https:\/\/www.ladiagonale.net\/index.php\/author\/damien\/"}]}},"_links":{"self":[{"href":"https:\/\/www.ladiagonale.net\/index.php\/wp-json\/wp\/v2\/posts\/15798"}],"collection":[{"href":"https:\/\/www.ladiagonale.net\/index.php\/wp-json\/wp\/v2\/posts"}],"about":[{"href":"https:\/\/www.ladiagonale.net\/index.php\/wp-json\/wp\/v2\/types\/post"}],"author":[{"embeddable":true,"href":"https:\/\/www.ladiagonale.net\/index.php\/wp-json\/wp\/v2\/users\/2"}],"replies":[{"embeddable":true,"href":"https:\/\/www.ladiagonale.net\/index.php\/wp-json\/wp\/v2\/comments?post=15798"}],"version-history":[{"count":2,"href":"https:\/\/www.ladiagonale.net\/index.php\/wp-json\/wp\/v2\/posts\/15798\/revisions"}],"predecessor-version":[{"id":15800,"href":"https:\/\/www.ladiagonale.net\/index.php\/wp-json\/wp\/v2\/posts\/15798\/revisions\/15800"}],"wp:attachment":[{"href":"https:\/\/www.ladiagonale.net\/index.php\/wp-json\/wp\/v2\/media?parent=15798"}],"wp:term":[{"taxonomy":"category","embeddable":true,"href":"https:\/\/www.ladiagonale.net\/index.php\/wp-json\/wp\/v2\/categories?post=15798"},{"taxonomy":"post_tag","embeddable":true,"href":"https:\/\/www.ladiagonale.net\/index.php\/wp-json\/wp\/v2\/tags?post=15798"}],"curies":[{"name":"wp","href":"https:\/\/api.w.org\/{rel}","templated":true}]}}