{"id":15805,"date":"2023-09-01T08:43:00","date_gmt":"2023-09-01T06:43:00","guid":{"rendered":"https:\/\/www.ladiagonale.net\/?p=15805"},"modified":"2023-09-01T03:26:26","modified_gmt":"2023-09-01T01:26:26","slug":"lens-devient-la-bete-noire-de-lasm-en-principaute","status":"publish","type":"post","link":"https:\/\/www.ladiagonale.net\/index.php\/2023\/09\/01\/lens-devient-la-bete-noire-de-lasm-en-principaute\/","title":{"rendered":"Lens devient la b\u00eate noire de l&rsquo;ASM en Principaut\u00e9"},"content":{"rendered":"\n\n\n<p>52 confrontations se sont d\u00e9j\u00e0 d\u00e9roul\u00e9es en Principaut\u00e9 entre l\u2019AS Monaco et le RC Lens. Si le bilan reste assez largement \u00e0 l\u2019avantage des joueurs as\u00e9mistes, qui se sont impos\u00e9s \u00e0 34 reprises, les Lensois ont fait main basse sur cette rencontre depuis quelques ann\u00e9es. Au total, il n&rsquo;y a que 8 victoires en faveur de Lens mais il y en a surtout trois d&rsquo;affil\u00e9e depuis la remont\u00e9e des <em>Sang et Or<\/em> en Ligue 1. Les Rouge et Blanc n&rsquo;ont pas fait semblant lorsqu&rsquo;ils ont perdu, avec 9 buts encaiss\u00e9s pour seulement un seul inscrit en trois matches.<\/p>\n\n\n\n<p>L&rsquo;ASM a v\u00e9cu un v\u00e9ritable cauchemar la saison derni\u00e8re, avec une tr\u00e8s lourde d\u00e9faite (1-4) face \u00e0 un adversaire qui l&rsquo;a domin\u00e9 dans tous les secteurs de jeu. Badiashile avait inscrit le but de l&rsquo;espoir juste avant la mi-temps, permettant \u00e0 l&rsquo;ASM de revenir \u00e0 un but des Lensois, mais un p\u00e9nalty conc\u00e9d\u00e9 par Embolo en seconde p\u00e9riode avait permis \u00e0 Lens de reprendre de l&rsquo;air, avant de porter le coup de gr\u00e2ce sur une frappe de Wesley Sa\u00efd. Monaco avait \u00e9galement fini la rencontre \u00e0 10 apr\u00e8s l&rsquo;expulsion de Vanderson pour un deuxi\u00e8me avertissement.<\/p>\n\n\n\n<figure class=\"wp-block-embed is-type-video is-provider-youtube wp-block-embed-youtube wp-embed-aspect-16-9 wp-has-aspect-ratio\"><div class=\"wp-block-embed__wrapper\">\n<iframe loading=\"lazy\" title=\"AS MONACO 1-4 RC LENS - LIGUE 1 - 3\u00c8ME JOURN\u00c9E\" width=\"1020\" height=\"574\" src=\"https:\/\/www.youtube.com\/embed\/Djs7C7WLZWs?feature=oembed\" frameborder=\"0\" allow=\"accelerometer; autoplay; clipboard-write; encrypted-media; gyroscope; picture-in-picture; web-share\" allowfullscreen><\/iframe>\n<\/div><\/figure>\n\n\n\n<h4>Les cinq derni\u00e8res confrontations en Ligue 1, au stade Louis-II<\/h4>\n\n\n\n<figure class=\"wp-block-table is-style-stripes\"><table><tbody><tr><td class=\"has-text-align-center\" data-align=\"center\">Saison 2022-2023<\/td><td class=\"has-text-align-center\" data-align=\"center\">3<sup>e<\/sup> journ\u00e9e<\/td><td class=\"has-text-align-right\" data-align=\"right\">Monaco<\/td><td class=\"has-text-align-center\" data-align=\"center\">1-4<\/td><td><strong>Lens<\/strong><\/td><td class=\"has-text-align-center\" data-align=\"center\">\ud83d\udd34<\/td><\/tr><tr><td class=\"has-text-align-center\" data-align=\"center\">Saison 2021-2022<\/td><td class=\"has-text-align-center\" data-align=\"center\">3<sup>e<\/sup> journ\u00e9e<\/td><td class=\"has-text-align-right\" data-align=\"right\">Monaco<\/td><td class=\"has-text-align-center\" data-align=\"center\">0-2<\/td><td><strong>Lens<\/strong><\/td><td class=\"has-text-align-center\" data-align=\"center\">\ud83d\udd34<\/td><\/tr><tr><td class=\"has-text-align-center\" data-align=\"center\">Saison 2020-2021<\/td><td class=\"has-text-align-center\" data-align=\"center\">15<sup>e<\/sup> journ\u00e9e<\/td><td class=\"has-text-align-right\" data-align=\"right\">Monaco<\/td><td class=\"has-text-align-center\" data-align=\"center\">0-3<\/td><td><strong>Lens<\/strong><\/td><td class=\"has-text-align-center\" data-align=\"center\">\ud83d\udd34<\/td><\/tr><tr><td class=\"has-text-align-center\" data-align=\"center\">Saison 2014-2015<\/td><td class=\"has-text-align-center\" data-align=\"center\">16<sup>e<\/sup> journ\u00e9e<\/td><td class=\"has-text-align-right\" data-align=\"right\"><strong>Monaco<\/strong><\/td><td class=\"has-text-align-center\" data-align=\"center\">2-0<\/td><td>Lens<\/td><td class=\"has-text-align-center\" data-align=\"center\">\ud83d\udfe2<\/td><\/tr><tr><td class=\"has-text-align-center\" data-align=\"center\">Saison 2010-2011<\/td><td class=\"has-text-align-center\" data-align=\"center\">36<sup>e<\/sup> journ\u00e9e<\/td><td class=\"has-text-align-right\" data-align=\"right\">Monaco<\/td><td class=\"has-text-align-center\" data-align=\"center\">1-1<\/td><td>Lens<\/td><td class=\"has-text-align-center\" data-align=\"center\">\ud83d\udfe1<\/td><\/tr><\/tbody><\/table><\/figure>\n","protected":false},"excerpt":{"rendered":"<p>52 confrontations se sont d\u00e9j\u00e0 d\u00e9roul\u00e9es en Principaut\u00e9 entre l\u2019AS Monaco et le RC Lens. Si le bilan reste assez largement \u00e0 l\u2019avantage des joueurs as\u00e9mistes, qui se sont impos\u00e9s \u00e0 34 reprises, les Lensois ont fait main basse sur cette rencontre depuis quelques ann\u00e9es. Au total, il n&rsquo;y a que 8 victoires en faveur [&#8230;]\n","protected":false},"author":2,"featured_media":0,"comment_status":"open","ping_status":"open","sticky":false,"template":"","format":"standard","meta":[],"categories":[6],"tags":[86,261,94,647],"yoast_head":"<!-- This site is optimized with the Yoast SEO plugin v19.8 - https:\/\/yoast.com\/wordpress\/plugins\/seo\/ -->\n<title>Lens devient la b\u00eate noire de l&#039;ASM en Principaut\u00e9 - La Diagonale<\/title>\n<meta name=\"robots\" content=\"index, follow, max-snippet:-1, max-image-preview:large, max-video-preview:-1\" \/>\n<link rel=\"canonical\" href=\"https:\/\/www.ladiagonale.net\/index.php\/2023\/09\/01\/lens-devient-la-bete-noire-de-lasm-en-principaute\/\" \/>\n<meta property=\"og:locale\" content=\"fr_FR\" \/>\n<meta property=\"og:type\" content=\"article\" \/>\n<meta property=\"og:title\" content=\"Lens devient la b\u00eate noire de l&#039;ASM en Principaut\u00e9 - La Diagonale\" \/>\n<meta property=\"og:description\" content=\"52 confrontations se sont d\u00e9j\u00e0 d\u00e9roul\u00e9es en Principaut\u00e9 entre l\u2019AS Monaco et le RC Lens. Si le bilan reste assez largement \u00e0 l\u2019avantage des joueurs as\u00e9mistes, qui se sont impos\u00e9s \u00e0 34 reprises, les Lensois ont fait main basse sur cette rencontre depuis quelques ann\u00e9es. Au total, il n&rsquo;y a que 8 victoires en faveur [...]\" \/>\n<meta property=\"og:url\" content=\"https:\/\/www.ladiagonale.net\/index.php\/2023\/09\/01\/lens-devient-la-bete-noire-de-lasm-en-principaute\/\" \/>\n<meta property=\"og:site_name\" content=\"La Diagonale\" \/>\n<meta property=\"article:published_time\" content=\"2023-09-01T06:43:00+00:00\" \/>\n<meta property=\"article:modified_time\" content=\"2023-09-01T01:26:26+00:00\" \/>\n<meta property=\"og:image\" content=\"https:\/\/www.ladiagonale.net\/wp-content\/uploads\/2023\/09\/lens22.png\" \/>\n\t<meta property=\"og:image:width\" content=\"1160\" \/>\n\t<meta property=\"og:image:height\" content=\"650\" \/>\n\t<meta property=\"og:image:type\" content=\"image\/png\" \/>\n<meta name=\"author\" content=\"Damien Dellerba\" \/>\n<meta name=\"twitter:card\" content=\"summary_large_image\" \/>\n<meta name=\"twitter:image\" content=\"https:\/\/www.ladiagonale.net\/wp-content\/uploads\/2023\/09\/lens22.png\" \/>\n<meta name=\"twitter:label1\" content=\"\u00c9crit par\" \/>\n\t<meta name=\"twitter:data1\" content=\"Damien Dellerba\" \/>\n\t<meta name=\"twitter:label2\" content=\"Dur\u00e9e de lecture estim\u00e9e\" \/>\n\t<meta name=\"twitter:data2\" content=\"2 minutes\" \/>\n<script type=\"application\/ld+json\" class=\"yoast-schema-graph\">{\"@context\":\"https:\/\/schema.org\",\"@graph\":[{\"@type\":\"WebPage\",\"@id\":\"https:\/\/www.ladiagonale.net\/index.php\/2023\/09\/01\/lens-devient-la-bete-noire-de-lasm-en-principaute\/\",\"url\":\"https:\/\/www.ladiagonale.net\/index.php\/2023\/09\/01\/lens-devient-la-bete-noire-de-lasm-en-principaute\/\",\"name\":\"Lens devient la b\u00eate noire de l'ASM en Principaut\u00e9 - La Diagonale\",\"isPartOf\":{\"@id\":\"https:\/\/www.ladiagonale.net\/#website\"},\"datePublished\":\"2023-09-01T06:43:00+00:00\",\"dateModified\":\"2023-09-01T01:26:26+00:00\",\"author\":{\"@id\":\"https:\/\/www.ladiagonale.net\/#\/schema\/person\/79ff1e7b0853ed01b2aa26e64ad300bf\"},\"breadcrumb\":{\"@id\":\"https:\/\/www.ladiagonale.net\/index.php\/2023\/09\/01\/lens-devient-la-bete-noire-de-lasm-en-principaute\/#breadcrumb\"},\"inLanguage\":\"fr-FR\",\"potentialAction\":[{\"@type\":\"ReadAction\",\"target\":[\"https:\/\/www.ladiagonale.net\/index.php\/2023\/09\/01\/lens-devient-la-bete-noire-de-lasm-en-principaute\/\"]}]},{\"@type\":\"BreadcrumbList\",\"@id\":\"https:\/\/www.ladiagonale.net\/index.php\/2023\/09\/01\/lens-devient-la-bete-noire-de-lasm-en-principaute\/#breadcrumb\",\"itemListElement\":[{\"@type\":\"ListItem\",\"position\":1,\"name\":\"Accueil\",\"item\":\"https:\/\/www.ladiagonale.net\/\"},{\"@type\":\"ListItem\",\"position\":2,\"name\":\"Lens devient la b\u00eate noire de l&rsquo;ASM en Principaut\u00e9\"}]},{\"@type\":\"WebSite\",\"@id\":\"https:\/\/www.ladiagonale.net\/#website\",\"url\":\"https:\/\/www.ladiagonale.net\/\",\"name\":\"La Diagonale\",\"description\":\"Le site des supporters de l&#039;AS Monaco FC\",\"potentialAction\":[{\"@type\":\"SearchAction\",\"target\":{\"@type\":\"EntryPoint\",\"urlTemplate\":\"https:\/\/www.ladiagonale.net\/?s={search_term_string}\"},\"query-input\":\"required name=search_term_string\"}],\"inLanguage\":\"fr-FR\"},{\"@type\":\"Person\",\"@id\":\"https:\/\/www.ladiagonale.net\/#\/schema\/person\/79ff1e7b0853ed01b2aa26e64ad300bf\",\"name\":\"Damien Dellerba\",\"image\":{\"@type\":\"ImageObject\",\"inLanguage\":\"fr-FR\",\"@id\":\"https:\/\/www.ladiagonale.net\/#\/schema\/person\/image\/\",\"url\":\"https:\/\/secure.gravatar.com\/avatar\/c7850e06d3ff63cdbaee88b7fc16e2f0?s=96&d=mm&r=g\",\"contentUrl\":\"https:\/\/secure.gravatar.com\/avatar\/c7850e06d3ff63cdbaee88b7fc16e2f0?s=96&d=mm&r=g\",\"caption\":\"Damien Dellerba\"},\"url\":\"https:\/\/www.ladiagonale.net\/index.php\/author\/damien\/\"}]}<\/script>\n<!-- \/ Yoast SEO plugin. -->","yoast_head_json":{"title":"Lens devient la b\u00eate noire de l'ASM en Principaut\u00e9 - La Diagonale","robots":{"index":"index","follow":"follow","max-snippet":"max-snippet:-1","max-image-preview":"max-image-preview:large","max-video-preview":"max-video-preview:-1"},"canonical":"https:\/\/www.ladiagonale.net\/index.php\/2023\/09\/01\/lens-devient-la-bete-noire-de-lasm-en-principaute\/","og_locale":"fr_FR","og_type":"article","og_title":"Lens devient la b\u00eate noire de l'ASM en Principaut\u00e9 - La Diagonale","og_description":"52 confrontations se sont d\u00e9j\u00e0 d\u00e9roul\u00e9es en Principaut\u00e9 entre l\u2019AS Monaco et le RC Lens. Si le bilan reste assez largement \u00e0 l\u2019avantage des joueurs as\u00e9mistes, qui se sont impos\u00e9s \u00e0 34 reprises, les Lensois ont fait main basse sur cette rencontre depuis quelques ann\u00e9es. Au total, il n&rsquo;y a que 8 victoires en faveur [...]","og_url":"https:\/\/www.ladiagonale.net\/index.php\/2023\/09\/01\/lens-devient-la-bete-noire-de-lasm-en-principaute\/","og_site_name":"La Diagonale","article_published_time":"2023-09-01T06:43:00+00:00","article_modified_time":"2023-09-01T01:26:26+00:00","og_image":[{"width":1160,"height":650,"url":"https:\/\/www.ladiagonale.net\/wp-content\/uploads\/2023\/09\/lens22.png","type":"image\/png"}],"author":"Damien Dellerba","twitter_card":"summary_large_image","twitter_image":"https:\/\/www.ladiagonale.net\/wp-content\/uploads\/2023\/09\/lens22.png","twitter_misc":{"\u00c9crit par":"Damien Dellerba","Dur\u00e9e de lecture estim\u00e9e":"2 minutes"},"schema":{"@context":"https:\/\/schema.org","@graph":[{"@type":"WebPage","@id":"https:\/\/www.ladiagonale.net\/index.php\/2023\/09\/01\/lens-devient-la-bete-noire-de-lasm-en-principaute\/","url":"https:\/\/www.ladiagonale.net\/index.php\/2023\/09\/01\/lens-devient-la-bete-noire-de-lasm-en-principaute\/","name":"Lens devient la b\u00eate noire de l'ASM en Principaut\u00e9 - La Diagonale","isPartOf":{"@id":"https:\/\/www.ladiagonale.net\/#website"},"datePublished":"2023-09-01T06:43:00+00:00","dateModified":"2023-09-01T01:26:26+00:00","author":{"@id":"https:\/\/www.ladiagonale.net\/#\/schema\/person\/79ff1e7b0853ed01b2aa26e64ad300bf"},"breadcrumb":{"@id":"https:\/\/www.ladiagonale.net\/index.php\/2023\/09\/01\/lens-devient-la-bete-noire-de-lasm-en-principaute\/#breadcrumb"},"inLanguage":"fr-FR","potentialAction":[{"@type":"ReadAction","target":["https:\/\/www.ladiagonale.net\/index.php\/2023\/09\/01\/lens-devient-la-bete-noire-de-lasm-en-principaute\/"]}]},{"@type":"BreadcrumbList","@id":"https:\/\/www.ladiagonale.net\/index.php\/2023\/09\/01\/lens-devient-la-bete-noire-de-lasm-en-principaute\/#breadcrumb","itemListElement":[{"@type":"ListItem","position":1,"name":"Accueil","item":"https:\/\/www.ladiagonale.net\/"},{"@type":"ListItem","position":2,"name":"Lens devient la b\u00eate noire de l&rsquo;ASM en Principaut\u00e9"}]},{"@type":"WebSite","@id":"https:\/\/www.ladiagonale.net\/#website","url":"https:\/\/www.ladiagonale.net\/","name":"La Diagonale","description":"Le site des supporters de l&#039;AS Monaco FC","potentialAction":[{"@type":"SearchAction","target":{"@type":"EntryPoint","urlTemplate":"https:\/\/www.ladiagonale.net\/?s={search_term_string}"},"query-input":"required name=search_term_string"}],"inLanguage":"fr-FR"},{"@type":"Person","@id":"https:\/\/www.ladiagonale.net\/#\/schema\/person\/79ff1e7b0853ed01b2aa26e64ad300bf","name":"Damien Dellerba","image":{"@type":"ImageObject","inLanguage":"fr-FR","@id":"https:\/\/www.ladiagonale.net\/#\/schema\/person\/image\/","url":"https:\/\/secure.gravatar.com\/avatar\/c7850e06d3ff63cdbaee88b7fc16e2f0?s=96&d=mm&r=g","contentUrl":"https:\/\/secure.gravatar.com\/avatar\/c7850e06d3ff63cdbaee88b7fc16e2f0?s=96&d=mm&r=g","caption":"Damien Dellerba"},"url":"https:\/\/www.ladiagonale.net\/index.php\/author\/damien\/"}]}},"_links":{"self":[{"href":"https:\/\/www.ladiagonale.net\/index.php\/wp-json\/wp\/v2\/posts\/15805"}],"collection":[{"href":"https:\/\/www.ladiagonale.net\/index.php\/wp-json\/wp\/v2\/posts"}],"about":[{"href":"https:\/\/www.ladiagonale.net\/index.php\/wp-json\/wp\/v2\/types\/post"}],"author":[{"embeddable":true,"href":"https:\/\/www.ladiagonale.net\/index.php\/wp-json\/wp\/v2\/users\/2"}],"replies":[{"embeddable":true,"href":"https:\/\/www.ladiagonale.net\/index.php\/wp-json\/wp\/v2\/comments?post=15805"}],"version-history":[{"count":1,"href":"https:\/\/www.ladiagonale.net\/index.php\/wp-json\/wp\/v2\/posts\/15805\/revisions"}],"predecessor-version":[{"id":15807,"href":"https:\/\/www.ladiagonale.net\/index.php\/wp-json\/wp\/v2\/posts\/15805\/revisions\/15807"}],"wp:attachment":[{"href":"https:\/\/www.ladiagonale.net\/index.php\/wp-json\/wp\/v2\/media?parent=15805"}],"wp:term":[{"taxonomy":"category","embeddable":true,"href":"https:\/\/www.ladiagonale.net\/index.php\/wp-json\/wp\/v2\/categories?post=15805"},{"taxonomy":"post_tag","embeddable":true,"href":"https:\/\/www.ladiagonale.net\/index.php\/wp-json\/wp\/v2\/tags?post=15805"}],"curies":[{"name":"wp","href":"https:\/\/api.w.org\/{rel}","templated":true}]}}