{"id":15808,"date":"2023-09-01T13:12:49","date_gmt":"2023-09-01T11:12:49","guid":{"rendered":"https:\/\/www.ladiagonale.net\/?p=15808"},"modified":"2023-09-01T13:26:43","modified_gmt":"2023-09-01T11:26:43","slug":"toujours-pas-daccord-pour-adarabioyo","status":"publish","type":"post","link":"https:\/\/www.ladiagonale.net\/index.php\/2023\/09\/01\/toujours-pas-daccord-pour-adarabioyo\/","title":{"rendered":"Toujours pas d&rsquo;accord avec Fulham pour Adarabioyo ?"},"content":{"rendered":"\n\n\n<p>C&rsquo;est le dossier chaud de cette fin de mercato du c\u00f4t\u00e9 de l&rsquo;AS Monaco. Le club de la Principaut\u00e9 aurait fait de Tosin Adarabioyo sa priorit\u00e9 en d\u00e9fense centrale, mais les n\u00e9gociations avec Fulham tra\u00eenent en longueur depuis plusieurs semaines et les dirigeants mon\u00e9gasques ne parviendraient pas \u00e0 infl\u00e9chir leurs homologues anglais. D&rsquo;apr\u00e8s <em>RMC Sport<\/em>, il n&rsquo;y aurait toujours pas d&rsquo;accord entre les deux clubs pour le transfert du d\u00e9fenseur central de 25 ans. Fulham campe sur ses positions et r\u00e9clamerait toujours 15 millions d&rsquo;euros pour le rachat de sa derni\u00e8re ann\u00e9e de contrat.<\/p>\n\n\n\n<p>Il y a quelques jours, d&rsquo;autres sources indiquaient <a href=\"https:\/\/www.ladiagonale.net\/index.php\/2023\/08\/29\/monaco-et-fulham-seraient-proches-dun-accord-pour-adarabioyo\/\">une reprise des discussions<\/a> autour d&rsquo;un montant de 12-13 millions d&rsquo;euros, mais selon <em>RMC<\/em>, la derni\u00e8re offre de l&rsquo;ASM remonterait \u00e0 plusieurs semaines et se chiffrerait \u00e0 10 millions d&rsquo;euros avec bonus. Les dirigeants mon\u00e9gasques tenteraient de jouer la montre sur ces derni\u00e8res heures du march\u00e9 des transferts mais il n&rsquo;est pas dit que cela s&rsquo;av\u00e8re payant. De son c\u00f4t\u00e9, le joueur voudrait toujours rejoindre Monaco et aurait menac\u00e9 de partir libre s&rsquo;il n&rsquo;obtenait pas gain de cause.<\/p>\n","protected":false},"excerpt":{"rendered":"<p>C&rsquo;est le dossier chaud de cette fin de mercato du c\u00f4t\u00e9 de l&rsquo;AS Monaco. Le club de la Principaut\u00e9 aurait fait de Tosin Adarabioyo sa priorit\u00e9 en d\u00e9fense centrale, mais les n\u00e9gociations avec Fulham tra\u00eenent en longueur depuis plusieurs semaines et les dirigeants mon\u00e9gasques ne parviendraient pas \u00e0 infl\u00e9chir leurs homologues anglais. D&rsquo;apr\u00e8s RMC Sport, [&#8230;]\n","protected":false},"author":2,"featured_media":0,"comment_status":"open","ping_status":"open","sticky":false,"template":"","format":"standard","meta":[],"categories":[6],"tags":[86,638,111,381,110],"yoast_head":"<!-- This site is optimized with the Yoast SEO plugin v19.8 - https:\/\/yoast.com\/wordpress\/plugins\/seo\/ -->\n<title>Toujours pas d&#039;accord avec Fulham pour Adarabioyo ? - La Diagonale<\/title>\n<meta name=\"robots\" content=\"index, follow, max-snippet:-1, max-image-preview:large, max-video-preview:-1\" \/>\n<link rel=\"canonical\" href=\"https:\/\/www.ladiagonale.net\/index.php\/2023\/09\/01\/toujours-pas-daccord-pour-adarabioyo\/\" \/>\n<meta property=\"og:locale\" content=\"fr_FR\" \/>\n<meta property=\"og:type\" content=\"article\" \/>\n<meta property=\"og:title\" content=\"Toujours pas d&#039;accord avec Fulham pour Adarabioyo ? - La Diagonale\" \/>\n<meta property=\"og:description\" content=\"C&rsquo;est le dossier chaud de cette fin de mercato du c\u00f4t\u00e9 de l&rsquo;AS Monaco. Le club de la Principaut\u00e9 aurait fait de Tosin Adarabioyo sa priorit\u00e9 en d\u00e9fense centrale, mais les n\u00e9gociations avec Fulham tra\u00eenent en longueur depuis plusieurs semaines et les dirigeants mon\u00e9gasques ne parviendraient pas \u00e0 infl\u00e9chir leurs homologues anglais. D&rsquo;apr\u00e8s RMC Sport, [...]\" \/>\n<meta property=\"og:url\" content=\"https:\/\/www.ladiagonale.net\/index.php\/2023\/09\/01\/toujours-pas-daccord-pour-adarabioyo\/\" \/>\n<meta property=\"og:site_name\" content=\"La Diagonale\" \/>\n<meta property=\"article:published_time\" content=\"2023-09-01T11:12:49+00:00\" \/>\n<meta property=\"article:modified_time\" content=\"2023-09-01T11:26:43+00:00\" \/>\n<meta property=\"og:image\" content=\"https:\/\/www.ladiagonale.net\/wp-content\/uploads\/2023\/01\/adarabioyo.png\" \/>\n\t<meta property=\"og:image:width\" content=\"1160\" \/>\n\t<meta property=\"og:image:height\" content=\"650\" \/>\n\t<meta property=\"og:image:type\" content=\"image\/png\" \/>\n<meta name=\"author\" content=\"Damien Dellerba\" \/>\n<meta name=\"twitter:card\" content=\"summary_large_image\" \/>\n<meta name=\"twitter:image\" content=\"https:\/\/www.ladiagonale.net\/wp-content\/uploads\/2023\/01\/adarabioyo.png\" \/>\n<meta name=\"twitter:label1\" content=\"\u00c9crit par\" \/>\n\t<meta name=\"twitter:data1\" content=\"Damien Dellerba\" \/>\n\t<meta name=\"twitter:label2\" content=\"Dur\u00e9e de lecture estim\u00e9e\" \/>\n\t<meta name=\"twitter:data2\" content=\"1 minute\" \/>\n<script type=\"application\/ld+json\" class=\"yoast-schema-graph\">{\"@context\":\"https:\/\/schema.org\",\"@graph\":[{\"@type\":\"WebPage\",\"@id\":\"https:\/\/www.ladiagonale.net\/index.php\/2023\/09\/01\/toujours-pas-daccord-pour-adarabioyo\/\",\"url\":\"https:\/\/www.ladiagonale.net\/index.php\/2023\/09\/01\/toujours-pas-daccord-pour-adarabioyo\/\",\"name\":\"Toujours pas d'accord avec Fulham pour Adarabioyo ? - La Diagonale\",\"isPartOf\":{\"@id\":\"https:\/\/www.ladiagonale.net\/#website\"},\"datePublished\":\"2023-09-01T11:12:49+00:00\",\"dateModified\":\"2023-09-01T11:26:43+00:00\",\"author\":{\"@id\":\"https:\/\/www.ladiagonale.net\/#\/schema\/person\/79ff1e7b0853ed01b2aa26e64ad300bf\"},\"breadcrumb\":{\"@id\":\"https:\/\/www.ladiagonale.net\/index.php\/2023\/09\/01\/toujours-pas-daccord-pour-adarabioyo\/#breadcrumb\"},\"inLanguage\":\"fr-FR\",\"potentialAction\":[{\"@type\":\"ReadAction\",\"target\":[\"https:\/\/www.ladiagonale.net\/index.php\/2023\/09\/01\/toujours-pas-daccord-pour-adarabioyo\/\"]}]},{\"@type\":\"BreadcrumbList\",\"@id\":\"https:\/\/www.ladiagonale.net\/index.php\/2023\/09\/01\/toujours-pas-daccord-pour-adarabioyo\/#breadcrumb\",\"itemListElement\":[{\"@type\":\"ListItem\",\"position\":1,\"name\":\"Accueil\",\"item\":\"https:\/\/www.ladiagonale.net\/\"},{\"@type\":\"ListItem\",\"position\":2,\"name\":\"Toujours pas d&rsquo;accord avec Fulham pour Adarabioyo ?\"}]},{\"@type\":\"WebSite\",\"@id\":\"https:\/\/www.ladiagonale.net\/#website\",\"url\":\"https:\/\/www.ladiagonale.net\/\",\"name\":\"La Diagonale\",\"description\":\"Le site des supporters de l&#039;AS Monaco FC\",\"potentialAction\":[{\"@type\":\"SearchAction\",\"target\":{\"@type\":\"EntryPoint\",\"urlTemplate\":\"https:\/\/www.ladiagonale.net\/?s={search_term_string}\"},\"query-input\":\"required name=search_term_string\"}],\"inLanguage\":\"fr-FR\"},{\"@type\":\"Person\",\"@id\":\"https:\/\/www.ladiagonale.net\/#\/schema\/person\/79ff1e7b0853ed01b2aa26e64ad300bf\",\"name\":\"Damien Dellerba\",\"image\":{\"@type\":\"ImageObject\",\"inLanguage\":\"fr-FR\",\"@id\":\"https:\/\/www.ladiagonale.net\/#\/schema\/person\/image\/\",\"url\":\"https:\/\/secure.gravatar.com\/avatar\/c7850e06d3ff63cdbaee88b7fc16e2f0?s=96&d=mm&r=g\",\"contentUrl\":\"https:\/\/secure.gravatar.com\/avatar\/c7850e06d3ff63cdbaee88b7fc16e2f0?s=96&d=mm&r=g\",\"caption\":\"Damien Dellerba\"},\"url\":\"https:\/\/www.ladiagonale.net\/index.php\/author\/damien\/\"}]}<\/script>\n<!-- \/ Yoast SEO plugin. -->","yoast_head_json":{"title":"Toujours pas d'accord avec Fulham pour Adarabioyo ? - La Diagonale","robots":{"index":"index","follow":"follow","max-snippet":"max-snippet:-1","max-image-preview":"max-image-preview:large","max-video-preview":"max-video-preview:-1"},"canonical":"https:\/\/www.ladiagonale.net\/index.php\/2023\/09\/01\/toujours-pas-daccord-pour-adarabioyo\/","og_locale":"fr_FR","og_type":"article","og_title":"Toujours pas d'accord avec Fulham pour Adarabioyo ? - La Diagonale","og_description":"C&rsquo;est le dossier chaud de cette fin de mercato du c\u00f4t\u00e9 de l&rsquo;AS Monaco. Le club de la Principaut\u00e9 aurait fait de Tosin Adarabioyo sa priorit\u00e9 en d\u00e9fense centrale, mais les n\u00e9gociations avec Fulham tra\u00eenent en longueur depuis plusieurs semaines et les dirigeants mon\u00e9gasques ne parviendraient pas \u00e0 infl\u00e9chir leurs homologues anglais. D&rsquo;apr\u00e8s RMC Sport, [...]","og_url":"https:\/\/www.ladiagonale.net\/index.php\/2023\/09\/01\/toujours-pas-daccord-pour-adarabioyo\/","og_site_name":"La Diagonale","article_published_time":"2023-09-01T11:12:49+00:00","article_modified_time":"2023-09-01T11:26:43+00:00","og_image":[{"width":1160,"height":650,"url":"https:\/\/www.ladiagonale.net\/wp-content\/uploads\/2023\/01\/adarabioyo.png","type":"image\/png"}],"author":"Damien Dellerba","twitter_card":"summary_large_image","twitter_image":"https:\/\/www.ladiagonale.net\/wp-content\/uploads\/2023\/01\/adarabioyo.png","twitter_misc":{"\u00c9crit par":"Damien Dellerba","Dur\u00e9e de lecture estim\u00e9e":"1 minute"},"schema":{"@context":"https:\/\/schema.org","@graph":[{"@type":"WebPage","@id":"https:\/\/www.ladiagonale.net\/index.php\/2023\/09\/01\/toujours-pas-daccord-pour-adarabioyo\/","url":"https:\/\/www.ladiagonale.net\/index.php\/2023\/09\/01\/toujours-pas-daccord-pour-adarabioyo\/","name":"Toujours pas d'accord avec Fulham pour Adarabioyo ? - La Diagonale","isPartOf":{"@id":"https:\/\/www.ladiagonale.net\/#website"},"datePublished":"2023-09-01T11:12:49+00:00","dateModified":"2023-09-01T11:26:43+00:00","author":{"@id":"https:\/\/www.ladiagonale.net\/#\/schema\/person\/79ff1e7b0853ed01b2aa26e64ad300bf"},"breadcrumb":{"@id":"https:\/\/www.ladiagonale.net\/index.php\/2023\/09\/01\/toujours-pas-daccord-pour-adarabioyo\/#breadcrumb"},"inLanguage":"fr-FR","potentialAction":[{"@type":"ReadAction","target":["https:\/\/www.ladiagonale.net\/index.php\/2023\/09\/01\/toujours-pas-daccord-pour-adarabioyo\/"]}]},{"@type":"BreadcrumbList","@id":"https:\/\/www.ladiagonale.net\/index.php\/2023\/09\/01\/toujours-pas-daccord-pour-adarabioyo\/#breadcrumb","itemListElement":[{"@type":"ListItem","position":1,"name":"Accueil","item":"https:\/\/www.ladiagonale.net\/"},{"@type":"ListItem","position":2,"name":"Toujours pas d&rsquo;accord avec Fulham pour Adarabioyo ?"}]},{"@type":"WebSite","@id":"https:\/\/www.ladiagonale.net\/#website","url":"https:\/\/www.ladiagonale.net\/","name":"La Diagonale","description":"Le site des supporters de l&#039;AS Monaco FC","potentialAction":[{"@type":"SearchAction","target":{"@type":"EntryPoint","urlTemplate":"https:\/\/www.ladiagonale.net\/?s={search_term_string}"},"query-input":"required name=search_term_string"}],"inLanguage":"fr-FR"},{"@type":"Person","@id":"https:\/\/www.ladiagonale.net\/#\/schema\/person\/79ff1e7b0853ed01b2aa26e64ad300bf","name":"Damien Dellerba","image":{"@type":"ImageObject","inLanguage":"fr-FR","@id":"https:\/\/www.ladiagonale.net\/#\/schema\/person\/image\/","url":"https:\/\/secure.gravatar.com\/avatar\/c7850e06d3ff63cdbaee88b7fc16e2f0?s=96&d=mm&r=g","contentUrl":"https:\/\/secure.gravatar.com\/avatar\/c7850e06d3ff63cdbaee88b7fc16e2f0?s=96&d=mm&r=g","caption":"Damien Dellerba"},"url":"https:\/\/www.ladiagonale.net\/index.php\/author\/damien\/"}]}},"_links":{"self":[{"href":"https:\/\/www.ladiagonale.net\/index.php\/wp-json\/wp\/v2\/posts\/15808"}],"collection":[{"href":"https:\/\/www.ladiagonale.net\/index.php\/wp-json\/wp\/v2\/posts"}],"about":[{"href":"https:\/\/www.ladiagonale.net\/index.php\/wp-json\/wp\/v2\/types\/post"}],"author":[{"embeddable":true,"href":"https:\/\/www.ladiagonale.net\/index.php\/wp-json\/wp\/v2\/users\/2"}],"replies":[{"embeddable":true,"href":"https:\/\/www.ladiagonale.net\/index.php\/wp-json\/wp\/v2\/comments?post=15808"}],"version-history":[{"count":4,"href":"https:\/\/www.ladiagonale.net\/index.php\/wp-json\/wp\/v2\/posts\/15808\/revisions"}],"predecessor-version":[{"id":15813,"href":"https:\/\/www.ladiagonale.net\/index.php\/wp-json\/wp\/v2\/posts\/15808\/revisions\/15813"}],"wp:attachment":[{"href":"https:\/\/www.ladiagonale.net\/index.php\/wp-json\/wp\/v2\/media?parent=15808"}],"wp:term":[{"taxonomy":"category","embeddable":true,"href":"https:\/\/www.ladiagonale.net\/index.php\/wp-json\/wp\/v2\/categories?post=15808"},{"taxonomy":"post_tag","embeddable":true,"href":"https:\/\/www.ladiagonale.net\/index.php\/wp-json\/wp\/v2\/tags?post=15808"}],"curies":[{"name":"wp","href":"https:\/\/api.w.org\/{rel}","templated":true}]}}