{"id":15840,"date":"2023-09-01T16:16:52","date_gmt":"2023-09-01T14:16:52","guid":{"rendered":"https:\/\/www.ladiagonale.net\/?p=15840"},"modified":"2023-09-01T18:37:10","modified_gmt":"2023-09-01T16:37:10","slug":"lens-a-du-retard-a-lallumage","status":"publish","type":"post","link":"https:\/\/www.ladiagonale.net\/index.php\/2023\/09\/01\/lens-a-du-retard-a-lallumage\/","title":{"rendered":"Lens a du retard \u00e0 l&rsquo;allumage"},"content":{"rendered":"\n\n\n<p>Dauphin du PSG la saison derni\u00e8re et qualifi\u00e9 pour la Ligue des champions cette ann\u00e9e, le RC Lens n&rsquo;a pas d\u00e9but\u00e9 sur les m\u00eames standards que lors du pr\u00e9c\u00e9dent exercice. Avec seulement un point pris en trois rencontres, les Lensois pointent actuellement \u00e0 la 15<sup>e<\/sup> place de Ligue 1. Une anomalie probablement mais un retard \u00e0 l&rsquo;allumage \u00e9vident pour les <em>Sang et Or<\/em>, qui aspirent \u00e0 rapidement remonter au classement. Il faut dire aussi que leur calendrier est des plus compliqu\u00e9s en ce d\u00e9but de saison puisque la formation du Nord a affront\u00e9 Rennes (1-1) et Paris (1-3) en 2<sup>e<\/sup> et 3<sup>e<\/sup> journ\u00e9es avant de se d\u00e9placer \u00e0 Monaco ce week-end.<\/p>\n\n\n\n<p>Ces difficult\u00e9s en d\u00e9but de saison, l&rsquo;entra\u00eeneur Franck Haise semble savoir d&rsquo;o\u00f9 elles proviennent, et elles ne situent pas forc\u00e9ment sur le plan de l&rsquo;adversit\u00e9 rencontr\u00e9e sur les premiers matches : \u00ab&nbsp;<em>Je crois qu\u2019on n&rsquo;a pas compl\u00e8tement tourn\u00e9 la page de la saison derni\u00e8re. Je le pense sinc\u00e8rement<\/em>, a-t-il confess\u00e9. <em>Je pense qu\u2019on est rest\u00e9s un peu sur tout ce qui pouvait aller tr\u00e8s bien en 22-23, et quand vous ne la tournez pas compl\u00e8tement, en plein match il y a des choses qui vous rattrapent. (\u2026) On a un vrai travail \u00e0 faire et qui n\u2019a pas \u00e9t\u00e9 compl\u00e8tement fait.<\/em>&nbsp;\u00bb<\/p>\n\n\n\n<p>L&rsquo;effectif lensois n&rsquo;est pas non plus au complet avec des renforts qui devraient arriver dans les derni\u00e8res heures du mercato, et notamment celui de Ruben Aguilar. Lens a vu aussi deux d\u00e9parts tr\u00e8s importants lors du mercato, ceux de Seko Fofana et de Lo\u00efs Openda, qui ont mis du temps \u00e0 \u00eatre combl\u00e9s. Haise a d\u00fb installer Florian Sotoca \u00e0 la pointe de l&rsquo;attaque sur le d\u00e9but de la saison, avant l&rsquo;arriv\u00e9e d&rsquo;Elye Wahi qui a disput\u00e9 ses premi\u00e8res minutes sous les couleurs art\u00e9siennes face \u00e0 Paris. Recrue la plus ch\u00e8re du Racing (35 M\u20ac bonus compris), il sera forc\u00e9ment attendu au tournant.<\/p>\n\n\n\n<h4 class=\"has-white-color has-vivid-red-background-color has-text-color has-background\">Le joueur \u00e0 surveiller<\/h4>\n\n\n\n<div class=\"wp-block-media-text alignwide is-stacked-on-mobile\" style=\"grid-template-columns:35% auto\"><figure class=\"wp-block-media-text__media\"><img loading=\"lazy\" width=\"700\" height=\"700\" src=\"https:\/\/www.ladiagonale.net\/wp-content\/uploads\/2023\/09\/66024.jpeg\" alt=\"\" class=\"wp-image-15841 size-full\" srcset=\"https:\/\/www.ladiagonale.net\/wp-content\/uploads\/2023\/09\/66024.jpeg 700w, https:\/\/www.ladiagonale.net\/wp-content\/uploads\/2023\/09\/66024-300x300.jpeg 300w, https:\/\/www.ladiagonale.net\/wp-content\/uploads\/2023\/09\/66024-150x150.jpeg 150w, https:\/\/www.ladiagonale.net\/wp-content\/uploads\/2023\/09\/66024-128x128.jpeg 128w, https:\/\/www.ladiagonale.net\/wp-content\/uploads\/2023\/09\/66024-32x32.jpeg 32w\" sizes=\"(max-width: 700px) 100vw, 700px\" \/><\/figure><div class=\"wp-block-media-text__content\">\n<p style=\"font-size:15px\"><strong>Florian Sotoca (32 ans) &#8211; Attaquant<\/strong><\/p>\n\n\n\n<p style=\"font-size:15px\">Son d\u00e9but de saison a \u00e9t\u00e9 forc\u00e9ment plus difficile \u00e0 un poste qui n&rsquo;est pas le sien, mais l&rsquo;arriv\u00e9e de Wahi devrait lui permettre de retrouver un r\u00f4le d&rsquo;attaquant de soutien qui lui convient beaucoup plus. Pr\u00e9cieux entre les lignes, il avait pos\u00e9 beaucoup de probl\u00e8mes \u00e0 Monaco pour s&rsquo;ajuster d\u00e9fensivement lors de la derni\u00e8re opposition entre les deux \u00e9quipes en avril (0-3). L&rsquo;an pass\u00e9, il avait fini avec 7 buts et 9 passes d\u00e9cisives et il est d\u00e9j\u00e0 auteur d&rsquo;un but et d&rsquo;une passe d\u00e9cisive cette saison. C&rsquo;est dans ce dernier aspect qu&rsquo;il faudra surveiller Sotoca.<\/p>\n<\/div><\/div>\n","protected":false},"excerpt":{"rendered":"<p>Dauphin du PSG la saison derni\u00e8re et qualifi\u00e9 pour la Ligue des champions cette ann\u00e9e, le RC Lens n&rsquo;a pas d\u00e9but\u00e9 sur les m\u00eames standards que lors du pr\u00e9c\u00e9dent exercice. Avec seulement un point pris en trois rencontres, les Lensois pointent actuellement \u00e0 la 15e place de Ligue 1. Une anomalie probablement mais un retard [&#8230;]\n","protected":false},"author":2,"featured_media":0,"comment_status":"open","ping_status":"open","sticky":false,"template":"","format":"standard","meta":[],"categories":[6],"tags":[86,94,647],"yoast_head":"<!-- This site is optimized with the Yoast SEO plugin v19.8 - https:\/\/yoast.com\/wordpress\/plugins\/seo\/ -->\n<title>Lens a du retard \u00e0 l&#039;allumage - La Diagonale<\/title>\n<meta name=\"robots\" content=\"index, follow, max-snippet:-1, max-image-preview:large, max-video-preview:-1\" \/>\n<link rel=\"canonical\" href=\"https:\/\/www.ladiagonale.net\/index.php\/2023\/09\/01\/lens-a-du-retard-a-lallumage\/\" \/>\n<meta property=\"og:locale\" content=\"fr_FR\" \/>\n<meta property=\"og:type\" content=\"article\" \/>\n<meta property=\"og:title\" content=\"Lens a du retard \u00e0 l&#039;allumage - La Diagonale\" \/>\n<meta property=\"og:description\" content=\"Dauphin du PSG la saison derni\u00e8re et qualifi\u00e9 pour la Ligue des champions cette ann\u00e9e, le RC Lens n&rsquo;a pas d\u00e9but\u00e9 sur les m\u00eames standards que lors du pr\u00e9c\u00e9dent exercice. Avec seulement un point pris en trois rencontres, les Lensois pointent actuellement \u00e0 la 15e place de Ligue 1. Une anomalie probablement mais un retard [...]\" \/>\n<meta property=\"og:url\" content=\"https:\/\/www.ladiagonale.net\/index.php\/2023\/09\/01\/lens-a-du-retard-a-lallumage\/\" \/>\n<meta property=\"og:site_name\" content=\"La Diagonale\" \/>\n<meta property=\"article:published_time\" content=\"2023-09-01T14:16:52+00:00\" \/>\n<meta property=\"article:modified_time\" content=\"2023-09-01T16:37:10+00:00\" \/>\n<meta property=\"og:image\" content=\"https:\/\/www.ladiagonale.net\/wp-content\/uploads\/2023\/09\/sotoca.png\" \/>\n\t<meta property=\"og:image:width\" content=\"1160\" \/>\n\t<meta property=\"og:image:height\" content=\"650\" \/>\n\t<meta property=\"og:image:type\" content=\"image\/png\" \/>\n<meta name=\"author\" content=\"Damien Dellerba\" \/>\n<meta name=\"twitter:card\" content=\"summary_large_image\" \/>\n<meta name=\"twitter:image\" content=\"https:\/\/www.ladiagonale.net\/wp-content\/uploads\/2023\/09\/sotoca.png\" \/>\n<meta name=\"twitter:label1\" content=\"\u00c9crit par\" \/>\n\t<meta name=\"twitter:data1\" content=\"Damien Dellerba\" \/>\n\t<meta name=\"twitter:label2\" content=\"Dur\u00e9e de lecture estim\u00e9e\" \/>\n\t<meta name=\"twitter:data2\" content=\"3 minutes\" \/>\n<script type=\"application\/ld+json\" class=\"yoast-schema-graph\">{\"@context\":\"https:\/\/schema.org\",\"@graph\":[{\"@type\":\"WebPage\",\"@id\":\"https:\/\/www.ladiagonale.net\/index.php\/2023\/09\/01\/lens-a-du-retard-a-lallumage\/\",\"url\":\"https:\/\/www.ladiagonale.net\/index.php\/2023\/09\/01\/lens-a-du-retard-a-lallumage\/\",\"name\":\"Lens a du retard \u00e0 l'allumage - La Diagonale\",\"isPartOf\":{\"@id\":\"https:\/\/www.ladiagonale.net\/#website\"},\"datePublished\":\"2023-09-01T14:16:52+00:00\",\"dateModified\":\"2023-09-01T16:37:10+00:00\",\"author\":{\"@id\":\"https:\/\/www.ladiagonale.net\/#\/schema\/person\/79ff1e7b0853ed01b2aa26e64ad300bf\"},\"breadcrumb\":{\"@id\":\"https:\/\/www.ladiagonale.net\/index.php\/2023\/09\/01\/lens-a-du-retard-a-lallumage\/#breadcrumb\"},\"inLanguage\":\"fr-FR\",\"potentialAction\":[{\"@type\":\"ReadAction\",\"target\":[\"https:\/\/www.ladiagonale.net\/index.php\/2023\/09\/01\/lens-a-du-retard-a-lallumage\/\"]}]},{\"@type\":\"BreadcrumbList\",\"@id\":\"https:\/\/www.ladiagonale.net\/index.php\/2023\/09\/01\/lens-a-du-retard-a-lallumage\/#breadcrumb\",\"itemListElement\":[{\"@type\":\"ListItem\",\"position\":1,\"name\":\"Accueil\",\"item\":\"https:\/\/www.ladiagonale.net\/\"},{\"@type\":\"ListItem\",\"position\":2,\"name\":\"Lens a du retard \u00e0 l&rsquo;allumage\"}]},{\"@type\":\"WebSite\",\"@id\":\"https:\/\/www.ladiagonale.net\/#website\",\"url\":\"https:\/\/www.ladiagonale.net\/\",\"name\":\"La Diagonale\",\"description\":\"Le site des supporters de l&#039;AS Monaco FC\",\"potentialAction\":[{\"@type\":\"SearchAction\",\"target\":{\"@type\":\"EntryPoint\",\"urlTemplate\":\"https:\/\/www.ladiagonale.net\/?s={search_term_string}\"},\"query-input\":\"required name=search_term_string\"}],\"inLanguage\":\"fr-FR\"},{\"@type\":\"Person\",\"@id\":\"https:\/\/www.ladiagonale.net\/#\/schema\/person\/79ff1e7b0853ed01b2aa26e64ad300bf\",\"name\":\"Damien Dellerba\",\"image\":{\"@type\":\"ImageObject\",\"inLanguage\":\"fr-FR\",\"@id\":\"https:\/\/www.ladiagonale.net\/#\/schema\/person\/image\/\",\"url\":\"https:\/\/secure.gravatar.com\/avatar\/c7850e06d3ff63cdbaee88b7fc16e2f0?s=96&d=mm&r=g\",\"contentUrl\":\"https:\/\/secure.gravatar.com\/avatar\/c7850e06d3ff63cdbaee88b7fc16e2f0?s=96&d=mm&r=g\",\"caption\":\"Damien Dellerba\"},\"url\":\"https:\/\/www.ladiagonale.net\/index.php\/author\/damien\/\"}]}<\/script>\n<!-- \/ Yoast SEO plugin. -->","yoast_head_json":{"title":"Lens a du retard \u00e0 l'allumage - La Diagonale","robots":{"index":"index","follow":"follow","max-snippet":"max-snippet:-1","max-image-preview":"max-image-preview:large","max-video-preview":"max-video-preview:-1"},"canonical":"https:\/\/www.ladiagonale.net\/index.php\/2023\/09\/01\/lens-a-du-retard-a-lallumage\/","og_locale":"fr_FR","og_type":"article","og_title":"Lens a du retard \u00e0 l'allumage - La Diagonale","og_description":"Dauphin du PSG la saison derni\u00e8re et qualifi\u00e9 pour la Ligue des champions cette ann\u00e9e, le RC Lens n&rsquo;a pas d\u00e9but\u00e9 sur les m\u00eames standards que lors du pr\u00e9c\u00e9dent exercice. Avec seulement un point pris en trois rencontres, les Lensois pointent actuellement \u00e0 la 15e place de Ligue 1. Une anomalie probablement mais un retard [...]","og_url":"https:\/\/www.ladiagonale.net\/index.php\/2023\/09\/01\/lens-a-du-retard-a-lallumage\/","og_site_name":"La Diagonale","article_published_time":"2023-09-01T14:16:52+00:00","article_modified_time":"2023-09-01T16:37:10+00:00","og_image":[{"width":1160,"height":650,"url":"https:\/\/www.ladiagonale.net\/wp-content\/uploads\/2023\/09\/sotoca.png","type":"image\/png"}],"author":"Damien Dellerba","twitter_card":"summary_large_image","twitter_image":"https:\/\/www.ladiagonale.net\/wp-content\/uploads\/2023\/09\/sotoca.png","twitter_misc":{"\u00c9crit par":"Damien Dellerba","Dur\u00e9e de lecture estim\u00e9e":"3 minutes"},"schema":{"@context":"https:\/\/schema.org","@graph":[{"@type":"WebPage","@id":"https:\/\/www.ladiagonale.net\/index.php\/2023\/09\/01\/lens-a-du-retard-a-lallumage\/","url":"https:\/\/www.ladiagonale.net\/index.php\/2023\/09\/01\/lens-a-du-retard-a-lallumage\/","name":"Lens a du retard \u00e0 l'allumage - La Diagonale","isPartOf":{"@id":"https:\/\/www.ladiagonale.net\/#website"},"datePublished":"2023-09-01T14:16:52+00:00","dateModified":"2023-09-01T16:37:10+00:00","author":{"@id":"https:\/\/www.ladiagonale.net\/#\/schema\/person\/79ff1e7b0853ed01b2aa26e64ad300bf"},"breadcrumb":{"@id":"https:\/\/www.ladiagonale.net\/index.php\/2023\/09\/01\/lens-a-du-retard-a-lallumage\/#breadcrumb"},"inLanguage":"fr-FR","potentialAction":[{"@type":"ReadAction","target":["https:\/\/www.ladiagonale.net\/index.php\/2023\/09\/01\/lens-a-du-retard-a-lallumage\/"]}]},{"@type":"BreadcrumbList","@id":"https:\/\/www.ladiagonale.net\/index.php\/2023\/09\/01\/lens-a-du-retard-a-lallumage\/#breadcrumb","itemListElement":[{"@type":"ListItem","position":1,"name":"Accueil","item":"https:\/\/www.ladiagonale.net\/"},{"@type":"ListItem","position":2,"name":"Lens a du retard \u00e0 l&rsquo;allumage"}]},{"@type":"WebSite","@id":"https:\/\/www.ladiagonale.net\/#website","url":"https:\/\/www.ladiagonale.net\/","name":"La Diagonale","description":"Le site des supporters de l&#039;AS Monaco FC","potentialAction":[{"@type":"SearchAction","target":{"@type":"EntryPoint","urlTemplate":"https:\/\/www.ladiagonale.net\/?s={search_term_string}"},"query-input":"required name=search_term_string"}],"inLanguage":"fr-FR"},{"@type":"Person","@id":"https:\/\/www.ladiagonale.net\/#\/schema\/person\/79ff1e7b0853ed01b2aa26e64ad300bf","name":"Damien Dellerba","image":{"@type":"ImageObject","inLanguage":"fr-FR","@id":"https:\/\/www.ladiagonale.net\/#\/schema\/person\/image\/","url":"https:\/\/secure.gravatar.com\/avatar\/c7850e06d3ff63cdbaee88b7fc16e2f0?s=96&d=mm&r=g","contentUrl":"https:\/\/secure.gravatar.com\/avatar\/c7850e06d3ff63cdbaee88b7fc16e2f0?s=96&d=mm&r=g","caption":"Damien Dellerba"},"url":"https:\/\/www.ladiagonale.net\/index.php\/author\/damien\/"}]}},"_links":{"self":[{"href":"https:\/\/www.ladiagonale.net\/index.php\/wp-json\/wp\/v2\/posts\/15840"}],"collection":[{"href":"https:\/\/www.ladiagonale.net\/index.php\/wp-json\/wp\/v2\/posts"}],"about":[{"href":"https:\/\/www.ladiagonale.net\/index.php\/wp-json\/wp\/v2\/types\/post"}],"author":[{"embeddable":true,"href":"https:\/\/www.ladiagonale.net\/index.php\/wp-json\/wp\/v2\/users\/2"}],"replies":[{"embeddable":true,"href":"https:\/\/www.ladiagonale.net\/index.php\/wp-json\/wp\/v2\/comments?post=15840"}],"version-history":[{"count":3,"href":"https:\/\/www.ladiagonale.net\/index.php\/wp-json\/wp\/v2\/posts\/15840\/revisions"}],"predecessor-version":[{"id":15855,"href":"https:\/\/www.ladiagonale.net\/index.php\/wp-json\/wp\/v2\/posts\/15840\/revisions\/15855"}],"wp:attachment":[{"href":"https:\/\/www.ladiagonale.net\/index.php\/wp-json\/wp\/v2\/media?parent=15840"}],"wp:term":[{"taxonomy":"category","embeddable":true,"href":"https:\/\/www.ladiagonale.net\/index.php\/wp-json\/wp\/v2\/categories?post=15840"},{"taxonomy":"post_tag","embeddable":true,"href":"https:\/\/www.ladiagonale.net\/index.php\/wp-json\/wp\/v2\/tags?post=15840"}],"curies":[{"name":"wp","href":"https:\/\/api.w.org\/{rel}","templated":true}]}}