{"id":15846,"date":"2023-09-01T19:04:09","date_gmt":"2023-09-01T17:04:09","guid":{"rendered":"https:\/\/www.ladiagonale.net\/?p=15846"},"modified":"2023-09-01T19:08:36","modified_gmt":"2023-09-01T17:08:36","slug":"monaco-renverse-nordsjaelland","status":"publish","type":"post","link":"https:\/\/www.ladiagonale.net\/index.php\/2023\/09\/01\/monaco-renverse-nordsjaelland\/","title":{"rendered":"Le Groupe \u00c9lite renverse Nordsjaelland"},"content":{"rendered":"\n\n\n<p>C&rsquo;est une rencontre amicale spectaculaire \u00e0 laquelle se sont livr\u00e9s le Groupe \u00c9lite de l&rsquo;AS Monaco et l&rsquo;\u00e9quipe r\u00e9serve de Nordsjaelland. Celle-ci a finalement tourn\u00e9 en faveur des hommes de Damien Perrinelle (4-3), avec notamment un doubl\u00e9 d&rsquo;Etonde \u00e0 la cl\u00e9. C&rsquo;est pourtant la formation danoise qui a rapidement pris l&rsquo;avantage, mais les Mon\u00e9gasques sont revenus apr\u00e8s la demi-heure de jeu sur une r\u00e9alisation de Cartillier venue d&rsquo;une frappe de loin. <\/p>\n\n\n\n<figure class=\"wp-block-embed is-type-rich is-provider-twitter wp-block-embed-twitter\"><div class=\"wp-block-embed__wrapper\">\n<blockquote class=\"twitter-tweet\" data-width=\"550\" data-dnt=\"true\"><p lang=\"fr\" dir=\"ltr\">1\/2<br>Apr\u00e8s l&#39;ouverture du score par <a href=\"https:\/\/twitter.com\/FCNordsjaelland?ref_src=twsrc%5Etfw\">@FCNordsjaelland<\/a> \u00e0 la 8\u00e8me minute, <a href=\"https:\/\/twitter.com\/AS_Monaco?ref_src=twsrc%5Etfw\">@AS_Monaco<\/a> vient d&#39;\u00e9galiser par Cartillier d&#39;une frappe d\u00e8s 25m (36eme). <a href=\"https:\/\/t.co\/Br1NuyRkxJ\">pic.twitter.com\/Br1NuyRkxJ<\/a><\/p>&mdash; XaV\u00e9ro06 (@XaVero06) <a href=\"https:\/\/twitter.com\/XaVero06\/status\/1697620500103467111?ref_src=twsrc%5Etfw\">September 1, 2023<\/a><\/blockquote><script async src=\"https:\/\/platform.twitter.com\/widgets.js\" charset=\"utf-8\"><\/script>\n<\/div><\/figure>\n\n\n\n<p>Les As\u00e9mistes ont pris l&rsquo;avantage apr\u00e8s la pause, avec le premier but de Romaric Etonde, entr\u00e9 en cours de match. Les Rouge et Blanc auraient pu tout perdre en quelques minutes puisque Nordsjaelland a d&rsquo;abord \u00e9galis\u00e9 puis repris les commandes mais l&rsquo;ASM a montr\u00e9 du caract\u00e8re et insist\u00e9 jusqu&rsquo;au bout pour finalement l&#8217;emporter. Lucas Michal et Etond\u00e9, auteur d&rsquo;un second but, ont finalement permis \u00e0 l&rsquo;ASM de renverser leur adversaire du jour.<\/p>\n\n\n\n<p class=\"has-white-color has-text-color has-background\" style=\"background-color:#303030\">Composition : Lienard &#8211; Baba\u00ef, Valme, Kuzmanovic, Cartillier &#8211; Bamba, Gesan, Bouabr\u00e9 &#8211; Michal, Baglieri, Efekele.<\/p>\n\n\n\n<p>Source :<em> ASMbyStf<\/em><\/p>\n","protected":false},"excerpt":{"rendered":"<p>C&rsquo;est une rencontre amicale spectaculaire \u00e0 laquelle se sont livr\u00e9s le Groupe \u00c9lite de l&rsquo;AS Monaco et l&rsquo;\u00e9quipe r\u00e9serve de Nordsjaelland. Celle-ci a finalement tourn\u00e9 en faveur des hommes de Damien Perrinelle (4-3), avec notamment un doubl\u00e9 d&rsquo;Etonde \u00e0 la cl\u00e9. C&rsquo;est pourtant la formation danoise qui a rapidement pris l&rsquo;avantage, mais les Mon\u00e9gasques sont [&#8230;]\n","protected":false},"author":2,"featured_media":0,"comment_status":"open","ping_status":"open","sticky":false,"template":"","format":"standard","meta":[],"categories":[6],"tags":[76,86,228],"yoast_head":"<!-- This site is optimized with the Yoast SEO plugin v19.8 - https:\/\/yoast.com\/wordpress\/plugins\/seo\/ -->\n<title>Le Groupe \u00c9lite renverse Nordsjaelland - La Diagonale<\/title>\n<meta name=\"robots\" content=\"index, follow, max-snippet:-1, max-image-preview:large, max-video-preview:-1\" \/>\n<link rel=\"canonical\" href=\"https:\/\/www.ladiagonale.net\/index.php\/2023\/09\/01\/monaco-renverse-nordsjaelland\/\" \/>\n<meta property=\"og:locale\" content=\"fr_FR\" \/>\n<meta property=\"og:type\" content=\"article\" \/>\n<meta property=\"og:title\" content=\"Le Groupe \u00c9lite renverse Nordsjaelland - La Diagonale\" \/>\n<meta property=\"og:description\" content=\"C&rsquo;est une rencontre amicale spectaculaire \u00e0 laquelle se sont livr\u00e9s le Groupe \u00c9lite de l&rsquo;AS Monaco et l&rsquo;\u00e9quipe r\u00e9serve de Nordsjaelland. Celle-ci a finalement tourn\u00e9 en faveur des hommes de Damien Perrinelle (4-3), avec notamment un doubl\u00e9 d&rsquo;Etonde \u00e0 la cl\u00e9. C&rsquo;est pourtant la formation danoise qui a rapidement pris l&rsquo;avantage, mais les Mon\u00e9gasques sont [...]\" \/>\n<meta property=\"og:url\" content=\"https:\/\/www.ladiagonale.net\/index.php\/2023\/09\/01\/monaco-renverse-nordsjaelland\/\" \/>\n<meta property=\"og:site_name\" content=\"La Diagonale\" \/>\n<meta property=\"article:published_time\" content=\"2023-09-01T17:04:09+00:00\" \/>\n<meta property=\"article:modified_time\" content=\"2023-09-01T17:08:36+00:00\" \/>\n<meta property=\"og:image\" content=\"https:\/\/www.ladiagonale.net\/wp-content\/uploads\/2023\/08\/etonde2.png\" \/>\n\t<meta property=\"og:image:width\" content=\"1160\" \/>\n\t<meta property=\"og:image:height\" content=\"650\" \/>\n\t<meta property=\"og:image:type\" content=\"image\/png\" \/>\n<meta name=\"author\" content=\"Damien Dellerba\" \/>\n<meta name=\"twitter:card\" content=\"summary_large_image\" \/>\n<meta name=\"twitter:image\" content=\"https:\/\/www.ladiagonale.net\/wp-content\/uploads\/2023\/08\/etonde2.png\" \/>\n<meta name=\"twitter:label1\" content=\"\u00c9crit par\" \/>\n\t<meta name=\"twitter:data1\" content=\"Damien Dellerba\" \/>\n\t<meta name=\"twitter:label2\" content=\"Dur\u00e9e de lecture estim\u00e9e\" \/>\n\t<meta name=\"twitter:data2\" content=\"1 minute\" \/>\n<script type=\"application\/ld+json\" class=\"yoast-schema-graph\">{\"@context\":\"https:\/\/schema.org\",\"@graph\":[{\"@type\":\"WebPage\",\"@id\":\"https:\/\/www.ladiagonale.net\/index.php\/2023\/09\/01\/monaco-renverse-nordsjaelland\/\",\"url\":\"https:\/\/www.ladiagonale.net\/index.php\/2023\/09\/01\/monaco-renverse-nordsjaelland\/\",\"name\":\"Le Groupe \u00c9lite renverse Nordsjaelland - La Diagonale\",\"isPartOf\":{\"@id\":\"https:\/\/www.ladiagonale.net\/#website\"},\"datePublished\":\"2023-09-01T17:04:09+00:00\",\"dateModified\":\"2023-09-01T17:08:36+00:00\",\"author\":{\"@id\":\"https:\/\/www.ladiagonale.net\/#\/schema\/person\/79ff1e7b0853ed01b2aa26e64ad300bf\"},\"breadcrumb\":{\"@id\":\"https:\/\/www.ladiagonale.net\/index.php\/2023\/09\/01\/monaco-renverse-nordsjaelland\/#breadcrumb\"},\"inLanguage\":\"fr-FR\",\"potentialAction\":[{\"@type\":\"ReadAction\",\"target\":[\"https:\/\/www.ladiagonale.net\/index.php\/2023\/09\/01\/monaco-renverse-nordsjaelland\/\"]}]},{\"@type\":\"BreadcrumbList\",\"@id\":\"https:\/\/www.ladiagonale.net\/index.php\/2023\/09\/01\/monaco-renverse-nordsjaelland\/#breadcrumb\",\"itemListElement\":[{\"@type\":\"ListItem\",\"position\":1,\"name\":\"Accueil\",\"item\":\"https:\/\/www.ladiagonale.net\/\"},{\"@type\":\"ListItem\",\"position\":2,\"name\":\"Le Groupe \u00c9lite renverse Nordsjaelland\"}]},{\"@type\":\"WebSite\",\"@id\":\"https:\/\/www.ladiagonale.net\/#website\",\"url\":\"https:\/\/www.ladiagonale.net\/\",\"name\":\"La Diagonale\",\"description\":\"Le site des supporters de l&#039;AS Monaco FC\",\"potentialAction\":[{\"@type\":\"SearchAction\",\"target\":{\"@type\":\"EntryPoint\",\"urlTemplate\":\"https:\/\/www.ladiagonale.net\/?s={search_term_string}\"},\"query-input\":\"required name=search_term_string\"}],\"inLanguage\":\"fr-FR\"},{\"@type\":\"Person\",\"@id\":\"https:\/\/www.ladiagonale.net\/#\/schema\/person\/79ff1e7b0853ed01b2aa26e64ad300bf\",\"name\":\"Damien Dellerba\",\"image\":{\"@type\":\"ImageObject\",\"inLanguage\":\"fr-FR\",\"@id\":\"https:\/\/www.ladiagonale.net\/#\/schema\/person\/image\/\",\"url\":\"https:\/\/secure.gravatar.com\/avatar\/c7850e06d3ff63cdbaee88b7fc16e2f0?s=96&d=mm&r=g\",\"contentUrl\":\"https:\/\/secure.gravatar.com\/avatar\/c7850e06d3ff63cdbaee88b7fc16e2f0?s=96&d=mm&r=g\",\"caption\":\"Damien Dellerba\"},\"url\":\"https:\/\/www.ladiagonale.net\/index.php\/author\/damien\/\"}]}<\/script>\n<!-- \/ Yoast SEO plugin. -->","yoast_head_json":{"title":"Le Groupe \u00c9lite renverse Nordsjaelland - La Diagonale","robots":{"index":"index","follow":"follow","max-snippet":"max-snippet:-1","max-image-preview":"max-image-preview:large","max-video-preview":"max-video-preview:-1"},"canonical":"https:\/\/www.ladiagonale.net\/index.php\/2023\/09\/01\/monaco-renverse-nordsjaelland\/","og_locale":"fr_FR","og_type":"article","og_title":"Le Groupe \u00c9lite renverse Nordsjaelland - La Diagonale","og_description":"C&rsquo;est une rencontre amicale spectaculaire \u00e0 laquelle se sont livr\u00e9s le Groupe \u00c9lite de l&rsquo;AS Monaco et l&rsquo;\u00e9quipe r\u00e9serve de Nordsjaelland. Celle-ci a finalement tourn\u00e9 en faveur des hommes de Damien Perrinelle (4-3), avec notamment un doubl\u00e9 d&rsquo;Etonde \u00e0 la cl\u00e9. C&rsquo;est pourtant la formation danoise qui a rapidement pris l&rsquo;avantage, mais les Mon\u00e9gasques sont [...]","og_url":"https:\/\/www.ladiagonale.net\/index.php\/2023\/09\/01\/monaco-renverse-nordsjaelland\/","og_site_name":"La Diagonale","article_published_time":"2023-09-01T17:04:09+00:00","article_modified_time":"2023-09-01T17:08:36+00:00","og_image":[{"width":1160,"height":650,"url":"https:\/\/www.ladiagonale.net\/wp-content\/uploads\/2023\/08\/etonde2.png","type":"image\/png"}],"author":"Damien Dellerba","twitter_card":"summary_large_image","twitter_image":"https:\/\/www.ladiagonale.net\/wp-content\/uploads\/2023\/08\/etonde2.png","twitter_misc":{"\u00c9crit par":"Damien Dellerba","Dur\u00e9e de lecture estim\u00e9e":"1 minute"},"schema":{"@context":"https:\/\/schema.org","@graph":[{"@type":"WebPage","@id":"https:\/\/www.ladiagonale.net\/index.php\/2023\/09\/01\/monaco-renverse-nordsjaelland\/","url":"https:\/\/www.ladiagonale.net\/index.php\/2023\/09\/01\/monaco-renverse-nordsjaelland\/","name":"Le Groupe \u00c9lite renverse Nordsjaelland - La Diagonale","isPartOf":{"@id":"https:\/\/www.ladiagonale.net\/#website"},"datePublished":"2023-09-01T17:04:09+00:00","dateModified":"2023-09-01T17:08:36+00:00","author":{"@id":"https:\/\/www.ladiagonale.net\/#\/schema\/person\/79ff1e7b0853ed01b2aa26e64ad300bf"},"breadcrumb":{"@id":"https:\/\/www.ladiagonale.net\/index.php\/2023\/09\/01\/monaco-renverse-nordsjaelland\/#breadcrumb"},"inLanguage":"fr-FR","potentialAction":[{"@type":"ReadAction","target":["https:\/\/www.ladiagonale.net\/index.php\/2023\/09\/01\/monaco-renverse-nordsjaelland\/"]}]},{"@type":"BreadcrumbList","@id":"https:\/\/www.ladiagonale.net\/index.php\/2023\/09\/01\/monaco-renverse-nordsjaelland\/#breadcrumb","itemListElement":[{"@type":"ListItem","position":1,"name":"Accueil","item":"https:\/\/www.ladiagonale.net\/"},{"@type":"ListItem","position":2,"name":"Le Groupe \u00c9lite renverse Nordsjaelland"}]},{"@type":"WebSite","@id":"https:\/\/www.ladiagonale.net\/#website","url":"https:\/\/www.ladiagonale.net\/","name":"La Diagonale","description":"Le site des supporters de l&#039;AS Monaco FC","potentialAction":[{"@type":"SearchAction","target":{"@type":"EntryPoint","urlTemplate":"https:\/\/www.ladiagonale.net\/?s={search_term_string}"},"query-input":"required name=search_term_string"}],"inLanguage":"fr-FR"},{"@type":"Person","@id":"https:\/\/www.ladiagonale.net\/#\/schema\/person\/79ff1e7b0853ed01b2aa26e64ad300bf","name":"Damien Dellerba","image":{"@type":"ImageObject","inLanguage":"fr-FR","@id":"https:\/\/www.ladiagonale.net\/#\/schema\/person\/image\/","url":"https:\/\/secure.gravatar.com\/avatar\/c7850e06d3ff63cdbaee88b7fc16e2f0?s=96&d=mm&r=g","contentUrl":"https:\/\/secure.gravatar.com\/avatar\/c7850e06d3ff63cdbaee88b7fc16e2f0?s=96&d=mm&r=g","caption":"Damien Dellerba"},"url":"https:\/\/www.ladiagonale.net\/index.php\/author\/damien\/"}]}},"_links":{"self":[{"href":"https:\/\/www.ladiagonale.net\/index.php\/wp-json\/wp\/v2\/posts\/15846"}],"collection":[{"href":"https:\/\/www.ladiagonale.net\/index.php\/wp-json\/wp\/v2\/posts"}],"about":[{"href":"https:\/\/www.ladiagonale.net\/index.php\/wp-json\/wp\/v2\/types\/post"}],"author":[{"embeddable":true,"href":"https:\/\/www.ladiagonale.net\/index.php\/wp-json\/wp\/v2\/users\/2"}],"replies":[{"embeddable":true,"href":"https:\/\/www.ladiagonale.net\/index.php\/wp-json\/wp\/v2\/comments?post=15846"}],"version-history":[{"count":9,"href":"https:\/\/www.ladiagonale.net\/index.php\/wp-json\/wp\/v2\/posts\/15846\/revisions"}],"predecessor-version":[{"id":15864,"href":"https:\/\/www.ladiagonale.net\/index.php\/wp-json\/wp\/v2\/posts\/15846\/revisions\/15864"}],"wp:attachment":[{"href":"https:\/\/www.ladiagonale.net\/index.php\/wp-json\/wp\/v2\/media?parent=15846"}],"wp:term":[{"taxonomy":"category","embeddable":true,"href":"https:\/\/www.ladiagonale.net\/index.php\/wp-json\/wp\/v2\/categories?post=15846"},{"taxonomy":"post_tag","embeddable":true,"href":"https:\/\/www.ladiagonale.net\/index.php\/wp-json\/wp\/v2\/tags?post=15846"}],"curies":[{"name":"wp","href":"https:\/\/api.w.org\/{rel}","templated":true}]}}