{"id":15880,"date":"2023-09-02T08:41:00","date_gmt":"2023-09-02T06:41:00","guid":{"rendered":"https:\/\/www.ladiagonale.net\/?p=15880"},"modified":"2023-09-02T04:09:10","modified_gmt":"2023-09-02T02:09:10","slug":"la-premiere-epreuve","status":"publish","type":"post","link":"https:\/\/www.ladiagonale.net\/index.php\/2023\/09\/02\/la-premiere-epreuve\/","title":{"rendered":"La premi\u00e8re \u00e9preuve"},"content":{"rendered":"\n\n\n<p><strong>Ce samedi (21h), Monaco re\u00e7oit le RC Lens au stade Louis-II pour ce qui constitue la premi\u00e8re grosse opposition de la saison pour la formation as\u00e9miste. Un test grandeur nature qui permettra de voir ce que les hommes d&rsquo;Adi H\u00fctter ont vraiment dans le ventre.<\/strong><\/p>\n\n\n\n<p>Il s&rsquo;est pass\u00e9 beaucoup de choses depuis le 22 avril 2023. Ce soir-l\u00e0, Monaco d\u00e9fiait Lens au stade Bollaert dans une rencontre qui pouvait s&rsquo;av\u00e9rer d\u00e9cisive pour une place en Ligue des champions. Les Mon\u00e9gasques, alors emmen\u00e9s par Philippe Clement, avaient rat\u00e9 le tournant et s&rsquo;\u00e9taient lourdement inclin\u00e9s (0-3). Le groupe mon\u00e9gasque, d\u00e9j\u00e0 sur un fil depuis plusieurs semaines, avait d\u00e9finitivement sombr\u00e9 apr\u00e8s cette d\u00e9faite, condamnant ainsi ses chances de disputer la moindre coupe d&rsquo;Europe. Samedi, il ne sera pas vraiment question de prendre une revanche pour Monaco. Les Lensois \u00e9taient alors dans une dynamique \u00e9tourdissante \u00e0 l&rsquo;exacte oppos\u00e9e de celle des Rouge et Blanc. Mais c&rsquo;est aussi ce qui a permis en partie \u00e0 l&rsquo;ASM de se remettre en question.<\/p>\n\n\n\n<p class=\"has-white-color has-text-color has-background\" style=\"background-color:#303030\">Lire aussi : <a href=\"https:\/\/www.ladiagonale.net\/index.php\/2023\/09\/01\/lens-a-du-retard-a-lallumage\/\">Lens a du retard \u00e0 l&rsquo;allumage<\/a><\/p>\n\n\n\n<p>Plus que de revanche, cette opposition face \u00e0 une \u00e9quipe qui se veut taill\u00e9e pour la Ligue des champions, &#8211; m\u00eame si on peut nourrir quelques r\u00e9serves \u00e0 ce sujet &#8211; sera surtout l&rsquo;occasion pour l&rsquo;ASM de se mettre \u00e0 l&rsquo;\u00e9preuve et de mesurer le chemin parcouru depuis cette soir\u00e9e d&rsquo;avril. Le mercato vient de se terminer et Monaco a renouvel\u00e9 une bonne partie de son onze type. Si sa d\u00e9fense manque sans doute d&rsquo;un \u00e9l\u00e9ment suppl\u00e9mentaire, qu&rsquo;aurait pu \u00eatre Tosin Adarabioyo, pour pr\u00e9senter davantage de garanties, elle affiche d\u00e9sormais des contours plus aguichants, et ce malgr\u00e9 le d\u00e9part d&rsquo;Axel Disasi, parti pour Chelsea contre un ch\u00e8que de 45 millions d&rsquo;euros. Surtout, l&rsquo;effectif mon\u00e9gasque donne l&rsquo;impression de s&rsquo;\u00eatre renforc\u00e9 pendant l&rsquo;\u00e9t\u00e9 et d&rsquo;avoir \u00e9t\u00e9 construit en bonne intelligence et avec une certaine coh\u00e9rence. Le match contre Lens permettra justement d&rsquo;en juger.<\/p>\n\n\n\n<p class=\"has-white-color has-text-color has-background\" style=\"background-color:#303030\">Lire aussi : <a href=\"https:\/\/www.ladiagonale.net\/index.php\/2023\/09\/01\/lens-devient-la-bete-noire-de-lasm-en-principaute\/\">Lens devient la b\u00eate noire de l&rsquo;ASM en Principaut\u00e9<\/a><\/p>\n\n\n\n<p>La cerise sur le g\u00e2teau d&rsquo;un mercato globalement bien men\u00e9 est arriv\u00e9e en milieu de semaine. L&rsquo;attaquant am\u00e9ricain Folarin Balogun s&rsquo;est engag\u00e9 pour 30 millions d&rsquo;euros plus 10 de bonus. Tandis que Paul Mitchell avait d\u00fb composer avec un ch\u00e9quier restreint, son successeur Thiago Scuro a pu b\u00e9n\u00e9ficier de quelques largesses de la part du propri\u00e9taire Dmitry Rybolovlev, <a href=\"https:\/\/www.ladiagonale.net\/index.php\/2023\/08\/31\/balogun-dans-le-top-5-des-plus-gros-achats-de-lasm\/\">qui n&rsquo;avait plus mis\u00e9 autant sur un seul joueur<\/a> depuis les recrutements de Gelson Martins (<em>30 millions d&rsquo;euros<\/em>) et de Wissam Ben Yedder (<em>40 millions d&rsquo;euros<\/em>), tous deux sign\u00e9s \u00e0 l&rsquo;\u00e9t\u00e9 2019. Forc\u00e9ment, les attentes seront grandes autour de l&rsquo;ancien joueur d&rsquo;Arsenal, qui sort d&rsquo;une saison en pr\u00eat convaincante avec Reims (<em>22 buts en 39 matches<\/em>). Balogun ne devrait pas \u00eatre align\u00e9 d&rsquo;entr\u00e9e contre Lens et on attend surtout de savoir comme Adi H\u00fctter compte l&rsquo;utiliser o\u00f9 g\u00e9rer la concurrence avec Ben Yedder. <\/p>\n","protected":false},"excerpt":{"rendered":"<p>Ce samedi (21h), Monaco re\u00e7oit le RC Lens au stade Louis-II pour ce qui constitue la premi\u00e8re grosse opposition de la saison pour la formation as\u00e9miste. Un test grandeur nature qui permettra de voir ce que les hommes d&rsquo;Adi H\u00fctter ont vraiment dans le ventre. Il s&rsquo;est pass\u00e9 beaucoup de choses depuis le 22 avril [&#8230;]\n","protected":false},"author":2,"featured_media":15881,"comment_status":"open","ping_status":"open","sticky":false,"template":"","format":"standard","meta":[],"categories":[5,6],"tags":[86,206,94,647],"yoast_head":"<!-- This site is optimized with the Yoast SEO plugin v19.8 - https:\/\/yoast.com\/wordpress\/plugins\/seo\/ -->\n<title>La premi\u00e8re \u00e9preuve - La Diagonale<\/title>\n<meta name=\"robots\" content=\"index, follow, max-snippet:-1, max-image-preview:large, max-video-preview:-1\" \/>\n<link rel=\"canonical\" href=\"https:\/\/www.ladiagonale.net\/index.php\/2023\/09\/02\/la-premiere-epreuve\/\" \/>\n<meta property=\"og:locale\" content=\"fr_FR\" \/>\n<meta property=\"og:type\" content=\"article\" \/>\n<meta property=\"og:title\" content=\"La premi\u00e8re \u00e9preuve - La Diagonale\" \/>\n<meta property=\"og:description\" content=\"Ce samedi (21h), Monaco re\u00e7oit le RC Lens au stade Louis-II pour ce qui constitue la premi\u00e8re grosse opposition de la saison pour la formation as\u00e9miste. Un test grandeur nature qui permettra de voir ce que les hommes d&rsquo;Adi H\u00fctter ont vraiment dans le ventre. Il s&rsquo;est pass\u00e9 beaucoup de choses depuis le 22 avril [...]\" \/>\n<meta property=\"og:url\" content=\"https:\/\/www.ladiagonale.net\/index.php\/2023\/09\/02\/la-premiere-epreuve\/\" \/>\n<meta property=\"og:site_name\" content=\"La Diagonale\" \/>\n<meta property=\"article:published_time\" content=\"2023-09-02T06:41:00+00:00\" \/>\n<meta property=\"article:modified_time\" content=\"2023-09-02T02:09:10+00:00\" \/>\n<meta property=\"og:image\" content=\"https:\/\/www.ladiagonale.net\/wp-content\/uploads\/2023\/09\/am-lens.png\" \/>\n\t<meta property=\"og:image:width\" content=\"1160\" \/>\n\t<meta property=\"og:image:height\" content=\"650\" \/>\n\t<meta property=\"og:image:type\" content=\"image\/png\" \/>\n<meta name=\"author\" content=\"Damien Dellerba\" \/>\n<meta name=\"twitter:card\" content=\"summary_large_image\" \/>\n<meta name=\"twitter:image\" content=\"https:\/\/www.ladiagonale.net\/wp-content\/uploads\/2023\/09\/am-lens.png\" \/>\n<meta name=\"twitter:label1\" content=\"\u00c9crit par\" \/>\n\t<meta name=\"twitter:data1\" content=\"Damien Dellerba\" \/>\n\t<meta name=\"twitter:label2\" content=\"Dur\u00e9e de lecture estim\u00e9e\" \/>\n\t<meta name=\"twitter:data2\" content=\"3 minutes\" \/>\n<script type=\"application\/ld+json\" class=\"yoast-schema-graph\">{\"@context\":\"https:\/\/schema.org\",\"@graph\":[{\"@type\":\"WebPage\",\"@id\":\"https:\/\/www.ladiagonale.net\/index.php\/2023\/09\/02\/la-premiere-epreuve\/\",\"url\":\"https:\/\/www.ladiagonale.net\/index.php\/2023\/09\/02\/la-premiere-epreuve\/\",\"name\":\"La premi\u00e8re \u00e9preuve - La Diagonale\",\"isPartOf\":{\"@id\":\"https:\/\/www.ladiagonale.net\/#website\"},\"datePublished\":\"2023-09-02T06:41:00+00:00\",\"dateModified\":\"2023-09-02T02:09:10+00:00\",\"author\":{\"@id\":\"https:\/\/www.ladiagonale.net\/#\/schema\/person\/79ff1e7b0853ed01b2aa26e64ad300bf\"},\"breadcrumb\":{\"@id\":\"https:\/\/www.ladiagonale.net\/index.php\/2023\/09\/02\/la-premiere-epreuve\/#breadcrumb\"},\"inLanguage\":\"fr-FR\",\"potentialAction\":[{\"@type\":\"ReadAction\",\"target\":[\"https:\/\/www.ladiagonale.net\/index.php\/2023\/09\/02\/la-premiere-epreuve\/\"]}]},{\"@type\":\"BreadcrumbList\",\"@id\":\"https:\/\/www.ladiagonale.net\/index.php\/2023\/09\/02\/la-premiere-epreuve\/#breadcrumb\",\"itemListElement\":[{\"@type\":\"ListItem\",\"position\":1,\"name\":\"Accueil\",\"item\":\"https:\/\/www.ladiagonale.net\/\"},{\"@type\":\"ListItem\",\"position\":2,\"name\":\"La premi\u00e8re \u00e9preuve\"}]},{\"@type\":\"WebSite\",\"@id\":\"https:\/\/www.ladiagonale.net\/#website\",\"url\":\"https:\/\/www.ladiagonale.net\/\",\"name\":\"La Diagonale\",\"description\":\"Le site des supporters de l&#039;AS Monaco FC\",\"potentialAction\":[{\"@type\":\"SearchAction\",\"target\":{\"@type\":\"EntryPoint\",\"urlTemplate\":\"https:\/\/www.ladiagonale.net\/?s={search_term_string}\"},\"query-input\":\"required name=search_term_string\"}],\"inLanguage\":\"fr-FR\"},{\"@type\":\"Person\",\"@id\":\"https:\/\/www.ladiagonale.net\/#\/schema\/person\/79ff1e7b0853ed01b2aa26e64ad300bf\",\"name\":\"Damien Dellerba\",\"image\":{\"@type\":\"ImageObject\",\"inLanguage\":\"fr-FR\",\"@id\":\"https:\/\/www.ladiagonale.net\/#\/schema\/person\/image\/\",\"url\":\"https:\/\/secure.gravatar.com\/avatar\/c7850e06d3ff63cdbaee88b7fc16e2f0?s=96&d=mm&r=g\",\"contentUrl\":\"https:\/\/secure.gravatar.com\/avatar\/c7850e06d3ff63cdbaee88b7fc16e2f0?s=96&d=mm&r=g\",\"caption\":\"Damien Dellerba\"},\"url\":\"https:\/\/www.ladiagonale.net\/index.php\/author\/damien\/\"}]}<\/script>\n<!-- \/ Yoast SEO plugin. -->","yoast_head_json":{"title":"La premi\u00e8re \u00e9preuve - La Diagonale","robots":{"index":"index","follow":"follow","max-snippet":"max-snippet:-1","max-image-preview":"max-image-preview:large","max-video-preview":"max-video-preview:-1"},"canonical":"https:\/\/www.ladiagonale.net\/index.php\/2023\/09\/02\/la-premiere-epreuve\/","og_locale":"fr_FR","og_type":"article","og_title":"La premi\u00e8re \u00e9preuve - La Diagonale","og_description":"Ce samedi (21h), Monaco re\u00e7oit le RC Lens au stade Louis-II pour ce qui constitue la premi\u00e8re grosse opposition de la saison pour la formation as\u00e9miste. Un test grandeur nature qui permettra de voir ce que les hommes d&rsquo;Adi H\u00fctter ont vraiment dans le ventre. Il s&rsquo;est pass\u00e9 beaucoup de choses depuis le 22 avril [...]","og_url":"https:\/\/www.ladiagonale.net\/index.php\/2023\/09\/02\/la-premiere-epreuve\/","og_site_name":"La Diagonale","article_published_time":"2023-09-02T06:41:00+00:00","article_modified_time":"2023-09-02T02:09:10+00:00","og_image":[{"width":1160,"height":650,"url":"https:\/\/www.ladiagonale.net\/wp-content\/uploads\/2023\/09\/am-lens.png","type":"image\/png"}],"author":"Damien Dellerba","twitter_card":"summary_large_image","twitter_image":"https:\/\/www.ladiagonale.net\/wp-content\/uploads\/2023\/09\/am-lens.png","twitter_misc":{"\u00c9crit par":"Damien Dellerba","Dur\u00e9e de lecture estim\u00e9e":"3 minutes"},"schema":{"@context":"https:\/\/schema.org","@graph":[{"@type":"WebPage","@id":"https:\/\/www.ladiagonale.net\/index.php\/2023\/09\/02\/la-premiere-epreuve\/","url":"https:\/\/www.ladiagonale.net\/index.php\/2023\/09\/02\/la-premiere-epreuve\/","name":"La premi\u00e8re \u00e9preuve - La Diagonale","isPartOf":{"@id":"https:\/\/www.ladiagonale.net\/#website"},"datePublished":"2023-09-02T06:41:00+00:00","dateModified":"2023-09-02T02:09:10+00:00","author":{"@id":"https:\/\/www.ladiagonale.net\/#\/schema\/person\/79ff1e7b0853ed01b2aa26e64ad300bf"},"breadcrumb":{"@id":"https:\/\/www.ladiagonale.net\/index.php\/2023\/09\/02\/la-premiere-epreuve\/#breadcrumb"},"inLanguage":"fr-FR","potentialAction":[{"@type":"ReadAction","target":["https:\/\/www.ladiagonale.net\/index.php\/2023\/09\/02\/la-premiere-epreuve\/"]}]},{"@type":"BreadcrumbList","@id":"https:\/\/www.ladiagonale.net\/index.php\/2023\/09\/02\/la-premiere-epreuve\/#breadcrumb","itemListElement":[{"@type":"ListItem","position":1,"name":"Accueil","item":"https:\/\/www.ladiagonale.net\/"},{"@type":"ListItem","position":2,"name":"La premi\u00e8re \u00e9preuve"}]},{"@type":"WebSite","@id":"https:\/\/www.ladiagonale.net\/#website","url":"https:\/\/www.ladiagonale.net\/","name":"La Diagonale","description":"Le site des supporters de l&#039;AS Monaco FC","potentialAction":[{"@type":"SearchAction","target":{"@type":"EntryPoint","urlTemplate":"https:\/\/www.ladiagonale.net\/?s={search_term_string}"},"query-input":"required name=search_term_string"}],"inLanguage":"fr-FR"},{"@type":"Person","@id":"https:\/\/www.ladiagonale.net\/#\/schema\/person\/79ff1e7b0853ed01b2aa26e64ad300bf","name":"Damien Dellerba","image":{"@type":"ImageObject","inLanguage":"fr-FR","@id":"https:\/\/www.ladiagonale.net\/#\/schema\/person\/image\/","url":"https:\/\/secure.gravatar.com\/avatar\/c7850e06d3ff63cdbaee88b7fc16e2f0?s=96&d=mm&r=g","contentUrl":"https:\/\/secure.gravatar.com\/avatar\/c7850e06d3ff63cdbaee88b7fc16e2f0?s=96&d=mm&r=g","caption":"Damien Dellerba"},"url":"https:\/\/www.ladiagonale.net\/index.php\/author\/damien\/"}]}},"_links":{"self":[{"href":"https:\/\/www.ladiagonale.net\/index.php\/wp-json\/wp\/v2\/posts\/15880"}],"collection":[{"href":"https:\/\/www.ladiagonale.net\/index.php\/wp-json\/wp\/v2\/posts"}],"about":[{"href":"https:\/\/www.ladiagonale.net\/index.php\/wp-json\/wp\/v2\/types\/post"}],"author":[{"embeddable":true,"href":"https:\/\/www.ladiagonale.net\/index.php\/wp-json\/wp\/v2\/users\/2"}],"replies":[{"embeddable":true,"href":"https:\/\/www.ladiagonale.net\/index.php\/wp-json\/wp\/v2\/comments?post=15880"}],"version-history":[{"count":2,"href":"https:\/\/www.ladiagonale.net\/index.php\/wp-json\/wp\/v2\/posts\/15880\/revisions"}],"predecessor-version":[{"id":15884,"href":"https:\/\/www.ladiagonale.net\/index.php\/wp-json\/wp\/v2\/posts\/15880\/revisions\/15884"}],"wp:featuredmedia":[{"embeddable":true,"href":"https:\/\/www.ladiagonale.net\/index.php\/wp-json\/wp\/v2\/media\/15881"}],"wp:attachment":[{"href":"https:\/\/www.ladiagonale.net\/index.php\/wp-json\/wp\/v2\/media?parent=15880"}],"wp:term":[{"taxonomy":"category","embeddable":true,"href":"https:\/\/www.ladiagonale.net\/index.php\/wp-json\/wp\/v2\/categories?post=15880"},{"taxonomy":"post_tag","embeddable":true,"href":"https:\/\/www.ladiagonale.net\/index.php\/wp-json\/wp\/v2\/tags?post=15880"}],"curies":[{"name":"wp","href":"https:\/\/api.w.org\/{rel}","templated":true}]}}