{"id":15885,"date":"2023-09-02T11:41:37","date_gmt":"2023-09-02T09:41:37","guid":{"rendered":"https:\/\/www.ladiagonale.net\/?p=15885"},"modified":"2023-09-02T11:41:39","modified_gmt":"2023-09-02T09:41:39","slug":"sur-quelle-chaine-suivre-monaco-lens","status":"publish","type":"post","link":"https:\/\/www.ladiagonale.net\/index.php\/2023\/09\/02\/sur-quelle-chaine-suivre-monaco-lens\/","title":{"rendered":"Sur quelle cha\u00eene suivre Monaco-Lens ?"},"content":{"rendered":"\n\n\n<p>L&rsquo;AS Monaco re\u00e7oit Lens ce samedi pour le compte de la 4<sup>e<\/sup> journ\u00e9e de Ligue 1 et pour un premier gros test. Le coup d&rsquo;envoi sera donn\u00e9 \u00e0 21 heures et la rencontre sera \u00e0 suivre sur <em>Canal+ Foot<\/em>. La rencontre sera pr\u00e9c\u00e9d\u00e9e de <em>Soir de Ligue 1<\/em> qui d\u00e9butera \u00e0 20h30.<\/p>\n\n\n\n<p>Paul Tchoukriel sera le commentateur du match, et il sera \u00e9paul\u00e9 par Sidney Govou comme consultant. Le micro du bord terrain sera confi\u00e9 \u00e0 Philippe Carayon. Un d\u00e9brief suivra la rencontre.<\/p>\n\n\n\n<p>Source : <a href=\"https:\/\/twitter.com\/EnPleineLucarne\">En Pleine Lucarne<\/a><\/p>\n","protected":false},"excerpt":{"rendered":"<p>L&rsquo;AS Monaco re\u00e7oit Lens ce samedi pour le compte de la 4e journ\u00e9e de Ligue 1 et pour un premier gros test. Le coup d&rsquo;envoi sera donn\u00e9 \u00e0 21 heures et la rencontre sera \u00e0 suivre sur Canal+ Foot. La rencontre sera pr\u00e9c\u00e9d\u00e9e de Soir de Ligue 1 qui d\u00e9butera \u00e0 20h30. Paul Tchoukriel sera [&#8230;]\n","protected":false},"author":2,"featured_media":0,"comment_status":"open","ping_status":"open","sticky":false,"template":"","format":"standard","meta":[],"categories":[6],"tags":[86,235,647],"yoast_head":"<!-- This site is optimized with the Yoast SEO plugin v19.8 - https:\/\/yoast.com\/wordpress\/plugins\/seo\/ -->\n<title>Sur quelle cha\u00eene suivre Monaco-Lens ? - La Diagonale<\/title>\n<meta name=\"robots\" content=\"index, follow, max-snippet:-1, max-image-preview:large, max-video-preview:-1\" \/>\n<link rel=\"canonical\" href=\"https:\/\/www.ladiagonale.net\/index.php\/2023\/09\/02\/sur-quelle-chaine-suivre-monaco-lens\/\" \/>\n<meta property=\"og:locale\" content=\"fr_FR\" \/>\n<meta property=\"og:type\" content=\"article\" \/>\n<meta property=\"og:title\" content=\"Sur quelle cha\u00eene suivre Monaco-Lens ? - La Diagonale\" \/>\n<meta property=\"og:description\" content=\"L&rsquo;AS Monaco re\u00e7oit Lens ce samedi pour le compte de la 4e journ\u00e9e de Ligue 1 et pour un premier gros test. Le coup d&rsquo;envoi sera donn\u00e9 \u00e0 21 heures et la rencontre sera \u00e0 suivre sur Canal+ Foot. La rencontre sera pr\u00e9c\u00e9d\u00e9e de Soir de Ligue 1 qui d\u00e9butera \u00e0 20h30. Paul Tchoukriel sera [...]\" \/>\n<meta property=\"og:url\" content=\"https:\/\/www.ladiagonale.net\/index.php\/2023\/09\/02\/sur-quelle-chaine-suivre-monaco-lens\/\" \/>\n<meta property=\"og:site_name\" content=\"La Diagonale\" \/>\n<meta property=\"article:published_time\" content=\"2023-09-02T09:41:37+00:00\" \/>\n<meta property=\"article:modified_time\" content=\"2023-09-02T09:41:39+00:00\" \/>\n<meta property=\"og:image\" content=\"https:\/\/www.ladiagonale.net\/wp-content\/uploads\/2023\/01\/canalL1.png\" \/>\n\t<meta property=\"og:image:width\" content=\"1160\" \/>\n\t<meta property=\"og:image:height\" content=\"650\" \/>\n\t<meta property=\"og:image:type\" content=\"image\/png\" \/>\n<meta name=\"author\" content=\"Damien Dellerba\" \/>\n<meta name=\"twitter:card\" content=\"summary_large_image\" \/>\n<meta name=\"twitter:image\" content=\"https:\/\/www.ladiagonale.net\/wp-content\/uploads\/2023\/01\/canalL1.png\" \/>\n<meta name=\"twitter:label1\" content=\"\u00c9crit par\" \/>\n\t<meta name=\"twitter:data1\" content=\"Damien Dellerba\" \/>\n\t<meta name=\"twitter:label2\" content=\"Dur\u00e9e de lecture estim\u00e9e\" \/>\n\t<meta name=\"twitter:data2\" content=\"1 minute\" \/>\n<script type=\"application\/ld+json\" class=\"yoast-schema-graph\">{\"@context\":\"https:\/\/schema.org\",\"@graph\":[{\"@type\":\"WebPage\",\"@id\":\"https:\/\/www.ladiagonale.net\/index.php\/2023\/09\/02\/sur-quelle-chaine-suivre-monaco-lens\/\",\"url\":\"https:\/\/www.ladiagonale.net\/index.php\/2023\/09\/02\/sur-quelle-chaine-suivre-monaco-lens\/\",\"name\":\"Sur quelle cha\u00eene suivre Monaco-Lens ? - La Diagonale\",\"isPartOf\":{\"@id\":\"https:\/\/www.ladiagonale.net\/#website\"},\"datePublished\":\"2023-09-02T09:41:37+00:00\",\"dateModified\":\"2023-09-02T09:41:39+00:00\",\"author\":{\"@id\":\"https:\/\/www.ladiagonale.net\/#\/schema\/person\/79ff1e7b0853ed01b2aa26e64ad300bf\"},\"breadcrumb\":{\"@id\":\"https:\/\/www.ladiagonale.net\/index.php\/2023\/09\/02\/sur-quelle-chaine-suivre-monaco-lens\/#breadcrumb\"},\"inLanguage\":\"fr-FR\",\"potentialAction\":[{\"@type\":\"ReadAction\",\"target\":[\"https:\/\/www.ladiagonale.net\/index.php\/2023\/09\/02\/sur-quelle-chaine-suivre-monaco-lens\/\"]}]},{\"@type\":\"BreadcrumbList\",\"@id\":\"https:\/\/www.ladiagonale.net\/index.php\/2023\/09\/02\/sur-quelle-chaine-suivre-monaco-lens\/#breadcrumb\",\"itemListElement\":[{\"@type\":\"ListItem\",\"position\":1,\"name\":\"Accueil\",\"item\":\"https:\/\/www.ladiagonale.net\/\"},{\"@type\":\"ListItem\",\"position\":2,\"name\":\"Sur quelle cha\u00eene suivre Monaco-Lens ?\"}]},{\"@type\":\"WebSite\",\"@id\":\"https:\/\/www.ladiagonale.net\/#website\",\"url\":\"https:\/\/www.ladiagonale.net\/\",\"name\":\"La Diagonale\",\"description\":\"Le site des supporters de l&#039;AS Monaco FC\",\"potentialAction\":[{\"@type\":\"SearchAction\",\"target\":{\"@type\":\"EntryPoint\",\"urlTemplate\":\"https:\/\/www.ladiagonale.net\/?s={search_term_string}\"},\"query-input\":\"required name=search_term_string\"}],\"inLanguage\":\"fr-FR\"},{\"@type\":\"Person\",\"@id\":\"https:\/\/www.ladiagonale.net\/#\/schema\/person\/79ff1e7b0853ed01b2aa26e64ad300bf\",\"name\":\"Damien Dellerba\",\"image\":{\"@type\":\"ImageObject\",\"inLanguage\":\"fr-FR\",\"@id\":\"https:\/\/www.ladiagonale.net\/#\/schema\/person\/image\/\",\"url\":\"https:\/\/secure.gravatar.com\/avatar\/c7850e06d3ff63cdbaee88b7fc16e2f0?s=96&d=mm&r=g\",\"contentUrl\":\"https:\/\/secure.gravatar.com\/avatar\/c7850e06d3ff63cdbaee88b7fc16e2f0?s=96&d=mm&r=g\",\"caption\":\"Damien Dellerba\"},\"url\":\"https:\/\/www.ladiagonale.net\/index.php\/author\/damien\/\"}]}<\/script>\n<!-- \/ Yoast SEO plugin. -->","yoast_head_json":{"title":"Sur quelle cha\u00eene suivre Monaco-Lens ? - La Diagonale","robots":{"index":"index","follow":"follow","max-snippet":"max-snippet:-1","max-image-preview":"max-image-preview:large","max-video-preview":"max-video-preview:-1"},"canonical":"https:\/\/www.ladiagonale.net\/index.php\/2023\/09\/02\/sur-quelle-chaine-suivre-monaco-lens\/","og_locale":"fr_FR","og_type":"article","og_title":"Sur quelle cha\u00eene suivre Monaco-Lens ? - La Diagonale","og_description":"L&rsquo;AS Monaco re\u00e7oit Lens ce samedi pour le compte de la 4e journ\u00e9e de Ligue 1 et pour un premier gros test. Le coup d&rsquo;envoi sera donn\u00e9 \u00e0 21 heures et la rencontre sera \u00e0 suivre sur Canal+ Foot. La rencontre sera pr\u00e9c\u00e9d\u00e9e de Soir de Ligue 1 qui d\u00e9butera \u00e0 20h30. Paul Tchoukriel sera [...]","og_url":"https:\/\/www.ladiagonale.net\/index.php\/2023\/09\/02\/sur-quelle-chaine-suivre-monaco-lens\/","og_site_name":"La Diagonale","article_published_time":"2023-09-02T09:41:37+00:00","article_modified_time":"2023-09-02T09:41:39+00:00","og_image":[{"width":1160,"height":650,"url":"https:\/\/www.ladiagonale.net\/wp-content\/uploads\/2023\/01\/canalL1.png","type":"image\/png"}],"author":"Damien Dellerba","twitter_card":"summary_large_image","twitter_image":"https:\/\/www.ladiagonale.net\/wp-content\/uploads\/2023\/01\/canalL1.png","twitter_misc":{"\u00c9crit par":"Damien Dellerba","Dur\u00e9e de lecture estim\u00e9e":"1 minute"},"schema":{"@context":"https:\/\/schema.org","@graph":[{"@type":"WebPage","@id":"https:\/\/www.ladiagonale.net\/index.php\/2023\/09\/02\/sur-quelle-chaine-suivre-monaco-lens\/","url":"https:\/\/www.ladiagonale.net\/index.php\/2023\/09\/02\/sur-quelle-chaine-suivre-monaco-lens\/","name":"Sur quelle cha\u00eene suivre Monaco-Lens ? - La Diagonale","isPartOf":{"@id":"https:\/\/www.ladiagonale.net\/#website"},"datePublished":"2023-09-02T09:41:37+00:00","dateModified":"2023-09-02T09:41:39+00:00","author":{"@id":"https:\/\/www.ladiagonale.net\/#\/schema\/person\/79ff1e7b0853ed01b2aa26e64ad300bf"},"breadcrumb":{"@id":"https:\/\/www.ladiagonale.net\/index.php\/2023\/09\/02\/sur-quelle-chaine-suivre-monaco-lens\/#breadcrumb"},"inLanguage":"fr-FR","potentialAction":[{"@type":"ReadAction","target":["https:\/\/www.ladiagonale.net\/index.php\/2023\/09\/02\/sur-quelle-chaine-suivre-monaco-lens\/"]}]},{"@type":"BreadcrumbList","@id":"https:\/\/www.ladiagonale.net\/index.php\/2023\/09\/02\/sur-quelle-chaine-suivre-monaco-lens\/#breadcrumb","itemListElement":[{"@type":"ListItem","position":1,"name":"Accueil","item":"https:\/\/www.ladiagonale.net\/"},{"@type":"ListItem","position":2,"name":"Sur quelle cha\u00eene suivre Monaco-Lens ?"}]},{"@type":"WebSite","@id":"https:\/\/www.ladiagonale.net\/#website","url":"https:\/\/www.ladiagonale.net\/","name":"La Diagonale","description":"Le site des supporters de l&#039;AS Monaco FC","potentialAction":[{"@type":"SearchAction","target":{"@type":"EntryPoint","urlTemplate":"https:\/\/www.ladiagonale.net\/?s={search_term_string}"},"query-input":"required name=search_term_string"}],"inLanguage":"fr-FR"},{"@type":"Person","@id":"https:\/\/www.ladiagonale.net\/#\/schema\/person\/79ff1e7b0853ed01b2aa26e64ad300bf","name":"Damien Dellerba","image":{"@type":"ImageObject","inLanguage":"fr-FR","@id":"https:\/\/www.ladiagonale.net\/#\/schema\/person\/image\/","url":"https:\/\/secure.gravatar.com\/avatar\/c7850e06d3ff63cdbaee88b7fc16e2f0?s=96&d=mm&r=g","contentUrl":"https:\/\/secure.gravatar.com\/avatar\/c7850e06d3ff63cdbaee88b7fc16e2f0?s=96&d=mm&r=g","caption":"Damien Dellerba"},"url":"https:\/\/www.ladiagonale.net\/index.php\/author\/damien\/"}]}},"_links":{"self":[{"href":"https:\/\/www.ladiagonale.net\/index.php\/wp-json\/wp\/v2\/posts\/15885"}],"collection":[{"href":"https:\/\/www.ladiagonale.net\/index.php\/wp-json\/wp\/v2\/posts"}],"about":[{"href":"https:\/\/www.ladiagonale.net\/index.php\/wp-json\/wp\/v2\/types\/post"}],"author":[{"embeddable":true,"href":"https:\/\/www.ladiagonale.net\/index.php\/wp-json\/wp\/v2\/users\/2"}],"replies":[{"embeddable":true,"href":"https:\/\/www.ladiagonale.net\/index.php\/wp-json\/wp\/v2\/comments?post=15885"}],"version-history":[{"count":1,"href":"https:\/\/www.ladiagonale.net\/index.php\/wp-json\/wp\/v2\/posts\/15885\/revisions"}],"predecessor-version":[{"id":15886,"href":"https:\/\/www.ladiagonale.net\/index.php\/wp-json\/wp\/v2\/posts\/15885\/revisions\/15886"}],"wp:attachment":[{"href":"https:\/\/www.ladiagonale.net\/index.php\/wp-json\/wp\/v2\/media?parent=15885"}],"wp:term":[{"taxonomy":"category","embeddable":true,"href":"https:\/\/www.ladiagonale.net\/index.php\/wp-json\/wp\/v2\/categories?post=15885"},{"taxonomy":"post_tag","embeddable":true,"href":"https:\/\/www.ladiagonale.net\/index.php\/wp-json\/wp\/v2\/tags?post=15885"}],"curies":[{"name":"wp","href":"https:\/\/api.w.org\/{rel}","templated":true}]}}