{"id":15947,"date":"2023-09-03T11:47:46","date_gmt":"2023-09-03T09:47:46","guid":{"rendered":"https:\/\/www.ladiagonale.net\/?p=15947"},"modified":"2023-09-03T11:47:49","modified_gmt":"2023-09-03T09:47:49","slug":"la-date-de-monaco-marseille-est-connue","status":"publish","type":"post","link":"https:\/\/www.ladiagonale.net\/index.php\/2023\/09\/03\/la-date-de-monaco-marseille-est-connue\/","title":{"rendered":"La date de Monaco-Marseille est connue"},"content":{"rendered":"\n\n\n<p>Pour le compte de la 7<sup>e<\/sup> journ\u00e9e, l&rsquo;AS Monaco recevra l&rsquo;Olympique de Marseille. La rencontre ne se jouera pas le dimanche soir, comme on pouvait l&rsquo;attendre d&rsquo;une telle affiche, mais bien le samedi 30 septembre, au soir (21h). C&rsquo;est <em>Canal+ Sport 360 <\/em>qui la diffusera.<\/p>\n\n\n\n<h4>La programmation compl\u00e8te de la 7e journ\u00e9e<\/h4>\n\n\n\n<p>Vendredi 29 septembre 2023 \u00e0 21h00 sur Prime Video<br>RC Strasbourg Alsace \u2013 RC Lens<\/p>\n\n\n\n<p>Samedi 30 septembre 2023 \u00e0 17h00 sur Prime Video<br>Clermont Foot 63 \u2013 Paris Saint-Germain<\/p>\n\n\n\n<p class=\"has-vivid-red-color has-text-color\"><strong>Samedi 30 septembre 2023 \u00e0 21h00 sur <em>Canal+ Sport 360<\/em><br>AS Monaco \u2013 Olympique de Marseille<\/strong><\/p>\n\n\n\n<p>Dimanche 1e octobre 2023 \u00e0 13h00 sur Prime Video<br>Stade de Reims \u2013 Olympique Lyonnais<\/p>\n\n\n\n<p>Dimanche 1e octobre 2023 \u00e0 15h00 sur Prime Video<br>OGC Nice \u2013 Stade Brestois 29<br>Toulouse FC \u2013 FC Metz<br>Havre AC \u2013 LOSC Lille<\/p>\n\n\n\n<p>Dimanche 1e octobre 2023 \u00e0 17h05 sur Canal+ Foot<br>FC Lorient \u2013 Montpellier H\u00e9rault SC<\/p>\n\n\n\n<p>Dimanche 1e octobre 2023 \u00e0 20h45 sur Prime Video<br>Stade Rennais FC \u2013 FC Nantes<\/p>\n","protected":false},"excerpt":{"rendered":"<p>Pour le compte de la 7e journ\u00e9e, l&rsquo;AS Monaco recevra l&rsquo;Olympique de Marseille. La rencontre ne se jouera pas le dimanche soir, comme on pouvait l&rsquo;attendre d&rsquo;une telle affiche, mais bien le samedi 30 septembre, au soir (21h). C&rsquo;est Canal+ Sport 360 qui la diffusera. La programmation compl\u00e8te de la 7e journ\u00e9e Vendredi 29 septembre [&#8230;]\n","protected":false},"author":2,"featured_media":0,"comment_status":"open","ping_status":"open","sticky":false,"template":"","format":"standard","meta":[],"categories":[6],"tags":[86,94,245,172],"yoast_head":"<!-- This site is optimized with the Yoast SEO plugin v19.8 - https:\/\/yoast.com\/wordpress\/plugins\/seo\/ -->\n<title>La date de Monaco-Marseille est connue - La Diagonale<\/title>\n<meta name=\"robots\" content=\"index, follow, max-snippet:-1, max-image-preview:large, max-video-preview:-1\" \/>\n<link rel=\"canonical\" href=\"https:\/\/www.ladiagonale.net\/index.php\/2023\/09\/03\/la-date-de-monaco-marseille-est-connue\/\" \/>\n<meta property=\"og:locale\" content=\"fr_FR\" \/>\n<meta property=\"og:type\" content=\"article\" \/>\n<meta property=\"og:title\" content=\"La date de Monaco-Marseille est connue - La Diagonale\" \/>\n<meta property=\"og:description\" content=\"Pour le compte de la 7e journ\u00e9e, l&rsquo;AS Monaco recevra l&rsquo;Olympique de Marseille. La rencontre ne se jouera pas le dimanche soir, comme on pouvait l&rsquo;attendre d&rsquo;une telle affiche, mais bien le samedi 30 septembre, au soir (21h). C&rsquo;est Canal+ Sport 360 qui la diffusera. La programmation compl\u00e8te de la 7e journ\u00e9e Vendredi 29 septembre [...]\" \/>\n<meta property=\"og:url\" content=\"https:\/\/www.ladiagonale.net\/index.php\/2023\/09\/03\/la-date-de-monaco-marseille-est-connue\/\" \/>\n<meta property=\"og:site_name\" content=\"La Diagonale\" \/>\n<meta property=\"article:published_time\" content=\"2023-09-03T09:47:46+00:00\" \/>\n<meta property=\"article:modified_time\" content=\"2023-09-03T09:47:49+00:00\" \/>\n<meta property=\"og:image\" content=\"https:\/\/www.ladiagonale.net\/wp-content\/uploads\/2022\/10\/ligue1.png\" \/>\n\t<meta property=\"og:image:width\" content=\"1160\" \/>\n\t<meta property=\"og:image:height\" content=\"650\" \/>\n\t<meta property=\"og:image:type\" content=\"image\/png\" \/>\n<meta name=\"author\" content=\"Damien Dellerba\" \/>\n<meta name=\"twitter:card\" content=\"summary_large_image\" \/>\n<meta name=\"twitter:image\" content=\"https:\/\/www.ladiagonale.net\/wp-content\/uploads\/2022\/10\/ligue1.png\" \/>\n<meta name=\"twitter:label1\" content=\"\u00c9crit par\" \/>\n\t<meta name=\"twitter:data1\" content=\"Damien Dellerba\" \/>\n\t<meta name=\"twitter:label2\" content=\"Dur\u00e9e de lecture estim\u00e9e\" \/>\n\t<meta name=\"twitter:data2\" content=\"1 minute\" \/>\n<script type=\"application\/ld+json\" class=\"yoast-schema-graph\">{\"@context\":\"https:\/\/schema.org\",\"@graph\":[{\"@type\":\"WebPage\",\"@id\":\"https:\/\/www.ladiagonale.net\/index.php\/2023\/09\/03\/la-date-de-monaco-marseille-est-connue\/\",\"url\":\"https:\/\/www.ladiagonale.net\/index.php\/2023\/09\/03\/la-date-de-monaco-marseille-est-connue\/\",\"name\":\"La date de Monaco-Marseille est connue - La Diagonale\",\"isPartOf\":{\"@id\":\"https:\/\/www.ladiagonale.net\/#website\"},\"datePublished\":\"2023-09-03T09:47:46+00:00\",\"dateModified\":\"2023-09-03T09:47:49+00:00\",\"author\":{\"@id\":\"https:\/\/www.ladiagonale.net\/#\/schema\/person\/79ff1e7b0853ed01b2aa26e64ad300bf\"},\"breadcrumb\":{\"@id\":\"https:\/\/www.ladiagonale.net\/index.php\/2023\/09\/03\/la-date-de-monaco-marseille-est-connue\/#breadcrumb\"},\"inLanguage\":\"fr-FR\",\"potentialAction\":[{\"@type\":\"ReadAction\",\"target\":[\"https:\/\/www.ladiagonale.net\/index.php\/2023\/09\/03\/la-date-de-monaco-marseille-est-connue\/\"]}]},{\"@type\":\"BreadcrumbList\",\"@id\":\"https:\/\/www.ladiagonale.net\/index.php\/2023\/09\/03\/la-date-de-monaco-marseille-est-connue\/#breadcrumb\",\"itemListElement\":[{\"@type\":\"ListItem\",\"position\":1,\"name\":\"Accueil\",\"item\":\"https:\/\/www.ladiagonale.net\/\"},{\"@type\":\"ListItem\",\"position\":2,\"name\":\"La date de Monaco-Marseille est connue\"}]},{\"@type\":\"WebSite\",\"@id\":\"https:\/\/www.ladiagonale.net\/#website\",\"url\":\"https:\/\/www.ladiagonale.net\/\",\"name\":\"La Diagonale\",\"description\":\"Le site des supporters de l&#039;AS Monaco FC\",\"potentialAction\":[{\"@type\":\"SearchAction\",\"target\":{\"@type\":\"EntryPoint\",\"urlTemplate\":\"https:\/\/www.ladiagonale.net\/?s={search_term_string}\"},\"query-input\":\"required name=search_term_string\"}],\"inLanguage\":\"fr-FR\"},{\"@type\":\"Person\",\"@id\":\"https:\/\/www.ladiagonale.net\/#\/schema\/person\/79ff1e7b0853ed01b2aa26e64ad300bf\",\"name\":\"Damien Dellerba\",\"image\":{\"@type\":\"ImageObject\",\"inLanguage\":\"fr-FR\",\"@id\":\"https:\/\/www.ladiagonale.net\/#\/schema\/person\/image\/\",\"url\":\"https:\/\/secure.gravatar.com\/avatar\/c7850e06d3ff63cdbaee88b7fc16e2f0?s=96&d=mm&r=g\",\"contentUrl\":\"https:\/\/secure.gravatar.com\/avatar\/c7850e06d3ff63cdbaee88b7fc16e2f0?s=96&d=mm&r=g\",\"caption\":\"Damien Dellerba\"},\"url\":\"https:\/\/www.ladiagonale.net\/index.php\/author\/damien\/\"}]}<\/script>\n<!-- \/ Yoast SEO plugin. -->","yoast_head_json":{"title":"La date de Monaco-Marseille est connue - La Diagonale","robots":{"index":"index","follow":"follow","max-snippet":"max-snippet:-1","max-image-preview":"max-image-preview:large","max-video-preview":"max-video-preview:-1"},"canonical":"https:\/\/www.ladiagonale.net\/index.php\/2023\/09\/03\/la-date-de-monaco-marseille-est-connue\/","og_locale":"fr_FR","og_type":"article","og_title":"La date de Monaco-Marseille est connue - La Diagonale","og_description":"Pour le compte de la 7e journ\u00e9e, l&rsquo;AS Monaco recevra l&rsquo;Olympique de Marseille. La rencontre ne se jouera pas le dimanche soir, comme on pouvait l&rsquo;attendre d&rsquo;une telle affiche, mais bien le samedi 30 septembre, au soir (21h). C&rsquo;est Canal+ Sport 360 qui la diffusera. La programmation compl\u00e8te de la 7e journ\u00e9e Vendredi 29 septembre [...]","og_url":"https:\/\/www.ladiagonale.net\/index.php\/2023\/09\/03\/la-date-de-monaco-marseille-est-connue\/","og_site_name":"La Diagonale","article_published_time":"2023-09-03T09:47:46+00:00","article_modified_time":"2023-09-03T09:47:49+00:00","og_image":[{"width":1160,"height":650,"url":"https:\/\/www.ladiagonale.net\/wp-content\/uploads\/2022\/10\/ligue1.png","type":"image\/png"}],"author":"Damien Dellerba","twitter_card":"summary_large_image","twitter_image":"https:\/\/www.ladiagonale.net\/wp-content\/uploads\/2022\/10\/ligue1.png","twitter_misc":{"\u00c9crit par":"Damien Dellerba","Dur\u00e9e de lecture estim\u00e9e":"1 minute"},"schema":{"@context":"https:\/\/schema.org","@graph":[{"@type":"WebPage","@id":"https:\/\/www.ladiagonale.net\/index.php\/2023\/09\/03\/la-date-de-monaco-marseille-est-connue\/","url":"https:\/\/www.ladiagonale.net\/index.php\/2023\/09\/03\/la-date-de-monaco-marseille-est-connue\/","name":"La date de Monaco-Marseille est connue - La Diagonale","isPartOf":{"@id":"https:\/\/www.ladiagonale.net\/#website"},"datePublished":"2023-09-03T09:47:46+00:00","dateModified":"2023-09-03T09:47:49+00:00","author":{"@id":"https:\/\/www.ladiagonale.net\/#\/schema\/person\/79ff1e7b0853ed01b2aa26e64ad300bf"},"breadcrumb":{"@id":"https:\/\/www.ladiagonale.net\/index.php\/2023\/09\/03\/la-date-de-monaco-marseille-est-connue\/#breadcrumb"},"inLanguage":"fr-FR","potentialAction":[{"@type":"ReadAction","target":["https:\/\/www.ladiagonale.net\/index.php\/2023\/09\/03\/la-date-de-monaco-marseille-est-connue\/"]}]},{"@type":"BreadcrumbList","@id":"https:\/\/www.ladiagonale.net\/index.php\/2023\/09\/03\/la-date-de-monaco-marseille-est-connue\/#breadcrumb","itemListElement":[{"@type":"ListItem","position":1,"name":"Accueil","item":"https:\/\/www.ladiagonale.net\/"},{"@type":"ListItem","position":2,"name":"La date de Monaco-Marseille est connue"}]},{"@type":"WebSite","@id":"https:\/\/www.ladiagonale.net\/#website","url":"https:\/\/www.ladiagonale.net\/","name":"La Diagonale","description":"Le site des supporters de l&#039;AS Monaco FC","potentialAction":[{"@type":"SearchAction","target":{"@type":"EntryPoint","urlTemplate":"https:\/\/www.ladiagonale.net\/?s={search_term_string}"},"query-input":"required name=search_term_string"}],"inLanguage":"fr-FR"},{"@type":"Person","@id":"https:\/\/www.ladiagonale.net\/#\/schema\/person\/79ff1e7b0853ed01b2aa26e64ad300bf","name":"Damien Dellerba","image":{"@type":"ImageObject","inLanguage":"fr-FR","@id":"https:\/\/www.ladiagonale.net\/#\/schema\/person\/image\/","url":"https:\/\/secure.gravatar.com\/avatar\/c7850e06d3ff63cdbaee88b7fc16e2f0?s=96&d=mm&r=g","contentUrl":"https:\/\/secure.gravatar.com\/avatar\/c7850e06d3ff63cdbaee88b7fc16e2f0?s=96&d=mm&r=g","caption":"Damien Dellerba"},"url":"https:\/\/www.ladiagonale.net\/index.php\/author\/damien\/"}]}},"_links":{"self":[{"href":"https:\/\/www.ladiagonale.net\/index.php\/wp-json\/wp\/v2\/posts\/15947"}],"collection":[{"href":"https:\/\/www.ladiagonale.net\/index.php\/wp-json\/wp\/v2\/posts"}],"about":[{"href":"https:\/\/www.ladiagonale.net\/index.php\/wp-json\/wp\/v2\/types\/post"}],"author":[{"embeddable":true,"href":"https:\/\/www.ladiagonale.net\/index.php\/wp-json\/wp\/v2\/users\/2"}],"replies":[{"embeddable":true,"href":"https:\/\/www.ladiagonale.net\/index.php\/wp-json\/wp\/v2\/comments?post=15947"}],"version-history":[{"count":1,"href":"https:\/\/www.ladiagonale.net\/index.php\/wp-json\/wp\/v2\/posts\/15947\/revisions"}],"predecessor-version":[{"id":15948,"href":"https:\/\/www.ladiagonale.net\/index.php\/wp-json\/wp\/v2\/posts\/15947\/revisions\/15948"}],"wp:attachment":[{"href":"https:\/\/www.ladiagonale.net\/index.php\/wp-json\/wp\/v2\/media?parent=15947"}],"wp:term":[{"taxonomy":"category","embeddable":true,"href":"https:\/\/www.ladiagonale.net\/index.php\/wp-json\/wp\/v2\/categories?post=15947"},{"taxonomy":"post_tag","embeddable":true,"href":"https:\/\/www.ladiagonale.net\/index.php\/wp-json\/wp\/v2\/tags?post=15947"}],"curies":[{"name":"wp","href":"https:\/\/api.w.org\/{rel}","templated":true}]}}