{"id":16425,"date":"2023-09-21T15:37:50","date_gmt":"2023-09-21T13:37:50","guid":{"rendered":"https:\/\/www.ladiagonale.net\/?p=16425"},"modified":"2023-09-21T15:42:04","modified_gmt":"2023-09-21T13:42:04","slug":"farioli-un-derby-special","status":"publish","type":"post","link":"https:\/\/www.ladiagonale.net\/index.php\/2023\/09\/21\/farioli-un-derby-special\/","title":{"rendered":"Farioli : \u00ab\u00a0Un derby special\u00a0\u00bb"},"content":{"rendered":"\n\n\n<p>Mercredi, Francesco Farioli, l\u2019entra\u00eeneur de l\u2019OGC Nice, \u00e9tait en conf\u00e9rence de presse pour \u00e9voquer le derby contre l\u2019AS Monaco. Une rencontre \u00e9videmment sp\u00e9ciale des deux c\u00f4t\u00e9s : \u00ab\u00a0<em>Clairement, quand on arrive dans un club, il y a une partie du travail qui consiste \u00e0 \u00e9tudier la culture du club. Quelques informations te sont donn\u00e9es par le club et je sais \u00e0 quel point \u00ab\u00a0l\u2019esprit ni\u00e7ois\u00a0\u00bb, dans chaque match, mais aussi dans les moments o\u00f9 il s\u2019agit de d\u00e9fendre notre identit\u00e9 et de la porter, est exacerb\u00e9 pendant un derby. C\u2019est assur\u00e9ment un derby sp\u00e9cial. D\u2019abord pour le classement, mais aussi pour la continuit\u00e9 de notre projet et surtout pour faire plaisir \u00e0 nos supporters.\u00a0<\/em>\u00bb<\/p>\n\n\n\n<p>Apr\u00e8s un d\u00e9but de saison mitig\u00e9, les Ni\u00e7ois se sont bien repris avec notamment un succ\u00e8s de prestige au Parc des Princes contre Paris, ce qui a d\u00e9cupl\u00e9 l\u2019envie des troupes ni\u00e7oises avant d\u2019affronter Monaco au stade Louis-II : \u00ab&nbsp;<em>C&rsquo;est un match pour lequel on n&rsquo;aura pas besoin de motivation suppl\u00e9mentaire. Mais que ce soit un derby signifie beaucoup pour tout le monde. C&rsquo;est vrai que jouer la premi\u00e8re place est une motivation particuli\u00e8re, mais on devra rester concentr\u00e9 sur ce qu&rsquo;on fait au quotidien. On n&rsquo;\u00e9tait pas dans une situation catastrophique apr\u00e8s nos trois matches nuls. On n&rsquo;est pas devenus des stars apr\u00e8s nos deux victoires<\/em>.&nbsp;\u00bb<\/p>\n","protected":false},"excerpt":{"rendered":"<p>Mercredi, Francesco Farioli, l\u2019entra\u00eeneur de l\u2019OGC Nice, \u00e9tait en conf\u00e9rence de presse pour \u00e9voquer le derby contre l\u2019AS Monaco. Une rencontre \u00e9videmment sp\u00e9ciale des deux c\u00f4t\u00e9s : \u00ab\u00a0Clairement, quand on arrive dans un club, il y a une partie du travail qui consiste \u00e0 \u00e9tudier la culture du club. Quelques informations te sont donn\u00e9es par [&#8230;]\n","protected":false},"author":2,"featured_media":0,"comment_status":"open","ping_status":"open","sticky":false,"template":"","format":"standard","meta":[],"categories":[6],"tags":[86,700,94,422],"yoast_head":"<!-- This site is optimized with the Yoast SEO plugin v19.8 - https:\/\/yoast.com\/wordpress\/plugins\/seo\/ -->\n<title>Farioli : \u00ab\u00a0Un derby special\u00a0\u00bb - La Diagonale<\/title>\n<meta name=\"robots\" content=\"index, follow, max-snippet:-1, max-image-preview:large, max-video-preview:-1\" \/>\n<link rel=\"canonical\" href=\"https:\/\/www.ladiagonale.net\/index.php\/2023\/09\/21\/farioli-un-derby-special\/\" \/>\n<meta property=\"og:locale\" content=\"fr_FR\" \/>\n<meta property=\"og:type\" content=\"article\" \/>\n<meta property=\"og:title\" content=\"Farioli : \u00ab\u00a0Un derby special\u00a0\u00bb - La Diagonale\" \/>\n<meta property=\"og:description\" content=\"Mercredi, Francesco Farioli, l\u2019entra\u00eeneur de l\u2019OGC Nice, \u00e9tait en conf\u00e9rence de presse pour \u00e9voquer le derby contre l\u2019AS Monaco. Une rencontre \u00e9videmment sp\u00e9ciale des deux c\u00f4t\u00e9s : \u00ab\u00a0Clairement, quand on arrive dans un club, il y a une partie du travail qui consiste \u00e0 \u00e9tudier la culture du club. Quelques informations te sont donn\u00e9es par [...]\" \/>\n<meta property=\"og:url\" content=\"https:\/\/www.ladiagonale.net\/index.php\/2023\/09\/21\/farioli-un-derby-special\/\" \/>\n<meta property=\"og:site_name\" content=\"La Diagonale\" \/>\n<meta property=\"article:published_time\" content=\"2023-09-21T13:37:50+00:00\" \/>\n<meta property=\"article:modified_time\" content=\"2023-09-21T13:42:04+00:00\" \/>\n<meta property=\"og:image\" content=\"https:\/\/www.ladiagonale.net\/wp-content\/uploads\/2023\/09\/farioli.png\" \/>\n\t<meta property=\"og:image:width\" content=\"1160\" \/>\n\t<meta property=\"og:image:height\" content=\"650\" \/>\n\t<meta property=\"og:image:type\" content=\"image\/png\" \/>\n<meta name=\"author\" content=\"Damien Dellerba\" \/>\n<meta name=\"twitter:card\" content=\"summary_large_image\" \/>\n<meta name=\"twitter:image\" content=\"https:\/\/www.ladiagonale.net\/wp-content\/uploads\/2023\/09\/farioli.png\" \/>\n<meta name=\"twitter:label1\" content=\"\u00c9crit par\" \/>\n\t<meta name=\"twitter:data1\" content=\"Damien Dellerba\" \/>\n\t<meta name=\"twitter:label2\" content=\"Dur\u00e9e de lecture estim\u00e9e\" \/>\n\t<meta name=\"twitter:data2\" content=\"2 minutes\" \/>\n<script type=\"application\/ld+json\" class=\"yoast-schema-graph\">{\"@context\":\"https:\/\/schema.org\",\"@graph\":[{\"@type\":\"WebPage\",\"@id\":\"https:\/\/www.ladiagonale.net\/index.php\/2023\/09\/21\/farioli-un-derby-special\/\",\"url\":\"https:\/\/www.ladiagonale.net\/index.php\/2023\/09\/21\/farioli-un-derby-special\/\",\"name\":\"Farioli : \u00ab\u00a0Un derby special\u00a0\u00bb - La Diagonale\",\"isPartOf\":{\"@id\":\"https:\/\/www.ladiagonale.net\/#website\"},\"datePublished\":\"2023-09-21T13:37:50+00:00\",\"dateModified\":\"2023-09-21T13:42:04+00:00\",\"author\":{\"@id\":\"https:\/\/www.ladiagonale.net\/#\/schema\/person\/79ff1e7b0853ed01b2aa26e64ad300bf\"},\"breadcrumb\":{\"@id\":\"https:\/\/www.ladiagonale.net\/index.php\/2023\/09\/21\/farioli-un-derby-special\/#breadcrumb\"},\"inLanguage\":\"fr-FR\",\"potentialAction\":[{\"@type\":\"ReadAction\",\"target\":[\"https:\/\/www.ladiagonale.net\/index.php\/2023\/09\/21\/farioli-un-derby-special\/\"]}]},{\"@type\":\"BreadcrumbList\",\"@id\":\"https:\/\/www.ladiagonale.net\/index.php\/2023\/09\/21\/farioli-un-derby-special\/#breadcrumb\",\"itemListElement\":[{\"@type\":\"ListItem\",\"position\":1,\"name\":\"Accueil\",\"item\":\"https:\/\/www.ladiagonale.net\/\"},{\"@type\":\"ListItem\",\"position\":2,\"name\":\"Farioli : \u00ab\u00a0Un derby special\u00a0\u00bb\"}]},{\"@type\":\"WebSite\",\"@id\":\"https:\/\/www.ladiagonale.net\/#website\",\"url\":\"https:\/\/www.ladiagonale.net\/\",\"name\":\"La Diagonale\",\"description\":\"Le site des supporters de l&#039;AS Monaco FC\",\"potentialAction\":[{\"@type\":\"SearchAction\",\"target\":{\"@type\":\"EntryPoint\",\"urlTemplate\":\"https:\/\/www.ladiagonale.net\/?s={search_term_string}\"},\"query-input\":\"required name=search_term_string\"}],\"inLanguage\":\"fr-FR\"},{\"@type\":\"Person\",\"@id\":\"https:\/\/www.ladiagonale.net\/#\/schema\/person\/79ff1e7b0853ed01b2aa26e64ad300bf\",\"name\":\"Damien Dellerba\",\"image\":{\"@type\":\"ImageObject\",\"inLanguage\":\"fr-FR\",\"@id\":\"https:\/\/www.ladiagonale.net\/#\/schema\/person\/image\/\",\"url\":\"https:\/\/secure.gravatar.com\/avatar\/c7850e06d3ff63cdbaee88b7fc16e2f0?s=96&d=mm&r=g\",\"contentUrl\":\"https:\/\/secure.gravatar.com\/avatar\/c7850e06d3ff63cdbaee88b7fc16e2f0?s=96&d=mm&r=g\",\"caption\":\"Damien Dellerba\"},\"url\":\"https:\/\/www.ladiagonale.net\/index.php\/author\/damien\/\"}]}<\/script>\n<!-- \/ Yoast SEO plugin. -->","yoast_head_json":{"title":"Farioli : \u00ab\u00a0Un derby special\u00a0\u00bb - La Diagonale","robots":{"index":"index","follow":"follow","max-snippet":"max-snippet:-1","max-image-preview":"max-image-preview:large","max-video-preview":"max-video-preview:-1"},"canonical":"https:\/\/www.ladiagonale.net\/index.php\/2023\/09\/21\/farioli-un-derby-special\/","og_locale":"fr_FR","og_type":"article","og_title":"Farioli : \u00ab\u00a0Un derby special\u00a0\u00bb - La Diagonale","og_description":"Mercredi, Francesco Farioli, l\u2019entra\u00eeneur de l\u2019OGC Nice, \u00e9tait en conf\u00e9rence de presse pour \u00e9voquer le derby contre l\u2019AS Monaco. Une rencontre \u00e9videmment sp\u00e9ciale des deux c\u00f4t\u00e9s : \u00ab\u00a0Clairement, quand on arrive dans un club, il y a une partie du travail qui consiste \u00e0 \u00e9tudier la culture du club. Quelques informations te sont donn\u00e9es par [...]","og_url":"https:\/\/www.ladiagonale.net\/index.php\/2023\/09\/21\/farioli-un-derby-special\/","og_site_name":"La Diagonale","article_published_time":"2023-09-21T13:37:50+00:00","article_modified_time":"2023-09-21T13:42:04+00:00","og_image":[{"width":1160,"height":650,"url":"https:\/\/www.ladiagonale.net\/wp-content\/uploads\/2023\/09\/farioli.png","type":"image\/png"}],"author":"Damien Dellerba","twitter_card":"summary_large_image","twitter_image":"https:\/\/www.ladiagonale.net\/wp-content\/uploads\/2023\/09\/farioli.png","twitter_misc":{"\u00c9crit par":"Damien Dellerba","Dur\u00e9e de lecture estim\u00e9e":"2 minutes"},"schema":{"@context":"https:\/\/schema.org","@graph":[{"@type":"WebPage","@id":"https:\/\/www.ladiagonale.net\/index.php\/2023\/09\/21\/farioli-un-derby-special\/","url":"https:\/\/www.ladiagonale.net\/index.php\/2023\/09\/21\/farioli-un-derby-special\/","name":"Farioli : \u00ab\u00a0Un derby special\u00a0\u00bb - La Diagonale","isPartOf":{"@id":"https:\/\/www.ladiagonale.net\/#website"},"datePublished":"2023-09-21T13:37:50+00:00","dateModified":"2023-09-21T13:42:04+00:00","author":{"@id":"https:\/\/www.ladiagonale.net\/#\/schema\/person\/79ff1e7b0853ed01b2aa26e64ad300bf"},"breadcrumb":{"@id":"https:\/\/www.ladiagonale.net\/index.php\/2023\/09\/21\/farioli-un-derby-special\/#breadcrumb"},"inLanguage":"fr-FR","potentialAction":[{"@type":"ReadAction","target":["https:\/\/www.ladiagonale.net\/index.php\/2023\/09\/21\/farioli-un-derby-special\/"]}]},{"@type":"BreadcrumbList","@id":"https:\/\/www.ladiagonale.net\/index.php\/2023\/09\/21\/farioli-un-derby-special\/#breadcrumb","itemListElement":[{"@type":"ListItem","position":1,"name":"Accueil","item":"https:\/\/www.ladiagonale.net\/"},{"@type":"ListItem","position":2,"name":"Farioli : \u00ab\u00a0Un derby special\u00a0\u00bb"}]},{"@type":"WebSite","@id":"https:\/\/www.ladiagonale.net\/#website","url":"https:\/\/www.ladiagonale.net\/","name":"La Diagonale","description":"Le site des supporters de l&#039;AS Monaco FC","potentialAction":[{"@type":"SearchAction","target":{"@type":"EntryPoint","urlTemplate":"https:\/\/www.ladiagonale.net\/?s={search_term_string}"},"query-input":"required name=search_term_string"}],"inLanguage":"fr-FR"},{"@type":"Person","@id":"https:\/\/www.ladiagonale.net\/#\/schema\/person\/79ff1e7b0853ed01b2aa26e64ad300bf","name":"Damien Dellerba","image":{"@type":"ImageObject","inLanguage":"fr-FR","@id":"https:\/\/www.ladiagonale.net\/#\/schema\/person\/image\/","url":"https:\/\/secure.gravatar.com\/avatar\/c7850e06d3ff63cdbaee88b7fc16e2f0?s=96&d=mm&r=g","contentUrl":"https:\/\/secure.gravatar.com\/avatar\/c7850e06d3ff63cdbaee88b7fc16e2f0?s=96&d=mm&r=g","caption":"Damien Dellerba"},"url":"https:\/\/www.ladiagonale.net\/index.php\/author\/damien\/"}]}},"_links":{"self":[{"href":"https:\/\/www.ladiagonale.net\/index.php\/wp-json\/wp\/v2\/posts\/16425"}],"collection":[{"href":"https:\/\/www.ladiagonale.net\/index.php\/wp-json\/wp\/v2\/posts"}],"about":[{"href":"https:\/\/www.ladiagonale.net\/index.php\/wp-json\/wp\/v2\/types\/post"}],"author":[{"embeddable":true,"href":"https:\/\/www.ladiagonale.net\/index.php\/wp-json\/wp\/v2\/users\/2"}],"replies":[{"embeddable":true,"href":"https:\/\/www.ladiagonale.net\/index.php\/wp-json\/wp\/v2\/comments?post=16425"}],"version-history":[{"count":4,"href":"https:\/\/www.ladiagonale.net\/index.php\/wp-json\/wp\/v2\/posts\/16425\/revisions"}],"predecessor-version":[{"id":16430,"href":"https:\/\/www.ladiagonale.net\/index.php\/wp-json\/wp\/v2\/posts\/16425\/revisions\/16430"}],"wp:attachment":[{"href":"https:\/\/www.ladiagonale.net\/index.php\/wp-json\/wp\/v2\/media?parent=16425"}],"wp:term":[{"taxonomy":"category","embeddable":true,"href":"https:\/\/www.ladiagonale.net\/index.php\/wp-json\/wp\/v2\/categories?post=16425"},{"taxonomy":"post_tag","embeddable":true,"href":"https:\/\/www.ladiagonale.net\/index.php\/wp-json\/wp\/v2\/tags?post=16425"}],"curies":[{"name":"wp","href":"https:\/\/api.w.org\/{rel}","templated":true}]}}