{"id":16431,"date":"2023-09-21T15:54:41","date_gmt":"2023-09-21T13:54:41","guid":{"rendered":"https:\/\/www.ladiagonale.net\/?p=16431"},"modified":"2023-09-23T02:26:44","modified_gmt":"2023-09-23T00:26:44","slug":"bulka-on-va-aller-chercher-la-troisieme-victoire-consecutive","status":"publish","type":"post","link":"https:\/\/www.ladiagonale.net\/index.php\/2023\/09\/21\/bulka-on-va-aller-chercher-la-troisieme-victoire-consecutive\/","title":{"rendered":"Bulka : \u00ab\u00a0On va aller chercher la troisi\u00e8me victoire cons\u00e9cutive\u00a0\u00bb"},"content":{"rendered":"\n\n\n<p>Les derbys entre Monaco et Nice sont souvent bouillants et le portier ni\u00e7ois Marcin Bulka s\u2019est charg\u00e9 de faire monter la temp\u00e9rature de quelques degr\u00e9s, mercredi en conf\u00e9rence de presse d\u2019avant-match : \u00ab\u00a0<em>J\u2019esp\u00e8re qu\u2019avec \u00e7a (la victoire contre Paris, NDLR), on va marcher sur l\u2019eau. On a encha\u00een\u00e9 une deuxi\u00e8me victoire d\u2019affil\u00e9e, on va aller chercher la troisi\u00e8me. Il faut rester humble, garder les pieds sur Terre. Il ne faut pas avoir la t\u00eate \u00e0 Paris, c\u2019est pass\u00e9. On doit encha\u00eener. Monaco est une nouvelle occasion de montrer ce dont on est capables. On sera bien pr\u00eats.\u00a0<\/em>\u00bb<\/p>\n\n\n\n<p>Le gardien du Gym reconna\u00eet tout de m\u00eame que l\u2019ASM est une \u00e9quipe dangereuse et qu\u2019elle n\u2019est pas leader de Ligue 1 par hasard : \u00ab&nbsp;<em>On sait que Monaco est une bonne \u00e9quipe. Depuis le premier match de la saison, ils marquent beaucoup : deux buts par match. Il faut \u00eatre attentif, ils sont dangereux. Si on regarde le classement, le derby, c\u2019est un gros match. On fera le mieux possible. (\u2026) Si on gagne le match, on peut \u00eatre premier. On le sait tous, on a tous \u00e7a dans la t\u00eate. Ce sera un match plus qu\u2019important.<\/em>&nbsp;\u00bb<\/p>\n\n\n\n<p>Source : <em>Nice-Matin<\/em><\/p>\n","protected":false},"excerpt":{"rendered":"<p>Les derbys entre Monaco et Nice sont souvent bouillants et le portier ni\u00e7ois Marcin Bulka s\u2019est charg\u00e9 de faire monter la temp\u00e9rature de quelques degr\u00e9s, mercredi en conf\u00e9rence de presse d\u2019avant-match : \u00ab\u00a0J\u2019esp\u00e8re qu\u2019avec \u00e7a (la victoire contre Paris, NDLR), on va marcher sur l\u2019eau. On a encha\u00een\u00e9 une deuxi\u00e8me victoire d\u2019affil\u00e9e, on va aller [&#8230;]\n","protected":false},"author":2,"featured_media":0,"comment_status":"open","ping_status":"open","sticky":false,"template":"","format":"standard","meta":[],"categories":[6],"tags":[86,94,422],"yoast_head":"<!-- This site is optimized with the Yoast SEO plugin v19.8 - https:\/\/yoast.com\/wordpress\/plugins\/seo\/ -->\n<title>Bulka : \u00ab\u00a0On va aller chercher la troisi\u00e8me victoire cons\u00e9cutive\u00a0\u00bb - La Diagonale<\/title>\n<meta name=\"robots\" content=\"index, follow, max-snippet:-1, max-image-preview:large, max-video-preview:-1\" \/>\n<link rel=\"canonical\" href=\"https:\/\/www.ladiagonale.net\/index.php\/2023\/09\/21\/bulka-on-va-aller-chercher-la-troisieme-victoire-consecutive\/\" \/>\n<meta property=\"og:locale\" content=\"fr_FR\" \/>\n<meta property=\"og:type\" content=\"article\" \/>\n<meta property=\"og:title\" content=\"Bulka : \u00ab\u00a0On va aller chercher la troisi\u00e8me victoire cons\u00e9cutive\u00a0\u00bb - La Diagonale\" \/>\n<meta property=\"og:description\" content=\"Les derbys entre Monaco et Nice sont souvent bouillants et le portier ni\u00e7ois Marcin Bulka s\u2019est charg\u00e9 de faire monter la temp\u00e9rature de quelques degr\u00e9s, mercredi en conf\u00e9rence de presse d\u2019avant-match : \u00ab\u00a0J\u2019esp\u00e8re qu\u2019avec \u00e7a (la victoire contre Paris, NDLR), on va marcher sur l\u2019eau. On a encha\u00een\u00e9 une deuxi\u00e8me victoire d\u2019affil\u00e9e, on va aller [...]\" \/>\n<meta property=\"og:url\" content=\"https:\/\/www.ladiagonale.net\/index.php\/2023\/09\/21\/bulka-on-va-aller-chercher-la-troisieme-victoire-consecutive\/\" \/>\n<meta property=\"og:site_name\" content=\"La Diagonale\" \/>\n<meta property=\"article:published_time\" content=\"2023-09-21T13:54:41+00:00\" \/>\n<meta property=\"article:modified_time\" content=\"2023-09-23T00:26:44+00:00\" \/>\n<meta property=\"og:image\" content=\"https:\/\/www.ladiagonale.net\/wp-content\/uploads\/2023\/09\/bulka.png\" \/>\n\t<meta property=\"og:image:width\" content=\"1160\" \/>\n\t<meta property=\"og:image:height\" content=\"650\" \/>\n\t<meta property=\"og:image:type\" content=\"image\/png\" \/>\n<meta name=\"author\" content=\"Damien Dellerba\" \/>\n<meta name=\"twitter:card\" content=\"summary_large_image\" \/>\n<meta name=\"twitter:image\" content=\"https:\/\/www.ladiagonale.net\/wp-content\/uploads\/2023\/09\/bulka.png\" \/>\n<meta name=\"twitter:label1\" content=\"\u00c9crit par\" \/>\n\t<meta name=\"twitter:data1\" content=\"Damien Dellerba\" \/>\n\t<meta name=\"twitter:label2\" content=\"Dur\u00e9e de lecture estim\u00e9e\" \/>\n\t<meta name=\"twitter:data2\" content=\"1 minute\" \/>\n<script type=\"application\/ld+json\" class=\"yoast-schema-graph\">{\"@context\":\"https:\/\/schema.org\",\"@graph\":[{\"@type\":\"WebPage\",\"@id\":\"https:\/\/www.ladiagonale.net\/index.php\/2023\/09\/21\/bulka-on-va-aller-chercher-la-troisieme-victoire-consecutive\/\",\"url\":\"https:\/\/www.ladiagonale.net\/index.php\/2023\/09\/21\/bulka-on-va-aller-chercher-la-troisieme-victoire-consecutive\/\",\"name\":\"Bulka : \u00ab\u00a0On va aller chercher la troisi\u00e8me victoire cons\u00e9cutive\u00a0\u00bb - La Diagonale\",\"isPartOf\":{\"@id\":\"https:\/\/www.ladiagonale.net\/#website\"},\"datePublished\":\"2023-09-21T13:54:41+00:00\",\"dateModified\":\"2023-09-23T00:26:44+00:00\",\"author\":{\"@id\":\"https:\/\/www.ladiagonale.net\/#\/schema\/person\/79ff1e7b0853ed01b2aa26e64ad300bf\"},\"breadcrumb\":{\"@id\":\"https:\/\/www.ladiagonale.net\/index.php\/2023\/09\/21\/bulka-on-va-aller-chercher-la-troisieme-victoire-consecutive\/#breadcrumb\"},\"inLanguage\":\"fr-FR\",\"potentialAction\":[{\"@type\":\"ReadAction\",\"target\":[\"https:\/\/www.ladiagonale.net\/index.php\/2023\/09\/21\/bulka-on-va-aller-chercher-la-troisieme-victoire-consecutive\/\"]}]},{\"@type\":\"BreadcrumbList\",\"@id\":\"https:\/\/www.ladiagonale.net\/index.php\/2023\/09\/21\/bulka-on-va-aller-chercher-la-troisieme-victoire-consecutive\/#breadcrumb\",\"itemListElement\":[{\"@type\":\"ListItem\",\"position\":1,\"name\":\"Accueil\",\"item\":\"https:\/\/www.ladiagonale.net\/\"},{\"@type\":\"ListItem\",\"position\":2,\"name\":\"Bulka : \u00ab\u00a0On va aller chercher la troisi\u00e8me victoire cons\u00e9cutive\u00a0\u00bb\"}]},{\"@type\":\"WebSite\",\"@id\":\"https:\/\/www.ladiagonale.net\/#website\",\"url\":\"https:\/\/www.ladiagonale.net\/\",\"name\":\"La Diagonale\",\"description\":\"Le site des supporters de l&#039;AS Monaco FC\",\"potentialAction\":[{\"@type\":\"SearchAction\",\"target\":{\"@type\":\"EntryPoint\",\"urlTemplate\":\"https:\/\/www.ladiagonale.net\/?s={search_term_string}\"},\"query-input\":\"required name=search_term_string\"}],\"inLanguage\":\"fr-FR\"},{\"@type\":\"Person\",\"@id\":\"https:\/\/www.ladiagonale.net\/#\/schema\/person\/79ff1e7b0853ed01b2aa26e64ad300bf\",\"name\":\"Damien Dellerba\",\"image\":{\"@type\":\"ImageObject\",\"inLanguage\":\"fr-FR\",\"@id\":\"https:\/\/www.ladiagonale.net\/#\/schema\/person\/image\/\",\"url\":\"https:\/\/secure.gravatar.com\/avatar\/c7850e06d3ff63cdbaee88b7fc16e2f0?s=96&d=mm&r=g\",\"contentUrl\":\"https:\/\/secure.gravatar.com\/avatar\/c7850e06d3ff63cdbaee88b7fc16e2f0?s=96&d=mm&r=g\",\"caption\":\"Damien Dellerba\"},\"url\":\"https:\/\/www.ladiagonale.net\/index.php\/author\/damien\/\"}]}<\/script>\n<!-- \/ Yoast SEO plugin. -->","yoast_head_json":{"title":"Bulka : \u00ab\u00a0On va aller chercher la troisi\u00e8me victoire cons\u00e9cutive\u00a0\u00bb - La Diagonale","robots":{"index":"index","follow":"follow","max-snippet":"max-snippet:-1","max-image-preview":"max-image-preview:large","max-video-preview":"max-video-preview:-1"},"canonical":"https:\/\/www.ladiagonale.net\/index.php\/2023\/09\/21\/bulka-on-va-aller-chercher-la-troisieme-victoire-consecutive\/","og_locale":"fr_FR","og_type":"article","og_title":"Bulka : \u00ab\u00a0On va aller chercher la troisi\u00e8me victoire cons\u00e9cutive\u00a0\u00bb - La Diagonale","og_description":"Les derbys entre Monaco et Nice sont souvent bouillants et le portier ni\u00e7ois Marcin Bulka s\u2019est charg\u00e9 de faire monter la temp\u00e9rature de quelques degr\u00e9s, mercredi en conf\u00e9rence de presse d\u2019avant-match : \u00ab\u00a0J\u2019esp\u00e8re qu\u2019avec \u00e7a (la victoire contre Paris, NDLR), on va marcher sur l\u2019eau. On a encha\u00een\u00e9 une deuxi\u00e8me victoire d\u2019affil\u00e9e, on va aller [...]","og_url":"https:\/\/www.ladiagonale.net\/index.php\/2023\/09\/21\/bulka-on-va-aller-chercher-la-troisieme-victoire-consecutive\/","og_site_name":"La Diagonale","article_published_time":"2023-09-21T13:54:41+00:00","article_modified_time":"2023-09-23T00:26:44+00:00","og_image":[{"width":1160,"height":650,"url":"https:\/\/www.ladiagonale.net\/wp-content\/uploads\/2023\/09\/bulka.png","type":"image\/png"}],"author":"Damien Dellerba","twitter_card":"summary_large_image","twitter_image":"https:\/\/www.ladiagonale.net\/wp-content\/uploads\/2023\/09\/bulka.png","twitter_misc":{"\u00c9crit par":"Damien Dellerba","Dur\u00e9e de lecture estim\u00e9e":"1 minute"},"schema":{"@context":"https:\/\/schema.org","@graph":[{"@type":"WebPage","@id":"https:\/\/www.ladiagonale.net\/index.php\/2023\/09\/21\/bulka-on-va-aller-chercher-la-troisieme-victoire-consecutive\/","url":"https:\/\/www.ladiagonale.net\/index.php\/2023\/09\/21\/bulka-on-va-aller-chercher-la-troisieme-victoire-consecutive\/","name":"Bulka : \u00ab\u00a0On va aller chercher la troisi\u00e8me victoire cons\u00e9cutive\u00a0\u00bb - La Diagonale","isPartOf":{"@id":"https:\/\/www.ladiagonale.net\/#website"},"datePublished":"2023-09-21T13:54:41+00:00","dateModified":"2023-09-23T00:26:44+00:00","author":{"@id":"https:\/\/www.ladiagonale.net\/#\/schema\/person\/79ff1e7b0853ed01b2aa26e64ad300bf"},"breadcrumb":{"@id":"https:\/\/www.ladiagonale.net\/index.php\/2023\/09\/21\/bulka-on-va-aller-chercher-la-troisieme-victoire-consecutive\/#breadcrumb"},"inLanguage":"fr-FR","potentialAction":[{"@type":"ReadAction","target":["https:\/\/www.ladiagonale.net\/index.php\/2023\/09\/21\/bulka-on-va-aller-chercher-la-troisieme-victoire-consecutive\/"]}]},{"@type":"BreadcrumbList","@id":"https:\/\/www.ladiagonale.net\/index.php\/2023\/09\/21\/bulka-on-va-aller-chercher-la-troisieme-victoire-consecutive\/#breadcrumb","itemListElement":[{"@type":"ListItem","position":1,"name":"Accueil","item":"https:\/\/www.ladiagonale.net\/"},{"@type":"ListItem","position":2,"name":"Bulka : \u00ab\u00a0On va aller chercher la troisi\u00e8me victoire cons\u00e9cutive\u00a0\u00bb"}]},{"@type":"WebSite","@id":"https:\/\/www.ladiagonale.net\/#website","url":"https:\/\/www.ladiagonale.net\/","name":"La Diagonale","description":"Le site des supporters de l&#039;AS Monaco FC","potentialAction":[{"@type":"SearchAction","target":{"@type":"EntryPoint","urlTemplate":"https:\/\/www.ladiagonale.net\/?s={search_term_string}"},"query-input":"required name=search_term_string"}],"inLanguage":"fr-FR"},{"@type":"Person","@id":"https:\/\/www.ladiagonale.net\/#\/schema\/person\/79ff1e7b0853ed01b2aa26e64ad300bf","name":"Damien Dellerba","image":{"@type":"ImageObject","inLanguage":"fr-FR","@id":"https:\/\/www.ladiagonale.net\/#\/schema\/person\/image\/","url":"https:\/\/secure.gravatar.com\/avatar\/c7850e06d3ff63cdbaee88b7fc16e2f0?s=96&d=mm&r=g","contentUrl":"https:\/\/secure.gravatar.com\/avatar\/c7850e06d3ff63cdbaee88b7fc16e2f0?s=96&d=mm&r=g","caption":"Damien Dellerba"},"url":"https:\/\/www.ladiagonale.net\/index.php\/author\/damien\/"}]}},"_links":{"self":[{"href":"https:\/\/www.ladiagonale.net\/index.php\/wp-json\/wp\/v2\/posts\/16431"}],"collection":[{"href":"https:\/\/www.ladiagonale.net\/index.php\/wp-json\/wp\/v2\/posts"}],"about":[{"href":"https:\/\/www.ladiagonale.net\/index.php\/wp-json\/wp\/v2\/types\/post"}],"author":[{"embeddable":true,"href":"https:\/\/www.ladiagonale.net\/index.php\/wp-json\/wp\/v2\/users\/2"}],"replies":[{"embeddable":true,"href":"https:\/\/www.ladiagonale.net\/index.php\/wp-json\/wp\/v2\/comments?post=16431"}],"version-history":[{"count":3,"href":"https:\/\/www.ladiagonale.net\/index.php\/wp-json\/wp\/v2\/posts\/16431\/revisions"}],"predecessor-version":[{"id":16515,"href":"https:\/\/www.ladiagonale.net\/index.php\/wp-json\/wp\/v2\/posts\/16431\/revisions\/16515"}],"wp:attachment":[{"href":"https:\/\/www.ladiagonale.net\/index.php\/wp-json\/wp\/v2\/media?parent=16431"}],"wp:term":[{"taxonomy":"category","embeddable":true,"href":"https:\/\/www.ladiagonale.net\/index.php\/wp-json\/wp\/v2\/categories?post=16431"},{"taxonomy":"post_tag","embeddable":true,"href":"https:\/\/www.ladiagonale.net\/index.php\/wp-json\/wp\/v2\/tags?post=16431"}],"curies":[{"name":"wp","href":"https:\/\/api.w.org\/{rel}","templated":true}]}}