{"id":16439,"date":"2023-09-21T18:03:53","date_gmt":"2023-09-21T16:03:53","guid":{"rendered":"https:\/\/www.ladiagonale.net\/?p=16439"},"modified":"2023-09-21T18:03:57","modified_gmt":"2023-09-21T16:03:57","slug":"nice-assure-ses-arrieres","status":"publish","type":"post","link":"https:\/\/www.ladiagonale.net\/index.php\/2023\/09\/21\/nice-assure-ses-arrieres\/","title":{"rendered":"Nice assure ses arri\u00e8res"},"content":{"rendered":"\n\n\n<p>Apr\u00e8s deux saisons marqu\u00e9es par l&rsquo;inconstance et quelques atermoiements, l&rsquo;OGC Nice semble avoir fait le choix du plus long terme, en engageant un jeune entra\u00eeneur prometteur, de l&rsquo;aveu m\u00eame d&rsquo;Adi H\u00fctter. Francesco Farioli (34 ans), pourtant peu r\u00e9f\u00e9renc\u00e9, a conquis les dirigeants ni\u00e7ois pour remplacer Didier Digard sur le banc, avec notamment une volont\u00e9 de faire jouer son \u00e9quipe de mani\u00e8re entra\u00eenante et offensive. Depuis le d\u00e9but de la saison, ce n&rsquo;est pas sur cet aspect du jeu que les <em>Aiglons<\/em> brillent, avec seulement sept buts inscrits en cinq matches, dont trois lors du dernier match contre Paris (<em>victoire 3-2<\/em>).<\/p>\n\n\n\n<blockquote class=\"twitter-tweet\"><p lang=\"fr\" dir=\"ltr\">\u2764\ufe0f \ud835\udc6a\ud835\udc90\ud835\udc96\ud835\udc91 \ud835\udc85\ud835\udc86 \ud835\udc84\ud835\udc90\ud835\udc86\ud835\udc96\ud835\udc93 \ud835\udc95\ud835\udc82\ud835\udc84\ud835\udc95\ud835\udc8a\ud835\udc92\ud835\udc96\ud835\udc86 \ud83d\udda4<br><br>Cette semaine, <a href=\"https:\/\/twitter.com\/FlorentToniutti?ref_src=twsrc%5Etfw\">@FlorentToniutti<\/a> d\u00e9crypte le pressing de l&#39;<a href=\"https:\/\/twitter.com\/ogcnice?ref_src=twsrc%5Etfw\">@ogcnice<\/a> \ud83d\udc68\u200d\ud83c\udfeb<a href=\"https:\/\/twitter.com\/hashtag\/CDCTactique?src=hash&amp;ref_src=twsrc%5Etfw\">#CDCTactique<\/a> <a href=\"https:\/\/t.co\/aFo2iOh4Ph\">pic.twitter.com\/aFo2iOh4Ph<\/a><\/p>&mdash; Ligue 1 Uber Eats (@Ligue1UberEats) <a href=\"https:\/\/twitter.com\/Ligue1UberEats\/status\/1704533377506738206?ref_src=twsrc%5Etfw\">September 20, 2023<\/a><\/blockquote> <script async src=\"https:\/\/platform.twitter.com\/widgets.js\" charset=\"utf-8\"><\/script> \n\n\n\n<p>C&rsquo;est surtout sur l&rsquo;aspect d\u00e9fensif que les hommes de Farioli se sont distingu\u00e9s jusqu&rsquo;\u00e0 pr\u00e9sent en Ligue 1, et cela leur a permis de rester invaincus jusqu&rsquo;\u00e0 pr\u00e9sent. Contre Monaco vendredi, il s&rsquo;agira de la meilleure attaque du championnat contre la meilleure d\u00e9fense. Nice n&rsquo;a encaiss\u00e9 que quatre buts depuis le d\u00e9but de la saison et il s&rsquo;agit du plus faible total avec l&rsquo;OM. La moiti\u00e9 d&rsquo;entre eux ont d&rsquo;ailleurs \u00e9t\u00e9 encaiss\u00e9s contre Paris et face \u00e0 Mbapp\u00e9, Demb\u00e9l\u00e9 et Kolo Muani. Nice est aussi l&rsquo;\u00e9quipe qui subit le moins de tirs dans ce championnat (11), signe que son efficacit\u00e9 d\u00e9fensive ne doit pas seulement \u00e0 des maladresses adverses ou des exploits de son gardien, mais bien d&rsquo;un syst\u00e8me collectif difficile \u00e0 contourner. <\/p>\n\n\n\n<h4 class=\"has-white-color has-vivid-red-background-color has-text-color has-background\">Le joueur \u00e0 surveiller<\/h4>\n\n\n\n<div class=\"wp-block-media-text alignwide is-stacked-on-mobile\" style=\"grid-template-columns:35% auto\"><figure class=\"wp-block-media-text__media\"><img loading=\"lazy\" width=\"700\" height=\"700\" src=\"https:\/\/www.ladiagonale.net\/wp-content\/uploads\/2023\/09\/92347.jpg\" alt=\"\" class=\"wp-image-16440 size-full\" srcset=\"https:\/\/www.ladiagonale.net\/wp-content\/uploads\/2023\/09\/92347.jpg 700w, https:\/\/www.ladiagonale.net\/wp-content\/uploads\/2023\/09\/92347-300x300.jpg 300w, https:\/\/www.ladiagonale.net\/wp-content\/uploads\/2023\/09\/92347-150x150.jpg 150w, https:\/\/www.ladiagonale.net\/wp-content\/uploads\/2023\/09\/92347-128x128.jpg 128w, https:\/\/www.ladiagonale.net\/wp-content\/uploads\/2023\/09\/92347-32x32.jpg 32w\" sizes=\"(max-width: 700px) 100vw, 700px\" \/><\/figure><div class=\"wp-block-media-text__content\">\n<p style=\"font-size:16px\"><strong>Terem Moffi &#8211; Attaquant <\/strong><\/p>\n\n\n\n<p style=\"font-size:15px\">Le Nig\u00e9rien de 24 ans a illumin\u00e9 la rencontre au Parc des Princes vendredi dernier face au PSG. Avec un doubl\u00e9 et une passe d\u00e9cisive, Moffi s&rsquo;est remis en selle au meilleur moment pour les Ni\u00e7ois. Il est \u00e0 ce jour le meilleur buteur (3 buts) et passeur (2 passes) du Gym. Il a d&rsquo;ailleurs souvent brill\u00e9 contre Monaco (7 buts), que ce soit lors de la derni\u00e8re confrontation en f\u00e9vrier, auteur d&rsquo;un doubl\u00e9, mais aussi par le pass\u00e9 avec le maillot de Lorient. Les Mon\u00e9gasques savent \u00e0 quoi s&rsquo;en tenir avec le v\u00e9loce attaquant, d\u00e9voreur d&rsquo;espace.<\/p>\n<\/div><\/div>\n","protected":false},"excerpt":{"rendered":"<p>Apr\u00e8s deux saisons marqu\u00e9es par l&rsquo;inconstance et quelques atermoiements, l&rsquo;OGC Nice semble avoir fait le choix du plus long terme, en engageant un jeune entra\u00eeneur prometteur, de l&rsquo;aveu m\u00eame d&rsquo;Adi H\u00fctter. Francesco Farioli (34 ans), pourtant peu r\u00e9f\u00e9renc\u00e9, a conquis les dirigeants ni\u00e7ois pour remplacer Didier Digard sur le banc, avec notamment une volont\u00e9 de [&#8230;]\n","protected":false},"author":2,"featured_media":0,"comment_status":"open","ping_status":"open","sticky":false,"template":"","format":"standard","meta":[],"categories":[6],"tags":[86,94,422],"yoast_head":"<!-- This site is optimized with the Yoast SEO plugin v19.8 - https:\/\/yoast.com\/wordpress\/plugins\/seo\/ -->\n<title>Nice assure ses arri\u00e8res - La Diagonale<\/title>\n<meta name=\"robots\" content=\"index, follow, max-snippet:-1, max-image-preview:large, max-video-preview:-1\" \/>\n<link rel=\"canonical\" href=\"https:\/\/www.ladiagonale.net\/index.php\/2023\/09\/21\/nice-assure-ses-arrieres\/\" \/>\n<meta property=\"og:locale\" content=\"fr_FR\" \/>\n<meta property=\"og:type\" content=\"article\" \/>\n<meta property=\"og:title\" content=\"Nice assure ses arri\u00e8res - La Diagonale\" \/>\n<meta property=\"og:description\" content=\"Apr\u00e8s deux saisons marqu\u00e9es par l&rsquo;inconstance et quelques atermoiements, l&rsquo;OGC Nice semble avoir fait le choix du plus long terme, en engageant un jeune entra\u00eeneur prometteur, de l&rsquo;aveu m\u00eame d&rsquo;Adi H\u00fctter. Francesco Farioli (34 ans), pourtant peu r\u00e9f\u00e9renc\u00e9, a conquis les dirigeants ni\u00e7ois pour remplacer Didier Digard sur le banc, avec notamment une volont\u00e9 de [...]\" \/>\n<meta property=\"og:url\" content=\"https:\/\/www.ladiagonale.net\/index.php\/2023\/09\/21\/nice-assure-ses-arrieres\/\" \/>\n<meta property=\"og:site_name\" content=\"La Diagonale\" \/>\n<meta property=\"article:published_time\" content=\"2023-09-21T16:03:53+00:00\" \/>\n<meta property=\"article:modified_time\" content=\"2023-09-21T16:03:57+00:00\" \/>\n<meta property=\"og:image\" content=\"https:\/\/www.ladiagonale.net\/wp-content\/uploads\/2023\/09\/moffi.png\" \/>\n\t<meta property=\"og:image:width\" content=\"1160\" \/>\n\t<meta property=\"og:image:height\" content=\"650\" \/>\n\t<meta property=\"og:image:type\" content=\"image\/png\" \/>\n<meta name=\"author\" content=\"Damien Dellerba\" \/>\n<meta name=\"twitter:card\" content=\"summary_large_image\" \/>\n<meta name=\"twitter:image\" content=\"https:\/\/www.ladiagonale.net\/wp-content\/uploads\/2023\/09\/moffi.png\" \/>\n<meta name=\"twitter:label1\" content=\"\u00c9crit par\" \/>\n\t<meta name=\"twitter:data1\" content=\"Damien Dellerba\" \/>\n\t<meta name=\"twitter:label2\" content=\"Dur\u00e9e de lecture estim\u00e9e\" \/>\n\t<meta name=\"twitter:data2\" content=\"3 minutes\" \/>\n<script type=\"application\/ld+json\" class=\"yoast-schema-graph\">{\"@context\":\"https:\/\/schema.org\",\"@graph\":[{\"@type\":\"WebPage\",\"@id\":\"https:\/\/www.ladiagonale.net\/index.php\/2023\/09\/21\/nice-assure-ses-arrieres\/\",\"url\":\"https:\/\/www.ladiagonale.net\/index.php\/2023\/09\/21\/nice-assure-ses-arrieres\/\",\"name\":\"Nice assure ses arri\u00e8res - La Diagonale\",\"isPartOf\":{\"@id\":\"https:\/\/www.ladiagonale.net\/#website\"},\"datePublished\":\"2023-09-21T16:03:53+00:00\",\"dateModified\":\"2023-09-21T16:03:57+00:00\",\"author\":{\"@id\":\"https:\/\/www.ladiagonale.net\/#\/schema\/person\/79ff1e7b0853ed01b2aa26e64ad300bf\"},\"breadcrumb\":{\"@id\":\"https:\/\/www.ladiagonale.net\/index.php\/2023\/09\/21\/nice-assure-ses-arrieres\/#breadcrumb\"},\"inLanguage\":\"fr-FR\",\"potentialAction\":[{\"@type\":\"ReadAction\",\"target\":[\"https:\/\/www.ladiagonale.net\/index.php\/2023\/09\/21\/nice-assure-ses-arrieres\/\"]}]},{\"@type\":\"BreadcrumbList\",\"@id\":\"https:\/\/www.ladiagonale.net\/index.php\/2023\/09\/21\/nice-assure-ses-arrieres\/#breadcrumb\",\"itemListElement\":[{\"@type\":\"ListItem\",\"position\":1,\"name\":\"Accueil\",\"item\":\"https:\/\/www.ladiagonale.net\/\"},{\"@type\":\"ListItem\",\"position\":2,\"name\":\"Nice assure ses arri\u00e8res\"}]},{\"@type\":\"WebSite\",\"@id\":\"https:\/\/www.ladiagonale.net\/#website\",\"url\":\"https:\/\/www.ladiagonale.net\/\",\"name\":\"La Diagonale\",\"description\":\"Le site des supporters de l&#039;AS Monaco FC\",\"potentialAction\":[{\"@type\":\"SearchAction\",\"target\":{\"@type\":\"EntryPoint\",\"urlTemplate\":\"https:\/\/www.ladiagonale.net\/?s={search_term_string}\"},\"query-input\":\"required name=search_term_string\"}],\"inLanguage\":\"fr-FR\"},{\"@type\":\"Person\",\"@id\":\"https:\/\/www.ladiagonale.net\/#\/schema\/person\/79ff1e7b0853ed01b2aa26e64ad300bf\",\"name\":\"Damien Dellerba\",\"image\":{\"@type\":\"ImageObject\",\"inLanguage\":\"fr-FR\",\"@id\":\"https:\/\/www.ladiagonale.net\/#\/schema\/person\/image\/\",\"url\":\"https:\/\/secure.gravatar.com\/avatar\/c7850e06d3ff63cdbaee88b7fc16e2f0?s=96&d=mm&r=g\",\"contentUrl\":\"https:\/\/secure.gravatar.com\/avatar\/c7850e06d3ff63cdbaee88b7fc16e2f0?s=96&d=mm&r=g\",\"caption\":\"Damien Dellerba\"},\"url\":\"https:\/\/www.ladiagonale.net\/index.php\/author\/damien\/\"}]}<\/script>\n<!-- \/ Yoast SEO plugin. -->","yoast_head_json":{"title":"Nice assure ses arri\u00e8res - La Diagonale","robots":{"index":"index","follow":"follow","max-snippet":"max-snippet:-1","max-image-preview":"max-image-preview:large","max-video-preview":"max-video-preview:-1"},"canonical":"https:\/\/www.ladiagonale.net\/index.php\/2023\/09\/21\/nice-assure-ses-arrieres\/","og_locale":"fr_FR","og_type":"article","og_title":"Nice assure ses arri\u00e8res - La Diagonale","og_description":"Apr\u00e8s deux saisons marqu\u00e9es par l&rsquo;inconstance et quelques atermoiements, l&rsquo;OGC Nice semble avoir fait le choix du plus long terme, en engageant un jeune entra\u00eeneur prometteur, de l&rsquo;aveu m\u00eame d&rsquo;Adi H\u00fctter. Francesco Farioli (34 ans), pourtant peu r\u00e9f\u00e9renc\u00e9, a conquis les dirigeants ni\u00e7ois pour remplacer Didier Digard sur le banc, avec notamment une volont\u00e9 de [...]","og_url":"https:\/\/www.ladiagonale.net\/index.php\/2023\/09\/21\/nice-assure-ses-arrieres\/","og_site_name":"La Diagonale","article_published_time":"2023-09-21T16:03:53+00:00","article_modified_time":"2023-09-21T16:03:57+00:00","og_image":[{"width":1160,"height":650,"url":"https:\/\/www.ladiagonale.net\/wp-content\/uploads\/2023\/09\/moffi.png","type":"image\/png"}],"author":"Damien Dellerba","twitter_card":"summary_large_image","twitter_image":"https:\/\/www.ladiagonale.net\/wp-content\/uploads\/2023\/09\/moffi.png","twitter_misc":{"\u00c9crit par":"Damien Dellerba","Dur\u00e9e de lecture estim\u00e9e":"3 minutes"},"schema":{"@context":"https:\/\/schema.org","@graph":[{"@type":"WebPage","@id":"https:\/\/www.ladiagonale.net\/index.php\/2023\/09\/21\/nice-assure-ses-arrieres\/","url":"https:\/\/www.ladiagonale.net\/index.php\/2023\/09\/21\/nice-assure-ses-arrieres\/","name":"Nice assure ses arri\u00e8res - La Diagonale","isPartOf":{"@id":"https:\/\/www.ladiagonale.net\/#website"},"datePublished":"2023-09-21T16:03:53+00:00","dateModified":"2023-09-21T16:03:57+00:00","author":{"@id":"https:\/\/www.ladiagonale.net\/#\/schema\/person\/79ff1e7b0853ed01b2aa26e64ad300bf"},"breadcrumb":{"@id":"https:\/\/www.ladiagonale.net\/index.php\/2023\/09\/21\/nice-assure-ses-arrieres\/#breadcrumb"},"inLanguage":"fr-FR","potentialAction":[{"@type":"ReadAction","target":["https:\/\/www.ladiagonale.net\/index.php\/2023\/09\/21\/nice-assure-ses-arrieres\/"]}]},{"@type":"BreadcrumbList","@id":"https:\/\/www.ladiagonale.net\/index.php\/2023\/09\/21\/nice-assure-ses-arrieres\/#breadcrumb","itemListElement":[{"@type":"ListItem","position":1,"name":"Accueil","item":"https:\/\/www.ladiagonale.net\/"},{"@type":"ListItem","position":2,"name":"Nice assure ses arri\u00e8res"}]},{"@type":"WebSite","@id":"https:\/\/www.ladiagonale.net\/#website","url":"https:\/\/www.ladiagonale.net\/","name":"La Diagonale","description":"Le site des supporters de l&#039;AS Monaco FC","potentialAction":[{"@type":"SearchAction","target":{"@type":"EntryPoint","urlTemplate":"https:\/\/www.ladiagonale.net\/?s={search_term_string}"},"query-input":"required name=search_term_string"}],"inLanguage":"fr-FR"},{"@type":"Person","@id":"https:\/\/www.ladiagonale.net\/#\/schema\/person\/79ff1e7b0853ed01b2aa26e64ad300bf","name":"Damien Dellerba","image":{"@type":"ImageObject","inLanguage":"fr-FR","@id":"https:\/\/www.ladiagonale.net\/#\/schema\/person\/image\/","url":"https:\/\/secure.gravatar.com\/avatar\/c7850e06d3ff63cdbaee88b7fc16e2f0?s=96&d=mm&r=g","contentUrl":"https:\/\/secure.gravatar.com\/avatar\/c7850e06d3ff63cdbaee88b7fc16e2f0?s=96&d=mm&r=g","caption":"Damien Dellerba"},"url":"https:\/\/www.ladiagonale.net\/index.php\/author\/damien\/"}]}},"_links":{"self":[{"href":"https:\/\/www.ladiagonale.net\/index.php\/wp-json\/wp\/v2\/posts\/16439"}],"collection":[{"href":"https:\/\/www.ladiagonale.net\/index.php\/wp-json\/wp\/v2\/posts"}],"about":[{"href":"https:\/\/www.ladiagonale.net\/index.php\/wp-json\/wp\/v2\/types\/post"}],"author":[{"embeddable":true,"href":"https:\/\/www.ladiagonale.net\/index.php\/wp-json\/wp\/v2\/users\/2"}],"replies":[{"embeddable":true,"href":"https:\/\/www.ladiagonale.net\/index.php\/wp-json\/wp\/v2\/comments?post=16439"}],"version-history":[{"count":1,"href":"https:\/\/www.ladiagonale.net\/index.php\/wp-json\/wp\/v2\/posts\/16439\/revisions"}],"predecessor-version":[{"id":16442,"href":"https:\/\/www.ladiagonale.net\/index.php\/wp-json\/wp\/v2\/posts\/16439\/revisions\/16442"}],"wp:attachment":[{"href":"https:\/\/www.ladiagonale.net\/index.php\/wp-json\/wp\/v2\/media?parent=16439"}],"wp:term":[{"taxonomy":"category","embeddable":true,"href":"https:\/\/www.ladiagonale.net\/index.php\/wp-json\/wp\/v2\/categories?post=16439"},{"taxonomy":"post_tag","embeddable":true,"href":"https:\/\/www.ladiagonale.net\/index.php\/wp-json\/wp\/v2\/tags?post=16439"}],"curies":[{"name":"wp","href":"https:\/\/api.w.org\/{rel}","templated":true}]}}