{"id":16630,"date":"2023-09-29T14:56:16","date_gmt":"2023-09-29T12:56:16","guid":{"rendered":"https:\/\/www.ladiagonale.net\/?p=16630"},"modified":"2023-09-29T14:56:39","modified_gmt":"2023-09-29T12:56:39","slug":"gattuso-monaco-ne-meritait-pas-de-perdre-contre-nice","status":"publish","type":"post","link":"https:\/\/www.ladiagonale.net\/index.php\/2023\/09\/29\/gattuso-monaco-ne-meritait-pas-de-perdre-contre-nice\/","title":{"rendered":"Gattuso : \u00ab&nbsp;Monaco ne m\u00e9ritait pas de perdre contre Nice&nbsp;\u00bb"},"content":{"rendered":"\n<p>Jeudi, Gennaro Gattuso a connu son premier exercice devant la presse en tant que nouvel entra\u00eeneur de Marseille. L\u2019ancienne gloire du Milan s\u2019est exprim\u00e9e pendant pr\u00e8s d&rsquo;une heure et a notamment \u00e9voqu\u00e9 la rencontre face \u00e0 Monaco. Gattuso estime qu\u2019il ne pourra pas changer beaucoup de choses tactiquement avec aussi peu de temps devant lui : \u00ab\u00a0<em>Je pense que le courage d\u2019un entra\u00eeneur, c\u2019est de faire le moins de d\u00e9g\u00e2ts possibles \u00e0 l\u2019heure actuelle. Ce que j\u2019ai en t\u00eate, aujourd\u2019hui, construire de derri\u00e8re et repartir du gardien, ce serait folie de le proposer. Je pense qu\u2019il faut mettre les joueurs en condition pour qu\u2019ils puissent s\u2019exprimer au mieux. Nous ne devons pas faire les choses diff\u00e9remment.<\/em>\u00a0\u00bb<\/p>\n\n\n\n<p>Face \u00e0 la formation d\u2019Adi H\u00fctter, Gattuso pense que l\u2019OM souffrira : \u00ab\u00a0<em>Nous avons fait deux tr\u00e8s bons entra\u00eenements, nous nous sommes pr\u00e9par\u00e9s au travail d\u00e9fensif par rapport au jeu de Monaco, qui est une \u00e9quipe qui a des joueurs de qualit\u00e9s, qui s\u2019expriment tr\u00e8s bien dans le camp adverse et qui combinent bien. Nous devons rester attentifs, c\u2019est une \u00e9quipe qui a perdu la semaine derni\u00e8re (0-1 contre Nice) \u00e0 la 93e minute en manquant deux penalties et qui ne m\u00e9ritait pas de perdre ce match. Ils ont une nature \u00e0 jouer tr\u00e8s vertical, avec un entra\u00eeneur qui vient de l\u2019\u00e9cole Leipzig, et ils savent ce qu\u2019ils doivent faire. Nous devrons faire un grand match sur le plan mental et savoir souffrir. Ce sera une partie tr\u00e8s dure pour nous.<\/em>\u00a0\u00bb<\/p>\n\n\n","protected":false},"excerpt":{"rendered":"<p>Jeudi, Gennaro Gattuso a connu son premier exercice devant la presse en tant que nouvel entra\u00eeneur de Marseille. L\u2019ancienne gloire du Milan s\u2019est exprim\u00e9e pendant pr\u00e8s d&rsquo;une heure et a notamment \u00e9voqu\u00e9 la rencontre face \u00e0 Monaco. Gattuso estime qu\u2019il ne pourra pas changer beaucoup de choses tactiquement avec aussi peu de temps devant lui [&#8230;]\n","protected":false},"author":2,"featured_media":0,"comment_status":"open","ping_status":"open","sticky":false,"template":"","format":"standard","meta":[],"categories":[6],"tags":[86,705,94,245,298],"yoast_head":"<!-- This site is optimized with the Yoast SEO plugin v19.8 - https:\/\/yoast.com\/wordpress\/plugins\/seo\/ -->\n<title>Gattuso : \u00ab&nbsp;Monaco ne m\u00e9ritait pas de perdre contre Nice&nbsp;\u00bb - La Diagonale<\/title>\n<meta name=\"robots\" content=\"index, follow, max-snippet:-1, max-image-preview:large, max-video-preview:-1\" \/>\n<link rel=\"canonical\" href=\"https:\/\/www.ladiagonale.net\/index.php\/2023\/09\/29\/gattuso-monaco-ne-meritait-pas-de-perdre-contre-nice\/\" \/>\n<meta property=\"og:locale\" content=\"fr_FR\" \/>\n<meta property=\"og:type\" content=\"article\" \/>\n<meta property=\"og:title\" content=\"Gattuso : \u00ab&nbsp;Monaco ne m\u00e9ritait pas de perdre contre Nice&nbsp;\u00bb - La Diagonale\" \/>\n<meta property=\"og:description\" content=\"Jeudi, Gennaro Gattuso a connu son premier exercice devant la presse en tant que nouvel entra\u00eeneur de Marseille. L\u2019ancienne gloire du Milan s\u2019est exprim\u00e9e pendant pr\u00e8s d&rsquo;une heure et a notamment \u00e9voqu\u00e9 la rencontre face \u00e0 Monaco. Gattuso estime qu\u2019il ne pourra pas changer beaucoup de choses tactiquement avec aussi peu de temps devant lui [...]\" \/>\n<meta property=\"og:url\" content=\"https:\/\/www.ladiagonale.net\/index.php\/2023\/09\/29\/gattuso-monaco-ne-meritait-pas-de-perdre-contre-nice\/\" \/>\n<meta property=\"og:site_name\" content=\"La Diagonale\" \/>\n<meta property=\"article:published_time\" content=\"2023-09-29T12:56:16+00:00\" \/>\n<meta property=\"article:modified_time\" content=\"2023-09-29T12:56:39+00:00\" \/>\n<meta property=\"og:image\" content=\"https:\/\/www.ladiagonale.net\/wp-content\/uploads\/2023\/09\/gattuso.png\" \/>\n\t<meta property=\"og:image:width\" content=\"1160\" \/>\n\t<meta property=\"og:image:height\" content=\"650\" \/>\n\t<meta property=\"og:image:type\" content=\"image\/png\" \/>\n<meta name=\"author\" content=\"Damien Dellerba\" \/>\n<meta name=\"twitter:card\" content=\"summary_large_image\" \/>\n<meta name=\"twitter:image\" content=\"https:\/\/www.ladiagonale.net\/wp-content\/uploads\/2023\/09\/gattuso.png\" \/>\n<meta name=\"twitter:label1\" content=\"\u00c9crit par\" \/>\n\t<meta name=\"twitter:data1\" content=\"Damien Dellerba\" \/>\n\t<meta name=\"twitter:label2\" content=\"Dur\u00e9e de lecture estim\u00e9e\" \/>\n\t<meta name=\"twitter:data2\" content=\"2 minutes\" \/>\n<script type=\"application\/ld+json\" class=\"yoast-schema-graph\">{\"@context\":\"https:\/\/schema.org\",\"@graph\":[{\"@type\":\"WebPage\",\"@id\":\"https:\/\/www.ladiagonale.net\/index.php\/2023\/09\/29\/gattuso-monaco-ne-meritait-pas-de-perdre-contre-nice\/\",\"url\":\"https:\/\/www.ladiagonale.net\/index.php\/2023\/09\/29\/gattuso-monaco-ne-meritait-pas-de-perdre-contre-nice\/\",\"name\":\"Gattuso : \u00ab&nbsp;Monaco ne m\u00e9ritait pas de perdre contre Nice&nbsp;\u00bb - La Diagonale\",\"isPartOf\":{\"@id\":\"https:\/\/www.ladiagonale.net\/#website\"},\"datePublished\":\"2023-09-29T12:56:16+00:00\",\"dateModified\":\"2023-09-29T12:56:39+00:00\",\"author\":{\"@id\":\"https:\/\/www.ladiagonale.net\/#\/schema\/person\/79ff1e7b0853ed01b2aa26e64ad300bf\"},\"breadcrumb\":{\"@id\":\"https:\/\/www.ladiagonale.net\/index.php\/2023\/09\/29\/gattuso-monaco-ne-meritait-pas-de-perdre-contre-nice\/#breadcrumb\"},\"inLanguage\":\"fr-FR\",\"potentialAction\":[{\"@type\":\"ReadAction\",\"target\":[\"https:\/\/www.ladiagonale.net\/index.php\/2023\/09\/29\/gattuso-monaco-ne-meritait-pas-de-perdre-contre-nice\/\"]}]},{\"@type\":\"BreadcrumbList\",\"@id\":\"https:\/\/www.ladiagonale.net\/index.php\/2023\/09\/29\/gattuso-monaco-ne-meritait-pas-de-perdre-contre-nice\/#breadcrumb\",\"itemListElement\":[{\"@type\":\"ListItem\",\"position\":1,\"name\":\"Accueil\",\"item\":\"https:\/\/www.ladiagonale.net\/\"},{\"@type\":\"ListItem\",\"position\":2,\"name\":\"Gattuso : \u00ab&nbsp;Monaco ne m\u00e9ritait pas de perdre contre Nice&nbsp;\u00bb\"}]},{\"@type\":\"WebSite\",\"@id\":\"https:\/\/www.ladiagonale.net\/#website\",\"url\":\"https:\/\/www.ladiagonale.net\/\",\"name\":\"La Diagonale\",\"description\":\"Le site des supporters de l&#039;AS Monaco FC\",\"potentialAction\":[{\"@type\":\"SearchAction\",\"target\":{\"@type\":\"EntryPoint\",\"urlTemplate\":\"https:\/\/www.ladiagonale.net\/?s={search_term_string}\"},\"query-input\":\"required name=search_term_string\"}],\"inLanguage\":\"fr-FR\"},{\"@type\":\"Person\",\"@id\":\"https:\/\/www.ladiagonale.net\/#\/schema\/person\/79ff1e7b0853ed01b2aa26e64ad300bf\",\"name\":\"Damien Dellerba\",\"image\":{\"@type\":\"ImageObject\",\"inLanguage\":\"fr-FR\",\"@id\":\"https:\/\/www.ladiagonale.net\/#\/schema\/person\/image\/\",\"url\":\"https:\/\/secure.gravatar.com\/avatar\/c7850e06d3ff63cdbaee88b7fc16e2f0?s=96&d=mm&r=g\",\"contentUrl\":\"https:\/\/secure.gravatar.com\/avatar\/c7850e06d3ff63cdbaee88b7fc16e2f0?s=96&d=mm&r=g\",\"caption\":\"Damien Dellerba\"},\"url\":\"https:\/\/www.ladiagonale.net\/index.php\/author\/damien\/\"}]}<\/script>\n<!-- \/ Yoast SEO plugin. -->","yoast_head_json":{"title":"Gattuso : \u00ab&nbsp;Monaco ne m\u00e9ritait pas de perdre contre Nice&nbsp;\u00bb - La Diagonale","robots":{"index":"index","follow":"follow","max-snippet":"max-snippet:-1","max-image-preview":"max-image-preview:large","max-video-preview":"max-video-preview:-1"},"canonical":"https:\/\/www.ladiagonale.net\/index.php\/2023\/09\/29\/gattuso-monaco-ne-meritait-pas-de-perdre-contre-nice\/","og_locale":"fr_FR","og_type":"article","og_title":"Gattuso : \u00ab&nbsp;Monaco ne m\u00e9ritait pas de perdre contre Nice&nbsp;\u00bb - La Diagonale","og_description":"Jeudi, Gennaro Gattuso a connu son premier exercice devant la presse en tant que nouvel entra\u00eeneur de Marseille. L\u2019ancienne gloire du Milan s\u2019est exprim\u00e9e pendant pr\u00e8s d&rsquo;une heure et a notamment \u00e9voqu\u00e9 la rencontre face \u00e0 Monaco. Gattuso estime qu\u2019il ne pourra pas changer beaucoup de choses tactiquement avec aussi peu de temps devant lui [...]","og_url":"https:\/\/www.ladiagonale.net\/index.php\/2023\/09\/29\/gattuso-monaco-ne-meritait-pas-de-perdre-contre-nice\/","og_site_name":"La Diagonale","article_published_time":"2023-09-29T12:56:16+00:00","article_modified_time":"2023-09-29T12:56:39+00:00","og_image":[{"width":1160,"height":650,"url":"https:\/\/www.ladiagonale.net\/wp-content\/uploads\/2023\/09\/gattuso.png","type":"image\/png"}],"author":"Damien Dellerba","twitter_card":"summary_large_image","twitter_image":"https:\/\/www.ladiagonale.net\/wp-content\/uploads\/2023\/09\/gattuso.png","twitter_misc":{"\u00c9crit par":"Damien Dellerba","Dur\u00e9e de lecture estim\u00e9e":"2 minutes"},"schema":{"@context":"https:\/\/schema.org","@graph":[{"@type":"WebPage","@id":"https:\/\/www.ladiagonale.net\/index.php\/2023\/09\/29\/gattuso-monaco-ne-meritait-pas-de-perdre-contre-nice\/","url":"https:\/\/www.ladiagonale.net\/index.php\/2023\/09\/29\/gattuso-monaco-ne-meritait-pas-de-perdre-contre-nice\/","name":"Gattuso : \u00ab&nbsp;Monaco ne m\u00e9ritait pas de perdre contre Nice&nbsp;\u00bb - La Diagonale","isPartOf":{"@id":"https:\/\/www.ladiagonale.net\/#website"},"datePublished":"2023-09-29T12:56:16+00:00","dateModified":"2023-09-29T12:56:39+00:00","author":{"@id":"https:\/\/www.ladiagonale.net\/#\/schema\/person\/79ff1e7b0853ed01b2aa26e64ad300bf"},"breadcrumb":{"@id":"https:\/\/www.ladiagonale.net\/index.php\/2023\/09\/29\/gattuso-monaco-ne-meritait-pas-de-perdre-contre-nice\/#breadcrumb"},"inLanguage":"fr-FR","potentialAction":[{"@type":"ReadAction","target":["https:\/\/www.ladiagonale.net\/index.php\/2023\/09\/29\/gattuso-monaco-ne-meritait-pas-de-perdre-contre-nice\/"]}]},{"@type":"BreadcrumbList","@id":"https:\/\/www.ladiagonale.net\/index.php\/2023\/09\/29\/gattuso-monaco-ne-meritait-pas-de-perdre-contre-nice\/#breadcrumb","itemListElement":[{"@type":"ListItem","position":1,"name":"Accueil","item":"https:\/\/www.ladiagonale.net\/"},{"@type":"ListItem","position":2,"name":"Gattuso : \u00ab&nbsp;Monaco ne m\u00e9ritait pas de perdre contre Nice&nbsp;\u00bb"}]},{"@type":"WebSite","@id":"https:\/\/www.ladiagonale.net\/#website","url":"https:\/\/www.ladiagonale.net\/","name":"La Diagonale","description":"Le site des supporters de l&#039;AS Monaco FC","potentialAction":[{"@type":"SearchAction","target":{"@type":"EntryPoint","urlTemplate":"https:\/\/www.ladiagonale.net\/?s={search_term_string}"},"query-input":"required name=search_term_string"}],"inLanguage":"fr-FR"},{"@type":"Person","@id":"https:\/\/www.ladiagonale.net\/#\/schema\/person\/79ff1e7b0853ed01b2aa26e64ad300bf","name":"Damien Dellerba","image":{"@type":"ImageObject","inLanguage":"fr-FR","@id":"https:\/\/www.ladiagonale.net\/#\/schema\/person\/image\/","url":"https:\/\/secure.gravatar.com\/avatar\/c7850e06d3ff63cdbaee88b7fc16e2f0?s=96&d=mm&r=g","contentUrl":"https:\/\/secure.gravatar.com\/avatar\/c7850e06d3ff63cdbaee88b7fc16e2f0?s=96&d=mm&r=g","caption":"Damien Dellerba"},"url":"https:\/\/www.ladiagonale.net\/index.php\/author\/damien\/"}]}},"_links":{"self":[{"href":"https:\/\/www.ladiagonale.net\/index.php\/wp-json\/wp\/v2\/posts\/16630"}],"collection":[{"href":"https:\/\/www.ladiagonale.net\/index.php\/wp-json\/wp\/v2\/posts"}],"about":[{"href":"https:\/\/www.ladiagonale.net\/index.php\/wp-json\/wp\/v2\/types\/post"}],"author":[{"embeddable":true,"href":"https:\/\/www.ladiagonale.net\/index.php\/wp-json\/wp\/v2\/users\/2"}],"replies":[{"embeddable":true,"href":"https:\/\/www.ladiagonale.net\/index.php\/wp-json\/wp\/v2\/comments?post=16630"}],"version-history":[{"count":2,"href":"https:\/\/www.ladiagonale.net\/index.php\/wp-json\/wp\/v2\/posts\/16630\/revisions"}],"predecessor-version":[{"id":16633,"href":"https:\/\/www.ladiagonale.net\/index.php\/wp-json\/wp\/v2\/posts\/16630\/revisions\/16633"}],"wp:attachment":[{"href":"https:\/\/www.ladiagonale.net\/index.php\/wp-json\/wp\/v2\/media?parent=16630"}],"wp:term":[{"taxonomy":"category","embeddable":true,"href":"https:\/\/www.ladiagonale.net\/index.php\/wp-json\/wp\/v2\/categories?post=16630"},{"taxonomy":"post_tag","embeddable":true,"href":"https:\/\/www.ladiagonale.net\/index.php\/wp-json\/wp\/v2\/tags?post=16630"}],"curies":[{"name":"wp","href":"https:\/\/api.w.org\/{rel}","templated":true}]}}