{"id":16772,"date":"2023-10-04T14:38:25","date_gmt":"2023-10-04T12:38:25","guid":{"rendered":"https:\/\/www.ladiagonale.net\/?p=16772"},"modified":"2023-10-04T14:38:30","modified_gmt":"2023-10-04T12:38:30","slug":"minamino-retrouve-la-selection","status":"publish","type":"post","link":"https:\/\/www.ladiagonale.net\/index.php\/2023\/10\/04\/minamino-retrouve-la-selection\/","title":{"rendered":"Minamino retrouve la s\u00e9lection"},"content":{"rendered":"\n\n\n<p>Non convoqu\u00e9 par le Japon lors de la derni\u00e8re tr\u00eave internationale malgr\u00e9 un d\u00e9but de saison tonitruant, Takumi Minamino va finalement retrouver sa s\u00e9lection la semaine prochaine apr\u00e8s pr\u00e8s d&rsquo;un an d&rsquo;absence. Le milieu offensif de l&rsquo;AS Monaco, qui avait disput\u00e9 la Coupe du monde au Qatar entre novembre et d\u00e9cembre 2022, n&rsquo;avait plus \u00e9t\u00e9 retenu par le s\u00e9lectionneur Hajime Moriyasu apr\u00e8s ce rendez-vous. <\/p>\n\n\n\n<p>Minamino rentrera donc dans son pays natal pendant la tr\u00eave pour disputer deux rencontres. Un match amical contre le Canada le 13 octobre (12h35 heure fran\u00e7aise) est pr\u00e9vu puis un autre dans le cadre de la Kirin Cup contre la Tunisie le 17 octobre (12h10 heure fran\u00e7aise). En point de mire pour les <em>Samurai Blue<\/em>, la Coupe d&rsquo;Asie qui aura lieu du 12 janvier au 10 f\u00e9vrier 2024, au Qatar.<\/p>\n","protected":false},"excerpt":{"rendered":"<p>Non convoqu\u00e9 par le Japon lors de la derni\u00e8re tr\u00eave internationale malgr\u00e9 un d\u00e9but de saison tonitruant, Takumi Minamino va finalement retrouver sa s\u00e9lection la semaine prochaine apr\u00e8s pr\u00e8s d&rsquo;un an d&rsquo;absence. Le milieu offensif de l&rsquo;AS Monaco, qui avait disput\u00e9 la Coupe du monde au Qatar entre novembre et d\u00e9cembre 2022, n&rsquo;avait plus \u00e9t\u00e9 [&#8230;]\n","protected":false},"author":2,"featured_media":0,"comment_status":"open","ping_status":"open","sticky":false,"template":"","format":"standard","meta":[],"categories":[6],"tags":[86,165,94,116,164],"yoast_head":"<!-- This site is optimized with the Yoast SEO plugin v19.8 - https:\/\/yoast.com\/wordpress\/plugins\/seo\/ -->\n<title>Minamino retrouve la s\u00e9lection - La Diagonale<\/title>\n<meta name=\"robots\" content=\"index, follow, max-snippet:-1, max-image-preview:large, max-video-preview:-1\" \/>\n<link rel=\"canonical\" href=\"https:\/\/www.ladiagonale.net\/index.php\/2023\/10\/04\/minamino-retrouve-la-selection\/\" \/>\n<meta property=\"og:locale\" content=\"fr_FR\" \/>\n<meta property=\"og:type\" content=\"article\" \/>\n<meta property=\"og:title\" content=\"Minamino retrouve la s\u00e9lection - La Diagonale\" \/>\n<meta property=\"og:description\" content=\"Non convoqu\u00e9 par le Japon lors de la derni\u00e8re tr\u00eave internationale malgr\u00e9 un d\u00e9but de saison tonitruant, Takumi Minamino va finalement retrouver sa s\u00e9lection la semaine prochaine apr\u00e8s pr\u00e8s d&rsquo;un an d&rsquo;absence. Le milieu offensif de l&rsquo;AS Monaco, qui avait disput\u00e9 la Coupe du monde au Qatar entre novembre et d\u00e9cembre 2022, n&rsquo;avait plus \u00e9t\u00e9 [...]\" \/>\n<meta property=\"og:url\" content=\"https:\/\/www.ladiagonale.net\/index.php\/2023\/10\/04\/minamino-retrouve-la-selection\/\" \/>\n<meta property=\"og:site_name\" content=\"La Diagonale\" \/>\n<meta property=\"article:published_time\" content=\"2023-10-04T12:38:25+00:00\" \/>\n<meta property=\"article:modified_time\" content=\"2023-10-04T12:38:30+00:00\" \/>\n<meta property=\"og:image\" content=\"https:\/\/www.ladiagonale.net\/wp-content\/uploads\/2022\/11\/minamino-japon.png\" \/>\n\t<meta property=\"og:image:width\" content=\"1160\" \/>\n\t<meta property=\"og:image:height\" content=\"650\" \/>\n\t<meta property=\"og:image:type\" content=\"image\/png\" \/>\n<meta name=\"author\" content=\"Damien Dellerba\" \/>\n<meta name=\"twitter:card\" content=\"summary_large_image\" \/>\n<meta name=\"twitter:image\" content=\"https:\/\/www.ladiagonale.net\/wp-content\/uploads\/2022\/11\/minamino-japon.png\" \/>\n<meta name=\"twitter:label1\" content=\"\u00c9crit par\" \/>\n\t<meta name=\"twitter:data1\" content=\"Damien Dellerba\" \/>\n\t<meta name=\"twitter:label2\" content=\"Dur\u00e9e de lecture estim\u00e9e\" \/>\n\t<meta name=\"twitter:data2\" content=\"1 minute\" \/>\n<script type=\"application\/ld+json\" class=\"yoast-schema-graph\">{\"@context\":\"https:\/\/schema.org\",\"@graph\":[{\"@type\":\"WebPage\",\"@id\":\"https:\/\/www.ladiagonale.net\/index.php\/2023\/10\/04\/minamino-retrouve-la-selection\/\",\"url\":\"https:\/\/www.ladiagonale.net\/index.php\/2023\/10\/04\/minamino-retrouve-la-selection\/\",\"name\":\"Minamino retrouve la s\u00e9lection - La Diagonale\",\"isPartOf\":{\"@id\":\"https:\/\/www.ladiagonale.net\/#website\"},\"datePublished\":\"2023-10-04T12:38:25+00:00\",\"dateModified\":\"2023-10-04T12:38:30+00:00\",\"author\":{\"@id\":\"https:\/\/www.ladiagonale.net\/#\/schema\/person\/79ff1e7b0853ed01b2aa26e64ad300bf\"},\"breadcrumb\":{\"@id\":\"https:\/\/www.ladiagonale.net\/index.php\/2023\/10\/04\/minamino-retrouve-la-selection\/#breadcrumb\"},\"inLanguage\":\"fr-FR\",\"potentialAction\":[{\"@type\":\"ReadAction\",\"target\":[\"https:\/\/www.ladiagonale.net\/index.php\/2023\/10\/04\/minamino-retrouve-la-selection\/\"]}]},{\"@type\":\"BreadcrumbList\",\"@id\":\"https:\/\/www.ladiagonale.net\/index.php\/2023\/10\/04\/minamino-retrouve-la-selection\/#breadcrumb\",\"itemListElement\":[{\"@type\":\"ListItem\",\"position\":1,\"name\":\"Accueil\",\"item\":\"https:\/\/www.ladiagonale.net\/\"},{\"@type\":\"ListItem\",\"position\":2,\"name\":\"Minamino retrouve la s\u00e9lection\"}]},{\"@type\":\"WebSite\",\"@id\":\"https:\/\/www.ladiagonale.net\/#website\",\"url\":\"https:\/\/www.ladiagonale.net\/\",\"name\":\"La Diagonale\",\"description\":\"Le site des supporters de l&#039;AS Monaco FC\",\"potentialAction\":[{\"@type\":\"SearchAction\",\"target\":{\"@type\":\"EntryPoint\",\"urlTemplate\":\"https:\/\/www.ladiagonale.net\/?s={search_term_string}\"},\"query-input\":\"required name=search_term_string\"}],\"inLanguage\":\"fr-FR\"},{\"@type\":\"Person\",\"@id\":\"https:\/\/www.ladiagonale.net\/#\/schema\/person\/79ff1e7b0853ed01b2aa26e64ad300bf\",\"name\":\"Damien Dellerba\",\"image\":{\"@type\":\"ImageObject\",\"inLanguage\":\"fr-FR\",\"@id\":\"https:\/\/www.ladiagonale.net\/#\/schema\/person\/image\/\",\"url\":\"https:\/\/secure.gravatar.com\/avatar\/c7850e06d3ff63cdbaee88b7fc16e2f0?s=96&d=mm&r=g\",\"contentUrl\":\"https:\/\/secure.gravatar.com\/avatar\/c7850e06d3ff63cdbaee88b7fc16e2f0?s=96&d=mm&r=g\",\"caption\":\"Damien Dellerba\"},\"url\":\"https:\/\/www.ladiagonale.net\/index.php\/author\/damien\/\"}]}<\/script>\n<!-- \/ Yoast SEO plugin. -->","yoast_head_json":{"title":"Minamino retrouve la s\u00e9lection - La Diagonale","robots":{"index":"index","follow":"follow","max-snippet":"max-snippet:-1","max-image-preview":"max-image-preview:large","max-video-preview":"max-video-preview:-1"},"canonical":"https:\/\/www.ladiagonale.net\/index.php\/2023\/10\/04\/minamino-retrouve-la-selection\/","og_locale":"fr_FR","og_type":"article","og_title":"Minamino retrouve la s\u00e9lection - La Diagonale","og_description":"Non convoqu\u00e9 par le Japon lors de la derni\u00e8re tr\u00eave internationale malgr\u00e9 un d\u00e9but de saison tonitruant, Takumi Minamino va finalement retrouver sa s\u00e9lection la semaine prochaine apr\u00e8s pr\u00e8s d&rsquo;un an d&rsquo;absence. Le milieu offensif de l&rsquo;AS Monaco, qui avait disput\u00e9 la Coupe du monde au Qatar entre novembre et d\u00e9cembre 2022, n&rsquo;avait plus \u00e9t\u00e9 [...]","og_url":"https:\/\/www.ladiagonale.net\/index.php\/2023\/10\/04\/minamino-retrouve-la-selection\/","og_site_name":"La Diagonale","article_published_time":"2023-10-04T12:38:25+00:00","article_modified_time":"2023-10-04T12:38:30+00:00","og_image":[{"width":1160,"height":650,"url":"https:\/\/www.ladiagonale.net\/wp-content\/uploads\/2022\/11\/minamino-japon.png","type":"image\/png"}],"author":"Damien Dellerba","twitter_card":"summary_large_image","twitter_image":"https:\/\/www.ladiagonale.net\/wp-content\/uploads\/2022\/11\/minamino-japon.png","twitter_misc":{"\u00c9crit par":"Damien Dellerba","Dur\u00e9e de lecture estim\u00e9e":"1 minute"},"schema":{"@context":"https:\/\/schema.org","@graph":[{"@type":"WebPage","@id":"https:\/\/www.ladiagonale.net\/index.php\/2023\/10\/04\/minamino-retrouve-la-selection\/","url":"https:\/\/www.ladiagonale.net\/index.php\/2023\/10\/04\/minamino-retrouve-la-selection\/","name":"Minamino retrouve la s\u00e9lection - La Diagonale","isPartOf":{"@id":"https:\/\/www.ladiagonale.net\/#website"},"datePublished":"2023-10-04T12:38:25+00:00","dateModified":"2023-10-04T12:38:30+00:00","author":{"@id":"https:\/\/www.ladiagonale.net\/#\/schema\/person\/79ff1e7b0853ed01b2aa26e64ad300bf"},"breadcrumb":{"@id":"https:\/\/www.ladiagonale.net\/index.php\/2023\/10\/04\/minamino-retrouve-la-selection\/#breadcrumb"},"inLanguage":"fr-FR","potentialAction":[{"@type":"ReadAction","target":["https:\/\/www.ladiagonale.net\/index.php\/2023\/10\/04\/minamino-retrouve-la-selection\/"]}]},{"@type":"BreadcrumbList","@id":"https:\/\/www.ladiagonale.net\/index.php\/2023\/10\/04\/minamino-retrouve-la-selection\/#breadcrumb","itemListElement":[{"@type":"ListItem","position":1,"name":"Accueil","item":"https:\/\/www.ladiagonale.net\/"},{"@type":"ListItem","position":2,"name":"Minamino retrouve la s\u00e9lection"}]},{"@type":"WebSite","@id":"https:\/\/www.ladiagonale.net\/#website","url":"https:\/\/www.ladiagonale.net\/","name":"La Diagonale","description":"Le site des supporters de l&#039;AS Monaco FC","potentialAction":[{"@type":"SearchAction","target":{"@type":"EntryPoint","urlTemplate":"https:\/\/www.ladiagonale.net\/?s={search_term_string}"},"query-input":"required name=search_term_string"}],"inLanguage":"fr-FR"},{"@type":"Person","@id":"https:\/\/www.ladiagonale.net\/#\/schema\/person\/79ff1e7b0853ed01b2aa26e64ad300bf","name":"Damien Dellerba","image":{"@type":"ImageObject","inLanguage":"fr-FR","@id":"https:\/\/www.ladiagonale.net\/#\/schema\/person\/image\/","url":"https:\/\/secure.gravatar.com\/avatar\/c7850e06d3ff63cdbaee88b7fc16e2f0?s=96&d=mm&r=g","contentUrl":"https:\/\/secure.gravatar.com\/avatar\/c7850e06d3ff63cdbaee88b7fc16e2f0?s=96&d=mm&r=g","caption":"Damien Dellerba"},"url":"https:\/\/www.ladiagonale.net\/index.php\/author\/damien\/"}]}},"_links":{"self":[{"href":"https:\/\/www.ladiagonale.net\/index.php\/wp-json\/wp\/v2\/posts\/16772"}],"collection":[{"href":"https:\/\/www.ladiagonale.net\/index.php\/wp-json\/wp\/v2\/posts"}],"about":[{"href":"https:\/\/www.ladiagonale.net\/index.php\/wp-json\/wp\/v2\/types\/post"}],"author":[{"embeddable":true,"href":"https:\/\/www.ladiagonale.net\/index.php\/wp-json\/wp\/v2\/users\/2"}],"replies":[{"embeddable":true,"href":"https:\/\/www.ladiagonale.net\/index.php\/wp-json\/wp\/v2\/comments?post=16772"}],"version-history":[{"count":1,"href":"https:\/\/www.ladiagonale.net\/index.php\/wp-json\/wp\/v2\/posts\/16772\/revisions"}],"predecessor-version":[{"id":16773,"href":"https:\/\/www.ladiagonale.net\/index.php\/wp-json\/wp\/v2\/posts\/16772\/revisions\/16773"}],"wp:attachment":[{"href":"https:\/\/www.ladiagonale.net\/index.php\/wp-json\/wp\/v2\/media?parent=16772"}],"wp:term":[{"taxonomy":"category","embeddable":true,"href":"https:\/\/www.ladiagonale.net\/index.php\/wp-json\/wp\/v2\/categories?post=16772"},{"taxonomy":"post_tag","embeddable":true,"href":"https:\/\/www.ladiagonale.net\/index.php\/wp-json\/wp\/v2\/tags?post=16772"}],"curies":[{"name":"wp","href":"https:\/\/api.w.org\/{rel}","templated":true}]}}