{"id":16774,"date":"2023-10-04T15:16:06","date_gmt":"2023-10-04T13:16:06","guid":{"rendered":"https:\/\/www.ladiagonale.net\/?p=16774"},"modified":"2023-10-04T15:16:09","modified_gmt":"2023-10-04T13:16:09","slug":"maripan-convoque-par-le-chili","status":"publish","type":"post","link":"https:\/\/www.ladiagonale.net\/index.php\/2023\/10\/04\/maripan-convoque-par-le-chili\/","title":{"rendered":"Maripan convoqu\u00e9 par le Chili"},"content":{"rendered":"\n\n\n<p>La liste des internationaux de l&rsquo;AS Monaco sur le pont lors de la prochaine tr\u00eave risque d&rsquo;\u00eatre longue et \u00e0 celle-ci s&rsquo;est ajout\u00e9 le nom de Guillermo Maripan. Le d\u00e9fenseur central d\u00e9fendra les couleurs du Chili \u00e0 partir de la semaine prochaine pour deux matchs des \u00e9liminatoires de la Coupe du monde 2026. La <em>Roja<\/em> affrontera le P\u00e9rou \u00e0 la maison le 13 octobre (2h heure fran\u00e7aise) puis ira au Venezuela le 17 octobre (23h heure fran\u00e7aise).<\/p>\n\n\n\n<p>Apr\u00e8s deux rencontres dans ces \u00e9liminatoires, les Chiliens ne se sont toujours pas impos\u00e9s avec une d\u00e9faite et un nul, et pointent \u00e0 la 8<sup>e<\/sup> place de leur poule. Guillermo Maripan, titulaire sur les deux premiers matches, et ses co\u00e9quipiers vont devoir r\u00e9agir rapidement s&rsquo;ils veulent rester dans la course.<\/p>\n","protected":false},"excerpt":{"rendered":"<p>La liste des internationaux de l&rsquo;AS Monaco sur le pont lors de la prochaine tr\u00eave risque d&rsquo;\u00eatre longue et \u00e0 celle-ci s&rsquo;est ajout\u00e9 le nom de Guillermo Maripan. Le d\u00e9fenseur central d\u00e9fendra les couleurs du Chili \u00e0 partir de la semaine prochaine pour deux matchs des \u00e9liminatoires de la Coupe du monde 2026. La Roja [&#8230;]\n","protected":false},"author":2,"featured_media":0,"comment_status":"open","ping_status":"open","sticky":false,"template":"","format":"standard","meta":[],"categories":[6],"tags":[86,142,183,116],"yoast_head":"<!-- This site is optimized with the Yoast SEO plugin v19.8 - https:\/\/yoast.com\/wordpress\/plugins\/seo\/ -->\n<title>Maripan convoqu\u00e9 par le Chili - La Diagonale<\/title>\n<meta name=\"robots\" content=\"index, follow, max-snippet:-1, max-image-preview:large, max-video-preview:-1\" \/>\n<link rel=\"canonical\" href=\"https:\/\/www.ladiagonale.net\/index.php\/2023\/10\/04\/maripan-convoque-par-le-chili\/\" \/>\n<meta property=\"og:locale\" content=\"fr_FR\" \/>\n<meta property=\"og:type\" content=\"article\" \/>\n<meta property=\"og:title\" content=\"Maripan convoqu\u00e9 par le Chili - La Diagonale\" \/>\n<meta property=\"og:description\" content=\"La liste des internationaux de l&rsquo;AS Monaco sur le pont lors de la prochaine tr\u00eave risque d&rsquo;\u00eatre longue et \u00e0 celle-ci s&rsquo;est ajout\u00e9 le nom de Guillermo Maripan. Le d\u00e9fenseur central d\u00e9fendra les couleurs du Chili \u00e0 partir de la semaine prochaine pour deux matchs des \u00e9liminatoires de la Coupe du monde 2026. La Roja [...]\" \/>\n<meta property=\"og:url\" content=\"https:\/\/www.ladiagonale.net\/index.php\/2023\/10\/04\/maripan-convoque-par-le-chili\/\" \/>\n<meta property=\"og:site_name\" content=\"La Diagonale\" \/>\n<meta property=\"article:published_time\" content=\"2023-10-04T13:16:06+00:00\" \/>\n<meta property=\"article:modified_time\" content=\"2023-10-04T13:16:09+00:00\" \/>\n<meta property=\"og:image\" content=\"https:\/\/www.ladiagonale.net\/wp-content\/uploads\/2023\/03\/maripan-chili.png\" \/>\n\t<meta property=\"og:image:width\" content=\"1160\" \/>\n\t<meta property=\"og:image:height\" content=\"650\" \/>\n\t<meta property=\"og:image:type\" content=\"image\/png\" \/>\n<meta name=\"author\" content=\"Damien Dellerba\" \/>\n<meta name=\"twitter:card\" content=\"summary_large_image\" \/>\n<meta name=\"twitter:image\" content=\"https:\/\/www.ladiagonale.net\/wp-content\/uploads\/2023\/03\/maripan-chili.png\" \/>\n<meta name=\"twitter:label1\" content=\"\u00c9crit par\" \/>\n\t<meta name=\"twitter:data1\" content=\"Damien Dellerba\" \/>\n\t<meta name=\"twitter:label2\" content=\"Dur\u00e9e de lecture estim\u00e9e\" \/>\n\t<meta name=\"twitter:data2\" content=\"1 minute\" \/>\n<script type=\"application\/ld+json\" class=\"yoast-schema-graph\">{\"@context\":\"https:\/\/schema.org\",\"@graph\":[{\"@type\":\"WebPage\",\"@id\":\"https:\/\/www.ladiagonale.net\/index.php\/2023\/10\/04\/maripan-convoque-par-le-chili\/\",\"url\":\"https:\/\/www.ladiagonale.net\/index.php\/2023\/10\/04\/maripan-convoque-par-le-chili\/\",\"name\":\"Maripan convoqu\u00e9 par le Chili - La Diagonale\",\"isPartOf\":{\"@id\":\"https:\/\/www.ladiagonale.net\/#website\"},\"datePublished\":\"2023-10-04T13:16:06+00:00\",\"dateModified\":\"2023-10-04T13:16:09+00:00\",\"author\":{\"@id\":\"https:\/\/www.ladiagonale.net\/#\/schema\/person\/79ff1e7b0853ed01b2aa26e64ad300bf\"},\"breadcrumb\":{\"@id\":\"https:\/\/www.ladiagonale.net\/index.php\/2023\/10\/04\/maripan-convoque-par-le-chili\/#breadcrumb\"},\"inLanguage\":\"fr-FR\",\"potentialAction\":[{\"@type\":\"ReadAction\",\"target\":[\"https:\/\/www.ladiagonale.net\/index.php\/2023\/10\/04\/maripan-convoque-par-le-chili\/\"]}]},{\"@type\":\"BreadcrumbList\",\"@id\":\"https:\/\/www.ladiagonale.net\/index.php\/2023\/10\/04\/maripan-convoque-par-le-chili\/#breadcrumb\",\"itemListElement\":[{\"@type\":\"ListItem\",\"position\":1,\"name\":\"Accueil\",\"item\":\"https:\/\/www.ladiagonale.net\/\"},{\"@type\":\"ListItem\",\"position\":2,\"name\":\"Maripan convoqu\u00e9 par le Chili\"}]},{\"@type\":\"WebSite\",\"@id\":\"https:\/\/www.ladiagonale.net\/#website\",\"url\":\"https:\/\/www.ladiagonale.net\/\",\"name\":\"La Diagonale\",\"description\":\"Le site des supporters de l&#039;AS Monaco FC\",\"potentialAction\":[{\"@type\":\"SearchAction\",\"target\":{\"@type\":\"EntryPoint\",\"urlTemplate\":\"https:\/\/www.ladiagonale.net\/?s={search_term_string}\"},\"query-input\":\"required name=search_term_string\"}],\"inLanguage\":\"fr-FR\"},{\"@type\":\"Person\",\"@id\":\"https:\/\/www.ladiagonale.net\/#\/schema\/person\/79ff1e7b0853ed01b2aa26e64ad300bf\",\"name\":\"Damien Dellerba\",\"image\":{\"@type\":\"ImageObject\",\"inLanguage\":\"fr-FR\",\"@id\":\"https:\/\/www.ladiagonale.net\/#\/schema\/person\/image\/\",\"url\":\"https:\/\/secure.gravatar.com\/avatar\/c7850e06d3ff63cdbaee88b7fc16e2f0?s=96&d=mm&r=g\",\"contentUrl\":\"https:\/\/secure.gravatar.com\/avatar\/c7850e06d3ff63cdbaee88b7fc16e2f0?s=96&d=mm&r=g\",\"caption\":\"Damien Dellerba\"},\"url\":\"https:\/\/www.ladiagonale.net\/index.php\/author\/damien\/\"}]}<\/script>\n<!-- \/ Yoast SEO plugin. -->","yoast_head_json":{"title":"Maripan convoqu\u00e9 par le Chili - La Diagonale","robots":{"index":"index","follow":"follow","max-snippet":"max-snippet:-1","max-image-preview":"max-image-preview:large","max-video-preview":"max-video-preview:-1"},"canonical":"https:\/\/www.ladiagonale.net\/index.php\/2023\/10\/04\/maripan-convoque-par-le-chili\/","og_locale":"fr_FR","og_type":"article","og_title":"Maripan convoqu\u00e9 par le Chili - La Diagonale","og_description":"La liste des internationaux de l&rsquo;AS Monaco sur le pont lors de la prochaine tr\u00eave risque d&rsquo;\u00eatre longue et \u00e0 celle-ci s&rsquo;est ajout\u00e9 le nom de Guillermo Maripan. Le d\u00e9fenseur central d\u00e9fendra les couleurs du Chili \u00e0 partir de la semaine prochaine pour deux matchs des \u00e9liminatoires de la Coupe du monde 2026. La Roja [...]","og_url":"https:\/\/www.ladiagonale.net\/index.php\/2023\/10\/04\/maripan-convoque-par-le-chili\/","og_site_name":"La Diagonale","article_published_time":"2023-10-04T13:16:06+00:00","article_modified_time":"2023-10-04T13:16:09+00:00","og_image":[{"width":1160,"height":650,"url":"https:\/\/www.ladiagonale.net\/wp-content\/uploads\/2023\/03\/maripan-chili.png","type":"image\/png"}],"author":"Damien Dellerba","twitter_card":"summary_large_image","twitter_image":"https:\/\/www.ladiagonale.net\/wp-content\/uploads\/2023\/03\/maripan-chili.png","twitter_misc":{"\u00c9crit par":"Damien Dellerba","Dur\u00e9e de lecture estim\u00e9e":"1 minute"},"schema":{"@context":"https:\/\/schema.org","@graph":[{"@type":"WebPage","@id":"https:\/\/www.ladiagonale.net\/index.php\/2023\/10\/04\/maripan-convoque-par-le-chili\/","url":"https:\/\/www.ladiagonale.net\/index.php\/2023\/10\/04\/maripan-convoque-par-le-chili\/","name":"Maripan convoqu\u00e9 par le Chili - La Diagonale","isPartOf":{"@id":"https:\/\/www.ladiagonale.net\/#website"},"datePublished":"2023-10-04T13:16:06+00:00","dateModified":"2023-10-04T13:16:09+00:00","author":{"@id":"https:\/\/www.ladiagonale.net\/#\/schema\/person\/79ff1e7b0853ed01b2aa26e64ad300bf"},"breadcrumb":{"@id":"https:\/\/www.ladiagonale.net\/index.php\/2023\/10\/04\/maripan-convoque-par-le-chili\/#breadcrumb"},"inLanguage":"fr-FR","potentialAction":[{"@type":"ReadAction","target":["https:\/\/www.ladiagonale.net\/index.php\/2023\/10\/04\/maripan-convoque-par-le-chili\/"]}]},{"@type":"BreadcrumbList","@id":"https:\/\/www.ladiagonale.net\/index.php\/2023\/10\/04\/maripan-convoque-par-le-chili\/#breadcrumb","itemListElement":[{"@type":"ListItem","position":1,"name":"Accueil","item":"https:\/\/www.ladiagonale.net\/"},{"@type":"ListItem","position":2,"name":"Maripan convoqu\u00e9 par le Chili"}]},{"@type":"WebSite","@id":"https:\/\/www.ladiagonale.net\/#website","url":"https:\/\/www.ladiagonale.net\/","name":"La Diagonale","description":"Le site des supporters de l&#039;AS Monaco FC","potentialAction":[{"@type":"SearchAction","target":{"@type":"EntryPoint","urlTemplate":"https:\/\/www.ladiagonale.net\/?s={search_term_string}"},"query-input":"required name=search_term_string"}],"inLanguage":"fr-FR"},{"@type":"Person","@id":"https:\/\/www.ladiagonale.net\/#\/schema\/person\/79ff1e7b0853ed01b2aa26e64ad300bf","name":"Damien Dellerba","image":{"@type":"ImageObject","inLanguage":"fr-FR","@id":"https:\/\/www.ladiagonale.net\/#\/schema\/person\/image\/","url":"https:\/\/secure.gravatar.com\/avatar\/c7850e06d3ff63cdbaee88b7fc16e2f0?s=96&d=mm&r=g","contentUrl":"https:\/\/secure.gravatar.com\/avatar\/c7850e06d3ff63cdbaee88b7fc16e2f0?s=96&d=mm&r=g","caption":"Damien Dellerba"},"url":"https:\/\/www.ladiagonale.net\/index.php\/author\/damien\/"}]}},"_links":{"self":[{"href":"https:\/\/www.ladiagonale.net\/index.php\/wp-json\/wp\/v2\/posts\/16774"}],"collection":[{"href":"https:\/\/www.ladiagonale.net\/index.php\/wp-json\/wp\/v2\/posts"}],"about":[{"href":"https:\/\/www.ladiagonale.net\/index.php\/wp-json\/wp\/v2\/types\/post"}],"author":[{"embeddable":true,"href":"https:\/\/www.ladiagonale.net\/index.php\/wp-json\/wp\/v2\/users\/2"}],"replies":[{"embeddable":true,"href":"https:\/\/www.ladiagonale.net\/index.php\/wp-json\/wp\/v2\/comments?post=16774"}],"version-history":[{"count":1,"href":"https:\/\/www.ladiagonale.net\/index.php\/wp-json\/wp\/v2\/posts\/16774\/revisions"}],"predecessor-version":[{"id":16775,"href":"https:\/\/www.ladiagonale.net\/index.php\/wp-json\/wp\/v2\/posts\/16774\/revisions\/16775"}],"wp:attachment":[{"href":"https:\/\/www.ladiagonale.net\/index.php\/wp-json\/wp\/v2\/media?parent=16774"}],"wp:term":[{"taxonomy":"category","embeddable":true,"href":"https:\/\/www.ladiagonale.net\/index.php\/wp-json\/wp\/v2\/categories?post=16774"},{"taxonomy":"post_tag","embeddable":true,"href":"https:\/\/www.ladiagonale.net\/index.php\/wp-json\/wp\/v2\/tags?post=16774"}],"curies":[{"name":"wp","href":"https:\/\/api.w.org\/{rel}","templated":true}]}}