{"id":16795,"date":"2023-10-05T16:02:46","date_gmt":"2023-10-05T14:02:46","guid":{"rendered":"https:\/\/www.ladiagonale.net\/?p=16795"},"modified":"2023-10-05T16:04:24","modified_gmt":"2023-10-05T14:04:24","slug":"pas-de-vanderson-a-reims-ben-seghir-et-minamino-operationnels","status":"publish","type":"post","link":"https:\/\/www.ladiagonale.net\/index.php\/2023\/10\/05\/pas-de-vanderson-a-reims-ben-seghir-et-minamino-operationnels\/","title":{"rendered":"Pas de Vanderson \u00e0 Reims, Ben Seghir et Minamino op\u00e9rationnels"},"content":{"rendered":"\n\n\n<p>L&rsquo;AS Monaco ne pourra pas compter sur Vanderson pour le d\u00e9placement \u00e0 Reims ce samedi (21h). Adi H\u00fctter a confirm\u00e9 que le piston droit br\u00e9silien, titulaire sur tous les matches depuis le d\u00e9but de la saison, \u00e9tait touch\u00e9 \u00e0 un genou : \u00ab\u00a0<em>Vanderson ne sera pas dans le groupe. Il a ressenti une g\u00eane \u00e0 un genou.<\/em>\u00a0\u00bb<\/p>\n\n\n\n<p>Petite alerte concernant Soungoutou Magassa. Le d\u00e9fenseur mon\u00e9gasque n&rsquo;a pas particip\u00e9 \u00e0 la s\u00e9ance collective de ce jeudi mais l&rsquo;entra\u00eeneur autrichien n&rsquo;en a pas pr\u00e9cis\u00e9 les raisons : \u00ab <em>Soungoutou n&rsquo;\u00e9tait pas sur le terrain par pr\u00e9caution et s&rsquo;est entra\u00een\u00e9 en salle.<\/em> \u00bb<\/p>\n\n\n\n<p>Les Rouge et Blanc pourront toutefois r\u00e9cup\u00e9rer Takumi Minamino, absent contre Marseille \u00e0 cause de ses adducteurs, mais aussi Eliesse Ben Seghir, qui n&rsquo;a pas encore pu disputer le moindre match en raison d&rsquo;une blessure \u00e0 la cuisse : \u00ab\u00a0<em>Les sept joueurs offensifs (Balogun, Ben Yedder, Ben Seghir, Minamino, Boadu, Akliouche et Golovin, NDLR) sont pr\u00eats \u00e0 jouer<\/em>\u00a0\u00bb, a comment\u00e9 H\u00fctter.<\/p>\n","protected":false},"excerpt":{"rendered":"<p>L&rsquo;AS Monaco ne pourra pas compter sur Vanderson pour le d\u00e9placement \u00e0 Reims ce samedi (21h). Adi H\u00fctter a confirm\u00e9 que le piston droit br\u00e9silien, titulaire sur tous les matches depuis le d\u00e9but de la saison, \u00e9tait touch\u00e9 \u00e0 un genou : \u00ab\u00a0Vanderson ne sera pas dans le groupe. Il a ressenti une g\u00eane \u00e0 [&#8230;]\n","protected":false},"author":2,"featured_media":0,"comment_status":"open","ping_status":"open","sticky":false,"template":"","format":"standard","meta":[],"categories":[6],"tags":[86,286,196,94,696,147,164,125],"yoast_head":"<!-- This site is optimized with the Yoast SEO plugin v19.8 - https:\/\/yoast.com\/wordpress\/plugins\/seo\/ -->\n<title>Pas de Vanderson \u00e0 Reims, Ben Seghir et Minamino op\u00e9rationnels - La Diagonale<\/title>\n<meta name=\"robots\" content=\"index, follow, max-snippet:-1, max-image-preview:large, max-video-preview:-1\" \/>\n<link rel=\"canonical\" href=\"https:\/\/www.ladiagonale.net\/index.php\/2023\/10\/05\/pas-de-vanderson-a-reims-ben-seghir-et-minamino-operationnels\/\" \/>\n<meta property=\"og:locale\" content=\"fr_FR\" \/>\n<meta property=\"og:type\" content=\"article\" \/>\n<meta property=\"og:title\" content=\"Pas de Vanderson \u00e0 Reims, Ben Seghir et Minamino op\u00e9rationnels - La Diagonale\" \/>\n<meta property=\"og:description\" content=\"L&rsquo;AS Monaco ne pourra pas compter sur Vanderson pour le d\u00e9placement \u00e0 Reims ce samedi (21h). Adi H\u00fctter a confirm\u00e9 que le piston droit br\u00e9silien, titulaire sur tous les matches depuis le d\u00e9but de la saison, \u00e9tait touch\u00e9 \u00e0 un genou : \u00ab\u00a0Vanderson ne sera pas dans le groupe. Il a ressenti une g\u00eane \u00e0 [...]\" \/>\n<meta property=\"og:url\" content=\"https:\/\/www.ladiagonale.net\/index.php\/2023\/10\/05\/pas-de-vanderson-a-reims-ben-seghir-et-minamino-operationnels\/\" \/>\n<meta property=\"og:site_name\" content=\"La Diagonale\" \/>\n<meta property=\"article:published_time\" content=\"2023-10-05T14:02:46+00:00\" \/>\n<meta property=\"article:modified_time\" content=\"2023-10-05T14:04:24+00:00\" \/>\n<meta property=\"og:image\" content=\"https:\/\/www.ladiagonale.net\/wp-content\/uploads\/2023\/08\/Vanderson23.png\" \/>\n\t<meta property=\"og:image:width\" content=\"1160\" \/>\n\t<meta property=\"og:image:height\" content=\"650\" \/>\n\t<meta property=\"og:image:type\" content=\"image\/png\" \/>\n<meta name=\"author\" content=\"Damien Dellerba\" \/>\n<meta name=\"twitter:card\" content=\"summary_large_image\" \/>\n<meta name=\"twitter:image\" content=\"https:\/\/www.ladiagonale.net\/wp-content\/uploads\/2023\/08\/Vanderson23.png\" \/>\n<meta name=\"twitter:label1\" content=\"\u00c9crit par\" \/>\n\t<meta name=\"twitter:data1\" content=\"Damien Dellerba\" \/>\n\t<meta name=\"twitter:label2\" content=\"Dur\u00e9e de lecture estim\u00e9e\" \/>\n\t<meta name=\"twitter:data2\" content=\"1 minute\" \/>\n<script type=\"application\/ld+json\" class=\"yoast-schema-graph\">{\"@context\":\"https:\/\/schema.org\",\"@graph\":[{\"@type\":\"WebPage\",\"@id\":\"https:\/\/www.ladiagonale.net\/index.php\/2023\/10\/05\/pas-de-vanderson-a-reims-ben-seghir-et-minamino-operationnels\/\",\"url\":\"https:\/\/www.ladiagonale.net\/index.php\/2023\/10\/05\/pas-de-vanderson-a-reims-ben-seghir-et-minamino-operationnels\/\",\"name\":\"Pas de Vanderson \u00e0 Reims, Ben Seghir et Minamino op\u00e9rationnels - La Diagonale\",\"isPartOf\":{\"@id\":\"https:\/\/www.ladiagonale.net\/#website\"},\"datePublished\":\"2023-10-05T14:02:46+00:00\",\"dateModified\":\"2023-10-05T14:04:24+00:00\",\"author\":{\"@id\":\"https:\/\/www.ladiagonale.net\/#\/schema\/person\/79ff1e7b0853ed01b2aa26e64ad300bf\"},\"breadcrumb\":{\"@id\":\"https:\/\/www.ladiagonale.net\/index.php\/2023\/10\/05\/pas-de-vanderson-a-reims-ben-seghir-et-minamino-operationnels\/#breadcrumb\"},\"inLanguage\":\"fr-FR\",\"potentialAction\":[{\"@type\":\"ReadAction\",\"target\":[\"https:\/\/www.ladiagonale.net\/index.php\/2023\/10\/05\/pas-de-vanderson-a-reims-ben-seghir-et-minamino-operationnels\/\"]}]},{\"@type\":\"BreadcrumbList\",\"@id\":\"https:\/\/www.ladiagonale.net\/index.php\/2023\/10\/05\/pas-de-vanderson-a-reims-ben-seghir-et-minamino-operationnels\/#breadcrumb\",\"itemListElement\":[{\"@type\":\"ListItem\",\"position\":1,\"name\":\"Accueil\",\"item\":\"https:\/\/www.ladiagonale.net\/\"},{\"@type\":\"ListItem\",\"position\":2,\"name\":\"Pas de Vanderson \u00e0 Reims, Ben Seghir et Minamino op\u00e9rationnels\"}]},{\"@type\":\"WebSite\",\"@id\":\"https:\/\/www.ladiagonale.net\/#website\",\"url\":\"https:\/\/www.ladiagonale.net\/\",\"name\":\"La Diagonale\",\"description\":\"Le site des supporters de l&#039;AS Monaco FC\",\"potentialAction\":[{\"@type\":\"SearchAction\",\"target\":{\"@type\":\"EntryPoint\",\"urlTemplate\":\"https:\/\/www.ladiagonale.net\/?s={search_term_string}\"},\"query-input\":\"required name=search_term_string\"}],\"inLanguage\":\"fr-FR\"},{\"@type\":\"Person\",\"@id\":\"https:\/\/www.ladiagonale.net\/#\/schema\/person\/79ff1e7b0853ed01b2aa26e64ad300bf\",\"name\":\"Damien Dellerba\",\"image\":{\"@type\":\"ImageObject\",\"inLanguage\":\"fr-FR\",\"@id\":\"https:\/\/www.ladiagonale.net\/#\/schema\/person\/image\/\",\"url\":\"https:\/\/secure.gravatar.com\/avatar\/c7850e06d3ff63cdbaee88b7fc16e2f0?s=96&d=mm&r=g\",\"contentUrl\":\"https:\/\/secure.gravatar.com\/avatar\/c7850e06d3ff63cdbaee88b7fc16e2f0?s=96&d=mm&r=g\",\"caption\":\"Damien Dellerba\"},\"url\":\"https:\/\/www.ladiagonale.net\/index.php\/author\/damien\/\"}]}<\/script>\n<!-- \/ Yoast SEO plugin. -->","yoast_head_json":{"title":"Pas de Vanderson \u00e0 Reims, Ben Seghir et Minamino op\u00e9rationnels - La Diagonale","robots":{"index":"index","follow":"follow","max-snippet":"max-snippet:-1","max-image-preview":"max-image-preview:large","max-video-preview":"max-video-preview:-1"},"canonical":"https:\/\/www.ladiagonale.net\/index.php\/2023\/10\/05\/pas-de-vanderson-a-reims-ben-seghir-et-minamino-operationnels\/","og_locale":"fr_FR","og_type":"article","og_title":"Pas de Vanderson \u00e0 Reims, Ben Seghir et Minamino op\u00e9rationnels - La Diagonale","og_description":"L&rsquo;AS Monaco ne pourra pas compter sur Vanderson pour le d\u00e9placement \u00e0 Reims ce samedi (21h). Adi H\u00fctter a confirm\u00e9 que le piston droit br\u00e9silien, titulaire sur tous les matches depuis le d\u00e9but de la saison, \u00e9tait touch\u00e9 \u00e0 un genou : \u00ab\u00a0Vanderson ne sera pas dans le groupe. Il a ressenti une g\u00eane \u00e0 [...]","og_url":"https:\/\/www.ladiagonale.net\/index.php\/2023\/10\/05\/pas-de-vanderson-a-reims-ben-seghir-et-minamino-operationnels\/","og_site_name":"La Diagonale","article_published_time":"2023-10-05T14:02:46+00:00","article_modified_time":"2023-10-05T14:04:24+00:00","og_image":[{"width":1160,"height":650,"url":"https:\/\/www.ladiagonale.net\/wp-content\/uploads\/2023\/08\/Vanderson23.png","type":"image\/png"}],"author":"Damien Dellerba","twitter_card":"summary_large_image","twitter_image":"https:\/\/www.ladiagonale.net\/wp-content\/uploads\/2023\/08\/Vanderson23.png","twitter_misc":{"\u00c9crit par":"Damien Dellerba","Dur\u00e9e de lecture estim\u00e9e":"1 minute"},"schema":{"@context":"https:\/\/schema.org","@graph":[{"@type":"WebPage","@id":"https:\/\/www.ladiagonale.net\/index.php\/2023\/10\/05\/pas-de-vanderson-a-reims-ben-seghir-et-minamino-operationnels\/","url":"https:\/\/www.ladiagonale.net\/index.php\/2023\/10\/05\/pas-de-vanderson-a-reims-ben-seghir-et-minamino-operationnels\/","name":"Pas de Vanderson \u00e0 Reims, Ben Seghir et Minamino op\u00e9rationnels - La Diagonale","isPartOf":{"@id":"https:\/\/www.ladiagonale.net\/#website"},"datePublished":"2023-10-05T14:02:46+00:00","dateModified":"2023-10-05T14:04:24+00:00","author":{"@id":"https:\/\/www.ladiagonale.net\/#\/schema\/person\/79ff1e7b0853ed01b2aa26e64ad300bf"},"breadcrumb":{"@id":"https:\/\/www.ladiagonale.net\/index.php\/2023\/10\/05\/pas-de-vanderson-a-reims-ben-seghir-et-minamino-operationnels\/#breadcrumb"},"inLanguage":"fr-FR","potentialAction":[{"@type":"ReadAction","target":["https:\/\/www.ladiagonale.net\/index.php\/2023\/10\/05\/pas-de-vanderson-a-reims-ben-seghir-et-minamino-operationnels\/"]}]},{"@type":"BreadcrumbList","@id":"https:\/\/www.ladiagonale.net\/index.php\/2023\/10\/05\/pas-de-vanderson-a-reims-ben-seghir-et-minamino-operationnels\/#breadcrumb","itemListElement":[{"@type":"ListItem","position":1,"name":"Accueil","item":"https:\/\/www.ladiagonale.net\/"},{"@type":"ListItem","position":2,"name":"Pas de Vanderson \u00e0 Reims, Ben Seghir et Minamino op\u00e9rationnels"}]},{"@type":"WebSite","@id":"https:\/\/www.ladiagonale.net\/#website","url":"https:\/\/www.ladiagonale.net\/","name":"La Diagonale","description":"Le site des supporters de l&#039;AS Monaco FC","potentialAction":[{"@type":"SearchAction","target":{"@type":"EntryPoint","urlTemplate":"https:\/\/www.ladiagonale.net\/?s={search_term_string}"},"query-input":"required name=search_term_string"}],"inLanguage":"fr-FR"},{"@type":"Person","@id":"https:\/\/www.ladiagonale.net\/#\/schema\/person\/79ff1e7b0853ed01b2aa26e64ad300bf","name":"Damien Dellerba","image":{"@type":"ImageObject","inLanguage":"fr-FR","@id":"https:\/\/www.ladiagonale.net\/#\/schema\/person\/image\/","url":"https:\/\/secure.gravatar.com\/avatar\/c7850e06d3ff63cdbaee88b7fc16e2f0?s=96&d=mm&r=g","contentUrl":"https:\/\/secure.gravatar.com\/avatar\/c7850e06d3ff63cdbaee88b7fc16e2f0?s=96&d=mm&r=g","caption":"Damien Dellerba"},"url":"https:\/\/www.ladiagonale.net\/index.php\/author\/damien\/"}]}},"_links":{"self":[{"href":"https:\/\/www.ladiagonale.net\/index.php\/wp-json\/wp\/v2\/posts\/16795"}],"collection":[{"href":"https:\/\/www.ladiagonale.net\/index.php\/wp-json\/wp\/v2\/posts"}],"about":[{"href":"https:\/\/www.ladiagonale.net\/index.php\/wp-json\/wp\/v2\/types\/post"}],"author":[{"embeddable":true,"href":"https:\/\/www.ladiagonale.net\/index.php\/wp-json\/wp\/v2\/users\/2"}],"replies":[{"embeddable":true,"href":"https:\/\/www.ladiagonale.net\/index.php\/wp-json\/wp\/v2\/comments?post=16795"}],"version-history":[{"count":4,"href":"https:\/\/www.ladiagonale.net\/index.php\/wp-json\/wp\/v2\/posts\/16795\/revisions"}],"predecessor-version":[{"id":16800,"href":"https:\/\/www.ladiagonale.net\/index.php\/wp-json\/wp\/v2\/posts\/16795\/revisions\/16800"}],"wp:attachment":[{"href":"https:\/\/www.ladiagonale.net\/index.php\/wp-json\/wp\/v2\/media?parent=16795"}],"wp:term":[{"taxonomy":"category","embeddable":true,"href":"https:\/\/www.ladiagonale.net\/index.php\/wp-json\/wp\/v2\/categories?post=16795"},{"taxonomy":"post_tag","embeddable":true,"href":"https:\/\/www.ladiagonale.net\/index.php\/wp-json\/wp\/v2\/tags?post=16795"}],"curies":[{"name":"wp","href":"https:\/\/api.w.org\/{rel}","templated":true}]}}