{"id":16880,"date":"2023-10-08T00:07:14","date_gmt":"2023-10-07T22:07:14","guid":{"rendered":"https:\/\/www.ladiagonale.net\/?p=16880"},"modified":"2023-10-08T00:07:19","modified_gmt":"2023-10-07T22:07:19","slug":"zakaria-egalement-suspendu-contre-metz","status":"publish","type":"post","link":"https:\/\/www.ladiagonale.net\/index.php\/2023\/10\/08\/zakaria-egalement-suspendu-contre-metz\/","title":{"rendered":"Zakaria \u00e9galement suspendu contre Metz"},"content":{"rendered":"\n\n\n<p>Contre Reims, Denis Zakaria a \u00e9cop\u00e9 d&rsquo;un carton jaune \u00e0 la 83<sup>e<\/sup> minute, son troisi\u00e8me en moins de dix rencontres. Comme le stipule le r\u00e8glement, cette nouvelle infraction lui vaudra un match de suspension, qui sera effectif au retour de la tr\u00eave internationale. Le milieu de terrain suisse manquera donc la r\u00e9ception de Metz pr\u00e9vue le dimanche 22 octobre (17h05).<\/p>\n\n\n\n<p>Pour cette rencontre, l&rsquo;AS Monaco avait d\u00e9j\u00e0 d\u00fb acter la suspension pour le m\u00eame motif de Soungoutou Magassa, qui avait lui re\u00e7u son troisi\u00e8me avertissement contre Marseille.<\/p>\n","protected":false},"excerpt":{"rendered":"<p>Contre Reims, Denis Zakaria a \u00e9cop\u00e9 d&rsquo;un carton jaune \u00e0 la 83e minute, son troisi\u00e8me en moins de dix rencontres. Comme le stipule le r\u00e8glement, cette nouvelle infraction lui vaudra un match de suspension, qui sera effectif au retour de la tr\u00eave internationale. Le milieu de terrain suisse manquera donc la r\u00e9ception de Metz pr\u00e9vue [&#8230;]\n","protected":false},"author":2,"featured_media":0,"comment_status":"open","ping_status":"open","sticky":false,"template":"","format":"standard","meta":[],"categories":[4,6],"tags":[86,631,257,94,699],"yoast_head":"<!-- This site is optimized with the Yoast SEO plugin v19.8 - https:\/\/yoast.com\/wordpress\/plugins\/seo\/ -->\n<title>Zakaria \u00e9galement suspendu contre Metz - La Diagonale<\/title>\n<meta name=\"robots\" content=\"index, follow, max-snippet:-1, max-image-preview:large, max-video-preview:-1\" \/>\n<link rel=\"canonical\" href=\"https:\/\/www.ladiagonale.net\/index.php\/2023\/10\/08\/zakaria-egalement-suspendu-contre-metz\/\" \/>\n<meta property=\"og:locale\" content=\"fr_FR\" \/>\n<meta property=\"og:type\" content=\"article\" \/>\n<meta property=\"og:title\" content=\"Zakaria \u00e9galement suspendu contre Metz - La Diagonale\" \/>\n<meta property=\"og:description\" content=\"Contre Reims, Denis Zakaria a \u00e9cop\u00e9 d&rsquo;un carton jaune \u00e0 la 83e minute, son troisi\u00e8me en moins de dix rencontres. Comme le stipule le r\u00e8glement, cette nouvelle infraction lui vaudra un match de suspension, qui sera effectif au retour de la tr\u00eave internationale. Le milieu de terrain suisse manquera donc la r\u00e9ception de Metz pr\u00e9vue [...]\" \/>\n<meta property=\"og:url\" content=\"https:\/\/www.ladiagonale.net\/index.php\/2023\/10\/08\/zakaria-egalement-suspendu-contre-metz\/\" \/>\n<meta property=\"og:site_name\" content=\"La Diagonale\" \/>\n<meta property=\"article:published_time\" content=\"2023-10-07T22:07:14+00:00\" \/>\n<meta property=\"article:modified_time\" content=\"2023-10-07T22:07:19+00:00\" \/>\n<meta property=\"og:image\" content=\"https:\/\/www.ladiagonale.net\/wp-content\/uploads\/2023\/09\/zakaria3.png\" \/>\n\t<meta property=\"og:image:width\" content=\"1160\" \/>\n\t<meta property=\"og:image:height\" content=\"650\" \/>\n\t<meta property=\"og:image:type\" content=\"image\/png\" \/>\n<meta name=\"author\" content=\"Damien Dellerba\" \/>\n<meta name=\"twitter:card\" content=\"summary_large_image\" \/>\n<meta name=\"twitter:image\" content=\"https:\/\/www.ladiagonale.net\/wp-content\/uploads\/2023\/09\/zakaria3.png\" \/>\n<meta name=\"twitter:label1\" content=\"\u00c9crit par\" \/>\n\t<meta name=\"twitter:data1\" content=\"Damien Dellerba\" \/>\n\t<meta name=\"twitter:label2\" content=\"Dur\u00e9e de lecture estim\u00e9e\" \/>\n\t<meta name=\"twitter:data2\" content=\"1 minute\" \/>\n<script type=\"application\/ld+json\" class=\"yoast-schema-graph\">{\"@context\":\"https:\/\/schema.org\",\"@graph\":[{\"@type\":\"WebPage\",\"@id\":\"https:\/\/www.ladiagonale.net\/index.php\/2023\/10\/08\/zakaria-egalement-suspendu-contre-metz\/\",\"url\":\"https:\/\/www.ladiagonale.net\/index.php\/2023\/10\/08\/zakaria-egalement-suspendu-contre-metz\/\",\"name\":\"Zakaria \u00e9galement suspendu contre Metz - La Diagonale\",\"isPartOf\":{\"@id\":\"https:\/\/www.ladiagonale.net\/#website\"},\"datePublished\":\"2023-10-07T22:07:14+00:00\",\"dateModified\":\"2023-10-07T22:07:19+00:00\",\"author\":{\"@id\":\"https:\/\/www.ladiagonale.net\/#\/schema\/person\/79ff1e7b0853ed01b2aa26e64ad300bf\"},\"breadcrumb\":{\"@id\":\"https:\/\/www.ladiagonale.net\/index.php\/2023\/10\/08\/zakaria-egalement-suspendu-contre-metz\/#breadcrumb\"},\"inLanguage\":\"fr-FR\",\"potentialAction\":[{\"@type\":\"ReadAction\",\"target\":[\"https:\/\/www.ladiagonale.net\/index.php\/2023\/10\/08\/zakaria-egalement-suspendu-contre-metz\/\"]}]},{\"@type\":\"BreadcrumbList\",\"@id\":\"https:\/\/www.ladiagonale.net\/index.php\/2023\/10\/08\/zakaria-egalement-suspendu-contre-metz\/#breadcrumb\",\"itemListElement\":[{\"@type\":\"ListItem\",\"position\":1,\"name\":\"Accueil\",\"item\":\"https:\/\/www.ladiagonale.net\/\"},{\"@type\":\"ListItem\",\"position\":2,\"name\":\"Zakaria \u00e9galement suspendu contre Metz\"}]},{\"@type\":\"WebSite\",\"@id\":\"https:\/\/www.ladiagonale.net\/#website\",\"url\":\"https:\/\/www.ladiagonale.net\/\",\"name\":\"La Diagonale\",\"description\":\"Le site des supporters de l&#039;AS Monaco FC\",\"potentialAction\":[{\"@type\":\"SearchAction\",\"target\":{\"@type\":\"EntryPoint\",\"urlTemplate\":\"https:\/\/www.ladiagonale.net\/?s={search_term_string}\"},\"query-input\":\"required name=search_term_string\"}],\"inLanguage\":\"fr-FR\"},{\"@type\":\"Person\",\"@id\":\"https:\/\/www.ladiagonale.net\/#\/schema\/person\/79ff1e7b0853ed01b2aa26e64ad300bf\",\"name\":\"Damien Dellerba\",\"image\":{\"@type\":\"ImageObject\",\"inLanguage\":\"fr-FR\",\"@id\":\"https:\/\/www.ladiagonale.net\/#\/schema\/person\/image\/\",\"url\":\"https:\/\/secure.gravatar.com\/avatar\/c7850e06d3ff63cdbaee88b7fc16e2f0?s=96&d=mm&r=g\",\"contentUrl\":\"https:\/\/secure.gravatar.com\/avatar\/c7850e06d3ff63cdbaee88b7fc16e2f0?s=96&d=mm&r=g\",\"caption\":\"Damien Dellerba\"},\"url\":\"https:\/\/www.ladiagonale.net\/index.php\/author\/damien\/\"}]}<\/script>\n<!-- \/ Yoast SEO plugin. -->","yoast_head_json":{"title":"Zakaria \u00e9galement suspendu contre Metz - La Diagonale","robots":{"index":"index","follow":"follow","max-snippet":"max-snippet:-1","max-image-preview":"max-image-preview:large","max-video-preview":"max-video-preview:-1"},"canonical":"https:\/\/www.ladiagonale.net\/index.php\/2023\/10\/08\/zakaria-egalement-suspendu-contre-metz\/","og_locale":"fr_FR","og_type":"article","og_title":"Zakaria \u00e9galement suspendu contre Metz - La Diagonale","og_description":"Contre Reims, Denis Zakaria a \u00e9cop\u00e9 d&rsquo;un carton jaune \u00e0 la 83e minute, son troisi\u00e8me en moins de dix rencontres. Comme le stipule le r\u00e8glement, cette nouvelle infraction lui vaudra un match de suspension, qui sera effectif au retour de la tr\u00eave internationale. Le milieu de terrain suisse manquera donc la r\u00e9ception de Metz pr\u00e9vue [...]","og_url":"https:\/\/www.ladiagonale.net\/index.php\/2023\/10\/08\/zakaria-egalement-suspendu-contre-metz\/","og_site_name":"La Diagonale","article_published_time":"2023-10-07T22:07:14+00:00","article_modified_time":"2023-10-07T22:07:19+00:00","og_image":[{"width":1160,"height":650,"url":"https:\/\/www.ladiagonale.net\/wp-content\/uploads\/2023\/09\/zakaria3.png","type":"image\/png"}],"author":"Damien Dellerba","twitter_card":"summary_large_image","twitter_image":"https:\/\/www.ladiagonale.net\/wp-content\/uploads\/2023\/09\/zakaria3.png","twitter_misc":{"\u00c9crit par":"Damien Dellerba","Dur\u00e9e de lecture estim\u00e9e":"1 minute"},"schema":{"@context":"https:\/\/schema.org","@graph":[{"@type":"WebPage","@id":"https:\/\/www.ladiagonale.net\/index.php\/2023\/10\/08\/zakaria-egalement-suspendu-contre-metz\/","url":"https:\/\/www.ladiagonale.net\/index.php\/2023\/10\/08\/zakaria-egalement-suspendu-contre-metz\/","name":"Zakaria \u00e9galement suspendu contre Metz - La Diagonale","isPartOf":{"@id":"https:\/\/www.ladiagonale.net\/#website"},"datePublished":"2023-10-07T22:07:14+00:00","dateModified":"2023-10-07T22:07:19+00:00","author":{"@id":"https:\/\/www.ladiagonale.net\/#\/schema\/person\/79ff1e7b0853ed01b2aa26e64ad300bf"},"breadcrumb":{"@id":"https:\/\/www.ladiagonale.net\/index.php\/2023\/10\/08\/zakaria-egalement-suspendu-contre-metz\/#breadcrumb"},"inLanguage":"fr-FR","potentialAction":[{"@type":"ReadAction","target":["https:\/\/www.ladiagonale.net\/index.php\/2023\/10\/08\/zakaria-egalement-suspendu-contre-metz\/"]}]},{"@type":"BreadcrumbList","@id":"https:\/\/www.ladiagonale.net\/index.php\/2023\/10\/08\/zakaria-egalement-suspendu-contre-metz\/#breadcrumb","itemListElement":[{"@type":"ListItem","position":1,"name":"Accueil","item":"https:\/\/www.ladiagonale.net\/"},{"@type":"ListItem","position":2,"name":"Zakaria \u00e9galement suspendu contre Metz"}]},{"@type":"WebSite","@id":"https:\/\/www.ladiagonale.net\/#website","url":"https:\/\/www.ladiagonale.net\/","name":"La Diagonale","description":"Le site des supporters de l&#039;AS Monaco FC","potentialAction":[{"@type":"SearchAction","target":{"@type":"EntryPoint","urlTemplate":"https:\/\/www.ladiagonale.net\/?s={search_term_string}"},"query-input":"required name=search_term_string"}],"inLanguage":"fr-FR"},{"@type":"Person","@id":"https:\/\/www.ladiagonale.net\/#\/schema\/person\/79ff1e7b0853ed01b2aa26e64ad300bf","name":"Damien Dellerba","image":{"@type":"ImageObject","inLanguage":"fr-FR","@id":"https:\/\/www.ladiagonale.net\/#\/schema\/person\/image\/","url":"https:\/\/secure.gravatar.com\/avatar\/c7850e06d3ff63cdbaee88b7fc16e2f0?s=96&d=mm&r=g","contentUrl":"https:\/\/secure.gravatar.com\/avatar\/c7850e06d3ff63cdbaee88b7fc16e2f0?s=96&d=mm&r=g","caption":"Damien Dellerba"},"url":"https:\/\/www.ladiagonale.net\/index.php\/author\/damien\/"}]}},"_links":{"self":[{"href":"https:\/\/www.ladiagonale.net\/index.php\/wp-json\/wp\/v2\/posts\/16880"}],"collection":[{"href":"https:\/\/www.ladiagonale.net\/index.php\/wp-json\/wp\/v2\/posts"}],"about":[{"href":"https:\/\/www.ladiagonale.net\/index.php\/wp-json\/wp\/v2\/types\/post"}],"author":[{"embeddable":true,"href":"https:\/\/www.ladiagonale.net\/index.php\/wp-json\/wp\/v2\/users\/2"}],"replies":[{"embeddable":true,"href":"https:\/\/www.ladiagonale.net\/index.php\/wp-json\/wp\/v2\/comments?post=16880"}],"version-history":[{"count":1,"href":"https:\/\/www.ladiagonale.net\/index.php\/wp-json\/wp\/v2\/posts\/16880\/revisions"}],"predecessor-version":[{"id":16881,"href":"https:\/\/www.ladiagonale.net\/index.php\/wp-json\/wp\/v2\/posts\/16880\/revisions\/16881"}],"wp:attachment":[{"href":"https:\/\/www.ladiagonale.net\/index.php\/wp-json\/wp\/v2\/media?parent=16880"}],"wp:term":[{"taxonomy":"category","embeddable":true,"href":"https:\/\/www.ladiagonale.net\/index.php\/wp-json\/wp\/v2\/categories?post=16880"},{"taxonomy":"post_tag","embeddable":true,"href":"https:\/\/www.ladiagonale.net\/index.php\/wp-json\/wp\/v2\/tags?post=16880"}],"curies":[{"name":"wp","href":"https:\/\/api.w.org\/{rel}","templated":true}]}}